{"id":19071,"date":"2009-04-25T17:25:50","date_gmt":"2009-04-25T15:25:50","guid":{"rendered":"http:\/\/www.visit-ulcinj.com\/blog\/?p=19071"},"modified":"2009-04-25T17:31:27","modified_gmt":"2009-04-25T15:31:27","slug":"adelajda-dhe-mimoza-vajzat-duan-te-behen-kengetare","status":"publish","type":"post","link":"https:\/\/www.visit-ulcinj.com\/blog\/2009\/04\/25\/adelajda-dhe-mimoza-vajzat-duan-te-behen-kengetare\/","title":{"rendered":"Adelajda dhe Mimoza : Vajzat duan t\u00eb b\u00ebhen k\u00ebng\u00ebtare"},"content":{"rendered":"<p><em>Motra e Moz\u00ebs nga Kosova na rr\u00ebfen: Moza kishte menduar\u00a0q\u00eb para \u201cBig Brother\u201d p\u00ebr t\u00eb b\u00ebr\u00eb nj\u00eb k\u00ebng\u00eb dhe nj\u00eb klip<\/em><\/p>\n<p><img loading=\"lazy\" class=\"alignleft size-full wp-image-19072\" title=\"moza-dhe-adelajda-big-brother-albania-2-live\" src=\"http:\/\/www.visit-ulcinj.com\/blog\/wp-content\/uploads\/2009\/04\/moza-dhe-adelajda-big-brother-albania-2-live.jpg\" alt=\"moza-dhe-adelajda-big-brother-albania-2-live\" width=\"585\" height=\"450\" \/><\/p>\n<p><span style=\"color: #0000ee; text-decoration: underline;\"><br \/>\n<\/span><\/p>\n<p>Moza dhe Adela k\u00ebndojn\u00eb n\u00ebp\u00ebr sht\u00ebpi. Ato t\u00eb dyja kan\u00eb shprehur d\u00ebshir\u00ebn q\u00eb t\u00eb merren me muzik\u00eb. Eltoni mendon se Moz\u00ebs mund t&#8217;i p\u00ebrshtatet edhe moda, apo fotografia. Adela thot\u00eb se ka nj\u00eb d\u00ebshir\u00eb shum\u00eb t\u00eb madhe p\u00ebr t\u00eb k\u00ebnduar dhe t\u00eb pakt\u00ebn do t\u00eb p\u00ebrpiqet q\u00eb t\u00eb realizoj\u00eb vet\u00ebm nj\u00eb k\u00ebng\u00eb. Eltoni dhe Arjoni i japin asaj informacione lidhur me realizimin e klipeve t\u00eb nj\u00eb k\u00ebnge, sponsorizimit, publicitetit dhe investimit n\u00eb para.<\/p>\n<p>[<strong>Ardita, motra e Moz\u00ebs rr\u00ebfen: Moza kishte menduar t\u00eb regjistronte nj\u00eb k\u00ebng\u00eb]<\/strong><\/p>\n<p><strong><span style=\"font-weight: normal;\"><strong>\u00a0<\/strong>\u00abMoza e ka pasur gjithmon\u00eb pasion muzik\u00ebn dhe k\u00ebng\u00ebn. P\u00ebr k\u00ebt\u00eb arsye, ajo shpesh gjendet duke k\u00ebnduar gjat\u00eb koh\u00ebs s\u00eb q\u00ebndrimit n\u00eb &#8216;Big Brother'&#8221;. K\u00ebto fjal\u00eb rr\u00ebfehen nga motra e konkurrentes nga Kosova, Ardita, e cila m\u00eb pas shton p\u00ebr Moz\u00ebn se &#8220;ajo ka pasur gjithmon\u00eb d\u00ebshir\u00eb q\u00eb t\u00eb k\u00ebndoj\u00eb dhe pavar\u00ebsisht se i kan\u00eb ofruar t\u00eb b\u00ebj\u00eb modelen, ajo \u00ebnd\u00ebrr ka pasur k\u00ebng\u00ebn&#8221;. Moza, si\u00e7 tregon motra e saj, edhe po t\u00eb mos hynte n\u00eb &#8220;Big Brother&#8221; kishte n\u00eb plan t\u00eb regjistronte nj\u00eb k\u00ebng\u00eb dhe t\u00eb xhironte nj\u00eb klip. Ashtu si shum\u00eb moshatar\u00eb t\u00eb saj, rryma t\u00eb preferuara ka R&amp;B, Hip-Hop dhe sigurisht muzik\u00eb shqiptare, ku grupi q\u00eb i p\u00eblqen m\u00eb shum\u00eb jan\u00eb djemt\u00eb e &#8220;The Skillz&#8221;, madje motra e saj tregon se ajo ka pasur d\u00ebshir\u00eb q\u00eb nj\u00eb duet ta b\u00ebnte me k\u00ebt\u00eb grup.<\/span><\/strong><\/p>\n","protected":false},"excerpt":{"rendered":"<p>Motra e Moz\u00ebs nga Kosova na rr\u00ebfen: Moza kishte menduar\u00a0q\u00eb para \u201cBig Brother\u201d p\u00ebr t\u00eb b\u00ebr\u00eb nj\u00eb k\u00ebng\u00eb dhe nj\u00eb klip Moza dhe Adela k\u00ebndojn\u00eb n\u00ebp\u00ebr sht\u00ebpi. Ato t\u00eb dyja kan\u00eb shprehur d\u00ebshir\u00ebn q\u00eb t\u00eb merren me muzik\u00eb. Eltoni mendon se Moz\u00ebs mund t&#8217;i p\u00ebrshtatet edhe moda, apo fotografia. Adela thot\u00eb se ka nj\u00eb d\u00ebshir\u00eb [&hellip;]<\/p>\n","protected":false},"author":1,"featured_media":0,"comment_status":"open","ping_status":"closed","sticky":false,"template":"","format":"standard","meta":{"spay_email":"","jetpack_publicize_message":"","jetpack_is_tweetstorm":false,"jetpack_publicize_feature_enabled":true},"categories":[6502],"tags":[6529,7972,5057,6506,6516,6712,7129,5120,9536,49,6544,9534,4901,7969,6891,6693,6887,9535],"jetpack_publicize_connections":[],"yoast_head":"<!-- This site is optimized with the Yoast SEO plugin v19.1 - https:\/\/yoast.com\/wordpress\/plugins\/seo\/ -->\n<title>Adelajda dhe Mimoza : Vajzat duan t\u00c3\u00ab b\u00c3\u00abhen k\u00c3\u00abng\u00c3\u00abtare | Big Brother Albania 2<\/title>\n<meta name=\"description\" content=\"Big Brother Albania 2 - Motra e Moz\u00c3\u00abs nga Kosova na rr\u00c3\u00abfen: Moza kishte menduar q\u00c3\u00ab para \u00e2\u20ac\u0153Big Brother\u00e2\u20ac\u009d p\u00c3\u00abr t\u00c3\u00ab b\u00c3\u00abr\u00c3\u00ab nj\u00c3\u00ab k\u00c3\u00abng\u00c3\u00ab dhe nj\u00c3\u00ab klip\" \/>\n<meta name=\"robots\" content=\"index, follow, max-snippet:-1, max-image-preview:large, max-video-preview:-1\" \/>\n<link rel=\"canonical\" href=\"https:\/\/www.visit-ulcinj.com\/blog\/2009\/04\/25\/adelajda-dhe-mimoza-vajzat-duan-te-behen-kengetare\/\" \/>\n<meta property=\"og:locale\" content=\"en_US\" \/>\n<meta property=\"og:type\" content=\"article\" \/>\n<meta property=\"og:title\" content=\"Adelajda dhe Mimoza : Vajzat duan t\u00c3\u00ab b\u00c3\u00abhen k\u00c3\u00abng\u00c3\u00abtare | Big Brother Albania 2\" \/>\n<meta property=\"og:description\" content=\"Big Brother Albania 2 - Motra e Moz\u00c3\u00abs nga Kosova na rr\u00c3\u00abfen: Moza kishte menduar q\u00c3\u00ab para \u00e2\u20ac\u0153Big Brother\u00e2\u20ac\u009d p\u00c3\u00abr t\u00c3\u00ab b\u00c3\u00abr\u00c3\u00ab nj\u00c3\u00ab k\u00c3\u00abng\u00c3\u00ab dhe nj\u00c3\u00ab klip\" \/>\n<meta property=\"og:url\" content=\"https:\/\/www.visit-ulcinj.com\/blog\/2009\/04\/25\/adelajda-dhe-mimoza-vajzat-duan-te-behen-kengetare\/\" \/>\n<meta property=\"og:site_name\" content=\"Lajme nga Ulqini\" \/>\n<meta property=\"article:published_time\" content=\"2009-04-25T15:25:50+00:00\" \/>\n<meta property=\"article:modified_time\" content=\"2009-04-25T15:31:27+00:00\" \/>\n<meta property=\"og:image\" content=\"http:\/\/www.visit-ulcinj.com\/blog\/wp-content\/uploads\/2009\/04\/moza-dhe-adelajda-big-brother-albania-2-live.jpg\" \/>\n<meta name=\"twitter:label1\" content=\"Written by\" \/>\n\t<meta name=\"twitter:data1\" content=\"ulqini\" \/>\n\t<meta name=\"twitter:label2\" content=\"Est. reading time\" \/>\n\t<meta name=\"twitter:data2\" content=\"1 minute\" \/>\n<script type=\"application\/ld+json\" class=\"yoast-schema-graph\">{\"@context\":\"https:\/\/schema.org\",\"@graph\":[{\"@type\":\"WebSite\",\"@id\":\"https:\/\/www.visit-ulcinj.com\/blog\/#website\",\"url\":\"https:\/\/www.visit-ulcinj.com\/blog\/\",\"name\":\"Lajme nga Ulqini\",\"description\":\"Lajme,Vijesti,Ulqini,Ulqin,Crna Gora,Mali i Zi\",\"potentialAction\":[{\"@type\":\"SearchAction\",\"target\":{\"@type\":\"EntryPoint\",\"urlTemplate\":\"https:\/\/www.visit-ulcinj.com\/blog\/?s={search_term_string}\"},\"query-input\":\"required name=search_term_string\"}],\"inLanguage\":\"en-US\"},{\"@type\":\"ImageObject\",\"inLanguage\":\"en-US\",\"@id\":\"https:\/\/www.visit-ulcinj.com\/blog\/2009\/04\/25\/adelajda-dhe-mimoza-vajzat-duan-te-behen-kengetare\/#primaryimage\",\"url\":\"http:\/\/www.visit-ulcinj.com\/blog\/wp-content\/uploads\/2009\/04\/moza-dhe-adelajda-big-brother-albania-2-live.jpg\",\"contentUrl\":\"http:\/\/www.visit-ulcinj.com\/blog\/wp-content\/uploads\/2009\/04\/moza-dhe-adelajda-big-brother-albania-2-live.jpg\"},{\"@type\":\"WebPage\",\"@id\":\"https:\/\/www.visit-ulcinj.com\/blog\/2009\/04\/25\/adelajda-dhe-mimoza-vajzat-duan-te-behen-kengetare\/#webpage\",\"url\":\"https:\/\/www.visit-ulcinj.com\/blog\/2009\/04\/25\/adelajda-dhe-mimoza-vajzat-duan-te-behen-kengetare\/\",\"name\":\"Adelajda dhe Mimoza : Vajzat duan t\u00c3\u00ab b\u00c3\u00abhen k\u00c3\u00abng\u00c3\u00abtare | Big Brother Albania 2\",\"isPartOf\":{\"@id\":\"https:\/\/www.visit-ulcinj.com\/blog\/#website\"},\"primaryImageOfPage\":{\"@id\":\"https:\/\/www.visit-ulcinj.com\/blog\/2009\/04\/25\/adelajda-dhe-mimoza-vajzat-duan-te-behen-kengetare\/#primaryimage\"},\"datePublished\":\"2009-04-25T15:25:50+00:00\",\"dateModified\":\"2009-04-25T15:31:27+00:00\",\"author\":{\"@id\":\"https:\/\/www.visit-ulcinj.com\/blog\/#\/schema\/person\/dcab619c614d3038751c63bc2aadc06d\"},\"description\":\"Big Brother Albania 2 - Motra e Moz\u00c3\u00abs nga Kosova na rr\u00c3\u00abfen: Moza kishte menduar q\u00c3\u00ab para \u00e2\u20ac\u0153Big Brother\u00e2\u20ac\u009d p\u00c3\u00abr t\u00c3\u00ab b\u00c3\u00abr\u00c3\u00ab nj\u00c3\u00ab k\u00c3\u00abng\u00c3\u00ab dhe nj\u00c3\u00ab klip\",\"breadcrumb\":{\"@id\":\"https:\/\/www.visit-ulcinj.com\/blog\/2009\/04\/25\/adelajda-dhe-mimoza-vajzat-duan-te-behen-kengetare\/#breadcrumb\"},\"inLanguage\":\"en-US\",\"potentialAction\":[{\"@type\":\"ReadAction\",\"target\":[\"https:\/\/www.visit-ulcinj.com\/blog\/2009\/04\/25\/adelajda-dhe-mimoza-vajzat-duan-te-behen-kengetare\/\"]}]},{\"@type\":\"BreadcrumbList\",\"@id\":\"https:\/\/www.visit-ulcinj.com\/blog\/2009\/04\/25\/adelajda-dhe-mimoza-vajzat-duan-te-behen-kengetare\/#breadcrumb\",\"itemListElement\":[{\"@type\":\"ListItem\",\"position\":1,\"name\":\"Adelajda dhe Mimoza : Vajzat duan t\u00eb b\u00ebhen k\u00ebng\u00ebtare\"}]},{\"@type\":\"Person\",\"@id\":\"https:\/\/www.visit-ulcinj.com\/blog\/#\/schema\/person\/dcab619c614d3038751c63bc2aadc06d\",\"name\":\"ulqini\",\"sameAs\":[\"http:\/\/www.visit-ulcinj.com\"],\"url\":\"https:\/\/www.visit-ulcinj.com\/blog\/author\/admin\/\"}]}<\/script>\n<!-- \/ Yoast SEO plugin. -->","yoast_head_json":{"title":"Adelajda dhe Mimoza : Vajzat duan t\u00c3\u00ab b\u00c3\u00abhen k\u00c3\u00abng\u00c3\u00abtare | Big Brother Albania 2","description":"Big Brother Albania 2 - Motra e Moz\u00c3\u00abs nga Kosova na rr\u00c3\u00abfen: Moza kishte menduar q\u00c3\u00ab para \u00e2\u20ac\u0153Big Brother\u00e2\u20ac\u009d p\u00c3\u00abr t\u00c3\u00ab b\u00c3\u00abr\u00c3\u00ab nj\u00c3\u00ab k\u00c3\u00abng\u00c3\u00ab dhe nj\u00c3\u00ab klip","robots":{"index":"index","follow":"follow","max-snippet":"max-snippet:-1","max-image-preview":"max-image-preview:large","max-video-preview":"max-video-preview:-1"},"canonical":"https:\/\/www.visit-ulcinj.com\/blog\/2009\/04\/25\/adelajda-dhe-mimoza-vajzat-duan-te-behen-kengetare\/","og_locale":"en_US","og_type":"article","og_title":"Adelajda dhe Mimoza : Vajzat duan t\u00c3\u00ab b\u00c3\u00abhen k\u00c3\u00abng\u00c3\u00abtare | Big Brother Albania 2","og_description":"Big Brother Albania 2 - Motra e Moz\u00c3\u00abs nga Kosova na rr\u00c3\u00abfen: Moza kishte menduar q\u00c3\u00ab para \u00e2\u20ac\u0153Big Brother\u00e2\u20ac\u009d p\u00c3\u00abr t\u00c3\u00ab b\u00c3\u00abr\u00c3\u00ab nj\u00c3\u00ab k\u00c3\u00abng\u00c3\u00ab dhe nj\u00c3\u00ab klip","og_url":"https:\/\/www.visit-ulcinj.com\/blog\/2009\/04\/25\/adelajda-dhe-mimoza-vajzat-duan-te-behen-kengetare\/","og_site_name":"Lajme nga Ulqini","article_published_time":"2009-04-25T15:25:50+00:00","article_modified_time":"2009-04-25T15:31:27+00:00","og_image":[{"url":"http:\/\/www.visit-ulcinj.com\/blog\/wp-content\/uploads\/2009\/04\/moza-dhe-adelajda-big-brother-albania-2-live.jpg"}],"twitter_misc":{"Written by":"ulqini","Est. reading time":"1 minute"},"schema":{"@context":"https:\/\/schema.org","@graph":[{"@type":"WebSite","@id":"https:\/\/www.visit-ulcinj.com\/blog\/#website","url":"https:\/\/www.visit-ulcinj.com\/blog\/","name":"Lajme nga Ulqini","description":"Lajme,Vijesti,Ulqini,Ulqin,Crna Gora,Mali i Zi","potentialAction":[{"@type":"SearchAction","target":{"@type":"EntryPoint","urlTemplate":"https:\/\/www.visit-ulcinj.com\/blog\/?s={search_term_string}"},"query-input":"required name=search_term_string"}],"inLanguage":"en-US"},{"@type":"ImageObject","inLanguage":"en-US","@id":"https:\/\/www.visit-ulcinj.com\/blog\/2009\/04\/25\/adelajda-dhe-mimoza-vajzat-duan-te-behen-kengetare\/#primaryimage","url":"http:\/\/www.visit-ulcinj.com\/blog\/wp-content\/uploads\/2009\/04\/moza-dhe-adelajda-big-brother-albania-2-live.jpg","contentUrl":"http:\/\/www.visit-ulcinj.com\/blog\/wp-content\/uploads\/2009\/04\/moza-dhe-adelajda-big-brother-albania-2-live.jpg"},{"@type":"WebPage","@id":"https:\/\/www.visit-ulcinj.com\/blog\/2009\/04\/25\/adelajda-dhe-mimoza-vajzat-duan-te-behen-kengetare\/#webpage","url":"https:\/\/www.visit-ulcinj.com\/blog\/2009\/04\/25\/adelajda-dhe-mimoza-vajzat-duan-te-behen-kengetare\/","name":"Adelajda dhe Mimoza : Vajzat duan t\u00c3\u00ab b\u00c3\u00abhen k\u00c3\u00abng\u00c3\u00abtare | Big Brother Albania 2","isPartOf":{"@id":"https:\/\/www.visit-ulcinj.com\/blog\/#website"},"primaryImageOfPage":{"@id":"https:\/\/www.visit-ulcinj.com\/blog\/2009\/04\/25\/adelajda-dhe-mimoza-vajzat-duan-te-behen-kengetare\/#primaryimage"},"datePublished":"2009-04-25T15:25:50+00:00","dateModified":"2009-04-25T15:31:27+00:00","author":{"@id":"https:\/\/www.visit-ulcinj.com\/blog\/#\/schema\/person\/dcab619c614d3038751c63bc2aadc06d"},"description":"Big Brother Albania 2 - Motra e Moz\u00c3\u00abs nga Kosova na rr\u00c3\u00abfen: Moza kishte menduar q\u00c3\u00ab para \u00e2\u20ac\u0153Big Brother\u00e2\u20ac\u009d p\u00c3\u00abr t\u00c3\u00ab b\u00c3\u00abr\u00c3\u00ab nj\u00c3\u00ab k\u00c3\u00abng\u00c3\u00ab dhe nj\u00c3\u00ab klip","breadcrumb":{"@id":"https:\/\/www.visit-ulcinj.com\/blog\/2009\/04\/25\/adelajda-dhe-mimoza-vajzat-duan-te-behen-kengetare\/#breadcrumb"},"inLanguage":"en-US","potentialAction":[{"@type":"ReadAction","target":["https:\/\/www.visit-ulcinj.com\/blog\/2009\/04\/25\/adelajda-dhe-mimoza-vajzat-duan-te-behen-kengetare\/"]}]},{"@type":"BreadcrumbList","@id":"https:\/\/www.visit-ulcinj.com\/blog\/2009\/04\/25\/adelajda-dhe-mimoza-vajzat-duan-te-behen-kengetare\/#breadcrumb","itemListElement":[{"@type":"ListItem","position":1,"name":"Adelajda dhe Mimoza : Vajzat duan t\u00eb b\u00ebhen k\u00ebng\u00ebtare"}]},{"@type":"Person","@id":"https:\/\/www.visit-ulcinj.com\/blog\/#\/schema\/person\/dcab619c614d3038751c63bc2aadc06d","name":"ulqini","sameAs":["http:\/\/www.visit-ulcinj.com"],"url":"https:\/\/www.visit-ulcinj.com\/blog\/author\/admin\/"}]}},"jetpack_featured_media_url":"","jetpack_sharing_enabled":true,"jetpack_shortlink":"https:\/\/wp.me\/pe6lTn-4XB","_links":{"self":[{"href":"https:\/\/www.visit-ulcinj.com\/blog\/wp-json\/wp\/v2\/posts\/19071"}],"collection":[{"href":"https:\/\/www.visit-ulcinj.com\/blog\/wp-json\/wp\/v2\/posts"}],"about":[{"href":"https:\/\/www.visit-ulcinj.com\/blog\/wp-json\/wp\/v2\/types\/post"}],"author":[{"embeddable":true,"href":"https:\/\/www.visit-ulcinj.com\/blog\/wp-json\/wp\/v2\/users\/1"}],"replies":[{"embeddable":true,"href":"https:\/\/www.visit-ulcinj.com\/blog\/wp-json\/wp\/v2\/comments?post=19071"}],"version-history":[{"count":0,"href":"https:\/\/www.visit-ulcinj.com\/blog\/wp-json\/wp\/v2\/posts\/19071\/revisions"}],"wp:attachment":[{"href":"https:\/\/www.visit-ulcinj.com\/blog\/wp-json\/wp\/v2\/media?parent=19071"}],"wp:term":[{"taxonomy":"category","embeddable":true,"href":"https:\/\/www.visit-ulcinj.com\/blog\/wp-json\/wp\/v2\/categories?post=19071"},{"taxonomy":"post_tag","embeddable":true,"href":"https:\/\/www.visit-ulcinj.com\/blog\/wp-json\/wp\/v2\/tags?post=19071"}],"curies":[{"name":"wp","href":"https:\/\/api.w.org\/{rel}","templated":true}]}}