{"id":19078,"date":"2009-04-25T17:35:19","date_gmt":"2009-04-25T15:35:19","guid":{"rendered":"http:\/\/www.visit-ulcinj.com\/blog\/?p=19078"},"modified":"2009-04-25T17:36:45","modified_gmt":"2009-04-25T15:36:45","slug":"nena-e-bjordit-po-pres-te-takohem-me-nenen-e-adeles","status":"publish","type":"post","link":"https:\/\/www.visit-ulcinj.com\/blog\/2009\/04\/25\/nena-e-bjordit-po-pres-te-takohem-me-nenen-e-adeles\/","title":{"rendered":"N\u00ebna e Bjordit: Po pres t\u00eb takohem me n\u00ebn\u00ebn e Adel\u00ebs"},"content":{"rendered":"<p><em><strong>N\u00ebna e Bjordit: Po pres t\u00eb takohem me n\u00ebn\u00ebn e Adel\u00ebs<br \/>\n<\/strong><\/em><\/p>\n<p><em>\u201cMesazhi im jo vet\u00ebm p\u00ebr familjen\u00a0e Adel\u00ebs, por edhe p\u00ebr t\u00eb gjith\u00eb opinionin\u201d<\/em><\/p>\n<p><a href=\"http:\/\/www.visit-ulcinj.com\/blog\/wp-content\/uploads\/2009\/04\/nana-bjordit.jpg\"><img loading=\"lazy\" class=\"alignleft size-full wp-image-19080\" title=\"nana-bjordit-big-brother-albania-2\" src=\"http:\/\/www.visit-ulcinj.com\/blog\/wp-content\/uploads\/2009\/04\/nana-bjordit.jpg\" alt=\"nana-bjordit-big-brother-albania-2\" width=\"410\" height=\"552\" \/><\/a><\/p>\n<p><strong>A<\/strong><strong>ntoneta, si t&#8217;u duk surpriza q\u00eb t&#8217;u b\u00eb t\u00eb shtun\u00ebn fal\u00eb ditarit t\u00eb Bjordit, a e prisje?<\/strong><\/p>\n<p>Jo, nuk e prisja, por Bjordi gjithmon\u00eb m\u00eb ka befasuar, sa m\u00eb shum\u00eb rri atje brenda, aq m\u00eb shum\u00eb m\u00eb befason. M\u00eb vuri para p\u00ebrgjegj\u00ebsis\u00eb dhe rriti besimin q\u00eb ai ka tek un\u00eb.<\/p>\n<p><strong>A ke di\u00e7ka q\u00eb nuk e the at\u00eb nat\u00eb dhe q\u00eb do ta thuash tani?<\/strong><\/p>\n<p>N\u00eb t\u00eb v\u00ebrtet\u00eb isha e pap\u00ebrgatitur at\u00eb nat\u00eb, m&#8217;u duk se fola shum\u00eb pa th\u00ebn\u00eb at\u00eb q\u00eb Bjordit i duhej. Nuk e mendoja se do t\u00eb kishte nj\u00eb surpriz\u00eb direkte me mua, mendova se surpriza ka vet\u00ebm p\u00ebr banor\u00ebt e sht\u00ebpis\u00eb. Kjo m\u00eb befasoi dhe m\u00eb largoi nga tema ku duhej t\u00eb p\u00ebrqendrohesha. Duke pasur parasysh Bjordin me at\u00eb let\u00ebr, m\u00eb mrekulloi. Kuptova se \u00e7far\u00eb besimi ka Bjordi tek un\u00eb jo vet\u00ebm si n\u00ebn\u00eb, por edhe si shoqe. Si njeriu m\u00eb i af\u00ebrt dhe m\u00eb i aft\u00eb i tij, p\u00ebr t&#8217;i dh\u00ebn\u00eb k\u00ebto mendime kaq delikate. Bjordi m\u00eb k\u00ebrkoi q\u00eb t\u00eb ndihmoja Adel\u00ebn dhe t&#8217;ua shpjegoja k\u00ebt\u00eb situat\u00eb prind\u00ebrve t\u00eb saj. Besoj se Bjordi plus dashuris\u00eb q\u00eb i dhuron Adel\u00ebs, \u00ebsht\u00eb impenjuar n\u00eb veten e tij p\u00ebr ta ndihmuar at\u00eb, por edhe p\u00ebr t\u00eb mos e r\u00ebnduar p\u00ebr \u00e7ka i p\u00ebrket atij n\u00eb raportin q\u00eb ka krijuar me k\u00ebt\u00eb vajz\u00eb. Megjithat\u00eb, pas nd\u00ebrhyrjes time, Adela \u00ebsht\u00eb m\u00eb pak e tkurrur dhe duket se po e jeton at\u00eb ndjenj\u00eb, duke menduar m\u00eb pak p\u00ebr opinionin jasht\u00eb.<\/p>\n<p><strong>Si t&#8217;u duk reagimi i Sanijes?<\/strong><\/p>\n<p>Nuk e d\u00ebgjova, por m\u00eb than\u00eb njer\u00ebzit jasht\u00eb. P\u00ebr ta ndihmuar dhe p\u00ebr t&#8217;i dh\u00ebn\u00eb nj\u00eb mesazh jo vet\u00ebm Sanijes, por edhe opinionit, harrova mesazhin q\u00eb duhet t&#8217;i jepja djalit tim, por p\u00ebrgjigjja e saj m\u00eb indinjoi, se t\u00eb pakt\u00ebn Sanija duhet t\u00eb m\u00eb kishte fal\u00ebnderuar. Mund t\u00eb kishte ndodhur edhe ndryshe, pas leximit t\u00eb letr\u00ebs, mund t\u00eb ndodhte q\u00eb un\u00eb t\u00eb mos isha dakord me at\u00eb q\u00eb k\u00ebrkonte Bjordi. Nuk e dija fare q\u00eb Sanija ishte aty, por pasi mbaroi intervista m\u00eb p\u00ebrg\u00ebzuan dy tre prind\u00ebr t\u00eb tjer\u00eb q\u00eb ishin n\u00eb krah t\u00eb Sanijes. U befasova, i dhash\u00eb dor\u00ebn dhe i thash\u00eb: &#8220;Qenke k\u00ebtu, m\u00eb b\u00ebhet qejfi&#8221;. Nuk dua ta r\u00ebndoj, por i shikoj v\u00ebrtet shum\u00eb larg realitetit n\u00eb t\u00eb cilin po jetojm\u00eb. Nuk mund t\u00eb them vet\u00ebm q\u00eb jan\u00eb n\u00ebn presion, por vet\u00eb realiteti i tyre \u00ebsht\u00eb shum\u00eb i larg\u00ebt.<\/p>\n<p><strong>A pati nj\u00eb takim pas nat\u00ebs s\u00eb spektaklit me Sanijen?<\/strong><\/p>\n<p>Nuk jam takuar, p\u00ebr arsye se duke pasur lidhje krushqie, Sanija m\u00eb ka d\u00ebrguar fjal\u00eb q\u00eb do t\u00eb takoheshim dhe un\u00eb po pres.<\/p>\n","protected":false},"excerpt":{"rendered":"<p>N\u00ebna e Bjordit: Po pres t\u00eb takohem me n\u00ebn\u00ebn e Adel\u00ebs \u201cMesazhi im jo vet\u00ebm p\u00ebr familjen\u00a0e Adel\u00ebs, por edhe p\u00ebr t\u00eb gjith\u00eb opinionin\u201d Antoneta, si t&#8217;u duk surpriza q\u00eb t&#8217;u b\u00eb t\u00eb shtun\u00ebn fal\u00eb ditarit t\u00eb Bjordit, a e prisje? Jo, nuk e prisja, por Bjordi gjithmon\u00eb m\u00eb ka befasuar, sa m\u00eb shum\u00eb rri [&hellip;]<\/p>\n","protected":false},"author":1,"featured_media":0,"comment_status":"open","ping_status":"closed","sticky":false,"template":"","format":"standard","meta":{"spay_email":"","jetpack_publicize_message":"","jetpack_is_tweetstorm":false,"jetpack_publicize_feature_enabled":true},"categories":[6502],"tags":[2362,6529,9538,5057,6506,6516,6712,7129,6522,9537,9539,6891,6693,6887],"jetpack_publicize_connections":[],"yoast_head":"<!-- This site is optimized with the Yoast SEO plugin v19.1 - https:\/\/yoast.com\/wordpress\/plugins\/seo\/ -->\n<title>N\u00c3\u00abna e Bjordit: Po pres t\u00c3\u00ab takohem me n\u00c3\u00abn\u00c3\u00abn e Adel\u00c3\u00abs | Big Brother Albania 2<\/title>\n<meta name=\"description\" content=\"Big Brother Albania 2 - Jo, nuk e prisja, por Bjordi gjithmon\u00c3\u00ab m\u00c3\u00ab ka befasuar, sa m\u00c3\u00ab shum\u00c3\u00ab rri atje brenda, aq m\u00c3\u00ab shum\u00c3\u00ab m\u00c3\u00ab befason. M\u00c3\u00ab vuri para p\u00c3\u00abrgjegj\u00c3\u00absis\u00c3\u00ab dhe rriti besimin q\u00c3\u00ab ai ka tek un\u00c3\u00ab.\" \/>\n<meta name=\"robots\" content=\"index, follow, max-snippet:-1, max-image-preview:large, max-video-preview:-1\" \/>\n<link rel=\"canonical\" href=\"https:\/\/www.visit-ulcinj.com\/blog\/2009\/04\/25\/nena-e-bjordit-po-pres-te-takohem-me-nenen-e-adeles\/\" \/>\n<meta property=\"og:locale\" content=\"en_US\" \/>\n<meta property=\"og:type\" content=\"article\" \/>\n<meta property=\"og:title\" content=\"N\u00c3\u00abna e Bjordit: Po pres t\u00c3\u00ab takohem me n\u00c3\u00abn\u00c3\u00abn e Adel\u00c3\u00abs | Big Brother Albania 2\" \/>\n<meta property=\"og:description\" content=\"Big Brother Albania 2 - Jo, nuk e prisja, por Bjordi gjithmon\u00c3\u00ab m\u00c3\u00ab ka befasuar, sa m\u00c3\u00ab shum\u00c3\u00ab rri atje brenda, aq m\u00c3\u00ab shum\u00c3\u00ab m\u00c3\u00ab befason. M\u00c3\u00ab vuri para p\u00c3\u00abrgjegj\u00c3\u00absis\u00c3\u00ab dhe rriti besimin q\u00c3\u00ab ai ka tek un\u00c3\u00ab.\" \/>\n<meta property=\"og:url\" content=\"https:\/\/www.visit-ulcinj.com\/blog\/2009\/04\/25\/nena-e-bjordit-po-pres-te-takohem-me-nenen-e-adeles\/\" \/>\n<meta property=\"og:site_name\" content=\"Lajme nga Ulqini\" \/>\n<meta property=\"article:published_time\" content=\"2009-04-25T15:35:19+00:00\" \/>\n<meta property=\"article:modified_time\" content=\"2009-04-25T15:36:45+00:00\" \/>\n<meta property=\"og:image\" content=\"http:\/\/www.visit-ulcinj.com\/blog\/wp-content\/uploads\/2009\/04\/nana-bjordit.jpg\" \/>\n<meta name=\"twitter:label1\" content=\"Written by\" \/>\n\t<meta name=\"twitter:data1\" content=\"ulqini\" \/>\n\t<meta name=\"twitter:label2\" content=\"Est. reading time\" \/>\n\t<meta name=\"twitter:data2\" content=\"3 minutes\" \/>\n<script type=\"application\/ld+json\" class=\"yoast-schema-graph\">{\"@context\":\"https:\/\/schema.org\",\"@graph\":[{\"@type\":\"WebSite\",\"@id\":\"https:\/\/www.visit-ulcinj.com\/blog\/#website\",\"url\":\"https:\/\/www.visit-ulcinj.com\/blog\/\",\"name\":\"Lajme nga Ulqini\",\"description\":\"Lajme,Vijesti,Ulqini,Ulqin,Crna Gora,Mali i Zi\",\"potentialAction\":[{\"@type\":\"SearchAction\",\"target\":{\"@type\":\"EntryPoint\",\"urlTemplate\":\"https:\/\/www.visit-ulcinj.com\/blog\/?s={search_term_string}\"},\"query-input\":\"required name=search_term_string\"}],\"inLanguage\":\"en-US\"},{\"@type\":\"ImageObject\",\"inLanguage\":\"en-US\",\"@id\":\"https:\/\/www.visit-ulcinj.com\/blog\/2009\/04\/25\/nena-e-bjordit-po-pres-te-takohem-me-nenen-e-adeles\/#primaryimage\",\"url\":\"http:\/\/www.visit-ulcinj.com\/blog\/wp-content\/uploads\/2009\/04\/nana-bjordit.jpg\",\"contentUrl\":\"http:\/\/www.visit-ulcinj.com\/blog\/wp-content\/uploads\/2009\/04\/nana-bjordit.jpg\"},{\"@type\":\"WebPage\",\"@id\":\"https:\/\/www.visit-ulcinj.com\/blog\/2009\/04\/25\/nena-e-bjordit-po-pres-te-takohem-me-nenen-e-adeles\/#webpage\",\"url\":\"https:\/\/www.visit-ulcinj.com\/blog\/2009\/04\/25\/nena-e-bjordit-po-pres-te-takohem-me-nenen-e-adeles\/\",\"name\":\"N\u00c3\u00abna e Bjordit: Po pres t\u00c3\u00ab takohem me n\u00c3\u00abn\u00c3\u00abn e Adel\u00c3\u00abs | Big Brother Albania 2\",\"isPartOf\":{\"@id\":\"https:\/\/www.visit-ulcinj.com\/blog\/#website\"},\"primaryImageOfPage\":{\"@id\":\"https:\/\/www.visit-ulcinj.com\/blog\/2009\/04\/25\/nena-e-bjordit-po-pres-te-takohem-me-nenen-e-adeles\/#primaryimage\"},\"datePublished\":\"2009-04-25T15:35:19+00:00\",\"dateModified\":\"2009-04-25T15:36:45+00:00\",\"author\":{\"@id\":\"https:\/\/www.visit-ulcinj.com\/blog\/#\/schema\/person\/dcab619c614d3038751c63bc2aadc06d\"},\"description\":\"Big Brother Albania 2 - Jo, nuk e prisja, por Bjordi gjithmon\u00c3\u00ab m\u00c3\u00ab ka befasuar, sa m\u00c3\u00ab shum\u00c3\u00ab rri atje brenda, aq m\u00c3\u00ab shum\u00c3\u00ab m\u00c3\u00ab befason. M\u00c3\u00ab vuri para p\u00c3\u00abrgjegj\u00c3\u00absis\u00c3\u00ab dhe rriti besimin q\u00c3\u00ab ai ka tek un\u00c3\u00ab.\",\"breadcrumb\":{\"@id\":\"https:\/\/www.visit-ulcinj.com\/blog\/2009\/04\/25\/nena-e-bjordit-po-pres-te-takohem-me-nenen-e-adeles\/#breadcrumb\"},\"inLanguage\":\"en-US\",\"potentialAction\":[{\"@type\":\"ReadAction\",\"target\":[\"https:\/\/www.visit-ulcinj.com\/blog\/2009\/04\/25\/nena-e-bjordit-po-pres-te-takohem-me-nenen-e-adeles\/\"]}]},{\"@type\":\"BreadcrumbList\",\"@id\":\"https:\/\/www.visit-ulcinj.com\/blog\/2009\/04\/25\/nena-e-bjordit-po-pres-te-takohem-me-nenen-e-adeles\/#breadcrumb\",\"itemListElement\":[{\"@type\":\"ListItem\",\"position\":1,\"name\":\"N\u00ebna e Bjordit: Po pres t\u00eb takohem me n\u00ebn\u00ebn e Adel\u00ebs\"}]},{\"@type\":\"Person\",\"@id\":\"https:\/\/www.visit-ulcinj.com\/blog\/#\/schema\/person\/dcab619c614d3038751c63bc2aadc06d\",\"name\":\"ulqini\",\"sameAs\":[\"http:\/\/www.visit-ulcinj.com\"],\"url\":\"https:\/\/www.visit-ulcinj.com\/blog\/author\/admin\/\"}]}<\/script>\n<!-- \/ Yoast SEO plugin. -->","yoast_head_json":{"title":"N\u00c3\u00abna e Bjordit: Po pres t\u00c3\u00ab takohem me n\u00c3\u00abn\u00c3\u00abn e Adel\u00c3\u00abs | Big Brother Albania 2","description":"Big Brother Albania 2 - Jo, nuk e prisja, por Bjordi gjithmon\u00c3\u00ab m\u00c3\u00ab ka befasuar, sa m\u00c3\u00ab shum\u00c3\u00ab rri atje brenda, aq m\u00c3\u00ab shum\u00c3\u00ab m\u00c3\u00ab befason. M\u00c3\u00ab vuri para p\u00c3\u00abrgjegj\u00c3\u00absis\u00c3\u00ab dhe rriti besimin q\u00c3\u00ab ai ka tek un\u00c3\u00ab.","robots":{"index":"index","follow":"follow","max-snippet":"max-snippet:-1","max-image-preview":"max-image-preview:large","max-video-preview":"max-video-preview:-1"},"canonical":"https:\/\/www.visit-ulcinj.com\/blog\/2009\/04\/25\/nena-e-bjordit-po-pres-te-takohem-me-nenen-e-adeles\/","og_locale":"en_US","og_type":"article","og_title":"N\u00c3\u00abna e Bjordit: Po pres t\u00c3\u00ab takohem me n\u00c3\u00abn\u00c3\u00abn e Adel\u00c3\u00abs | Big Brother Albania 2","og_description":"Big Brother Albania 2 - Jo, nuk e prisja, por Bjordi gjithmon\u00c3\u00ab m\u00c3\u00ab ka befasuar, sa m\u00c3\u00ab shum\u00c3\u00ab rri atje brenda, aq m\u00c3\u00ab shum\u00c3\u00ab m\u00c3\u00ab befason. M\u00c3\u00ab vuri para p\u00c3\u00abrgjegj\u00c3\u00absis\u00c3\u00ab dhe rriti besimin q\u00c3\u00ab ai ka tek un\u00c3\u00ab.","og_url":"https:\/\/www.visit-ulcinj.com\/blog\/2009\/04\/25\/nena-e-bjordit-po-pres-te-takohem-me-nenen-e-adeles\/","og_site_name":"Lajme nga Ulqini","article_published_time":"2009-04-25T15:35:19+00:00","article_modified_time":"2009-04-25T15:36:45+00:00","og_image":[{"url":"http:\/\/www.visit-ulcinj.com\/blog\/wp-content\/uploads\/2009\/04\/nana-bjordit.jpg"}],"twitter_misc":{"Written by":"ulqini","Est. reading time":"3 minutes"},"schema":{"@context":"https:\/\/schema.org","@graph":[{"@type":"WebSite","@id":"https:\/\/www.visit-ulcinj.com\/blog\/#website","url":"https:\/\/www.visit-ulcinj.com\/blog\/","name":"Lajme nga Ulqini","description":"Lajme,Vijesti,Ulqini,Ulqin,Crna Gora,Mali i Zi","potentialAction":[{"@type":"SearchAction","target":{"@type":"EntryPoint","urlTemplate":"https:\/\/www.visit-ulcinj.com\/blog\/?s={search_term_string}"},"query-input":"required name=search_term_string"}],"inLanguage":"en-US"},{"@type":"ImageObject","inLanguage":"en-US","@id":"https:\/\/www.visit-ulcinj.com\/blog\/2009\/04\/25\/nena-e-bjordit-po-pres-te-takohem-me-nenen-e-adeles\/#primaryimage","url":"http:\/\/www.visit-ulcinj.com\/blog\/wp-content\/uploads\/2009\/04\/nana-bjordit.jpg","contentUrl":"http:\/\/www.visit-ulcinj.com\/blog\/wp-content\/uploads\/2009\/04\/nana-bjordit.jpg"},{"@type":"WebPage","@id":"https:\/\/www.visit-ulcinj.com\/blog\/2009\/04\/25\/nena-e-bjordit-po-pres-te-takohem-me-nenen-e-adeles\/#webpage","url":"https:\/\/www.visit-ulcinj.com\/blog\/2009\/04\/25\/nena-e-bjordit-po-pres-te-takohem-me-nenen-e-adeles\/","name":"N\u00c3\u00abna e Bjordit: Po pres t\u00c3\u00ab takohem me n\u00c3\u00abn\u00c3\u00abn e Adel\u00c3\u00abs | Big Brother Albania 2","isPartOf":{"@id":"https:\/\/www.visit-ulcinj.com\/blog\/#website"},"primaryImageOfPage":{"@id":"https:\/\/www.visit-ulcinj.com\/blog\/2009\/04\/25\/nena-e-bjordit-po-pres-te-takohem-me-nenen-e-adeles\/#primaryimage"},"datePublished":"2009-04-25T15:35:19+00:00","dateModified":"2009-04-25T15:36:45+00:00","author":{"@id":"https:\/\/www.visit-ulcinj.com\/blog\/#\/schema\/person\/dcab619c614d3038751c63bc2aadc06d"},"description":"Big Brother Albania 2 - Jo, nuk e prisja, por Bjordi gjithmon\u00c3\u00ab m\u00c3\u00ab ka befasuar, sa m\u00c3\u00ab shum\u00c3\u00ab rri atje brenda, aq m\u00c3\u00ab shum\u00c3\u00ab m\u00c3\u00ab befason. M\u00c3\u00ab vuri para p\u00c3\u00abrgjegj\u00c3\u00absis\u00c3\u00ab dhe rriti besimin q\u00c3\u00ab ai ka tek un\u00c3\u00ab.","breadcrumb":{"@id":"https:\/\/www.visit-ulcinj.com\/blog\/2009\/04\/25\/nena-e-bjordit-po-pres-te-takohem-me-nenen-e-adeles\/#breadcrumb"},"inLanguage":"en-US","potentialAction":[{"@type":"ReadAction","target":["https:\/\/www.visit-ulcinj.com\/blog\/2009\/04\/25\/nena-e-bjordit-po-pres-te-takohem-me-nenen-e-adeles\/"]}]},{"@type":"BreadcrumbList","@id":"https:\/\/www.visit-ulcinj.com\/blog\/2009\/04\/25\/nena-e-bjordit-po-pres-te-takohem-me-nenen-e-adeles\/#breadcrumb","itemListElement":[{"@type":"ListItem","position":1,"name":"N\u00ebna e Bjordit: Po pres t\u00eb takohem me n\u00ebn\u00ebn e Adel\u00ebs"}]},{"@type":"Person","@id":"https:\/\/www.visit-ulcinj.com\/blog\/#\/schema\/person\/dcab619c614d3038751c63bc2aadc06d","name":"ulqini","sameAs":["http:\/\/www.visit-ulcinj.com"],"url":"https:\/\/www.visit-ulcinj.com\/blog\/author\/admin\/"}]}},"jetpack_featured_media_url":"","jetpack_sharing_enabled":true,"jetpack_shortlink":"https:\/\/wp.me\/pe6lTn-4XI","_links":{"self":[{"href":"https:\/\/www.visit-ulcinj.com\/blog\/wp-json\/wp\/v2\/posts\/19078"}],"collection":[{"href":"https:\/\/www.visit-ulcinj.com\/blog\/wp-json\/wp\/v2\/posts"}],"about":[{"href":"https:\/\/www.visit-ulcinj.com\/blog\/wp-json\/wp\/v2\/types\/post"}],"author":[{"embeddable":true,"href":"https:\/\/www.visit-ulcinj.com\/blog\/wp-json\/wp\/v2\/users\/1"}],"replies":[{"embeddable":true,"href":"https:\/\/www.visit-ulcinj.com\/blog\/wp-json\/wp\/v2\/comments?post=19078"}],"version-history":[{"count":0,"href":"https:\/\/www.visit-ulcinj.com\/blog\/wp-json\/wp\/v2\/posts\/19078\/revisions"}],"wp:attachment":[{"href":"https:\/\/www.visit-ulcinj.com\/blog\/wp-json\/wp\/v2\/media?parent=19078"}],"wp:term":[{"taxonomy":"category","embeddable":true,"href":"https:\/\/www.visit-ulcinj.com\/blog\/wp-json\/wp\/v2\/categories?post=19078"},{"taxonomy":"post_tag","embeddable":true,"href":"https:\/\/www.visit-ulcinj.com\/blog\/wp-json\/wp\/v2\/tags?post=19078"}],"curies":[{"name":"wp","href":"https:\/\/api.w.org\/{rel}","templated":true}]}}