{"id":19087,"date":"2009-04-25T17:58:41","date_gmt":"2009-04-25T15:58:41","guid":{"rendered":"http:\/\/www.visit-ulcinj.com\/blog\/?p=19087"},"modified":"2009-04-25T17:58:41","modified_gmt":"2009-04-25T15:58:41","slug":"juna-kunder-arit","status":"publish","type":"post","link":"https:\/\/www.visit-ulcinj.com\/blog\/2009\/04\/25\/juna-kunder-arit\/","title":{"rendered":"Juna kund\u00ebr Arit"},"content":{"rendered":"<p><a href=\"http:\/\/www.visit-ulcinj.com\/blog\/wp-content\/uploads\/2009\/04\/juna-kunder-arit-big-borther-albania-2-shiko-live.jpg\"><img loading=\"lazy\" class=\"alignleft size-full wp-image-19088\" title=\"juna-kunder-arit-big-borther-albania-2-shiko-live\" src=\"http:\/\/www.visit-ulcinj.com\/blog\/wp-content\/uploads\/2009\/04\/juna-kunder-arit-big-borther-albania-2-shiko-live.jpg\" alt=\"juna-kunder-arit-big-borther-albania-2-shiko-live\" width=\"282\" height=\"208\" \/><\/a>Nd\u00ebrkoh\u00eb q\u00eb dy nga tre banor\u00ebt e fundit q\u00eb kan\u00eb hyr\u00eb n\u00eb sht\u00ebpin\u00eb e &#8220;Big Brother&#8221; i kan\u00eb shpallur &#8220;luft\u00eb&#8221; nj\u00ebri-tjetrit, ne po ju tregojm\u00eb ekskluzivisht nga dhoma e rr\u00ebfi mit, titujt me t\u00eb cil\u00ebt Juna dhe Ari do t\u00eb d\u00ebshironin q\u00eb t\u00eb hapeshin gazetat q\u00eb fl asin p\u00ebr ata<\/p>\n<p><strong>Juna: &#8220;Fenomen&#8221;<\/strong><\/p>\n<p><strong>Ari: &#8220;Dikush ndryshe nga t\u00eb tjer\u00ebt&#8221;<\/strong><\/p>\n<p><strong><em>Titujt e par\u00eb t\u00eb gazet\u00ebs q\u00eb dy banor\u00ebt do t\u00eb d\u00ebshironin p\u00ebr vete<\/em><\/strong><\/p>\n<p><strong>Ari, Jun\u00ebs: Ti ke mentalitet t\u00eb prapambetur! <\/strong><\/p>\n<p>\u00abTi nuk je e emancipuar, ti ke nj\u00eb mentalitet t\u00eb prapambetur!&#8221; &#8211; i ka th\u00ebn\u00eb Ari, Jun\u00ebs, gj\u00eb t\u00eb cil\u00ebn ajo e ka mohuar kategorikisht. Debati mes t\u00eb dyve ka nisur kur Juna, duke folur p\u00ebr prostitucionin dhe sht\u00ebpit\u00eb publike, ka th\u00ebn\u00eb se edhe n\u00eb Shqip\u00ebri duhet t\u00eb kishte t\u00eb tilla dhe se ajo nuk e kuptonte pse t\u00eb mos kishte. &#8220;Ta them un\u00eb pse!&#8221; &#8211; i ka th\u00ebn\u00eb Ari dhe ka shtuar se kur nj\u00eb fem\u00ebr si ajo q\u00eb kishte jetuar 10 vjet n\u00eb Gjermani, nuk ishte e hapur ndaj p\u00ebrdorimit t\u00eb disa fjal\u00ebve, si mund t\u00eb ishte kjo shoq\u00ebri ndaj sht\u00ebpive publike. Sipas Jun\u00ebs, k\u00ebto dy gj\u00ebra nuk kishin aspak lidhje me nj\u00ebra-tjetr\u00ebn. Ajo i tha se ia kishte shpjeguar shum\u00eb her\u00eb, por &#8220;ai aq kishte&#8221;. Ari i ka th\u00ebn\u00eb se fjal\u00eb dhe gjeste t\u00eb tilla nuk i shkonin nj\u00eb femre t\u00eb emancipuar, si\u00e7 pretendonte ajo t\u00eb ishte.<\/p>\n<p><strong>Juna: Un\u00eb nuk ulem n\u00eb nivelin e Arit, por nga ai i pres t\u00eb gjitha<\/strong><\/p>\n<p>Juna i ka treguar Eltonit se \u00e7far\u00eb kishte ndodhur sakt\u00ebsisht mes saj dhe Arit. Ajo kishte hyr\u00eb n\u00eb dhom\u00eb, ku Ari dhe banor\u00ebt e tjer\u00eb kishin qen\u00eb duke biseduar, nd\u00ebrsa ajo ishte shtrir\u00eb n\u00eb krevatin e Adit dhe kishte filluar bised\u00ebn me t\u00eb, duke ndenjur me kurriz nga Ari. Ai i kishte th\u00ebn\u00eb se nuk ishte etike t&#8217;i nd\u00ebrprisje t\u00eb tjer\u00ebt nd\u00ebrsa flisnin, se ajo nuk ishte edhe aq e bukur, se ishte hipokrite dhe shum\u00eb epitete t\u00eb tjera, nj\u00ebri m\u00eb i r\u00ebnd\u00eb se tjetri. Juna e kishte pyetur se ku i kishte gjetur gjith\u00eb ato p\u00ebrcaktime? &#8220;I kam mbyllur bisedat me Arin!&#8221; &#8211; i tha m\u00eb pas Juna, Eltonit, pasi n\u00eb mosh\u00ebn ton\u00eb mund t\u00eb tolerosh nj\u00eb apo dy shaka, por kur tjetrit i thua q\u00eb e teprove, duhet ta mbyll\u00eb me aq, gj\u00eb q\u00eb Ari nuk e b\u00ebn. Ajo ka shtuar: &#8220;Un\u00eb nuk mund t\u00eb ulem n\u00eb nivelin e tij dhe t\u00eb merrem me t\u00eb!&#8221;. M\u00eb von\u00eb Juna i ka th\u00ebn\u00eb Eltonit se nuk e dinte n\u00ebse Qetsori e p\u00ebrkrah Arin, pasi ai kishte deklaruar q\u00eb b\u00ebnte loj\u00ebn e vet. Duke u shprehur p\u00ebr Arin, Juna i thot\u00eb Eltonit: &#8220;Ai po pret ndonj\u00eb sherr, por sherr un\u00eb nuk kam p\u00ebr t&#8217;i b\u00ebr\u00eb!&#8221; &#8211; dhe ka shtuar se Ari shpreson ta prek\u00eb at\u00eb n\u00eb sedr\u00ebn e femr\u00ebs. M\u00eb pas Juna i ka rr\u00ebfyer Eltonit: &#8220;Nga Ari nuk pres m\u00eb asgj\u00eb, apo m\u00eb sakt\u00eb, nga Ari i pres t\u00eb gjitha!&#8221;.<\/p>\n<p><strong>Ari: Debati me Jun\u00ebn s&#8217;do mbyllet me kaq!<\/strong><\/p>\n<p>Duke q\u00ebndruar n\u00eb dhom\u00eb, Ari merr shkas nga fakti q\u00eb Juna i kthen kurrizin, nd\u00ebrsa ai flet me Adin dhe kapet me t\u00eb. Ai i k\u00ebrkon q\u00eb t\u00eb l\u00ebviz\u00eb nd\u00ebrkoh\u00eb q\u00eb bashk\u00ebbisedon, por ajo nuk pranon. Adi i thot\u00eb q\u00eb debatin mes tyre e kan\u00eb mbyllur, por Ari ia kthen: &#8220;Debati yn\u00eb nuk do t\u00eb mbyllet kurr\u00eb!&#8221; Juna thot\u00eb q\u00eb nuk i intereson ky debat. Adi e pyet se ku q\u00ebndronte debati mes tyre. Ari thot\u00eb: &#8220;Debati q\u00ebndron n\u00eb faktin q\u00eb Juna \u00ebsht\u00eb komplet false, hipokrite dhe e paedukat\u00eb p\u00ebr mua!&#8221;. Juna preferon q\u00eb fjal\u00ebt e tij t&#8217;i marr\u00eb me t\u00eb qeshur. Eltoni shprehet q\u00eb nuk i p\u00eblqejn\u00eb debatet mes tyre dhe nuk e kupton k\u00ebt\u00eb gj\u00eb. Ari mendon q\u00eb ajo nuk \u00ebsht\u00eb vajz\u00eb e hapur si\u00e7 po k\u00ebrkon t\u00eb shfaqet, por ka shum\u00eb komplekse.<\/p>\n<p><strong>Juna: Edhe po t\u00eb kisha mbetur n\u00eb nj\u00eb ishull t\u00eb vetmuar, kurr\u00eb seks me Arin<\/strong><\/p>\n<p>&#8220;Ari ka konceptin q\u00eb femrat duhet t\u00eb rr\u00ebnohen para tij&#8221;, \u00ebsht\u00eb shprehur Eltoni, duke gjykuar sjelljen e Arit n\u00eb lidhje me femrat e sht\u00ebpis\u00eb. &#8220;U g\u00ebrric me Moz\u00ebn dhe Moza s&#8217;ia vari&#8221;, ka th\u00ebn\u00eb Juna. Sipas t\u00eb dyve, kjo \u00ebsht\u00eb edhe arsyeja q\u00eb tani s&#8217;l\u00eb gj\u00eb pa th\u00ebn\u00eb p\u00ebr Mimoz\u00ebn. Juna ka th\u00ebn\u00eb se edhe n\u00eb nj\u00eb ishull t\u00eb vetmuar po t\u00eb ishte, nuk do t&#8217;i shkonte mendja kurr\u00eb p\u00ebr Arin.<\/p>\n<p><strong>Juna: Ari do t\u00eb jet\u00eb protagonist!<\/strong><\/p>\n<p>Sipas Eltonit, Ari mendon se Juna, duke qen\u00eb fem\u00ebr, ishte e dob\u00ebt. &#8220;Un\u00eb nuk jam nga ato q\u00eb m\u00eb thua nj\u00eb fjal\u00eb dhe t\u00eb filloj t\u00eb qaj&#8221;, ka th\u00ebn\u00eb Juna. Sipas saj, Ari e harronte faktin q\u00eb Juna ishte 30 vje\u00e7e dhe n\u00eb jet\u00ebn e saj kishte pasur t\u00eb b\u00ebnte me lloj-lloj njer\u00ebzish. &#8220;Ai do t\u00eb krijoj\u00eb situata t\u00eb r\u00ebnda, ku t\u00eb jet\u00eb protagonist&#8221;, ka vijuar Juna, duke th\u00ebn\u00eb se k\u00ebt\u00eb s&#8217;duhet ta b\u00ebnte me t\u00eb!<\/p>\n<p><strong>Ari: Nuk pendohem p\u00ebr \u00e7far\u00eb i thash\u00eb Jun\u00ebs<\/strong><\/p>\n<p>Eltoni i t\u00ebrheq v\u00ebrejtje Arit p\u00ebr sjelljen e tij gjat\u00eb debatit me Jun\u00ebn. Sipas tij, Ari u kap kot me fjal\u00eb me Jun\u00ebn p\u00ebr nj\u00eb tem\u00eb q\u00eb \u00ebsht\u00eb diskutuar shum\u00eb her\u00eb. Ari justifikohet se e b\u00ebri sepse i ishin akumuluar disa fjal\u00eb q\u00eb i kishin mbetur fiksim p\u00ebr t&#8217;ia th\u00ebn\u00eb. Ai shprehet se nuk ka asnj\u00eb pendes\u00eb p\u00ebr \u00e7far\u00eb i tha asaj gjat\u00eb debatit, sepse mendon se i meritonte. Eltoni i thot\u00eb q\u00eb t\u00eb mos kapet gjat\u00eb gjith\u00eb koh\u00ebs p\u00ebr gj\u00ebra t\u00eb vogla, pa r\u00ebnd\u00ebsi, por n\u00ebse v\u00ebrtet do t\u00eb kapet me t\u00eb, le t\u00eb kapet edhe p\u00ebr gj\u00ebra m\u00eb t\u00eb m\u00ebdha. Ari i thot\u00eb se Jun\u00ebs po ia kthen me t\u00eb nj\u00ebjt\u00ebn monedh\u00eb: p\u00ebr \u00e7far\u00eb flet ajo, flet edhe ai, sepse as ajo nuk po kapet me t\u00eb p\u00ebr gj\u00ebra t\u00eb m\u00ebdha, por p\u00ebrs\u00ebrit t\u00eb nj\u00ebjtat fjal\u00eb.<\/p>\n","protected":false},"excerpt":{"rendered":"<p>Nd\u00ebrkoh\u00eb q\u00eb dy nga tre banor\u00ebt e fundit q\u00eb kan\u00eb hyr\u00eb n\u00eb sht\u00ebpin\u00eb e &#8220;Big Brother&#8221; i kan\u00eb shpallur &#8220;luft\u00eb&#8221; nj\u00ebri-tjetrit, ne po ju tregojm\u00eb ekskluzivisht nga dhoma e rr\u00ebfi mit, titujt me t\u00eb cil\u00ebt Juna dhe Ari do t\u00eb d\u00ebshironin q\u00eb t\u00eb hapeshin gazetat q\u00eb fl asin p\u00ebr ata Juna: &#8220;Fenomen&#8221; Ari: &#8220;Dikush ndryshe [&hellip;]<\/p>\n","protected":false},"author":1,"featured_media":0,"comment_status":"open","ping_status":"closed","sticky":false,"template":"","format":"standard","meta":{"spay_email":"","jetpack_publicize_message":"","jetpack_is_tweetstorm":false,"jetpack_publicize_feature_enabled":true},"categories":[6502],"tags":[8784,8934,5057,6506,6516,6712,7129,1442,9541,9542,8938,6891,6693,6887],"jetpack_publicize_connections":[],"yoast_head":"<!-- This site is optimized with the Yoast SEO plugin v19.1 - https:\/\/yoast.com\/wordpress\/plugins\/seo\/ -->\n<title>Juna kund\u00c3\u00abr Arit | Big Brother Albania 2<\/title>\n<meta name=\"description\" content=\"Big Brother Albania 2 - Nd\u00c3\u00abrkoh\u00c3\u00ab q\u00c3\u00ab dy nga tre banor\u00c3\u00abt e fundit q\u00c3\u00ab kan\u00c3\u00ab hyr\u00c3\u00ab n\u00c3\u00ab sht\u00c3\u00abpin\u00c3\u00ab e &quot;Big Brother&quot; i kan\u00c3\u00ab shpallur &quot;luft\u00c3\u00ab&quot; nj\u00c3\u00abri-tjetrit, ne po ju tregojm\u00c3\u00ab ekskluzivisht nga dhoma e rr\u00c3\u00abfi mit, titujt me t\u00c3\u00ab cil\u00c3\u00abt Juna dhe Ari do t\u00c3\u00ab d\u00c3\u00abshironin q\u00c3\u00ab t\u00c3\u00ab hapeshin gazetat q\u00c3\u00ab fl asin p\u00c3\u00abr ata\" \/>\n<meta name=\"robots\" content=\"index, follow, max-snippet:-1, max-image-preview:large, max-video-preview:-1\" \/>\n<link rel=\"canonical\" href=\"https:\/\/www.visit-ulcinj.com\/blog\/2009\/04\/25\/juna-kunder-arit\/\" \/>\n<meta property=\"og:locale\" content=\"en_US\" \/>\n<meta property=\"og:type\" content=\"article\" \/>\n<meta property=\"og:title\" content=\"Juna kund\u00c3\u00abr Arit | Big Brother Albania 2\" \/>\n<meta property=\"og:description\" content=\"Big Brother Albania 2 - Nd\u00c3\u00abrkoh\u00c3\u00ab q\u00c3\u00ab dy nga tre banor\u00c3\u00abt e fundit q\u00c3\u00ab kan\u00c3\u00ab hyr\u00c3\u00ab n\u00c3\u00ab sht\u00c3\u00abpin\u00c3\u00ab e &quot;Big Brother&quot; i kan\u00c3\u00ab shpallur &quot;luft\u00c3\u00ab&quot; nj\u00c3\u00abri-tjetrit, ne po ju tregojm\u00c3\u00ab ekskluzivisht nga dhoma e rr\u00c3\u00abfi mit, titujt me t\u00c3\u00ab cil\u00c3\u00abt Juna dhe Ari do t\u00c3\u00ab d\u00c3\u00abshironin q\u00c3\u00ab t\u00c3\u00ab hapeshin gazetat q\u00c3\u00ab fl asin p\u00c3\u00abr ata\" \/>\n<meta property=\"og:url\" content=\"https:\/\/www.visit-ulcinj.com\/blog\/2009\/04\/25\/juna-kunder-arit\/\" \/>\n<meta property=\"og:site_name\" content=\"Lajme nga Ulqini\" \/>\n<meta property=\"article:published_time\" content=\"2009-04-25T15:58:41+00:00\" \/>\n<meta property=\"og:image\" content=\"http:\/\/www.visit-ulcinj.com\/blog\/wp-content\/uploads\/2009\/04\/juna-kunder-arit-big-borther-albania-2-shiko-live.jpg\" \/>\n<meta name=\"twitter:label1\" content=\"Written by\" \/>\n\t<meta name=\"twitter:data1\" content=\"ulqini\" \/>\n\t<meta name=\"twitter:label2\" content=\"Est. reading time\" \/>\n\t<meta name=\"twitter:data2\" content=\"5 minutes\" \/>\n<script type=\"application\/ld+json\" class=\"yoast-schema-graph\">{\"@context\":\"https:\/\/schema.org\",\"@graph\":[{\"@type\":\"WebSite\",\"@id\":\"https:\/\/www.visit-ulcinj.com\/blog\/#website\",\"url\":\"https:\/\/www.visit-ulcinj.com\/blog\/\",\"name\":\"Lajme nga Ulqini\",\"description\":\"Lajme,Vijesti,Ulqini,Ulqin,Crna Gora,Mali i Zi\",\"potentialAction\":[{\"@type\":\"SearchAction\",\"target\":{\"@type\":\"EntryPoint\",\"urlTemplate\":\"https:\/\/www.visit-ulcinj.com\/blog\/?s={search_term_string}\"},\"query-input\":\"required name=search_term_string\"}],\"inLanguage\":\"en-US\"},{\"@type\":\"ImageObject\",\"inLanguage\":\"en-US\",\"@id\":\"https:\/\/www.visit-ulcinj.com\/blog\/2009\/04\/25\/juna-kunder-arit\/#primaryimage\",\"url\":\"http:\/\/www.visit-ulcinj.com\/blog\/wp-content\/uploads\/2009\/04\/juna-kunder-arit-big-borther-albania-2-shiko-live.jpg\",\"contentUrl\":\"http:\/\/www.visit-ulcinj.com\/blog\/wp-content\/uploads\/2009\/04\/juna-kunder-arit-big-borther-albania-2-shiko-live.jpg\"},{\"@type\":\"WebPage\",\"@id\":\"https:\/\/www.visit-ulcinj.com\/blog\/2009\/04\/25\/juna-kunder-arit\/#webpage\",\"url\":\"https:\/\/www.visit-ulcinj.com\/blog\/2009\/04\/25\/juna-kunder-arit\/\",\"name\":\"Juna kund\u00c3\u00abr Arit | Big Brother Albania 2\",\"isPartOf\":{\"@id\":\"https:\/\/www.visit-ulcinj.com\/blog\/#website\"},\"primaryImageOfPage\":{\"@id\":\"https:\/\/www.visit-ulcinj.com\/blog\/2009\/04\/25\/juna-kunder-arit\/#primaryimage\"},\"datePublished\":\"2009-04-25T15:58:41+00:00\",\"dateModified\":\"2009-04-25T15:58:41+00:00\",\"author\":{\"@id\":\"https:\/\/www.visit-ulcinj.com\/blog\/#\/schema\/person\/dcab619c614d3038751c63bc2aadc06d\"},\"description\":\"Big Brother Albania 2 - Nd\u00c3\u00abrkoh\u00c3\u00ab q\u00c3\u00ab dy nga tre banor\u00c3\u00abt e fundit q\u00c3\u00ab kan\u00c3\u00ab hyr\u00c3\u00ab n\u00c3\u00ab sht\u00c3\u00abpin\u00c3\u00ab e \\\"Big Brother\\\" i kan\u00c3\u00ab shpallur \\\"luft\u00c3\u00ab\\\" nj\u00c3\u00abri-tjetrit, ne po ju tregojm\u00c3\u00ab ekskluzivisht nga dhoma e rr\u00c3\u00abfi mit, titujt me t\u00c3\u00ab cil\u00c3\u00abt Juna dhe Ari do t\u00c3\u00ab d\u00c3\u00abshironin q\u00c3\u00ab t\u00c3\u00ab hapeshin gazetat q\u00c3\u00ab fl asin p\u00c3\u00abr ata\",\"breadcrumb\":{\"@id\":\"https:\/\/www.visit-ulcinj.com\/blog\/2009\/04\/25\/juna-kunder-arit\/#breadcrumb\"},\"inLanguage\":\"en-US\",\"potentialAction\":[{\"@type\":\"ReadAction\",\"target\":[\"https:\/\/www.visit-ulcinj.com\/blog\/2009\/04\/25\/juna-kunder-arit\/\"]}]},{\"@type\":\"BreadcrumbList\",\"@id\":\"https:\/\/www.visit-ulcinj.com\/blog\/2009\/04\/25\/juna-kunder-arit\/#breadcrumb\",\"itemListElement\":[{\"@type\":\"ListItem\",\"position\":1,\"name\":\"Juna kund\u00ebr Arit\"}]},{\"@type\":\"Person\",\"@id\":\"https:\/\/www.visit-ulcinj.com\/blog\/#\/schema\/person\/dcab619c614d3038751c63bc2aadc06d\",\"name\":\"ulqini\",\"sameAs\":[\"http:\/\/www.visit-ulcinj.com\"],\"url\":\"https:\/\/www.visit-ulcinj.com\/blog\/author\/admin\/\"}]}<\/script>\n<!-- \/ Yoast SEO plugin. -->","yoast_head_json":{"title":"Juna kund\u00c3\u00abr Arit | Big Brother Albania 2","description":"Big Brother Albania 2 - Nd\u00c3\u00abrkoh\u00c3\u00ab q\u00c3\u00ab dy nga tre banor\u00c3\u00abt e fundit q\u00c3\u00ab kan\u00c3\u00ab hyr\u00c3\u00ab n\u00c3\u00ab sht\u00c3\u00abpin\u00c3\u00ab e \"Big Brother\" i kan\u00c3\u00ab shpallur \"luft\u00c3\u00ab\" nj\u00c3\u00abri-tjetrit, ne po ju tregojm\u00c3\u00ab ekskluzivisht nga dhoma e rr\u00c3\u00abfi mit, titujt me t\u00c3\u00ab cil\u00c3\u00abt Juna dhe Ari do t\u00c3\u00ab d\u00c3\u00abshironin q\u00c3\u00ab t\u00c3\u00ab hapeshin gazetat q\u00c3\u00ab fl asin p\u00c3\u00abr ata","robots":{"index":"index","follow":"follow","max-snippet":"max-snippet:-1","max-image-preview":"max-image-preview:large","max-video-preview":"max-video-preview:-1"},"canonical":"https:\/\/www.visit-ulcinj.com\/blog\/2009\/04\/25\/juna-kunder-arit\/","og_locale":"en_US","og_type":"article","og_title":"Juna kund\u00c3\u00abr Arit | Big Brother Albania 2","og_description":"Big Brother Albania 2 - Nd\u00c3\u00abrkoh\u00c3\u00ab q\u00c3\u00ab dy nga tre banor\u00c3\u00abt e fundit q\u00c3\u00ab kan\u00c3\u00ab hyr\u00c3\u00ab n\u00c3\u00ab sht\u00c3\u00abpin\u00c3\u00ab e \"Big Brother\" i kan\u00c3\u00ab shpallur \"luft\u00c3\u00ab\" nj\u00c3\u00abri-tjetrit, ne po ju tregojm\u00c3\u00ab ekskluzivisht nga dhoma e rr\u00c3\u00abfi mit, titujt me t\u00c3\u00ab cil\u00c3\u00abt Juna dhe Ari do t\u00c3\u00ab d\u00c3\u00abshironin q\u00c3\u00ab t\u00c3\u00ab hapeshin gazetat q\u00c3\u00ab fl asin p\u00c3\u00abr ata","og_url":"https:\/\/www.visit-ulcinj.com\/blog\/2009\/04\/25\/juna-kunder-arit\/","og_site_name":"Lajme nga Ulqini","article_published_time":"2009-04-25T15:58:41+00:00","og_image":[{"url":"http:\/\/www.visit-ulcinj.com\/blog\/wp-content\/uploads\/2009\/04\/juna-kunder-arit-big-borther-albania-2-shiko-live.jpg"}],"twitter_misc":{"Written by":"ulqini","Est. reading time":"5 minutes"},"schema":{"@context":"https:\/\/schema.org","@graph":[{"@type":"WebSite","@id":"https:\/\/www.visit-ulcinj.com\/blog\/#website","url":"https:\/\/www.visit-ulcinj.com\/blog\/","name":"Lajme nga Ulqini","description":"Lajme,Vijesti,Ulqini,Ulqin,Crna Gora,Mali i Zi","potentialAction":[{"@type":"SearchAction","target":{"@type":"EntryPoint","urlTemplate":"https:\/\/www.visit-ulcinj.com\/blog\/?s={search_term_string}"},"query-input":"required name=search_term_string"}],"inLanguage":"en-US"},{"@type":"ImageObject","inLanguage":"en-US","@id":"https:\/\/www.visit-ulcinj.com\/blog\/2009\/04\/25\/juna-kunder-arit\/#primaryimage","url":"http:\/\/www.visit-ulcinj.com\/blog\/wp-content\/uploads\/2009\/04\/juna-kunder-arit-big-borther-albania-2-shiko-live.jpg","contentUrl":"http:\/\/www.visit-ulcinj.com\/blog\/wp-content\/uploads\/2009\/04\/juna-kunder-arit-big-borther-albania-2-shiko-live.jpg"},{"@type":"WebPage","@id":"https:\/\/www.visit-ulcinj.com\/blog\/2009\/04\/25\/juna-kunder-arit\/#webpage","url":"https:\/\/www.visit-ulcinj.com\/blog\/2009\/04\/25\/juna-kunder-arit\/","name":"Juna kund\u00c3\u00abr Arit | Big Brother Albania 2","isPartOf":{"@id":"https:\/\/www.visit-ulcinj.com\/blog\/#website"},"primaryImageOfPage":{"@id":"https:\/\/www.visit-ulcinj.com\/blog\/2009\/04\/25\/juna-kunder-arit\/#primaryimage"},"datePublished":"2009-04-25T15:58:41+00:00","dateModified":"2009-04-25T15:58:41+00:00","author":{"@id":"https:\/\/www.visit-ulcinj.com\/blog\/#\/schema\/person\/dcab619c614d3038751c63bc2aadc06d"},"description":"Big Brother Albania 2 - Nd\u00c3\u00abrkoh\u00c3\u00ab q\u00c3\u00ab dy nga tre banor\u00c3\u00abt e fundit q\u00c3\u00ab kan\u00c3\u00ab hyr\u00c3\u00ab n\u00c3\u00ab sht\u00c3\u00abpin\u00c3\u00ab e \"Big Brother\" i kan\u00c3\u00ab shpallur \"luft\u00c3\u00ab\" nj\u00c3\u00abri-tjetrit, ne po ju tregojm\u00c3\u00ab ekskluzivisht nga dhoma e rr\u00c3\u00abfi mit, titujt me t\u00c3\u00ab cil\u00c3\u00abt Juna dhe Ari do t\u00c3\u00ab d\u00c3\u00abshironin q\u00c3\u00ab t\u00c3\u00ab hapeshin gazetat q\u00c3\u00ab fl asin p\u00c3\u00abr ata","breadcrumb":{"@id":"https:\/\/www.visit-ulcinj.com\/blog\/2009\/04\/25\/juna-kunder-arit\/#breadcrumb"},"inLanguage":"en-US","potentialAction":[{"@type":"ReadAction","target":["https:\/\/www.visit-ulcinj.com\/blog\/2009\/04\/25\/juna-kunder-arit\/"]}]},{"@type":"BreadcrumbList","@id":"https:\/\/www.visit-ulcinj.com\/blog\/2009\/04\/25\/juna-kunder-arit\/#breadcrumb","itemListElement":[{"@type":"ListItem","position":1,"name":"Juna kund\u00ebr Arit"}]},{"@type":"Person","@id":"https:\/\/www.visit-ulcinj.com\/blog\/#\/schema\/person\/dcab619c614d3038751c63bc2aadc06d","name":"ulqini","sameAs":["http:\/\/www.visit-ulcinj.com"],"url":"https:\/\/www.visit-ulcinj.com\/blog\/author\/admin\/"}]}},"jetpack_featured_media_url":"","jetpack_sharing_enabled":true,"jetpack_shortlink":"https:\/\/wp.me\/pe6lTn-4XR","_links":{"self":[{"href":"https:\/\/www.visit-ulcinj.com\/blog\/wp-json\/wp\/v2\/posts\/19087"}],"collection":[{"href":"https:\/\/www.visit-ulcinj.com\/blog\/wp-json\/wp\/v2\/posts"}],"about":[{"href":"https:\/\/www.visit-ulcinj.com\/blog\/wp-json\/wp\/v2\/types\/post"}],"author":[{"embeddable":true,"href":"https:\/\/www.visit-ulcinj.com\/blog\/wp-json\/wp\/v2\/users\/1"}],"replies":[{"embeddable":true,"href":"https:\/\/www.visit-ulcinj.com\/blog\/wp-json\/wp\/v2\/comments?post=19087"}],"version-history":[{"count":0,"href":"https:\/\/www.visit-ulcinj.com\/blog\/wp-json\/wp\/v2\/posts\/19087\/revisions"}],"wp:attachment":[{"href":"https:\/\/www.visit-ulcinj.com\/blog\/wp-json\/wp\/v2\/media?parent=19087"}],"wp:term":[{"taxonomy":"category","embeddable":true,"href":"https:\/\/www.visit-ulcinj.com\/blog\/wp-json\/wp\/v2\/categories?post=19087"},{"taxonomy":"post_tag","embeddable":true,"href":"https:\/\/www.visit-ulcinj.com\/blog\/wp-json\/wp\/v2\/tags?post=19087"}],"curies":[{"name":"wp","href":"https:\/\/api.w.org\/{rel}","templated":true}]}}