{"id":19092,"date":"2009-04-25T18:10:55","date_gmt":"2009-04-25T16:10:55","guid":{"rendered":"http:\/\/www.visit-ulcinj.com\/blog\/?p=19092"},"modified":"2009-04-25T18:10:55","modified_gmt":"2009-04-25T16:10:55","slug":"aida-komenton-big-brother-albania-2","status":"publish","type":"post","link":"https:\/\/www.visit-ulcinj.com\/blog\/2009\/04\/25\/aida-komenton-big-brother-albania-2\/","title":{"rendered":"Aida komenton Big Brother Albania 2"},"content":{"rendered":"<p><em><strong>\u201cSori, nj\u00eb luftarak i denj\u00eb\u201d, \u201cTema e familjes sime \u00ebsht\u00eb p\u00ebrfolur shum\u00eb, s\u2019do ta lejoj m\u00eb k\u00ebt\u00eb\u201d<br \/>\n<\/strong> <\/em><br \/>\n<em><a href=\"http:\/\/www.visit-ulcinj.com\/blog\/wp-content\/uploads\/2009\/04\/aida-troka-shiko-live-big-brother-albania-2.jpg\"><img loading=\"lazy\" class=\"alignleft size-full wp-image-19093\" title=\"aida-troka-shiko-live-big-brother-albania-2\" src=\"http:\/\/www.visit-ulcinj.com\/blog\/wp-content\/uploads\/2009\/04\/aida-troka-shiko-live-big-brother-albania-2.jpg\" alt=\"aida-troka-shiko-live-big-brother-albania-2\" width=\"585\" height=\"500\" \/><\/a><\/em><\/p>\n<p><em><strong>BIKA<\/strong><\/p>\n<p>Gj\u00ebrat pozitive &#8211; Idealiste.<\/p>\n<p>Gj\u00ebrat negative &#8211; S&#8217;mundohet t\u00eb njoh\u00eb njer\u00ebzit.<\/p>\n<p><em>Po ta kishe sot p\u00ebrball\u00eb \u00e7far\u00eb do t&#8217;i thoshe? &#8211; Si thua p\u00ebr pend\u00ebt? Kujt i ran\u00eb?<\/em><\/p>\n<p><strong>ADELAJDA<\/strong><\/p>\n<p>Gj\u00ebrat pozitive &#8211; ??? Kompromisi me ambientin.<\/p>\n<p>Gj\u00ebrat negative &#8211; Manipuluese.<\/p>\n<p><em>Po ta kishe sot p\u00ebrball\u00eb \u00e7far\u00eb do t&#8217;i thoshe? &#8211; Kur do t\u00eb vish ta pim\u00eb nj\u00eb kafe n\u00eb Tiran\u00eb.<\/em><\/p>\n<p><strong>ZHULJETA<\/strong><\/p>\n<p>Gj\u00ebrat pozitive &#8211; Feminiliteti.<\/p>\n<p>Gj\u00ebrat negative &#8211; Posesive.<\/p>\n<p><em>Po ta kishe sot p\u00ebrball\u00eb \u00e7far\u00eb do t&#8217;i thoshe? &#8211; Je nj\u00eb fem\u00ebr e zonja<\/em>.<\/p>\n<p><strong>ERJOLA<\/strong><\/p>\n<p>Gj\u00ebrat pozitive &#8211; Zem\u00ebr e past\u00ebr.<\/p>\n<p>Gj\u00ebrat negative &#8211; Beson shum\u00eb te njer\u00ebzit.<\/p>\n<p><em>Po ta kishe sot p\u00ebrball\u00eb \u00e7far\u00eb do t&#8217;i thoshe? &#8211; Lufto p\u00ebr veten.<\/em><\/p>\n<p><strong>LIRITA<\/strong><\/p>\n<p>Gj\u00ebrat pozitive &#8211; Karakter pa komplekse.<\/p>\n<p>Gj\u00ebrat negative &#8211; Ky\u00e7et e dob\u00ebta t\u00eb k\u00ebmb\u00ebve.<\/p>\n<p><em>Po ta kishe sot p\u00ebrball\u00eb \u00e7far\u00eb do t&#8217;i thoshe? &#8211; Mos u rr\u00ebzo m\u00eb, se m\u00eb vdiqe.<\/em><\/p>\n<p><strong>MOZA<\/strong><\/p>\n<p>Gj\u00ebrat pozitive &#8211; E qeshur.<\/p>\n<p>Gj\u00ebrat negative &#8211; Paaft\u00ebsi t\u00eb njoh\u00eb karakteret.<\/p>\n<p><em>Po ta kishe sot p\u00ebrball\u00eb \u00e7far\u00eb do t&#8217;i thoshe? &#8211; T\u00eb kam xhan akoma.<\/em><\/p>\n<p><strong>MESIDA<\/strong><\/p>\n<p>Gj\u00ebrat pozitive &#8211; Sinqeriteti.<\/p>\n<p>Gj\u00ebrat negative &#8211; Naiviteti i tep\u00ebrt.<\/p>\n<p><em>Po ta kishe sot p\u00ebrball\u00eb \u00e7far\u00eb do t&#8217;i thoshe? &#8211; Merr mundimin t&#8217;i njoh\u00ebsh njer\u00ebzit&#8230; e jo t&#8217;i fantazosh ata.<\/em><\/p>\n<p><strong>ANJEZA<\/strong><\/p>\n<p>Gj\u00ebrat pozitive &#8211; Aktrimi.<\/p>\n<p>Gj\u00ebrat negative &#8211; Aktrimi.<\/p>\n<p><em>Po ta kishe sot p\u00ebrball\u00eb \u00e7far\u00eb do t&#8217;i thoshe? &#8211; Bravo, je e vetmja q\u00eb ke mundur t\u00eb m\u00eb hedh\u00ebsh hi syve.<\/em><\/p>\n<p><strong>JUNA<\/strong><\/p>\n<p>Gj\u00ebrat pozitive &#8211; Inteligjente.<\/p>\n<p>Gj\u00ebrat negative &#8211; S&#8217;pata mund\u00ebsi ta njihja aq shum\u00eb.<\/p>\n<p><em>Po ta kishe sot p\u00ebrball\u00eb \u00e7far\u00eb do t&#8217;i thoshe? &#8211; Luaj n\u00eb piano edhe nj\u00eb her\u00eb p\u00ebr<\/em><\/p>\n<p><em>mua &#8220;Disperatamente Giulia&#8221;.<\/em><\/p>\n<p><strong>ADI<\/strong><\/p>\n<p>Gj\u00ebrat pozitive &#8211; Humori.<\/p>\n<p>Gj\u00ebrat negative &#8211; Munges\u00eb vullneti.<\/p>\n<p><em>Po ta kishe sot p\u00ebrball\u00eb \u00e7far\u00eb do t&#8217;i thoshe? &#8211; T\u00ebrbohuuuuuuuuuu&#8230;<\/em><\/p>\n<p><strong>PAVLINI<\/strong><\/p>\n<p>Gj\u00ebrat pozitive &#8211; Pun\u00ebtor.<\/p>\n<p>Gj\u00ebrat negative &#8211; Egoist.<\/p>\n<p><em>Po ta kishe sot p\u00ebrball\u00eb \u00e7far\u00eb do t&#8217;i thoshe? &#8211; Shpresoj t\u00eb kesh gjetur rrug\u00ebn e nd\u00ebrmjetme midis teje dhe f\u00ebmij\u00ebve t\u00eb tu.<\/em><\/p>\n<p><strong>DRITANI<\/strong><\/p>\n<p>Gj\u00ebrat pozitive &#8211; P\u00ebrpikm\u00ebria.<\/p>\n<p>Gj\u00ebrat negative &#8211; Luhatshm\u00ebria.<\/p>\n<p><em>Po ta kishe sot p\u00ebrball\u00eb \u00e7far\u00eb do t&#8217;i thoshe? &#8211; Un\u00eb di ta mbaj fjal\u00ebn, po ti?<\/em><\/p>\n<p><strong>AGONI<\/strong><\/p>\n<p>Gj\u00ebrat pozitive &#8211; I zgjuar.<\/p>\n<p>Gj\u00ebrat negative &#8211; Fiksimet.<\/p>\n<p><em>Po ta kishe sot p\u00ebrball\u00eb \u00e7far\u00eb do t&#8217;i thoshe? &#8211; O ti zotriiii&#8230;<\/em><\/p>\n<p><strong>BJORDI<\/strong><\/p>\n<p>Gj\u00ebrat pozitive &#8211; P\u00ebrk\u00ebdheljet.<\/p>\n<p>Gj\u00ebrat negative &#8211; Shp\u00ebrqendrimi.<\/p>\n<p><em>Po ta kishe sot p\u00ebrball\u00eb \u00e7far\u00eb do t&#8217;i thoshe? &#8211; Rritu&#8230;<\/em><\/p>\n<p><strong>ARJONI<\/strong><\/p>\n<p>Gj\u00ebrat pozitive &#8211; I dashur.<\/p>\n<p>Gj\u00ebrat negative &#8211; Impulsiviteti.<\/p>\n<p><em>Po ta kishe sot p\u00ebrball\u00eb \u00e7far\u00eb do t&#8217;i thoshe? &#8211; Xhan, xhan un\u00eb ty.<\/em><\/p>\n<p><strong>QETSORI<\/strong><\/p>\n<p>Gj\u00ebrat pozitive &#8211; Baba i mir\u00eb.<\/p>\n<p>Gj\u00ebrat negative &#8211; Hileqar.<\/p>\n<p><em>Po ta kishe sot p\u00ebrball\u00eb \u00e7far\u00eb do t&#8217;i thoshe? &#8211; Bravo.<\/em><\/p>\n<p><strong>ANI<\/strong><\/p>\n<p>Gj\u00ebrat pozitive &#8211; Shpirt i past\u00ebr.<\/p>\n<p>Gj\u00ebrat negative &#8211; Se mban pijen.<\/p>\n<p><em>Po ta kishe sot p\u00ebrball\u00eb \u00e7far\u00eb do t&#8217;i thoshe? &#8211; Jam e lumtur q\u00eb u pajtove me lepurushen.<\/em><\/p>\n<p><strong>ARI<\/strong><\/p>\n<p>Gj\u00ebrat pozitive &#8211; I padjall\u00ebzuar.<\/p>\n<p>Gj\u00ebrat negative &#8211; Implusiviteti.<\/p>\n<p><em>Po ta kishe sot p\u00ebrball\u00eb \u00e7far\u00eb do t&#8217;i thoshe? &#8211; Je nj\u00eb shok i mir\u00eb.<\/em><\/p>\n<p><strong>TONI<\/strong><\/p>\n<p>Gj\u00ebrat pozitive &#8211; I shoq\u00ebruesh\u00ebm.<\/p>\n<p>Gj\u00ebrat negative &#8211; Llup\u00ebs.<\/p>\n<p><em>Po ta kishe sot p\u00ebrball\u00eb \u00e7far\u00eb do t&#8217;i thoshe? &#8211; Hasonooo&#8230; m\u00eb ka marr\u00eb malli.<\/em><\/p>\n<p><\/em><\/p>\n","protected":false},"excerpt":{"rendered":"<p>\u201cSori, nj\u00eb luftarak i denj\u00eb\u201d, \u201cTema e familjes sime \u00ebsht\u00eb p\u00ebrfolur shum\u00eb, s\u2019do ta lejoj m\u00eb k\u00ebt\u00eb\u201d BIKA Gj\u00ebrat pozitive &#8211; Idealiste. Gj\u00ebrat negative &#8211; S&#8217;mundohet t\u00eb njoh\u00eb njer\u00ebzit. Po ta kishe sot p\u00ebrball\u00eb \u00e7far\u00eb do t&#8217;i thoshe? &#8211; Si thua p\u00ebr pend\u00ebt? Kujt i ran\u00eb? ADELAJDA Gj\u00ebrat pozitive &#8211; ??? Kompromisi me ambientin. Gj\u00ebrat [&hellip;]<\/p>\n","protected":false},"author":1,"featured_media":0,"comment_status":"open","ping_status":"closed","sticky":false,"template":"","format":"standard","meta":{"spay_email":"","jetpack_publicize_message":"","jetpack_is_tweetstorm":false,"jetpack_publicize_feature_enabled":true},"categories":[6502],"tags":[6529,1414,6527,8289,8784,6525,5057,6506,6516,6712,7129,6522,6521,9116,6539,1442,8938,6542,7364,6544,7302,6751,8276,262,6891,6693,6887,6536],"jetpack_publicize_connections":[],"yoast_head":"<!-- This site is optimized with the Yoast SEO plugin v19.1 - https:\/\/yoast.com\/wordpress\/plugins\/seo\/ -->\n<title>Aida komenton Big Brother Albania 2<\/title>\n<meta name=\"description\" content=\"Big Brother Albania 2 - Sori, nj\u00c3\u00ab luftarak i denj\u00c3\u00ab, Tema e familjes sime \u00c3\u00absht\u00c3\u00ab p\u00c3\u00abrfolur shum\u00c3\u00ab, s\u00e2\u20ac\u2122do ta lejoj m\u00c3\u00ab k\u00c3\u00abt\u00c3\u00ab\" \/>\n<meta name=\"robots\" content=\"index, follow, max-snippet:-1, max-image-preview:large, max-video-preview:-1\" \/>\n<link rel=\"canonical\" href=\"https:\/\/www.visit-ulcinj.com\/blog\/2009\/04\/25\/aida-komenton-big-brother-albania-2\/\" \/>\n<meta property=\"og:locale\" content=\"en_US\" \/>\n<meta property=\"og:type\" content=\"article\" \/>\n<meta property=\"og:title\" content=\"Aida komenton Big Brother Albania 2\" \/>\n<meta property=\"og:description\" content=\"Big Brother Albania 2 - Sori, nj\u00c3\u00ab luftarak i denj\u00c3\u00ab, Tema e familjes sime \u00c3\u00absht\u00c3\u00ab p\u00c3\u00abrfolur shum\u00c3\u00ab, s\u00e2\u20ac\u2122do ta lejoj m\u00c3\u00ab k\u00c3\u00abt\u00c3\u00ab\" \/>\n<meta property=\"og:url\" content=\"https:\/\/www.visit-ulcinj.com\/blog\/2009\/04\/25\/aida-komenton-big-brother-albania-2\/\" \/>\n<meta property=\"og:site_name\" content=\"Lajme nga Ulqini\" \/>\n<meta property=\"article:published_time\" content=\"2009-04-25T16:10:55+00:00\" \/>\n<meta property=\"og:image\" content=\"http:\/\/www.visit-ulcinj.com\/blog\/wp-content\/uploads\/2009\/04\/aida-troka-shiko-live-big-brother-albania-2.jpg\" \/>\n<meta name=\"twitter:label1\" content=\"Written by\" \/>\n\t<meta name=\"twitter:data1\" content=\"ulqini\" \/>\n\t<meta name=\"twitter:label2\" content=\"Est. reading time\" \/>\n\t<meta name=\"twitter:data2\" content=\"3 minutes\" \/>\n<script type=\"application\/ld+json\" class=\"yoast-schema-graph\">{\"@context\":\"https:\/\/schema.org\",\"@graph\":[{\"@type\":\"WebSite\",\"@id\":\"https:\/\/www.visit-ulcinj.com\/blog\/#website\",\"url\":\"https:\/\/www.visit-ulcinj.com\/blog\/\",\"name\":\"Lajme nga Ulqini\",\"description\":\"Lajme,Vijesti,Ulqini,Ulqin,Crna Gora,Mali i Zi\",\"potentialAction\":[{\"@type\":\"SearchAction\",\"target\":{\"@type\":\"EntryPoint\",\"urlTemplate\":\"https:\/\/www.visit-ulcinj.com\/blog\/?s={search_term_string}\"},\"query-input\":\"required name=search_term_string\"}],\"inLanguage\":\"en-US\"},{\"@type\":\"ImageObject\",\"inLanguage\":\"en-US\",\"@id\":\"https:\/\/www.visit-ulcinj.com\/blog\/2009\/04\/25\/aida-komenton-big-brother-albania-2\/#primaryimage\",\"url\":\"http:\/\/www.visit-ulcinj.com\/blog\/wp-content\/uploads\/2009\/04\/aida-troka-shiko-live-big-brother-albania-2.jpg\",\"contentUrl\":\"http:\/\/www.visit-ulcinj.com\/blog\/wp-content\/uploads\/2009\/04\/aida-troka-shiko-live-big-brother-albania-2.jpg\"},{\"@type\":\"WebPage\",\"@id\":\"https:\/\/www.visit-ulcinj.com\/blog\/2009\/04\/25\/aida-komenton-big-brother-albania-2\/#webpage\",\"url\":\"https:\/\/www.visit-ulcinj.com\/blog\/2009\/04\/25\/aida-komenton-big-brother-albania-2\/\",\"name\":\"Aida komenton Big Brother Albania 2\",\"isPartOf\":{\"@id\":\"https:\/\/www.visit-ulcinj.com\/blog\/#website\"},\"primaryImageOfPage\":{\"@id\":\"https:\/\/www.visit-ulcinj.com\/blog\/2009\/04\/25\/aida-komenton-big-brother-albania-2\/#primaryimage\"},\"datePublished\":\"2009-04-25T16:10:55+00:00\",\"dateModified\":\"2009-04-25T16:10:55+00:00\",\"author\":{\"@id\":\"https:\/\/www.visit-ulcinj.com\/blog\/#\/schema\/person\/dcab619c614d3038751c63bc2aadc06d\"},\"description\":\"Big Brother Albania 2 - Sori, nj\u00c3\u00ab luftarak i denj\u00c3\u00ab, Tema e familjes sime \u00c3\u00absht\u00c3\u00ab p\u00c3\u00abrfolur shum\u00c3\u00ab, s\u00e2\u20ac\u2122do ta lejoj m\u00c3\u00ab k\u00c3\u00abt\u00c3\u00ab\",\"breadcrumb\":{\"@id\":\"https:\/\/www.visit-ulcinj.com\/blog\/2009\/04\/25\/aida-komenton-big-brother-albania-2\/#breadcrumb\"},\"inLanguage\":\"en-US\",\"potentialAction\":[{\"@type\":\"ReadAction\",\"target\":[\"https:\/\/www.visit-ulcinj.com\/blog\/2009\/04\/25\/aida-komenton-big-brother-albania-2\/\"]}]},{\"@type\":\"BreadcrumbList\",\"@id\":\"https:\/\/www.visit-ulcinj.com\/blog\/2009\/04\/25\/aida-komenton-big-brother-albania-2\/#breadcrumb\",\"itemListElement\":[{\"@type\":\"ListItem\",\"position\":1,\"name\":\"Aida komenton Big Brother Albania 2\"}]},{\"@type\":\"Person\",\"@id\":\"https:\/\/www.visit-ulcinj.com\/blog\/#\/schema\/person\/dcab619c614d3038751c63bc2aadc06d\",\"name\":\"ulqini\",\"sameAs\":[\"http:\/\/www.visit-ulcinj.com\"],\"url\":\"https:\/\/www.visit-ulcinj.com\/blog\/author\/admin\/\"}]}<\/script>\n<!-- \/ Yoast SEO plugin. -->","yoast_head_json":{"title":"Aida komenton Big Brother Albania 2","description":"Big Brother Albania 2 - Sori, nj\u00c3\u00ab luftarak i denj\u00c3\u00ab, Tema e familjes sime \u00c3\u00absht\u00c3\u00ab p\u00c3\u00abrfolur shum\u00c3\u00ab, s\u00e2\u20ac\u2122do ta lejoj m\u00c3\u00ab k\u00c3\u00abt\u00c3\u00ab","robots":{"index":"index","follow":"follow","max-snippet":"max-snippet:-1","max-image-preview":"max-image-preview:large","max-video-preview":"max-video-preview:-1"},"canonical":"https:\/\/www.visit-ulcinj.com\/blog\/2009\/04\/25\/aida-komenton-big-brother-albania-2\/","og_locale":"en_US","og_type":"article","og_title":"Aida komenton Big Brother Albania 2","og_description":"Big Brother Albania 2 - Sori, nj\u00c3\u00ab luftarak i denj\u00c3\u00ab, Tema e familjes sime \u00c3\u00absht\u00c3\u00ab p\u00c3\u00abrfolur shum\u00c3\u00ab, s\u00e2\u20ac\u2122do ta lejoj m\u00c3\u00ab k\u00c3\u00abt\u00c3\u00ab","og_url":"https:\/\/www.visit-ulcinj.com\/blog\/2009\/04\/25\/aida-komenton-big-brother-albania-2\/","og_site_name":"Lajme nga Ulqini","article_published_time":"2009-04-25T16:10:55+00:00","og_image":[{"url":"http:\/\/www.visit-ulcinj.com\/blog\/wp-content\/uploads\/2009\/04\/aida-troka-shiko-live-big-brother-albania-2.jpg"}],"twitter_misc":{"Written by":"ulqini","Est. reading time":"3 minutes"},"schema":{"@context":"https:\/\/schema.org","@graph":[{"@type":"WebSite","@id":"https:\/\/www.visit-ulcinj.com\/blog\/#website","url":"https:\/\/www.visit-ulcinj.com\/blog\/","name":"Lajme nga Ulqini","description":"Lajme,Vijesti,Ulqini,Ulqin,Crna Gora,Mali i Zi","potentialAction":[{"@type":"SearchAction","target":{"@type":"EntryPoint","urlTemplate":"https:\/\/www.visit-ulcinj.com\/blog\/?s={search_term_string}"},"query-input":"required name=search_term_string"}],"inLanguage":"en-US"},{"@type":"ImageObject","inLanguage":"en-US","@id":"https:\/\/www.visit-ulcinj.com\/blog\/2009\/04\/25\/aida-komenton-big-brother-albania-2\/#primaryimage","url":"http:\/\/www.visit-ulcinj.com\/blog\/wp-content\/uploads\/2009\/04\/aida-troka-shiko-live-big-brother-albania-2.jpg","contentUrl":"http:\/\/www.visit-ulcinj.com\/blog\/wp-content\/uploads\/2009\/04\/aida-troka-shiko-live-big-brother-albania-2.jpg"},{"@type":"WebPage","@id":"https:\/\/www.visit-ulcinj.com\/blog\/2009\/04\/25\/aida-komenton-big-brother-albania-2\/#webpage","url":"https:\/\/www.visit-ulcinj.com\/blog\/2009\/04\/25\/aida-komenton-big-brother-albania-2\/","name":"Aida komenton Big Brother Albania 2","isPartOf":{"@id":"https:\/\/www.visit-ulcinj.com\/blog\/#website"},"primaryImageOfPage":{"@id":"https:\/\/www.visit-ulcinj.com\/blog\/2009\/04\/25\/aida-komenton-big-brother-albania-2\/#primaryimage"},"datePublished":"2009-04-25T16:10:55+00:00","dateModified":"2009-04-25T16:10:55+00:00","author":{"@id":"https:\/\/www.visit-ulcinj.com\/blog\/#\/schema\/person\/dcab619c614d3038751c63bc2aadc06d"},"description":"Big Brother Albania 2 - Sori, nj\u00c3\u00ab luftarak i denj\u00c3\u00ab, Tema e familjes sime \u00c3\u00absht\u00c3\u00ab p\u00c3\u00abrfolur shum\u00c3\u00ab, s\u00e2\u20ac\u2122do ta lejoj m\u00c3\u00ab k\u00c3\u00abt\u00c3\u00ab","breadcrumb":{"@id":"https:\/\/www.visit-ulcinj.com\/blog\/2009\/04\/25\/aida-komenton-big-brother-albania-2\/#breadcrumb"},"inLanguage":"en-US","potentialAction":[{"@type":"ReadAction","target":["https:\/\/www.visit-ulcinj.com\/blog\/2009\/04\/25\/aida-komenton-big-brother-albania-2\/"]}]},{"@type":"BreadcrumbList","@id":"https:\/\/www.visit-ulcinj.com\/blog\/2009\/04\/25\/aida-komenton-big-brother-albania-2\/#breadcrumb","itemListElement":[{"@type":"ListItem","position":1,"name":"Aida komenton Big Brother Albania 2"}]},{"@type":"Person","@id":"https:\/\/www.visit-ulcinj.com\/blog\/#\/schema\/person\/dcab619c614d3038751c63bc2aadc06d","name":"ulqini","sameAs":["http:\/\/www.visit-ulcinj.com"],"url":"https:\/\/www.visit-ulcinj.com\/blog\/author\/admin\/"}]}},"jetpack_featured_media_url":"","jetpack_sharing_enabled":true,"jetpack_shortlink":"https:\/\/wp.me\/pe6lTn-4XW","_links":{"self":[{"href":"https:\/\/www.visit-ulcinj.com\/blog\/wp-json\/wp\/v2\/posts\/19092"}],"collection":[{"href":"https:\/\/www.visit-ulcinj.com\/blog\/wp-json\/wp\/v2\/posts"}],"about":[{"href":"https:\/\/www.visit-ulcinj.com\/blog\/wp-json\/wp\/v2\/types\/post"}],"author":[{"embeddable":true,"href":"https:\/\/www.visit-ulcinj.com\/blog\/wp-json\/wp\/v2\/users\/1"}],"replies":[{"embeddable":true,"href":"https:\/\/www.visit-ulcinj.com\/blog\/wp-json\/wp\/v2\/comments?post=19092"}],"version-history":[{"count":0,"href":"https:\/\/www.visit-ulcinj.com\/blog\/wp-json\/wp\/v2\/posts\/19092\/revisions"}],"wp:attachment":[{"href":"https:\/\/www.visit-ulcinj.com\/blog\/wp-json\/wp\/v2\/media?parent=19092"}],"wp:term":[{"taxonomy":"category","embeddable":true,"href":"https:\/\/www.visit-ulcinj.com\/blog\/wp-json\/wp\/v2\/categories?post=19092"},{"taxonomy":"post_tag","embeddable":true,"href":"https:\/\/www.visit-ulcinj.com\/blog\/wp-json\/wp\/v2\/tags?post=19092"}],"curies":[{"name":"wp","href":"https:\/\/api.w.org\/{rel}","templated":true}]}}