{"id":19097,"date":"2009-04-25T18:20:56","date_gmt":"2009-04-25T16:20:56","guid":{"rendered":"http:\/\/www.visit-ulcinj.com\/blog\/?p=19097"},"modified":"2009-04-25T19:11:06","modified_gmt":"2009-04-25T17:11:06","slug":"big-brother-albania-2-intervista-aida-troka","status":"publish","type":"post","link":"https:\/\/www.visit-ulcinj.com\/blog\/2009\/04\/25\/big-brother-albania-2-intervista-aida-troka\/","title":{"rendered":"Big Brother Albania 2, Intervista, Aida Troka"},"content":{"rendered":"<p><strong><em>Big Brother Albania 2, Intervista, Aida Troka<\/em><\/strong><\/p>\n<p><strong><em><a href=\"http:\/\/www.visit-ulcinj.com\/blog\/wp-content\/uploads\/2009\/04\/aida-troka-2-shiko-live-big-brother-albania-2-copie.jpg\"><img loading=\"lazy\" class=\"alignleft size-full wp-image-19098\" title=\"aida-troka-2-shiko-live-big-brother-albania-2\" src=\"http:\/\/www.visit-ulcinj.com\/blog\/wp-content\/uploads\/2009\/04\/aida-troka-2-shiko-live-big-brother-albania-2-copie.jpg\" alt=\"aida-troka-2-shiko-live-big-brother-albania-2\" width=\"585\" height=\"526\" \/><\/a><br \/>\n<\/em><\/strong><\/p>\n<p><strong>Aida, \u00e7far\u00eb note do t&#8217;i vendosje vetes n\u00eb k\u00ebt\u00eb eksperienc\u00eb?<\/strong><\/p>\n<p>10 p\u00ebr v\u00ebrtet\u00ebsin\u00eb dhe 8 p\u00ebr loj\u00ebn.<\/p>\n<p><strong>Po njer\u00ebzit e tu m\u00eb t\u00eb af\u00ebrt si e komentuan q\u00ebndrimin t\u00ebnd, a t\u00eb b\u00ebn\u00eb kritika?<\/strong><\/p>\n<p>Si p\u00ebr habin\u00eb time jo. Si asnj\u00ebher\u00eb tjet\u00ebr m\u00eb than\u00eb me z\u00eb t\u00eb lart\u00eb: Jemi krenar\u00eb p\u00ebr ty. P\u00ebr mua kjo \u00ebsht\u00eb fitore, s&#8217;dua trofe tjet\u00ebr.<\/p>\n<p><strong>Po v\u00ebllain e vog\u00ebl e takove, a t\u00eb kishte par\u00eb dhe si i ishe dukur atij?<\/strong><\/p>\n<p>Tema e familjes sime \u00ebsht\u00eb p\u00ebrfolur shum\u00eb dhe un\u00eb s&#8217;do ta lejoj m\u00eb k\u00ebt\u00eb, qoft\u00eb edhe me nj\u00eb &#8220;po&#8221;, ose t\u00eb kund\u00ebrt\u00ebn e saj.<\/p>\n<p><strong>Pse dole pik\u00ebrisht ti Aida? <\/strong>Kur ta di, do ju p\u00ebrgjigjem.<\/p>\n<p><strong>A ke pasur gabime dhe cilat kan\u00eb qen\u00eb ato gjat\u00eb q\u00ebndrimit n\u00eb sht\u00ebpi\u00a0?<\/strong><\/p>\n<p>Mesa duket, ky \u00ebsht\u00eb realiteti&#8230;duhet t\u00eb dish t\u00eb aktrosh.<\/p>\n<p><strong>A ka miq\u00ebsi brenda n\u00eb &#8220;Big Brother&#8221;, po dashuri?<\/strong><\/p>\n<p>Po ka, por \u00ebsht\u00eb e v\u00ebshtire t&#8217;i gjesh dhe t&#8217;u jap\u00ebsh jet\u00ebgjat\u00ebsi atyre, p\u00ebrderisa ka konflikt interesi.<\/p>\n<p><strong>Kush t\u00eb duket \u00e7ift i v\u00ebrtet\u00eb, Adela-Bjordi, apo Arjoni dhe Anjeza?<\/strong><\/p>\n<p>Adela dhe Bjordi jan\u00eb partner\u00eb t\u00eb domosdosh\u00ebm loje p\u00ebr nj\u00ebri-tjetrin dhe n\u00eb v\u00ebrtet\u00ebsin\u00eb e loj\u00ebs, po ata jan\u00eb \u00e7ift. Arjoni \u00ebsht\u00eb respektues fanatik i ndjenjave dhe p\u00ebrjetues me shpirt i dashuris\u00eb. Anjez\u00ebn nuk e njoh edhe aq shum\u00eb.<\/p>\n<p><strong>Kush \u00ebsht\u00eb Adela p\u00ebr ty?<\/strong><\/p>\n<p>Dikush i rast\u00ebsish\u00ebm dhe q\u00eb s&#8217;ka l\u00ebn\u00eb gjurm\u00eb n\u00eb rrug\u00ebt e jet\u00ebs time.<\/p>\n<p><strong>Po Sori?<\/strong><\/p>\n<p>Nj\u00eb luftarak i denj\u00eb.<\/p>\n<p><strong>Cilin nga banor\u00ebt do ta nxirrje menj\u00ebher\u00eb nga sht\u00ebpia?<\/strong><\/p>\n<p>Anjez\u00ebn p\u00ebr mosmir\u00ebnjohjen e saj.<\/p>\n<p><strong>Ke pasur ndonj\u00eb frik\u00eb gjat\u00eb q\u00ebndrimit n\u00eb at\u00eb sht\u00ebpi?<\/strong><\/p>\n<p>E vetmja frik\u00eb, n\u00ebse mund t\u00eb cil\u00ebsohet e till\u00eb, ishte keqinterpretimi i opinioneve t\u00eb mia.<\/p>\n<p><strong>Po tani, \u00e7far\u00eb do t\u00eb ndodh\u00eb me ty, planet e tua?<\/strong><\/p>\n<p>Si p\u00ebrher\u00eb&#8230;do t\u00eb vazhdoj t\u00eb eci p\u00ebr t\u00eb krijuar bot\u00ebn time dhe t\u00eb mundohem p\u00ebr gj\u00ebrat q\u00eb ia vlejn\u00eb t\u00eb m\u00eb rrethojn\u00eb.<\/p>\n<p><strong>Aida, a je e lumtur?<\/strong><\/p>\n<p>Mundohem dhe investoj shum\u00eb p\u00ebr t\u00eb qen\u00eb e till\u00eb.<\/p>\n<p><strong>Ke shum\u00eb fansa, a ke ndonj\u00eb mesazh p\u00ebr ta?<\/strong><\/p>\n<p>Ju fal\u00ebnderoj q\u00eb ishit aty p\u00ebr mua, p\u00ebr p\u00ebrkrahjen tuaj pa u lodhur n\u00eb \u00e7do moment dhe n\u00eb \u00e7do hap q\u00eb un\u00eb kam b\u00ebr\u00eb. Ju jam mir\u00ebnjoh\u00ebse dhe ju p\u00ebrqafoj fort.<\/p>\n","protected":false},"excerpt":{"rendered":"<p>Big Brother Albania 2, Intervista, Aida Troka Aida, \u00e7far\u00eb note do t&#8217;i vendosje vetes n\u00eb k\u00ebt\u00eb eksperienc\u00eb? 10 p\u00ebr v\u00ebrtet\u00ebsin\u00eb dhe 8 p\u00ebr loj\u00ebn. Po njer\u00ebzit e tu m\u00eb t\u00eb af\u00ebrt si e komentuan q\u00ebndrimin t\u00ebnd, a t\u00eb b\u00ebn\u00eb kritika? Si p\u00ebr habin\u00eb time jo. Si asnj\u00ebher\u00eb tjet\u00ebr m\u00eb than\u00eb me z\u00eb t\u00eb lart\u00eb: Jemi [&hellip;]<\/p>\n","protected":false},"author":1,"featured_media":0,"comment_status":"open","ping_status":"closed","sticky":false,"template":"","format":"standard","meta":{"spay_email":"","jetpack_publicize_message":"","jetpack_is_tweetstorm":false,"jetpack_publicize_feature_enabled":true},"categories":[6502],"tags":[6529,6537,5057,6506,6516,6712,7129,6522,6521,8966,6544,6891,6693,6887],"jetpack_publicize_connections":[],"yoast_head":"<!-- This site is optimized with the Yoast SEO plugin v19.1 - https:\/\/yoast.com\/wordpress\/plugins\/seo\/ -->\n<title>Big Brother Albania 2, Intervista, Aida Troka<\/title>\n<meta name=\"description\" content=\"Big Brother Albania 2, Intervista, Aida Troka\" \/>\n<meta name=\"robots\" content=\"index, follow, max-snippet:-1, max-image-preview:large, max-video-preview:-1\" \/>\n<link rel=\"canonical\" href=\"https:\/\/www.visit-ulcinj.com\/blog\/2009\/04\/25\/big-brother-albania-2-intervista-aida-troka\/\" \/>\n<meta property=\"og:locale\" content=\"en_US\" \/>\n<meta property=\"og:type\" content=\"article\" \/>\n<meta property=\"og:title\" content=\"Big Brother Albania 2, Intervista, Aida Troka\" \/>\n<meta property=\"og:description\" content=\"Big Brother Albania 2, Intervista, Aida Troka\" \/>\n<meta property=\"og:url\" content=\"https:\/\/www.visit-ulcinj.com\/blog\/2009\/04\/25\/big-brother-albania-2-intervista-aida-troka\/\" \/>\n<meta property=\"og:site_name\" content=\"Lajme nga Ulqini\" \/>\n<meta property=\"article:published_time\" content=\"2009-04-25T16:20:56+00:00\" \/>\n<meta property=\"article:modified_time\" content=\"2009-04-25T17:11:06+00:00\" \/>\n<meta property=\"og:image\" content=\"http:\/\/www.visit-ulcinj.com\/blog\/wp-content\/uploads\/2009\/04\/aida-troka-2-shiko-live-big-brother-albania-2-copie.jpg\" \/>\n<meta name=\"twitter:label1\" content=\"Written by\" \/>\n\t<meta name=\"twitter:data1\" content=\"ulqini\" \/>\n\t<meta name=\"twitter:label2\" content=\"Est. reading time\" \/>\n\t<meta name=\"twitter:data2\" content=\"2 minutes\" \/>\n<script type=\"application\/ld+json\" class=\"yoast-schema-graph\">{\"@context\":\"https:\/\/schema.org\",\"@graph\":[{\"@type\":\"WebSite\",\"@id\":\"https:\/\/www.visit-ulcinj.com\/blog\/#website\",\"url\":\"https:\/\/www.visit-ulcinj.com\/blog\/\",\"name\":\"Lajme nga Ulqini\",\"description\":\"Lajme,Vijesti,Ulqini,Ulqin,Crna Gora,Mali i Zi\",\"potentialAction\":[{\"@type\":\"SearchAction\",\"target\":{\"@type\":\"EntryPoint\",\"urlTemplate\":\"https:\/\/www.visit-ulcinj.com\/blog\/?s={search_term_string}\"},\"query-input\":\"required name=search_term_string\"}],\"inLanguage\":\"en-US\"},{\"@type\":\"ImageObject\",\"inLanguage\":\"en-US\",\"@id\":\"https:\/\/www.visit-ulcinj.com\/blog\/2009\/04\/25\/big-brother-albania-2-intervista-aida-troka\/#primaryimage\",\"url\":\"http:\/\/www.visit-ulcinj.com\/blog\/wp-content\/uploads\/2009\/04\/aida-troka-2-shiko-live-big-brother-albania-2-copie.jpg\",\"contentUrl\":\"http:\/\/www.visit-ulcinj.com\/blog\/wp-content\/uploads\/2009\/04\/aida-troka-2-shiko-live-big-brother-albania-2-copie.jpg\"},{\"@type\":\"WebPage\",\"@id\":\"https:\/\/www.visit-ulcinj.com\/blog\/2009\/04\/25\/big-brother-albania-2-intervista-aida-troka\/#webpage\",\"url\":\"https:\/\/www.visit-ulcinj.com\/blog\/2009\/04\/25\/big-brother-albania-2-intervista-aida-troka\/\",\"name\":\"Big Brother Albania 2, Intervista, Aida Troka\",\"isPartOf\":{\"@id\":\"https:\/\/www.visit-ulcinj.com\/blog\/#website\"},\"primaryImageOfPage\":{\"@id\":\"https:\/\/www.visit-ulcinj.com\/blog\/2009\/04\/25\/big-brother-albania-2-intervista-aida-troka\/#primaryimage\"},\"datePublished\":\"2009-04-25T16:20:56+00:00\",\"dateModified\":\"2009-04-25T17:11:06+00:00\",\"author\":{\"@id\":\"https:\/\/www.visit-ulcinj.com\/blog\/#\/schema\/person\/dcab619c614d3038751c63bc2aadc06d\"},\"description\":\"Big Brother Albania 2, Intervista, Aida Troka\",\"breadcrumb\":{\"@id\":\"https:\/\/www.visit-ulcinj.com\/blog\/2009\/04\/25\/big-brother-albania-2-intervista-aida-troka\/#breadcrumb\"},\"inLanguage\":\"en-US\",\"potentialAction\":[{\"@type\":\"ReadAction\",\"target\":[\"https:\/\/www.visit-ulcinj.com\/blog\/2009\/04\/25\/big-brother-albania-2-intervista-aida-troka\/\"]}]},{\"@type\":\"BreadcrumbList\",\"@id\":\"https:\/\/www.visit-ulcinj.com\/blog\/2009\/04\/25\/big-brother-albania-2-intervista-aida-troka\/#breadcrumb\",\"itemListElement\":[{\"@type\":\"ListItem\",\"position\":1,\"name\":\"Big Brother Albania 2, Intervista, Aida Troka\"}]},{\"@type\":\"Person\",\"@id\":\"https:\/\/www.visit-ulcinj.com\/blog\/#\/schema\/person\/dcab619c614d3038751c63bc2aadc06d\",\"name\":\"ulqini\",\"sameAs\":[\"http:\/\/www.visit-ulcinj.com\"],\"url\":\"https:\/\/www.visit-ulcinj.com\/blog\/author\/admin\/\"}]}<\/script>\n<!-- \/ Yoast SEO plugin. -->","yoast_head_json":{"title":"Big Brother Albania 2, Intervista, Aida Troka","description":"Big Brother Albania 2, Intervista, Aida Troka","robots":{"index":"index","follow":"follow","max-snippet":"max-snippet:-1","max-image-preview":"max-image-preview:large","max-video-preview":"max-video-preview:-1"},"canonical":"https:\/\/www.visit-ulcinj.com\/blog\/2009\/04\/25\/big-brother-albania-2-intervista-aida-troka\/","og_locale":"en_US","og_type":"article","og_title":"Big Brother Albania 2, Intervista, Aida Troka","og_description":"Big Brother Albania 2, Intervista, Aida Troka","og_url":"https:\/\/www.visit-ulcinj.com\/blog\/2009\/04\/25\/big-brother-albania-2-intervista-aida-troka\/","og_site_name":"Lajme nga Ulqini","article_published_time":"2009-04-25T16:20:56+00:00","article_modified_time":"2009-04-25T17:11:06+00:00","og_image":[{"url":"http:\/\/www.visit-ulcinj.com\/blog\/wp-content\/uploads\/2009\/04\/aida-troka-2-shiko-live-big-brother-albania-2-copie.jpg"}],"twitter_misc":{"Written by":"ulqini","Est. reading time":"2 minutes"},"schema":{"@context":"https:\/\/schema.org","@graph":[{"@type":"WebSite","@id":"https:\/\/www.visit-ulcinj.com\/blog\/#website","url":"https:\/\/www.visit-ulcinj.com\/blog\/","name":"Lajme nga Ulqini","description":"Lajme,Vijesti,Ulqini,Ulqin,Crna Gora,Mali i Zi","potentialAction":[{"@type":"SearchAction","target":{"@type":"EntryPoint","urlTemplate":"https:\/\/www.visit-ulcinj.com\/blog\/?s={search_term_string}"},"query-input":"required name=search_term_string"}],"inLanguage":"en-US"},{"@type":"ImageObject","inLanguage":"en-US","@id":"https:\/\/www.visit-ulcinj.com\/blog\/2009\/04\/25\/big-brother-albania-2-intervista-aida-troka\/#primaryimage","url":"http:\/\/www.visit-ulcinj.com\/blog\/wp-content\/uploads\/2009\/04\/aida-troka-2-shiko-live-big-brother-albania-2-copie.jpg","contentUrl":"http:\/\/www.visit-ulcinj.com\/blog\/wp-content\/uploads\/2009\/04\/aida-troka-2-shiko-live-big-brother-albania-2-copie.jpg"},{"@type":"WebPage","@id":"https:\/\/www.visit-ulcinj.com\/blog\/2009\/04\/25\/big-brother-albania-2-intervista-aida-troka\/#webpage","url":"https:\/\/www.visit-ulcinj.com\/blog\/2009\/04\/25\/big-brother-albania-2-intervista-aida-troka\/","name":"Big Brother Albania 2, Intervista, Aida Troka","isPartOf":{"@id":"https:\/\/www.visit-ulcinj.com\/blog\/#website"},"primaryImageOfPage":{"@id":"https:\/\/www.visit-ulcinj.com\/blog\/2009\/04\/25\/big-brother-albania-2-intervista-aida-troka\/#primaryimage"},"datePublished":"2009-04-25T16:20:56+00:00","dateModified":"2009-04-25T17:11:06+00:00","author":{"@id":"https:\/\/www.visit-ulcinj.com\/blog\/#\/schema\/person\/dcab619c614d3038751c63bc2aadc06d"},"description":"Big Brother Albania 2, Intervista, Aida Troka","breadcrumb":{"@id":"https:\/\/www.visit-ulcinj.com\/blog\/2009\/04\/25\/big-brother-albania-2-intervista-aida-troka\/#breadcrumb"},"inLanguage":"en-US","potentialAction":[{"@type":"ReadAction","target":["https:\/\/www.visit-ulcinj.com\/blog\/2009\/04\/25\/big-brother-albania-2-intervista-aida-troka\/"]}]},{"@type":"BreadcrumbList","@id":"https:\/\/www.visit-ulcinj.com\/blog\/2009\/04\/25\/big-brother-albania-2-intervista-aida-troka\/#breadcrumb","itemListElement":[{"@type":"ListItem","position":1,"name":"Big Brother Albania 2, Intervista, Aida Troka"}]},{"@type":"Person","@id":"https:\/\/www.visit-ulcinj.com\/blog\/#\/schema\/person\/dcab619c614d3038751c63bc2aadc06d","name":"ulqini","sameAs":["http:\/\/www.visit-ulcinj.com"],"url":"https:\/\/www.visit-ulcinj.com\/blog\/author\/admin\/"}]}},"jetpack_featured_media_url":"","jetpack_sharing_enabled":true,"jetpack_shortlink":"https:\/\/wp.me\/pe6lTn-4Y1","_links":{"self":[{"href":"https:\/\/www.visit-ulcinj.com\/blog\/wp-json\/wp\/v2\/posts\/19097"}],"collection":[{"href":"https:\/\/www.visit-ulcinj.com\/blog\/wp-json\/wp\/v2\/posts"}],"about":[{"href":"https:\/\/www.visit-ulcinj.com\/blog\/wp-json\/wp\/v2\/types\/post"}],"author":[{"embeddable":true,"href":"https:\/\/www.visit-ulcinj.com\/blog\/wp-json\/wp\/v2\/users\/1"}],"replies":[{"embeddable":true,"href":"https:\/\/www.visit-ulcinj.com\/blog\/wp-json\/wp\/v2\/comments?post=19097"}],"version-history":[{"count":0,"href":"https:\/\/www.visit-ulcinj.com\/blog\/wp-json\/wp\/v2\/posts\/19097\/revisions"}],"wp:attachment":[{"href":"https:\/\/www.visit-ulcinj.com\/blog\/wp-json\/wp\/v2\/media?parent=19097"}],"wp:term":[{"taxonomy":"category","embeddable":true,"href":"https:\/\/www.visit-ulcinj.com\/blog\/wp-json\/wp\/v2\/categories?post=19097"},{"taxonomy":"post_tag","embeddable":true,"href":"https:\/\/www.visit-ulcinj.com\/blog\/wp-json\/wp\/v2\/tags?post=19097"}],"curies":[{"name":"wp","href":"https:\/\/api.w.org\/{rel}","templated":true}]}}