{"id":19104,"date":"2009-04-25T19:18:17","date_gmt":"2009-04-25T17:18:17","guid":{"rendered":"http:\/\/www.visit-ulcinj.com\/blog\/?p=19104"},"modified":"2009-04-25T19:19:24","modified_gmt":"2009-04-25T17:19:24","slug":"karate-team-ulqini-me-i-miri-ne-gostivar","status":"publish","type":"post","link":"https:\/\/www.visit-ulcinj.com\/blog\/2009\/04\/25\/karate-team-ulqini-me-i-miri-ne-gostivar\/","title":{"rendered":"Video &#8211; Karate Team &#8220;Ulqini&#8221; m\u00eb i miri n\u00eb Gostivar"},"content":{"rendered":"<p><strong><a href=\"http:\/\/www.visit-ulcinj.com\/blog\/wp-content\/uploads\/2009\/04\/karate-team-ulqini_ne-turneun-nderkombetar-te-karatese-kupa-e-gostivarit-2009.jpg\"><img loading=\"lazy\" class=\"alignleft size-full wp-image-19105\" title=\"karate-team-ulqini_ne-turneun-nderkombetar-te-karatese-kupa-e-gostivarit-2009\" src=\"http:\/\/www.visit-ulcinj.com\/blog\/wp-content\/uploads\/2009\/04\/karate-team-ulqini_ne-turneun-nderkombetar-te-karatese-kupa-e-gostivarit-2009.jpg\" alt=\"karate-team-ulqini_ne-turneun-nderkombetar-te-karatese-kupa-e-gostivarit-2009\" width=\"570\" height=\"400\" \/><\/a>Karate team &#8220;Ulqini&#8221; mori pjes\u00eb n\u00eb turneun nd\u00ebrkomb\u00ebtar t\u00eb karates\u00eb &#8220;Kupa e Gostivarit 2009&#8221;<\/strong><br \/>\nKarate Team &#8220;Ulqini&#8221; i p\u00ebrb\u00ebr\u00eb nga karateist\u00ebt e klubeve &#8220;Ulqini&#8221; dhe &#8220;Albulena&#8221;, mori pjes\u00eb m\u00eb 18 prill 2009 n\u00eb Turneun e 8-t\u00eb Nd\u00ebrkomb\u00ebtar n\u00eb Karate &#8220;Kupa e Gostivarit 2009&#8221;. Karate Team &#8220;Ulqini&#8221; shk\u00eblqeu duke fituar 58 medalje n\u00eb disciplinat individuale dhe n\u00eb ato ekipore: 19 t\u00eb arta, 25 t\u00eb argjendta, 14 t\u00eb bronzta dhe 12 kupa.<\/p>\n<p>Nga Karate Team &#8220;Ulqini&#8221; n\u00eb k\u00ebt\u00eb Turne me medalje t\u00eb arta u shp\u00ebrblyen <a href=\"http:\/\/www.visit-ulcinj.com\/blog\/wp-content\/uploads\/2009\/04\/kupa-e-gostivarit-2009.jpg\"><img loading=\"lazy\" class=\"alignright size-full wp-image-19108\" title=\"kupa-e-gostivarit-2009\" src=\"http:\/\/www.visit-ulcinj.com\/blog\/wp-content\/uploads\/2009\/04\/kupa-e-gostivarit-2009.jpg\" alt=\"kupa-e-gostivarit-2009\" width=\"296\" height=\"357\" srcset=\"https:\/\/www.visit-ulcinj.com\/blog\/wp-content\/uploads\/2009\/04\/kupa-e-gostivarit-2009.jpg 336w, https:\/\/www.visit-ulcinj.com\/blog\/wp-content\/uploads\/2009\/04\/kupa-e-gostivarit-2009-248x300.jpg 248w\" sizes=\"(max-width: 296px) 100vw, 296px\" \/><\/a>k\u00ebta garues:<br \/>\nXhemale Elezi dhe Jehona Musliq \u2013 nga tri medalje t\u00eb arta, Sretena Gjuriq dhe Antigona Rama me nga dy medalje t\u00eb arta, nd\u00ebrsa nga nj\u00eb t\u00eb art\u00eb fituan Ardit Astafoviq, Lindita Hoxhiq, Arta Llazoriq, Blerta Tahiri, Xheneta Vu\u00e7iq, Dardan Ceka, Liridon Elezi, Viktor Curoviq dhe Albion Duraku. P\u00ebrve\u00e7 k\u00ebtyre medaljeve k\u00ebta garues u kuror\u00ebzuan edhe me medalje t\u00eb tjera.<br \/>\nMe nga disa medalje t\u00eb tjera u shp\u00ebrblyen edhe k\u00ebta garues: Xhivat Hoxhiq, Emir Mustafiq, Xhenis Rexhepi, Petar Barlloviq, Blerim Sukaliq, Kreshnik Tahiri dhe Petar Maroviq.<br \/>\nN\u00eb turne mor\u00ebn pjes\u00eb 41 klube me mbi 300 garues. Karate Team &#8220;Ulqini&#8221; mori pjes\u00eb me 20 garues.<br \/>\nFormimi i nj\u00eb ekipi t\u00eb p\u00ebrbashk\u00ebt nga karateist\u00ebt m\u00eb t\u00eb mir\u00eb t\u00eb dy klubeve &#8220;Ulqini&#8221; dhe &#8220;Albulena&#8221; u inicua nga trajner\u00ebt e k\u00ebtyre klubeve, me q\u00ebllim t\u00eb nj\u00eb p\u00ebrfaq\u00ebsimi m\u00eb t\u00eb mir\u00eb n\u00eb gara nd\u00ebrkomb\u00ebtare.<\/p>\n<p>Karate Team &#8220;Ulqini&#8221; do t\u00eb ket\u00eb nj\u00eb ekip profesionist\u00ebsh t\u00eb trajner\u00ebve nga dy klubet, i cili \u00ebsht\u00eb n\u00eb p\u00ebrb\u00ebrje nga trajner\u00ebt: Naim Duraku, Anell Beganoviq, Mirsad Nasradini, Jasmin Hot, Kujtim Sukaliqi dhe kryetrajner\u00ebt e klubeve &#8220;Albulena&#8221; dhe &#8220;Ulqini&#8221; Agron Ujkashi dhe Ruzhdi Rama. Mbikqyr\u00ebs i k\u00ebtij ekipi profesional t\u00eb trajner\u00ebve do t\u00eb jet\u00eb mjeshtri i mir\u00ebnjohur i karates\u00eb Gjorgje Daboviq.<\/p>\n<p>&#8211; Ideja p\u00ebr formimin e Karate Team &#8220;Ulqini&#8221; nuk \u00ebsht\u00eb e re, sepse ne edhe m\u00eb p\u00ebrpara, prej vitit 2002, kemi marr\u00eb pjes\u00eb n\u00eb disa gara si ekip i p\u00ebrbashk\u00ebt i dy klubeve &#8220;Ulqini&#8221; dhe &#8220;Albulena&#8221;. K\u00ebsaj here formimi i k\u00ebtij ekipi do ta jet\u00eb m\u00eb profesional, duke u zgjedhur ekipi i posa\u00e7\u00ebm i trajner\u00ebve q\u00eb do t\u00eb punojn\u00eb me garuesit e p\u00ebrzgjedhur, i cili do t\u00eb jet\u00eb rregullisht n\u00ebn mbikqyrje.<br \/>\n<a href=\"http:\/\/www.visit-ulcinj.com\/blog\/wp-content\/uploads\/2009\/04\/kupa-e-gostivarit-20091.jpg\"><img loading=\"lazy\" class=\"alignleft size-medium wp-image-19107\" title=\"kupa-e-gostivarit-20091\" src=\"http:\/\/www.visit-ulcinj.com\/blog\/wp-content\/uploads\/2009\/04\/kupa-e-gostivarit-20091-300x226.jpg\" alt=\"kupa-e-gostivarit-20091\" width=\"300\" height=\"226\" \/><\/a> P\u00ebr t\u00eb qen\u00eb pjes\u00ebtar i k\u00ebtij ekipi mund t\u00eb konkuroj\u00eb \u00e7do garues, e pastaj zgjedhja do t\u00eb b\u00ebhet nga trajner\u00ebt e ekipit. Natyrisht q\u00eb k\u00ebtu do t\u00eb hyjn\u00eb vet\u00ebm garuesit m\u00eb t\u00eb mir\u00eb, sepse edhe q\u00ebllimi i formimit t\u00eb k\u00ebtij ekipi \u00ebsht\u00eb paraqitja m\u00eb kualitative e klubeve tona n\u00eb arenat nd\u00ebrkomb\u00ebtare dhe arritja e rezultateve superiore. Po ashtu, n\u00eb k\u00ebt\u00eb ekip do t\u00eb jen\u00eb t\u00eb p\u00ebrfaq\u00ebsuara t\u00eb gjitha gjeneratat, e v\u00ebmendje e ve\u00e7ant\u00eb do t\u2019u kushtohet kadet\u00ebve, junior\u00ebve dhe senior\u00ebve. S\u00eb shpejti edhe zyrtarisht do t\u00eb em\u00ebrohet udh\u00ebheq\u00ebsia e k\u00ebtij ekipi, si dhe ndarja e detyrave t\u00eb ve\u00e7anta p\u00ebr \u00e7do trajner, p\u00ebr \u00e7ka do ta informojm\u00eb edhe opinionin e gj\u00ebr\u00eb \u2013 than\u00eb trajner\u00ebt e Karate Team &#8220;Ulqini&#8221;.<\/p>\n<p>Ata fal\u00ebnderojn\u00eb sponsor\u00ebt q\u00eb mund\u00ebsuan pjes\u00ebmarrjen e tyre n\u00eb k\u00ebt\u00eb gar\u00eb Elektrodistribucionin Ulqin, burektoren &#8220;Pelivan&#8221;, Enver Demirin, si dhe prind\u00ebrit e garuesve.<\/p>\n<p><strong> SH\u00cbRBIMI P\u00cbR MARR\u00cbDH\u00cbNIE ME PUBLIKUN<\/strong><\/p>\n<p><strong>I KARATE TEAM &#8220;ULQINI&#8221;<\/strong><\/p>\n<!--YouTube Error: bad URL entered-->\n","protected":false},"excerpt":{"rendered":"<p>Karate team &#8220;Ulqini&#8221; mori pjes\u00eb n\u00eb turneun nd\u00ebrkomb\u00ebtar t\u00eb karates\u00eb &#8220;Kupa e Gostivarit 2009&#8221; Karate Team &#8220;Ulqini&#8221; i p\u00ebrb\u00ebr\u00eb nga karateist\u00ebt e klubeve &#8220;Ulqini&#8221; dhe &#8220;Albulena&#8221;, mori pjes\u00eb m\u00eb 18 prill 2009 n\u00eb Turneun e 8-t\u00eb Nd\u00ebrkomb\u00ebtar n\u00eb Karate &#8220;Kupa e Gostivarit 2009&#8221;. Karate Team &#8220;Ulqini&#8221; shk\u00eblqeu duke fituar 58 medalje n\u00eb disciplinat individuale dhe [&hellip;]<\/p>\n","protected":false},"author":1,"featured_media":0,"comment_status":"open","ping_status":"closed","sticky":false,"template":"","format":"standard","meta":{"spay_email":"","jetpack_publicize_message":"","jetpack_is_tweetstorm":false,"jetpack_publicize_feature_enabled":true},"categories":[3],"tags":[772,2906,9553,2065,9549,9551,2624,2629,5821,9556,2631,9555,1499,9554,2067,179,9547,2079,9550,9552,2078,2077,2076,9548,2621,2066,1821],"jetpack_publicize_connections":[],"yoast_head":"<!-- This site is optimized with the Yoast SEO plugin v19.1 - https:\/\/yoast.com\/wordpress\/plugins\/seo\/ -->\n<title>Video - Karate Team &quot;Ulqini&quot; m\u00eb i miri n\u00eb Gostivar - Lajme nga Ulqini<\/title>\n<meta name=\"description\" content=\"Karate team &quot;Ulqini&quot; mori pjes\u00eb n\u00eb turneun nd\u00ebrkomb\u00ebtar t\u00eb karates\u00eb &quot;Kupa e Gostivarit 2009&quot; Karate Team &quot;Ulqini&quot; i p\u00ebrb\u00ebr\u00eb nga karateist\u00ebt e klubeve\" \/>\n<meta name=\"robots\" content=\"index, follow, max-snippet:-1, max-image-preview:large, max-video-preview:-1\" \/>\n<link rel=\"canonical\" href=\"https:\/\/www.visit-ulcinj.com\/blog\/2009\/04\/25\/karate-team-ulqini-me-i-miri-ne-gostivar\/\" \/>\n<meta property=\"og:locale\" content=\"en_US\" \/>\n<meta property=\"og:type\" content=\"article\" \/>\n<meta property=\"og:title\" content=\"Video - Karate Team &quot;Ulqini&quot; m\u00eb i miri n\u00eb Gostivar - Lajme nga Ulqini\" \/>\n<meta property=\"og:description\" content=\"Karate team &quot;Ulqini&quot; mori pjes\u00eb n\u00eb turneun nd\u00ebrkomb\u00ebtar t\u00eb karates\u00eb &quot;Kupa e Gostivarit 2009&quot; Karate Team &quot;Ulqini&quot; i p\u00ebrb\u00ebr\u00eb nga karateist\u00ebt e klubeve\" \/>\n<meta property=\"og:url\" content=\"https:\/\/www.visit-ulcinj.com\/blog\/2009\/04\/25\/karate-team-ulqini-me-i-miri-ne-gostivar\/\" \/>\n<meta property=\"og:site_name\" content=\"Lajme nga Ulqini\" \/>\n<meta property=\"article:published_time\" content=\"2009-04-25T17:18:17+00:00\" \/>\n<meta property=\"article:modified_time\" content=\"2009-04-25T17:19:24+00:00\" \/>\n<meta property=\"og:image\" content=\"http:\/\/www.visit-ulcinj.com\/blog\/wp-content\/uploads\/2009\/04\/karate-team-ulqini_ne-turneun-nderkombetar-te-karatese-kupa-e-gostivarit-2009.jpg\" \/>\n<meta name=\"twitter:label1\" content=\"Written by\" \/>\n\t<meta name=\"twitter:data1\" content=\"ulqini\" \/>\n\t<meta name=\"twitter:label2\" content=\"Est. reading time\" \/>\n\t<meta name=\"twitter:data2\" content=\"3 minutes\" \/>\n<script type=\"application\/ld+json\" class=\"yoast-schema-graph\">{\"@context\":\"https:\/\/schema.org\",\"@graph\":[{\"@type\":\"WebSite\",\"@id\":\"https:\/\/www.visit-ulcinj.com\/blog\/#website\",\"url\":\"https:\/\/www.visit-ulcinj.com\/blog\/\",\"name\":\"Lajme nga Ulqini\",\"description\":\"Lajme,Vijesti,Ulqini,Ulqin,Crna Gora,Mali i Zi\",\"potentialAction\":[{\"@type\":\"SearchAction\",\"target\":{\"@type\":\"EntryPoint\",\"urlTemplate\":\"https:\/\/www.visit-ulcinj.com\/blog\/?s={search_term_string}\"},\"query-input\":\"required name=search_term_string\"}],\"inLanguage\":\"en-US\"},{\"@type\":\"ImageObject\",\"inLanguage\":\"en-US\",\"@id\":\"https:\/\/www.visit-ulcinj.com\/blog\/2009\/04\/25\/karate-team-ulqini-me-i-miri-ne-gostivar\/#primaryimage\",\"url\":\"https:\/\/www.visit-ulcinj.com\/blog\/wp-content\/uploads\/2009\/04\/karate-team-ulqini_ne-turneun-nderkombetar-te-karatese-kupa-e-gostivarit-2009.jpg\",\"contentUrl\":\"https:\/\/www.visit-ulcinj.com\/blog\/wp-content\/uploads\/2009\/04\/karate-team-ulqini_ne-turneun-nderkombetar-te-karatese-kupa-e-gostivarit-2009.jpg\",\"width\":\"1001\",\"height\":\"750\"},{\"@type\":\"WebPage\",\"@id\":\"https:\/\/www.visit-ulcinj.com\/blog\/2009\/04\/25\/karate-team-ulqini-me-i-miri-ne-gostivar\/#webpage\",\"url\":\"https:\/\/www.visit-ulcinj.com\/blog\/2009\/04\/25\/karate-team-ulqini-me-i-miri-ne-gostivar\/\",\"name\":\"Video - Karate Team \\\"Ulqini\\\" m\u00eb i miri n\u00eb Gostivar - Lajme nga Ulqini\",\"isPartOf\":{\"@id\":\"https:\/\/www.visit-ulcinj.com\/blog\/#website\"},\"primaryImageOfPage\":{\"@id\":\"https:\/\/www.visit-ulcinj.com\/blog\/2009\/04\/25\/karate-team-ulqini-me-i-miri-ne-gostivar\/#primaryimage\"},\"datePublished\":\"2009-04-25T17:18:17+00:00\",\"dateModified\":\"2009-04-25T17:19:24+00:00\",\"author\":{\"@id\":\"https:\/\/www.visit-ulcinj.com\/blog\/#\/schema\/person\/dcab619c614d3038751c63bc2aadc06d\"},\"description\":\"Karate team \\\"Ulqini\\\" mori pjes\u00eb n\u00eb turneun nd\u00ebrkomb\u00ebtar t\u00eb karates\u00eb \\\"Kupa e Gostivarit 2009\\\" Karate Team \\\"Ulqini\\\" i p\u00ebrb\u00ebr\u00eb nga karateist\u00ebt e klubeve\",\"breadcrumb\":{\"@id\":\"https:\/\/www.visit-ulcinj.com\/blog\/2009\/04\/25\/karate-team-ulqini-me-i-miri-ne-gostivar\/#breadcrumb\"},\"inLanguage\":\"en-US\",\"potentialAction\":[{\"@type\":\"ReadAction\",\"target\":[\"https:\/\/www.visit-ulcinj.com\/blog\/2009\/04\/25\/karate-team-ulqini-me-i-miri-ne-gostivar\/\"]}]},{\"@type\":\"BreadcrumbList\",\"@id\":\"https:\/\/www.visit-ulcinj.com\/blog\/2009\/04\/25\/karate-team-ulqini-me-i-miri-ne-gostivar\/#breadcrumb\",\"itemListElement\":[{\"@type\":\"ListItem\",\"position\":1,\"name\":\"Video &#8211; Karate Team &#8220;Ulqini&#8221; m\u00eb i miri n\u00eb Gostivar\"}]},{\"@type\":\"Person\",\"@id\":\"https:\/\/www.visit-ulcinj.com\/blog\/#\/schema\/person\/dcab619c614d3038751c63bc2aadc06d\",\"name\":\"ulqini\",\"sameAs\":[\"http:\/\/www.visit-ulcinj.com\"],\"url\":\"https:\/\/www.visit-ulcinj.com\/blog\/author\/admin\/\"}]}<\/script>\n<!-- \/ Yoast SEO plugin. -->","yoast_head_json":{"title":"Video - Karate Team \"Ulqini\" m\u00eb i miri n\u00eb Gostivar - Lajme nga Ulqini","description":"Karate team \"Ulqini\" mori pjes\u00eb n\u00eb turneun nd\u00ebrkomb\u00ebtar t\u00eb karates\u00eb \"Kupa e Gostivarit 2009\" Karate Team \"Ulqini\" i p\u00ebrb\u00ebr\u00eb nga karateist\u00ebt e klubeve","robots":{"index":"index","follow":"follow","max-snippet":"max-snippet:-1","max-image-preview":"max-image-preview:large","max-video-preview":"max-video-preview:-1"},"canonical":"https:\/\/www.visit-ulcinj.com\/blog\/2009\/04\/25\/karate-team-ulqini-me-i-miri-ne-gostivar\/","og_locale":"en_US","og_type":"article","og_title":"Video - Karate Team \"Ulqini\" m\u00eb i miri n\u00eb Gostivar - Lajme nga Ulqini","og_description":"Karate team \"Ulqini\" mori pjes\u00eb n\u00eb turneun nd\u00ebrkomb\u00ebtar t\u00eb karates\u00eb \"Kupa e Gostivarit 2009\" Karate Team \"Ulqini\" i p\u00ebrb\u00ebr\u00eb nga karateist\u00ebt e klubeve","og_url":"https:\/\/www.visit-ulcinj.com\/blog\/2009\/04\/25\/karate-team-ulqini-me-i-miri-ne-gostivar\/","og_site_name":"Lajme nga Ulqini","article_published_time":"2009-04-25T17:18:17+00:00","article_modified_time":"2009-04-25T17:19:24+00:00","og_image":[{"url":"http:\/\/www.visit-ulcinj.com\/blog\/wp-content\/uploads\/2009\/04\/karate-team-ulqini_ne-turneun-nderkombetar-te-karatese-kupa-e-gostivarit-2009.jpg"}],"twitter_misc":{"Written by":"ulqini","Est. reading time":"3 minutes"},"schema":{"@context":"https:\/\/schema.org","@graph":[{"@type":"WebSite","@id":"https:\/\/www.visit-ulcinj.com\/blog\/#website","url":"https:\/\/www.visit-ulcinj.com\/blog\/","name":"Lajme nga Ulqini","description":"Lajme,Vijesti,Ulqini,Ulqin,Crna Gora,Mali i Zi","potentialAction":[{"@type":"SearchAction","target":{"@type":"EntryPoint","urlTemplate":"https:\/\/www.visit-ulcinj.com\/blog\/?s={search_term_string}"},"query-input":"required name=search_term_string"}],"inLanguage":"en-US"},{"@type":"ImageObject","inLanguage":"en-US","@id":"https:\/\/www.visit-ulcinj.com\/blog\/2009\/04\/25\/karate-team-ulqini-me-i-miri-ne-gostivar\/#primaryimage","url":"https:\/\/www.visit-ulcinj.com\/blog\/wp-content\/uploads\/2009\/04\/karate-team-ulqini_ne-turneun-nderkombetar-te-karatese-kupa-e-gostivarit-2009.jpg","contentUrl":"https:\/\/www.visit-ulcinj.com\/blog\/wp-content\/uploads\/2009\/04\/karate-team-ulqini_ne-turneun-nderkombetar-te-karatese-kupa-e-gostivarit-2009.jpg","width":"1001","height":"750"},{"@type":"WebPage","@id":"https:\/\/www.visit-ulcinj.com\/blog\/2009\/04\/25\/karate-team-ulqini-me-i-miri-ne-gostivar\/#webpage","url":"https:\/\/www.visit-ulcinj.com\/blog\/2009\/04\/25\/karate-team-ulqini-me-i-miri-ne-gostivar\/","name":"Video - Karate Team \"Ulqini\" m\u00eb i miri n\u00eb Gostivar - Lajme nga Ulqini","isPartOf":{"@id":"https:\/\/www.visit-ulcinj.com\/blog\/#website"},"primaryImageOfPage":{"@id":"https:\/\/www.visit-ulcinj.com\/blog\/2009\/04\/25\/karate-team-ulqini-me-i-miri-ne-gostivar\/#primaryimage"},"datePublished":"2009-04-25T17:18:17+00:00","dateModified":"2009-04-25T17:19:24+00:00","author":{"@id":"https:\/\/www.visit-ulcinj.com\/blog\/#\/schema\/person\/dcab619c614d3038751c63bc2aadc06d"},"description":"Karate team \"Ulqini\" mori pjes\u00eb n\u00eb turneun nd\u00ebrkomb\u00ebtar t\u00eb karates\u00eb \"Kupa e Gostivarit 2009\" Karate Team \"Ulqini\" i p\u00ebrb\u00ebr\u00eb nga karateist\u00ebt e klubeve","breadcrumb":{"@id":"https:\/\/www.visit-ulcinj.com\/blog\/2009\/04\/25\/karate-team-ulqini-me-i-miri-ne-gostivar\/#breadcrumb"},"inLanguage":"en-US","potentialAction":[{"@type":"ReadAction","target":["https:\/\/www.visit-ulcinj.com\/blog\/2009\/04\/25\/karate-team-ulqini-me-i-miri-ne-gostivar\/"]}]},{"@type":"BreadcrumbList","@id":"https:\/\/www.visit-ulcinj.com\/blog\/2009\/04\/25\/karate-team-ulqini-me-i-miri-ne-gostivar\/#breadcrumb","itemListElement":[{"@type":"ListItem","position":1,"name":"Video &#8211; Karate Team &#8220;Ulqini&#8221; m\u00eb i miri n\u00eb Gostivar"}]},{"@type":"Person","@id":"https:\/\/www.visit-ulcinj.com\/blog\/#\/schema\/person\/dcab619c614d3038751c63bc2aadc06d","name":"ulqini","sameAs":["http:\/\/www.visit-ulcinj.com"],"url":"https:\/\/www.visit-ulcinj.com\/blog\/author\/admin\/"}]}},"jetpack_featured_media_url":"","jetpack_sharing_enabled":true,"jetpack_shortlink":"https:\/\/wp.me\/pe6lTn-4Y8","_links":{"self":[{"href":"https:\/\/www.visit-ulcinj.com\/blog\/wp-json\/wp\/v2\/posts\/19104"}],"collection":[{"href":"https:\/\/www.visit-ulcinj.com\/blog\/wp-json\/wp\/v2\/posts"}],"about":[{"href":"https:\/\/www.visit-ulcinj.com\/blog\/wp-json\/wp\/v2\/types\/post"}],"author":[{"embeddable":true,"href":"https:\/\/www.visit-ulcinj.com\/blog\/wp-json\/wp\/v2\/users\/1"}],"replies":[{"embeddable":true,"href":"https:\/\/www.visit-ulcinj.com\/blog\/wp-json\/wp\/v2\/comments?post=19104"}],"version-history":[{"count":0,"href":"https:\/\/www.visit-ulcinj.com\/blog\/wp-json\/wp\/v2\/posts\/19104\/revisions"}],"wp:attachment":[{"href":"https:\/\/www.visit-ulcinj.com\/blog\/wp-json\/wp\/v2\/media?parent=19104"}],"wp:term":[{"taxonomy":"category","embeddable":true,"href":"https:\/\/www.visit-ulcinj.com\/blog\/wp-json\/wp\/v2\/categories?post=19104"},{"taxonomy":"post_tag","embeddable":true,"href":"https:\/\/www.visit-ulcinj.com\/blog\/wp-json\/wp\/v2\/tags?post=19104"}],"curies":[{"name":"wp","href":"https:\/\/api.w.org\/{rel}","templated":true}]}}