{"id":19229,"date":"2009-04-27T00:14:30","date_gmt":"2009-04-26T22:14:30","guid":{"rendered":"http:\/\/www.visit-ulcinj.com\/blog\/?p=19229"},"modified":"2009-05-13T20:44:42","modified_gmt":"2009-05-13T18:44:42","slug":"interviste-me-piktoren-lirije-milla-korda","status":"publish","type":"post","link":"https:\/\/www.visit-ulcinj.com\/blog\/2009\/04\/27\/interviste-me-piktoren-lirije-milla-korda\/","title":{"rendered":"Intervist\u00eb me piktoren Lirije Milla Korda"},"content":{"rendered":"<p><strong><a href=\"http:\/\/www.visit-ulcinj.com\/blog\/wp-content\/uploads\/2009\/04\/lirije-milla-korda-_ulqin.jpg\"><img loading=\"lazy\" class=\"alignleft size-full wp-image-19230\" title=\"lirije-milla-korda-_ulqin\" src=\"http:\/\/www.visit-ulcinj.com\/blog\/wp-content\/uploads\/2009\/04\/lirije-milla-korda-_ulqin.jpg\" alt=\"lirije-milla-korda-_ulqin\" width=\"379\" height=\"505\" srcset=\"https:\/\/www.visit-ulcinj.com\/blog\/wp-content\/uploads\/2009\/04\/lirije-milla-korda-_ulqin.jpg 300w, https:\/\/www.visit-ulcinj.com\/blog\/wp-content\/uploads\/2009\/04\/lirije-milla-korda-_ulqin-225x300.jpg 225w\" sizes=\"(max-width: 379px) 100vw, 379px\" \/><\/a>Piktorja q\u00eb b\u00ebn gj\u00ebra t\u00eb vogla me dashuri t\u00eb madhe<\/strong><br \/>\nMe shprehjen e saj spontane, t\u00eb qart\u00eb, t\u00eb fort\u00eb dhe krejt analitike duket interesi i k\u00ebsaj artiste dhe gruaje me shum\u00eb profesione, plot me kultur\u00eb, por n\u00eb t\u00eb nj\u00ebjt\u00ebn koh\u00eb e drejtp\u00ebrdrejt\u00eb, e sinqert\u00eb, pa hipokrizi intelektualizmi, por q\u00eb paraqitet si v\u00ebzhguese e qart\u00eb e nj\u00eb bote me ndjenja spirituale.<\/p>\n<p>P\u00ebrkthyese n\u00eb institucionet zviceriane n\u00eb gjermanisht, italisht, shqip e sllavisht, mediatore n\u00eb konfliktet n\u00eb mes t\u00eb m\u00ebrgimtar\u00ebve shqiptar\u00eb dhe t\u00eb huaj, ligj\u00ebruese n\u00eb Shoqat\u00ebn \u201c Nora\u201d n\u00eb Zvic\u00ebr, e cila merret me integrimin e grave mbar\u00ebshqiptare, piktore \u2013 k\u00ebto jan\u00eb vet\u00ebm disa nga detyrat q\u00eb kryen ulqinakja,Lirije Milla Korda n\u00eb Zvic\u00ebr. Ajo me diplom\u00ebn e Shkoll\u00ebs s\u00eb Lart\u00eb t\u00eb Turizmit largohet nga vendlindja e saj Ulqini n\u00eb vitin 1982 dhe mb\u00ebrrin n\u00eb Zvic\u00ebr me plot energji, kultur\u00eb dhe \u00ebndrra, duke mos e braktisur n\u00eb asnj\u00eb moment d\u00ebshir\u00ebn dhe pasionin e saj p\u00ebr piktur\u00ebn. Gjat\u00eb gjith\u00eb k\u00ebtyre viteve n\u00eb Zvic\u00ebr ajo u dallua p\u00ebr aft\u00ebsin\u00eb organizative, disiplin\u00ebn, shpirtin k\u00ebrkues ndaj vetvetes, p\u00ebrgatitjen e lart\u00eb, korrekt\u00ebsin\u00eb dhe seriozitetin n\u00eb komunikim dhe m\u00ebsimdh\u00ebnie. P\u00ebr t\u00eb ka shum\u00eb pak koh\u00eb t\u00eb lir\u00eb. Madje as t\u00eb shtunave e t\u00eb dielave, kur t\u00eb tjer\u00ebt pushojn\u00eb. Kontakti me kulturat e ndryshme per\u00ebndimore, njohja e artit modern t\u00eb piktor\u00ebve m\u00eb t\u00eb njohur evropian\u00eb ndikuan n\u00eb formimin e saj kulturor e artistik. Me shprehjen e saj spontane, t\u00eb qart\u00eb, t\u00eb fort\u00eb dhe krejt analitik duket interesi i k\u00ebsaj artiste dhe gruaje me shum\u00eb profesione, plot me kultur\u00eb, por n\u00eb t\u00eb nj\u00ebjt\u00ebn koh\u00eb e drejtp\u00ebrdrejt\u00eb, e sinqert\u00eb, pa hipokrizi intelektualizmi, por q\u00eb paraqitet si v\u00ebzhguese e qart\u00eb e nj\u00eb bote me ndjenja spirituale.<\/p>\n<p><strong>Pasioni p\u00ebr artin-piktur\u00ebn<\/strong><\/p>\n<p>Arti \u00ebsht\u00eb nj\u00eb prirje q\u00eb vjen prej lindjes, \u00ebsht\u00eb prirje q\u00eb lind bashk\u00eb me njeriun. Nj\u00eb d\u00ebshir\u00eb, nj\u00eb sens q\u00eb aktivizohet, e njeriu fillon ta krijoj\u00eb q\u00eb at\u00ebher\u00eb kur fillon t\u00eb shkruan\u00eb germ\u00ebn e par\u00eb t\u00eb alfabetit, thjesht nj\u00eb shtyrje instiktive t\u00eb cil\u00ebn n\u00eb vete e shtjellon me pun\u00ebn e tij. Lirije Milla Korda ka filluar t\u00eb pikturoj\u00eb qysh n\u00eb bankat e shkoll\u00ebs fillore. Ajo thot\u00eb se dallohej p\u00ebr stilin ndryshe t\u00eb s\u00eb pikturuarit, pa u ndikuar nga m\u00ebsuesit apo piktor\u00eb-idhuj.Por k\u00ebt\u00eb sens t\u00eb ve\u00e7ant\u00eb artisti q\u00eb \u00ebsht\u00eb edhe privilegj, si\u00e7 thot\u00eb ajo, ia zbuloi profesori i saj, piktori akademik nga Ulqini,Gjergj Ndoc Martini. Lirija pohon se nuk ka b\u00ebr\u00eb shkoll\u00eb t\u00eb lart\u00eb pikture, por ka kryer shkoll\u00ebn private p\u00ebr art n\u00eb Bern te profesori Jyrgen Noak.N\u00eb udh\u00ebtimet e deritashme t\u00eb artit- piktur\u00ebs Lirija ka nxjerr\u00eb \u00ebndrrat si artiste n\u00eb nj\u00eb horizont apo natyr\u00eb reale q\u00eb na rrethon.Pikturimi p\u00ebr t\u00eb \u00ebsht\u00eb nj\u00eb udh\u00ebtim me anije n\u00eb \u00ebndrrat e blerta n\u00eb t\u00eb cilat p\u00ebrmes ngjyrave viz\u00eblluese shpreh vizionet dhe ndjenjat e saj.<\/p>\n<p><strong>Frym\u00ebzimi<\/strong><\/p>\n<p>E frym\u00ebzon shum\u00eb\u00e7ka. Punon paradite e pas dite, edhe n\u00eb dark\u00eb. Kur ka frym\u00ebzim nuk di t\u00eb dal\u00eb nga atelieu i saj me nga 10-12 or\u00eb. Pikturon tema abstarkte me lloj-lloj motivesh. N\u00eb pikturat e saj dominon deti, dielli, zalli, horizonti, Kalaja e Ulqinit\u2026 Nd\u00ebr ciklet ve\u00e7on : \u201cSub Rosum\u201d, \u201cMein Weg\u201d, \u201cAs n\u00eb qiell as n\u00eb tok\u00eb\u201d,\u201cM\u00ebrgimi\u201d, \u201cHorizontet\u201d, \u201cVendlindja\u201d, \u201c Ilir\u00ebt\u201d, \u201c Liria\u201d , \u201c Kongresi i Par\u00eb Mbar\u00ebshqiptar-Prizren 2001\u201d etj.<\/p>\n<p><strong>Teknika<\/strong><\/p>\n<p>Si \u00e7do artist q\u00eb ka nj\u00eb ide edhe ajo k\u00ebrkon m\u00ebnyr\u00ebn m\u00eb t\u00eb leht\u00eb p\u00ebr ta shprehur at\u00eb. I p\u00ebrdor t\u00eb gjitha ato teknikat t\u00eb cilat ia merr mendja q\u00eb nj\u00eb ide mund ta realizoj\u00eb m\u00eb mir\u00eb. M\u00eb s\u00eb shumti i p\u00ebrshtatet teknika e p\u00ebrzier me ngjyra akril dhe vaj n\u00eb telajo. P\u00ebrdor zallin (r\u00ebr\u00ebn) e Ulqinit, guacat, let\u00ebr t\u00eb m\u00ebndafsht\u00eb, kristale, pluhur dhe letra ari, pastaj bizhuteri, vath\u00eb, ornamente t\u00eb ndryshme orientale t\u00eb gdhendura prej druri, metal, antikitete e tj\u00ebr\u00eb. Por Lirija nuk e sheh artin vet\u00ebm si nj\u00eb m\u00ebnyr\u00eb<br \/>\np\u00ebr t\u00eb shprehur veten, p\u00ebr ta zbrazur at\u00eb nga emocionet e shumta q\u00ebi ndien shpirt\u00ebrsiht ,por edhe p\u00ebr t\u00eb k\u00ebnaqur e lumturuar t\u00eb tjer\u00ebt.<\/p>\n<p><strong>Ekspozita<\/strong><\/p>\n<p>Ka marr\u00eb pjes\u00eb n\u00eb disa ekspozita individuale dhe kolektive. Ka ekspozuar n\u00eb Kantonin e Bernit, kantonin e Cyrihut dhe n\u00eb Kantonin Arau, ku ka fituar kritika pozitive p\u00ebr pun\u00ebn e saj. Her\u00ebn e fundit ka ekspozuar n\u00eb Qendr\u00ebn e takimit t\u00eb migrant\u00ebve shqiptar\u00eb dhe t\u00eb huaj n\u00eb Bern, n\u00eb ekspozit\u00ebn me titull \u201c Mein Weg\u201d (Rruga ime). Nd\u00ebrkaq vitin e kaluar ka marr\u00eb pjes\u00eb n\u00eb ekspozit\u00ebn e kolonis\u00eb s\u00eb piktor\u00ebve \u201c Ulqini 2008\u201d, n\u00eb t\u00eb cil\u00ebn mor\u00ebn pjes\u00eb artis\u00eb t\u00eb vendeve t\u00eb ndryshme t\u00eb Mediteranit, nd\u00ebr t\u00eb tjer\u00eb edhe piktor\u00eb shqiptar\u00eb nga Ulqini, Kosova dhe Shqip\u00ebria, organizuar nga kryetarja e organizat\u00ebs joqeveritare \u201cArt Dulcinium\u201d, piktorja Vahide Hasanaga Nimanbegu.<br \/>\nLirija shprehet e k\u00ebnaqur nga pritja e ngroht\u00eb dhe kushtet n\u00eb t\u00eb cilat u zhvillua ky aktivitet i nivelit nd\u00ebrkomb\u00ebtar dhe fal\u00ebnderon organizatoren p\u00ebr ftes\u00ebn. \u201cN\u00eb k\u00ebt\u00eb vend pitoresk dhe shum\u00eb t\u00ebrheq\u00ebs si\u00e7 \u00ebsht\u00eb Ulqini frym\u00ebzimet lindin vet\u00ebvetiu dhe nuk \u00ebsht\u00eb e v\u00ebshtir\u00eb q\u00eb ato frym\u00ebzime t\u2019i hedh\u00ebsh n\u00eb vep\u00ebr. Ky eveniment ka vlera t\u00eb ve\u00e7anta jo vet\u00ebm p\u00ebr pikturat e realizuara por edhe p\u00ebr g\u00ebrshetimin e kulturave t\u00eb vendeve q\u00eb i p\u00ebrfaq\u00ebsojn\u00eb piktor\u00ebt pjes\u00ebmarr\u00ebs n\u00eb k\u00ebt\u00eb koloni\u201d, shprehet Lirija. Ajo n\u00eb aspektin profesional ndihet relativisht e realizuar dhe pse njeriu nuk mund t\u00eb k\u00ebnaqet me veten.<\/p>\n<p><strong>Familja<\/strong><\/p>\n<p>Lirija jeton me bashk\u00ebshortin e saj, Silver Korda, mediator ballkanik, ligjerues i Kanunit t\u00eb Lek\u00eb Dukagjinit n\u00eb Zvic\u00ebr dhe autor i disa librave me bejte t\u00eb Ulqinit, djalin Adnanin, ekonomist i diplomuar, q\u00eb punon dhe ndjek specializimin si dhe me vajz\u00ebn Edit\u00ebn, studente e pedagogjis\u00eb dhe udh\u00ebheq\u00ebse e grupit muzikor \u201c Senseless\u201d.<br \/>\nDhe sot ajo ndihet e lumtur! P\u00ebr familjen dhe p\u00ebr pikturat e saj q\u00eb tashm\u00eb mes kornizash t\u00eb gdhendura bukur hijeshojn\u00eb ambientet e shum\u00eb adhuruesve t\u00eb saj privat jo vet\u00ebm n\u00eb Zvic\u00ebr e Mal t\u00eb Zi, por edhe n\u00eb Gjermani, Itali, Angli , Amerik\u00eb, Kanada, Australi e vende t\u00eb tjera.<\/p>\n<p><strong>Gjek\u00eb Gjonaj<br \/>\nKoha Javore<\/strong><\/p>\n<p><!--YouTube Error: bad URL entered--><strong><br \/>\n<\/strong><\/p>\n<p style=\"text-align: center;\"><a class=\"aligncenter\" title=\"???? ????,?????,Ulcinj,Montenegru,??????????,?ernoqoriya,Besplatni internet oglasi,Besplatni oglasi,besplatni mali oglasi,besplatni turisti\u00e8ki oglasi,oglasi, usluge, turizam,Turisti\u00e8ke usluge,Doma?i turizam,Besplatni Oglasnik,Brzi Oglasi Besplatno,Besplatno OglasavanjeTurizam,besplatni oglasi sa slikom,Turisticki informator besplatni,li\u00e8ni-oglasi,BESPLATNI Turisticki OGLASI SA SLIKAMA,BESPLATNI Turisticki Oglasi saVideom,turisticki smestaj oglasi,Turisti\u00e8ki vodi\u00e8 balkana,BESPLATNA REZERVACIJA SMESTAJA,Postavite besplatno Vas oglas,FREE TOURIST GUIDES,Izdavanje-Turizam oglasi,Balkan Turisticki vodic,shpallje turistike falas,Shpallje Falas,Shpallje falas per Komplekse Turistike,Lajmerime,Njoftime,shpallje shqip per shqiptaret ne shqiperi kosova maqedoni,mal te zi,???????????,Montenegiro,?ern? Hora,??????????,Cz\u00f4rnog?ra,Cz\u00f4rn\u00f4 G?ra,Carna G?ra,T?ernogooria,?ernogoriya,Montain\u00e9agr?,Montenegwo,?orna Hora,Montenegr?,M?ntenigro,Chernogoriya ,\u00c7\u00earnogor\u00ee ,?????????,????????? ,??????? ,Montes Nigrae,Mons Niger,M\u00f4ntenegr\u00f4,Muntenegru,??????????,Czarnog?ra,Muntinigru,Muntenegro,&lt;br &gt;&lt;\/a&gt; Muntenegru,\t?ierna Hora,Cxerngora,????????,?rna gora,Moontineegro,?ornog\u00f9ra,?ernogori?a,Chernogoriya,Mont\u00f5negro,????? ???? ,?r?na Gora,?r?nogorije,?ernogorija,?arnahoryja,??????????,???????????????????? ,?ern\u00f4g\u00f4riy\u00e2,M\u00fbnt\u00een\u00ee?r\u00fb,????? ?????? ,????????,??????????,???????????,M\u00e2nten\u00eegro,???? ????? ,????????,M\u00f4ntenegr\u00f4,????????????,???????????,????????????, ??????????? ,????????????,??????????? ,\u008d\u2022?R\/?K?R ,\u0192\u201a\u0192\u201c\u0192e\u0192l\u0192O\u0192\u008d,\u00b8???\u00b3?\u00b1?\u2022? ,Muntenegru, ????? ????, Montenegr?,chambres ? louer ? ulcinj, location de vacance, location saisonni?res, louer villa,location de vacance, Locations vacance, h?bergements vacances, locations villa, logements de vacances, location maison avec piscine, Location vacance, locations de vacance, h?bergements de vacances, location villa, locations entre particulier, logements vacance, vacances ? Mont?n?gro - location ? Ulcinj ,location  de bigorre,Urlaub in Ulcinj -Montenegro,Hotelbewertungen Ulcinj,Reisen Ulcinj, Urlaub Ulcinj,Hotel in Serbien und Montenegro von Urlaubern bewertet,Billig Urlaub in Ulcinj,ferienh?user,ferienwohnung,Billige Ferienh?user,Ferienwohnung ULCINJ,Ferien an der Adria,Urlaub im Ferienhaus ulcinjBilligreisen Ulcinj,Pauschalreisen,FKK Strand Ada Bojana ulcinj,Last Minute Angebote ulcinj,Preise f?r Lastminute,Kleinanzeigen gratis,Ausflug nach Ulcinj,FKK-Reisen ada bojana,FKK-Urlaub ulcinj,Privatni smje?taj,rezervacija smje?taja,apartmani,sobe,ku?e,odmor,sobe za odmor ulcinj,Pretra?ivanje privatnog smje?taja,rooms rent accommodation ulcinj, rentail private accommodation ulcinj,?elite rezervirati privatni smje?taj,Private accommodation,Smje?taj ulcinj,Pushime Verore ulqin,pushime t? lira n? ulqin,Pushime ne plazh,Pushime te kendshme,dhoma per pushime ulqin,dhoma me qera ulqin,dhoma te lira ulqin,pushime te lira ulqin,mali i zi,kosova,maqedoni,shqiperi,Pushime ne det te ulqinit,godi?nji odmor u ulcinj,odmor u ulcinj,Ku?a za odmor,kuda na odmor,ljetovanje u ulcinj,slobodne sobe,dhoma te lira,ku?a uz more,turisti?ka ponuda,odmor i zabava,povolne cene,sobe,usluge,Mjesto za Va? odmor , Place for Your holiday,Odmor portal,putovanaja,Iznajmljivanje soba ulcinj,odmor ulcinj info,Va?e mjesto za odmor ulcinj,nudisticka plaza ada bojana,smjestaj ponuda ulcinj,lokacioni i dhomave ulqin,deti,plazhet e bukura,diskoteka,zbavitja,.\" href=\"http:\/\/www.visit-ulcinj.com\/tourism\/\" target=\"_blank\"><img loading=\"lazy\" class=\"aligncenter\" title=\"SHPALLJE TURISTIKE FALAS,FREE TOURIST GUIDES,BESPLATNI TURISTI?KI OGLASI,balkan holiday rentals,ALBANIJA,ALBANIA,SHQIPERIJA,CRNA GORA,HRVATSKA,KROACIA,SLOVENIJA,MAKEDONIJA,MAKEDONIA,SRBIJA,MONTENEGRO,MALI I ZI,\" src=\"http:\/\/www.visit-ulcinj.com\/blog\/wp-content\/uploads\/2008\/09\/balkanholidayrentals.gif\" alt=\"Apatin,  Aran?elovac,  ?uprija,  ?a?ak,  ?apljina,  ?itluk,  ?abac,  ?ipovo,  ?iroki Brijeg,  ?ep?e,  ?ivinice,  Ba?ka Palanka,  Banja Luka,  Banovi?i,  Be?ej,  beograd,  Biha?,  Bijeljina,  Bor,  Bor?a,  Bosanska Gradi?ka,  Bosanska Krupa,  Bosanski ?amac,  Bosanski Brod,  Bosanski Novi,  Br?ko,  Bu?im,  Bugojno,  Cazin,  Crna Gora,  Derventa,  Doboj,  Donji Vakuf,  Drvar,  Dubrovnik,  Fo?a,  Fojnica,  Glamo?,  Gora?de,  Gornji Milanovac,  Gornji Vakuf,  gostivar,  Gra?anica,  Grada?ac,  Gradiska,  Grahovo,  Had?i?i,  Ilid?a,  In?ija,  Jablanica,  Jagodina,  Jajce,  Kakanj,  Kalu?erica,  Kikinda,  Klju?,  Konjic,  Kotor Varo?,  Kragujevac,  Kraljevo,  Kru?evac,  Kula,  Kupres,  Lakta?i,  Lazarevac,  Leskovac,  Livno,  Ljubinje,  ljublana,  Ljubu?ki,  Loznica,  Lukavac,  Maglaj,  Mladenovac,  Modri?a,  montenegro erlajnz,  mostar,  Mrkonji? Grad,  Neum,  Ni?,  Novi Pazar,  Novi Sad,  Novi Travnik,  Obrenovac,  Od?ak,  ohrid,  Ora?je,  Pale,  Pan?evo,  Para?in,  Pirot,  Po?arevac,  Podgorica,  Priboj,  Prijedor,  Prokuplje,  Prozor,  pula,  rijeka,  Ruma,  Sanski Most,  Sarajevo,  Senta,  serbija,  sibenik,  skopje,  Smederevo,  Smederevska Palanka,  Sokolac,  Sombor,  split,  Srebrenica,  Srebrenik,  Sremska Mitrovica,  Stolac,  Struga,  Subotica,  Temerin,  Tesli?,  tetovo,  Travnik,  Trebinje,  tuzla,  U?ice,  ulcinj,  Valjevo,  Velika Kladu?a,  Vi?egrad,  Visoko,  Vitez,  Vogo??a,  vojvodina,  Vranje,  Vr?ac,  Vrbas,  zadar,  Zagreb,  Zaje?ar,  Zavidovi?i,  Zenica,  Zrenjanin,  Zvornik,copacabana ulcinj,  h?tels,  hotel ulqin,  Kosova,  Mali i Zi,  Maqedonija,  Montenegro,  montenegro tourisme plage,  montenegro ulcinj,  Shpallje Falas,  Shpallje Falas per shitjen e shtepis se juaj,  Shpallje Falas per villat e juaj,  Shpallje Falas Real Estate,  Shpallje Falas turistike,  shqiperija,  tourisme,  Ulci?,  ulcinj,  ulqin,  ulqin hotel,  ulqini,  ulqini 2007,Ada Bojana,  Alba?czyk,  Cita di Dolcino,  Copacabana,  Czarnog?ra,  Czarnog?rzec,  Don Kichota,  Ma\u00b3a Pla?a,  Mandra,  MIGUEL DE SERVANTES,  p?\u00b3wyspy Marjan,  Pla?a Valdanos,  Rzeka Bojana,  Shas \/ ?as \/ Sva?,  Ulci?,  Ulcinjsk\u00b9 Riwier?,  Wielka Pla?a,  Wyspa Bojana,GORA,??????????,???????,??????????, ?ern? Hora,TO ULCINJ \/ ULQIN,MONTENEGRO, Czarnog?ra, Muntenegru, ????? ????, Montenegr?,villa ? louer ? ulcinj, location de vacance, location saisonni?res, louer chambres,location de vacance, Locations vacance, h?bergements vacances, locations villa, logements de vacances, location maison avec piscine, Location vacance, locations de vacance, h?bergements de vacances, location, locations entre particulier, logements vacance, vacances ? Mont?n?gro - location ? Ulcinj ,location  de bigorre,Albaniku,  Artana,  Bujanoci,  Burimi,  Dardana,  Dardan?,  De?an,  Dibra,  Drenas,  Drenasi,  Ferizaj,  Ferizaji,  Fush? Kosova,Besplatni internet oglasi,Besplatni oglasi,besplatni mali oglasi,besplatni turisti?ki oglasi,oglasi, usluge, turizam,Turisti?ke usluge,Doma?i turizam,Besplatni Oglasnik,Brzi Oglasi Besplatno,Besplatno OglasavanjeTurizam,besplatni oglasi sa slikom,Turisticki informator besplatni,li?ni-oglasi,BESPLATNI Turisticki OGLASI SA SLIKAMA,BESPLATNI Turisticki Oglasi saVideom,turisticki smestaj oglasi,Turisti?ki vodi? balkana,BESPLATNA REZERVACIJA SMESTAJA,Postavite besplatno Vas oglas,FREE TOURIST GUIDES,Izdavanje-Turizam oglasi,Balkan Turisticki vodic,shpallje turistike falas,Shpallje Falas,Shpallje falas per Komplekse Turistike,Lajmerime,Njoftime,shpallje shqip per shqiptaret ne shqiperi kosova maqedoni,mal te zi,Fush? Kosov?,  Gjakova,  Gjakov?,  Gjilan,  Gjilani,  Gostivari,  Istog,  Istog\u2022,  Ka?anik,  Ka?aniku,  Kastrioti,  K?r?ova,  Klina,  Klin?,  Kumanova,  Leposaviq,  Leskovci,  Likova,  Lipjan,  Lipjani,  Malisheva,  Malishev?,  Manastiri,  Medvegja,  Mitrovica,  Mitrovic?,  Novob?rd?,  Obiliq\u2022 Rahovec,  Ohri,  Peja,  Pej?,  Podujeva,  Podujev?,  Presheva,  Prishtina,  Prishtin?,  Prizren,  Prizreni,  Rahoveci,  Sharri,  Sharri (Kosov?),  Shkupi,  Sht?rpca,  Sht?rpc?,  Shtime,  Sk?nderaj,  Struga,  Tetova,  Theranda,  Therand?,  Triumf Riza,  Veleshta,  Viti,  Vitia,  Vushtrri,  Vushtrria,  Zubin Potok,  Zubin Potoku,  Zvecan,  Zve?ani,Struga,Gostivari,Gostivar,Ker?ova,Tirana,Durr?si,Elbasani,Shkodra,Tuzi,Vlora, Kor?a,Fieri,Berati,Lushnja ,Kavaja,Pogradeci,La?i,Gjirokastra,Patosi,Kruja,Ku?ova,Kuk?si,Lezha,Saranda,Peshkopia,Burreli,C?rriku,?orovoda,Shijaku,Librazhdi,Tepelena,Gramshi,Poli?ani,Bulqiza,P?rmeti,Fush?Kruja,Kamza,Rr?sheni,Ballshi,Mamurrasi,BajramCurri,Erseka,Peqini,Divjaka,Selenica,Bilishti,Roskoveci,Puka,Memaliaj,Rrogozhina,Ura Vajgurore,Himara,Delvina,Vora,Kopliku,Maliqi,P?rrenjasi,Kruma, Libohova,Orikumi,Fush?-Arr?za,Sh?ngjini,Rubiku,Miloti, Leskoviku,Konispoli,K?lcyra,Krasta,K?rraba,Manastiri,Hara?ina,Likova,Prilepi,Zajazi,Vrap?ishti,Bogovin?,\" width=\"520\" height=\"120\" \/><\/a><\/p>\n","protected":false},"excerpt":{"rendered":"<p>Piktorja q\u00eb b\u00ebn gj\u00ebra t\u00eb vogla me dashuri t\u00eb madhe Me shprehjen e saj spontane, t\u00eb qart\u00eb, t\u00eb fort\u00eb dhe krejt analitike duket interesi i k\u00ebsaj artiste dhe gruaje me shum\u00eb profesione, plot me kultur\u00eb, por n\u00eb t\u00eb nj\u00ebjt\u00ebn koh\u00eb e drejtp\u00ebrdrejt\u00eb, e sinqert\u00eb, pa hipokrizi intelektualizmi, por q\u00eb paraqitet si v\u00ebzhguese e qart\u00eb e [&hellip;]<\/p>\n","protected":false},"author":1,"featured_media":0,"comment_status":"open","ping_status":"closed","sticky":false,"template":"","format":"standard","meta":{"spay_email":"","jetpack_publicize_message":"","jetpack_is_tweetstorm":false,"jetpack_publicize_feature_enabled":true},"categories":[5],"tags":[5932,9615,1069,9616,5401,9594,9613,9614,9595,9596,7645,9607,9606,9608,9611,9591,9593,9592,200,18,9610,9603,9605,9604,9609,9612,9599,9601,9598,9600,9597,9602],"jetpack_publicize_connections":[],"yoast_head":"<!-- This site is optimized with the Yoast SEO plugin v19.1 - https:\/\/yoast.com\/wordpress\/plugins\/seo\/ -->\n<title>Intervist\u00eb me piktoren Lirije Milla Korda - Lajme nga Ulqini<\/title>\n<meta name=\"description\" content=\"Piktorja q\u00eb b\u00ebn gj\u00ebra t\u00eb vogla me dashuri t\u00eb madhe Me shprehjen e saj spontane, t\u00eb qart\u00eb, t\u00eb fort\u00eb dhe krejt analitike duket interesi i k\u00ebsaj artiste dhe\" \/>\n<meta name=\"robots\" content=\"index, follow, max-snippet:-1, max-image-preview:large, max-video-preview:-1\" \/>\n<link rel=\"canonical\" href=\"https:\/\/www.visit-ulcinj.com\/blog\/2009\/04\/27\/interviste-me-piktoren-lirije-milla-korda\/\" \/>\n<meta property=\"og:locale\" content=\"en_US\" \/>\n<meta property=\"og:type\" content=\"article\" \/>\n<meta property=\"og:title\" content=\"Intervist\u00eb me piktoren Lirije Milla Korda - Lajme nga Ulqini\" \/>\n<meta property=\"og:description\" content=\"Piktorja q\u00eb b\u00ebn gj\u00ebra t\u00eb vogla me dashuri t\u00eb madhe Me shprehjen e saj spontane, t\u00eb qart\u00eb, t\u00eb fort\u00eb dhe krejt analitike duket interesi i k\u00ebsaj artiste dhe\" \/>\n<meta property=\"og:url\" content=\"https:\/\/www.visit-ulcinj.com\/blog\/2009\/04\/27\/interviste-me-piktoren-lirije-milla-korda\/\" \/>\n<meta property=\"og:site_name\" content=\"Lajme nga Ulqini\" \/>\n<meta property=\"article:published_time\" content=\"2009-04-26T22:14:30+00:00\" \/>\n<meta property=\"article:modified_time\" content=\"2009-05-13T18:44:42+00:00\" \/>\n<meta property=\"og:image\" content=\"http:\/\/www.visit-ulcinj.com\/blog\/wp-content\/uploads\/2009\/04\/lirije-milla-korda-_ulqin.jpg\" \/>\n<meta name=\"twitter:label1\" content=\"Written by\" \/>\n\t<meta name=\"twitter:data1\" content=\"ulqini\" \/>\n\t<meta name=\"twitter:label2\" content=\"Est. reading time\" \/>\n\t<meta name=\"twitter:data2\" content=\"6 minutes\" \/>\n<script type=\"application\/ld+json\" class=\"yoast-schema-graph\">{\"@context\":\"https:\/\/schema.org\",\"@graph\":[{\"@type\":\"WebSite\",\"@id\":\"https:\/\/www.visit-ulcinj.com\/blog\/#website\",\"url\":\"https:\/\/www.visit-ulcinj.com\/blog\/\",\"name\":\"Lajme nga Ulqini\",\"description\":\"Lajme,Vijesti,Ulqini,Ulqin,Crna Gora,Mali i Zi\",\"potentialAction\":[{\"@type\":\"SearchAction\",\"target\":{\"@type\":\"EntryPoint\",\"urlTemplate\":\"https:\/\/www.visit-ulcinj.com\/blog\/?s={search_term_string}\"},\"query-input\":\"required name=search_term_string\"}],\"inLanguage\":\"en-US\"},{\"@type\":\"ImageObject\",\"inLanguage\":\"en-US\",\"@id\":\"https:\/\/www.visit-ulcinj.com\/blog\/2009\/04\/27\/interviste-me-piktoren-lirije-milla-korda\/#primaryimage\",\"url\":\"https:\/\/www.visit-ulcinj.com\/blog\/wp-content\/uploads\/2009\/04\/lirije-milla-korda-_ulqin.jpg\",\"contentUrl\":\"https:\/\/www.visit-ulcinj.com\/blog\/wp-content\/uploads\/2009\/04\/lirije-milla-korda-_ulqin.jpg\",\"width\":\"300\",\"height\":\"400\"},{\"@type\":\"WebPage\",\"@id\":\"https:\/\/www.visit-ulcinj.com\/blog\/2009\/04\/27\/interviste-me-piktoren-lirije-milla-korda\/#webpage\",\"url\":\"https:\/\/www.visit-ulcinj.com\/blog\/2009\/04\/27\/interviste-me-piktoren-lirije-milla-korda\/\",\"name\":\"Intervist\u00eb me piktoren Lirije Milla Korda - Lajme nga Ulqini\",\"isPartOf\":{\"@id\":\"https:\/\/www.visit-ulcinj.com\/blog\/#website\"},\"primaryImageOfPage\":{\"@id\":\"https:\/\/www.visit-ulcinj.com\/blog\/2009\/04\/27\/interviste-me-piktoren-lirije-milla-korda\/#primaryimage\"},\"datePublished\":\"2009-04-26T22:14:30+00:00\",\"dateModified\":\"2009-05-13T18:44:42+00:00\",\"author\":{\"@id\":\"https:\/\/www.visit-ulcinj.com\/blog\/#\/schema\/person\/dcab619c614d3038751c63bc2aadc06d\"},\"description\":\"Piktorja q\u00eb b\u00ebn gj\u00ebra t\u00eb vogla me dashuri t\u00eb madhe Me shprehjen e saj spontane, t\u00eb qart\u00eb, t\u00eb fort\u00eb dhe krejt analitike duket interesi i k\u00ebsaj artiste dhe\",\"breadcrumb\":{\"@id\":\"https:\/\/www.visit-ulcinj.com\/blog\/2009\/04\/27\/interviste-me-piktoren-lirije-milla-korda\/#breadcrumb\"},\"inLanguage\":\"en-US\",\"potentialAction\":[{\"@type\":\"ReadAction\",\"target\":[\"https:\/\/www.visit-ulcinj.com\/blog\/2009\/04\/27\/interviste-me-piktoren-lirije-milla-korda\/\"]}]},{\"@type\":\"BreadcrumbList\",\"@id\":\"https:\/\/www.visit-ulcinj.com\/blog\/2009\/04\/27\/interviste-me-piktoren-lirije-milla-korda\/#breadcrumb\",\"itemListElement\":[{\"@type\":\"ListItem\",\"position\":1,\"name\":\"Intervist\u00eb me piktoren Lirije Milla Korda\"}]},{\"@type\":\"Person\",\"@id\":\"https:\/\/www.visit-ulcinj.com\/blog\/#\/schema\/person\/dcab619c614d3038751c63bc2aadc06d\",\"name\":\"ulqini\",\"sameAs\":[\"http:\/\/www.visit-ulcinj.com\"],\"url\":\"https:\/\/www.visit-ulcinj.com\/blog\/author\/admin\/\"}]}<\/script>\n<!-- \/ Yoast SEO plugin. -->","yoast_head_json":{"title":"Intervist\u00eb me piktoren Lirije Milla Korda - Lajme nga Ulqini","description":"Piktorja q\u00eb b\u00ebn gj\u00ebra t\u00eb vogla me dashuri t\u00eb madhe Me shprehjen e saj spontane, t\u00eb qart\u00eb, t\u00eb fort\u00eb dhe krejt analitike duket interesi i k\u00ebsaj artiste dhe","robots":{"index":"index","follow":"follow","max-snippet":"max-snippet:-1","max-image-preview":"max-image-preview:large","max-video-preview":"max-video-preview:-1"},"canonical":"https:\/\/www.visit-ulcinj.com\/blog\/2009\/04\/27\/interviste-me-piktoren-lirije-milla-korda\/","og_locale":"en_US","og_type":"article","og_title":"Intervist\u00eb me piktoren Lirije Milla Korda - Lajme nga Ulqini","og_description":"Piktorja q\u00eb b\u00ebn gj\u00ebra t\u00eb vogla me dashuri t\u00eb madhe Me shprehjen e saj spontane, t\u00eb qart\u00eb, t\u00eb fort\u00eb dhe krejt analitike duket interesi i k\u00ebsaj artiste dhe","og_url":"https:\/\/www.visit-ulcinj.com\/blog\/2009\/04\/27\/interviste-me-piktoren-lirije-milla-korda\/","og_site_name":"Lajme nga Ulqini","article_published_time":"2009-04-26T22:14:30+00:00","article_modified_time":"2009-05-13T18:44:42+00:00","og_image":[{"url":"http:\/\/www.visit-ulcinj.com\/blog\/wp-content\/uploads\/2009\/04\/lirije-milla-korda-_ulqin.jpg"}],"twitter_misc":{"Written by":"ulqini","Est. reading time":"6 minutes"},"schema":{"@context":"https:\/\/schema.org","@graph":[{"@type":"WebSite","@id":"https:\/\/www.visit-ulcinj.com\/blog\/#website","url":"https:\/\/www.visit-ulcinj.com\/blog\/","name":"Lajme nga Ulqini","description":"Lajme,Vijesti,Ulqini,Ulqin,Crna Gora,Mali i Zi","potentialAction":[{"@type":"SearchAction","target":{"@type":"EntryPoint","urlTemplate":"https:\/\/www.visit-ulcinj.com\/blog\/?s={search_term_string}"},"query-input":"required name=search_term_string"}],"inLanguage":"en-US"},{"@type":"ImageObject","inLanguage":"en-US","@id":"https:\/\/www.visit-ulcinj.com\/blog\/2009\/04\/27\/interviste-me-piktoren-lirije-milla-korda\/#primaryimage","url":"https:\/\/www.visit-ulcinj.com\/blog\/wp-content\/uploads\/2009\/04\/lirije-milla-korda-_ulqin.jpg","contentUrl":"https:\/\/www.visit-ulcinj.com\/blog\/wp-content\/uploads\/2009\/04\/lirije-milla-korda-_ulqin.jpg","width":"300","height":"400"},{"@type":"WebPage","@id":"https:\/\/www.visit-ulcinj.com\/blog\/2009\/04\/27\/interviste-me-piktoren-lirije-milla-korda\/#webpage","url":"https:\/\/www.visit-ulcinj.com\/blog\/2009\/04\/27\/interviste-me-piktoren-lirije-milla-korda\/","name":"Intervist\u00eb me piktoren Lirije Milla Korda - Lajme nga Ulqini","isPartOf":{"@id":"https:\/\/www.visit-ulcinj.com\/blog\/#website"},"primaryImageOfPage":{"@id":"https:\/\/www.visit-ulcinj.com\/blog\/2009\/04\/27\/interviste-me-piktoren-lirije-milla-korda\/#primaryimage"},"datePublished":"2009-04-26T22:14:30+00:00","dateModified":"2009-05-13T18:44:42+00:00","author":{"@id":"https:\/\/www.visit-ulcinj.com\/blog\/#\/schema\/person\/dcab619c614d3038751c63bc2aadc06d"},"description":"Piktorja q\u00eb b\u00ebn gj\u00ebra t\u00eb vogla me dashuri t\u00eb madhe Me shprehjen e saj spontane, t\u00eb qart\u00eb, t\u00eb fort\u00eb dhe krejt analitike duket interesi i k\u00ebsaj artiste dhe","breadcrumb":{"@id":"https:\/\/www.visit-ulcinj.com\/blog\/2009\/04\/27\/interviste-me-piktoren-lirije-milla-korda\/#breadcrumb"},"inLanguage":"en-US","potentialAction":[{"@type":"ReadAction","target":["https:\/\/www.visit-ulcinj.com\/blog\/2009\/04\/27\/interviste-me-piktoren-lirije-milla-korda\/"]}]},{"@type":"BreadcrumbList","@id":"https:\/\/www.visit-ulcinj.com\/blog\/2009\/04\/27\/interviste-me-piktoren-lirije-milla-korda\/#breadcrumb","itemListElement":[{"@type":"ListItem","position":1,"name":"Intervist\u00eb me piktoren Lirije Milla Korda"}]},{"@type":"Person","@id":"https:\/\/www.visit-ulcinj.com\/blog\/#\/schema\/person\/dcab619c614d3038751c63bc2aadc06d","name":"ulqini","sameAs":["http:\/\/www.visit-ulcinj.com"],"url":"https:\/\/www.visit-ulcinj.com\/blog\/author\/admin\/"}]}},"jetpack_featured_media_url":"","jetpack_sharing_enabled":true,"jetpack_shortlink":"https:\/\/wp.me\/pe6lTn-509","_links":{"self":[{"href":"https:\/\/www.visit-ulcinj.com\/blog\/wp-json\/wp\/v2\/posts\/19229"}],"collection":[{"href":"https:\/\/www.visit-ulcinj.com\/blog\/wp-json\/wp\/v2\/posts"}],"about":[{"href":"https:\/\/www.visit-ulcinj.com\/blog\/wp-json\/wp\/v2\/types\/post"}],"author":[{"embeddable":true,"href":"https:\/\/www.visit-ulcinj.com\/blog\/wp-json\/wp\/v2\/users\/1"}],"replies":[{"embeddable":true,"href":"https:\/\/www.visit-ulcinj.com\/blog\/wp-json\/wp\/v2\/comments?post=19229"}],"version-history":[{"count":0,"href":"https:\/\/www.visit-ulcinj.com\/blog\/wp-json\/wp\/v2\/posts\/19229\/revisions"}],"wp:attachment":[{"href":"https:\/\/www.visit-ulcinj.com\/blog\/wp-json\/wp\/v2\/media?parent=19229"}],"wp:term":[{"taxonomy":"category","embeddable":true,"href":"https:\/\/www.visit-ulcinj.com\/blog\/wp-json\/wp\/v2\/categories?post=19229"},{"taxonomy":"post_tag","embeddable":true,"href":"https:\/\/www.visit-ulcinj.com\/blog\/wp-json\/wp\/v2\/tags?post=19229"}],"curies":[{"name":"wp","href":"https:\/\/api.w.org\/{rel}","templated":true}]}}