{"id":19235,"date":"2009-04-27T09:47:07","date_gmt":"2009-04-27T07:47:07","guid":{"rendered":"http:\/\/www.visit-ulcinj.com\/blog\/?p=19235"},"modified":"2009-04-27T09:47:07","modified_gmt":"2009-04-27T07:47:07","slug":"gjokaj-shkelja-e-te-drejtes-ne-informimrrezikon-ruajtjen-e-identitetit","status":"publish","type":"post","link":"https:\/\/www.visit-ulcinj.com\/blog\/2009\/04\/27\/gjokaj-shkelja-e-te-drejtes-ne-informimrrezikon-ruajtjen-e-identitetit\/","title":{"rendered":"Gjokaj: Shkelja e t\u00eb drejt\u00ebs n\u00eb informim,rrezikon ruajtjen e identitetit"},"content":{"rendered":"<p><a href=\"http:\/\/www.visit-ulcinj.com\/blog\/wp-content\/uploads\/2009\/04\/muhamed-gjokaj.jpg\"><img loading=\"lazy\" class=\"alignleft size-full wp-image-19236\" title=\"muhamed-gjokaj\" src=\"http:\/\/www.visit-ulcinj.com\/blog\/wp-content\/uploads\/2009\/04\/muhamed-gjokaj.jpg\" alt=\"muhamed-gjokaj\" width=\"288\" height=\"311\" \/><\/a>N\u00eb koh\u00ebn kur Mali i Zi duhet t\u00eb ngrit\u00eb kapacitetet e veta juridike mbi respektimin e t\u00eb drejtave t\u00eb pakicave, n\u00eb kuad\u00ebr t\u00eb s\u00eb cil\u00ebs \u00ebsht\u00eb edhe e drajta p\u00ebr informim n\u00eb gjuh\u00ebn e pakicave, merret nj\u00eb vendim i cili bie n\u00eb kund\u00ebrshtim m\u00eb parimet e K\u00ebshillit t\u00eb Europ\u00ebs dhe me parimet e rekomanduara nga Bashkimi Europian si kusht apo standard q\u00eb duhet p\u00ebrmbushur nj\u00eb shoq\u00ebri q\u00eb pretendon t\u00eb integrohet n\u00eb k\u00ebt\u00eb familje t\u00eb shteteve t\u00eb zhvilluara. Pik\u00ebrisht n\u00eb k\u00ebt\u00eb koh\u00eb Qeveria e Malit t\u00eb Zi (Ministria e Financave) n\u00eb kuad\u00ebr t\u00eb redukimit dhe racionalizimit t\u00eb shpenzimeve k\u00ebrkon q\u00eb e vetmja gazet\u00eb n\u00eb gjuh\u00ebn shqipe n\u00eb Mal t\u00eb Zi \u201cKoha Javore\u201d, t\u00eb redukohet n\u00eb 4 faqe dhe t\u00eb shp\u00ebrndahet n\u00eb kuader t\u00eb gazet\u00ebs \u201cPobjeda\u201d.<br \/>\nPavar\u00ebsisht nga kriza me p\u00ebrmasa bot\u00ebrore dhe ndikimet q\u00eb kjo kriz\u00eb globale ka n\u00eb situat\u00ebn e p\u00ebrgjithshme financiare,parimi i Devolucionit duhet t\u00eb respektohet, ashtu q\u00eb pakicave e drejta e arritur nuk duhet n\u00eb asnj\u00eb m\u00ebnyr\u00eb t\u2019u cungohet dhe t\u2019u privohet.sepse kjo do t\u00eb rrezikoj\u00eb identitetin e pakic\u00ebs autoktone shqiptare n\u00eb Mal t\u00eb Zi.<br \/>\nPo ndodhi kjo, at\u00ebher\u00eb ky gjest do t\u00eb jet\u00eb n\u00eb kund\u00ebrshtim me shum\u00eb dokumente nd\u00ebrkomb\u00ebtare q\u00eb Mali i Zi i ka ratifikuar apo \u00ebsht\u00eb i detyruar t\u2019i ratifikoj\u00eb.<br \/>\nKy propozim p\u00ebr racionalizim i cili \u00ebsht\u00eb propozuar nga Ministria e Finacave t\u00eb Qeveris\u00eb s\u00eb Malit t\u00eb Zi \u00ebsht\u00eb n\u00eb kund\u00ebrshtim me rrug\u00ebn drejt integrimeve europiane dhe normave q\u00eb Mali i Zi duhet t\u2019i zbatoj\u00eb q\u00eb kan\u00eb t\u00eb b\u00ebjn\u00eb me ruajtjen e identitetit dhe kultur\u00ebs s\u00eb pakicave dhe minoriteteve e q\u00eb n\u00eb kuad\u00ebr t\u00eb tyre \u00ebsht\u00eb edhe informimi n\u00eb gjuh\u00ebn e pakicave.<br \/>\nShkalla e respektimit t\u00eb t\u00eb drejtave t\u00eb njeriut me nj\u00eb theks t\u00eb ve\u00e7ant\u00eb n\u00eb t\u00eb drejtat e pakicave \u00ebsht\u00eb paramet\u00ebr m\u00eb i mir\u00eb i pjekuris\u00eb kolektive dhe pasqyr\u00eb t\u00eb cil\u00ebn nj\u00eb shoq\u00ebri e arrin n\u00eb drejtim t\u00eb demokratizimit t\u00eb shoq\u00ebris\u00eb n\u00eb t\u00ebr\u00ebsi.<br \/>\nPrandaj dua t\u2019i ve\u00e7oj disa pika q\u00eb dokumentet nd\u00ebrkomb\u00ebtare u referohen shteteve t\u00eb pavarura p\u00ebr ruajtjen e identitetit dhe kultur\u00ebs s\u00eb pakicave.<br \/>\nKonventa Nd\u00ebrkomb\u00ebtare p\u00ebr t\u00eb Drejtat Civile dhe Politike (1966, Neni 27)<br \/>\nN\u00eb ato shtete ku ekzistojn\u00eb minoritete etnike, fetare ose gjuh\u00ebsore, personave q\u00eb u takojn\u00eb k\u00ebtyre minoriteteve nuk do t\u2019u mohohet e drejta, n\u00eb bashk\u00ebsi me an\u00ebtar\u00ebt e tjer\u00eb t\u00eb grupit t\u00eb tyre, t\u00eb g\u00ebzojn\u00eb kultur\u00ebn e tyre, t\u00eb predikojn\u00eb dhe praktikojn\u00eb fen\u00eb e tyre, ose t\u00eb p\u00ebrdorin gjuh\u00ebn e tyre.<br \/>\nDeklarata p\u00ebr t\u00eb drejtat e personave q\u00eb u p\u00ebrkasin minoriteteve komb\u00ebtare ose etnike, fetare dhe gjuh\u00ebsore (e miratuar nga Asambleja e P\u00ebrgjithshme e KB-ve; Rezoluta 47\/135 e dat\u00ebs 18 dhjetor 1992)<\/p>\n<ul>\n<li><strong>Neni 1<\/strong><\/li>\n<\/ul>\n<ul>\n<li><strong>1.<\/strong> Shtetet do t\u00eb mbrojn\u00eb ekzistenc\u00ebn e identitetit nacional ose etnik, kulturor, fetar dhe gjuh\u00ebsor t\u00eb minoriteteve brenda territoreve t\u00eb tyre respektive dhe do t\u00eb inkurajojn\u00eb kushte p\u00ebr promovim t\u00eb atij identiteti.<\/li>\n<\/ul>\n<ul>\n<li><strong>2.<\/strong> Shtetet do t\u00eb miratojn\u00eb legjislacion t\u00eb p\u00ebrshtatsh\u00ebm dhe mjete t\u00eb tjera p\u00ebr t\u00eb arritur k\u00ebto p\u00ebrfundime.<\/li>\n<\/ul>\n<p>Dokumenti i takimit t\u00eb Kopenhag\u00ebs t\u00eb Konferenc\u00ebs p\u00ebr Dimensionet Njer\u00ebzore t\u00eb KSBE-s\u00eb, Kopenhag\u00eb, 29 qershor 1990<\/p>\n<ul>\n<li><strong>Neni 35<\/strong><\/li>\n<\/ul>\n<ol>\n<li>Shtetet participuese do t\u00eb respektojn\u00eb t\u00eb drejt\u00ebn e personave q\u00eb u takojn\u00eb minoriteteve nacionale p\u00ebr participim efektiv n\u00eb pun\u00ebt publike, p\u00ebrfshir\u00eb participimin n\u00eb pun\u00ebt lidhur me mbrojtjen dhe promovimin e identitetit t\u00eb k\u00ebtyr\u00eb minoriteteve.<\/li>\n<\/ol>\n<ol>\n<li>Shtetet participuese i dallojn\u00eb p\u00ebrpjekjet e nd\u00ebrmarra p\u00ebr mbrojtjen dhe krijimin e kushteve p\u00ebr promovimin e identitetit etnik, kulturor, gjuh\u00ebsor dhe fetar t\u00eb minoriteteve t\u00eb caktuara komb\u00ebtare<\/li>\n<li>Organizata Nd\u00ebrkomb\u00ebtare e Pun\u00ebs, Konventa lidhur me popujt vendas dhe fisnor n\u00eb shtete t\u00eb pavarura, Nr. 169(1989)<\/li>\n<\/ol>\n<ul>\n<li><strong>Neni 4<\/strong><\/li>\n<\/ul>\n<ul>\n<li><strong>1.<\/strong>Masa speciale do t\u00eb miratohen si t\u00eb p\u00ebrshtatshme p\u00ebr mbrojtjen e personave, institucioneve, pasuris\u00eb, pun\u00ebs, kultur\u00ebs dhe mjedisit t\u00eb popujve n\u00eb fjal\u00eb.<\/li>\n<li>N\u00eb kuad\u00ebr t\u00eb k\u00ebsaj dua t\u00eb theksoj edhe dispozitat kushtetuese q\u00eb Mali i Zi i ka cekur n\u00eb kushtetut\u00eb, n\u00eb \u00e7rast trajtohen t\u00eb drejtat e posa\u00e7me t\u00eb pakicave n\u00eb kapitullin 5, ku ceket Mbrojtja e identitetit, Neni 79, pika e 11, thot\u00eb:<\/li>\n<li>Pjes\u00ebtar\u00ebve t\u00eb popujve pakic\u00eb dhe t\u00eb bashk\u00ebsive t\u00eb tjera minoritare u garantohet: e drejta e informimit n\u00eb gjuh\u00ebn e vet.<\/li>\n<li>Pasi q\u00eb fjala e lir\u00eb u garantohet, kjo do t\u00eb thot\u00eb edhe obligim i shtetit q\u00eb k\u00ebt\u00eb ta ngit\u00eb n\u00eb nj\u00eb standard q\u00eb do t\u2019i p\u00ebrmbush\u00eb nj\u00eb minimum t\u00eb k\u00ebrkesave t\u00eb pakicave p\u00ebr t\u00eb patur nj\u00eb gazet\u00eb n\u00eb gjuh\u00ebn e vet, e jo t\u00eb shkelen t\u00eb gjitha parimet e lartp\u00ebrmendura, duke shkelur k\u00ebshtu edhe t\u00eb drejtat e pakic\u00ebs shqiptare dhe t\u00eb drejt\u00ebn e saj t\u00eb garantuar p\u00ebr informim n\u00eb gjuh\u00ebn e vet.<\/li>\n<li>Prandaj duke u bazuar n\u00eb t\u00eb gjitha k\u00ebto argumente dhe n\u00eb t\u00eb drejt\u00ebn p\u00ebr t\u00eb patur informim n\u00eb gjuh\u00ebn ton\u00eb am\u00ebtare, kund\u00ebrshoj k\u00ebt\u00eb mas\u00eb t\u00eb propozuar nga ana e Ministris\u00eb s\u00eb Financav\u00eb dhe mb\u00ebshtes fuqimisht t\u00eb drejt\u00ebn p\u00ebr t\u00eb patur nj\u00eb gazet\u00eb n\u00eb gjuh\u00ebn shqipe, me shpres\u00eb se Qeveria e Malit t\u00eb Zi do t\u00eb marr\u00eb masa t\u00eb nevojshme q\u00eb kjo gazet\u00eb t\u00eb b\u00ebhet ditore e jo t\u00eb botohet vetem nj\u00eb her\u00eb n\u00eb jav\u00eb.<\/li>\n<\/ul>\n<p><strong>Muhamed Gjokaj<br \/>\nKoha Javore<\/strong><\/p>\n","protected":false},"excerpt":{"rendered":"<p>N\u00eb koh\u00ebn kur Mali i Zi duhet t\u00eb ngrit\u00eb kapacitetet e veta juridike mbi respektimin e t\u00eb drejtave t\u00eb pakicave, n\u00eb kuad\u00ebr t\u00eb s\u00eb cil\u00ebs \u00ebsht\u00eb edhe e drajta p\u00ebr informim n\u00eb gjuh\u00ebn e pakicave, merret nj\u00eb vendim i cili bie n\u00eb kund\u00ebrshtim m\u00eb parimet e K\u00ebshillit t\u00eb Europ\u00ebs dhe me parimet e rekomanduara nga [&hellip;]<\/p>\n","protected":false},"author":1,"featured_media":0,"comment_status":"open","ping_status":"closed","sticky":false,"template":"","format":"standard","meta":{"spay_email":"","jetpack_publicize_message":"","jetpack_is_tweetstorm":false,"jetpack_publicize_feature_enabled":true},"categories":[13],"tags":[2757,9618,9617],"jetpack_publicize_connections":[],"yoast_head":"<!-- This site is optimized with the Yoast SEO plugin v19.1 - https:\/\/yoast.com\/wordpress\/plugins\/seo\/ -->\n<title>Gjokaj: Shkelja e t\u00eb drejt\u00ebs n\u00eb informim,rrezikon ruajtjen e identitetit - Lajme nga Ulqini<\/title>\n<meta name=\"description\" content=\"N\u00eb koh\u00ebn kur Mali i Zi duhet t\u00eb ngrit\u00eb kapacitetet e veta juridike mbi respektimin e t\u00eb drejtave t\u00eb pakicave, n\u00eb kuad\u00ebr t\u00eb s\u00eb cil\u00ebs \u00ebsht\u00eb edhe e drajta\" \/>\n<meta name=\"robots\" content=\"index, follow, max-snippet:-1, max-image-preview:large, max-video-preview:-1\" \/>\n<link rel=\"canonical\" href=\"https:\/\/www.visit-ulcinj.com\/blog\/2009\/04\/27\/gjokaj-shkelja-e-te-drejtes-ne-informimrrezikon-ruajtjen-e-identitetit\/\" \/>\n<meta property=\"og:locale\" content=\"en_US\" \/>\n<meta property=\"og:type\" content=\"article\" \/>\n<meta property=\"og:title\" content=\"Gjokaj: Shkelja e t\u00eb drejt\u00ebs n\u00eb informim,rrezikon ruajtjen e identitetit - Lajme nga Ulqini\" \/>\n<meta property=\"og:description\" content=\"N\u00eb koh\u00ebn kur Mali i Zi duhet t\u00eb ngrit\u00eb kapacitetet e veta juridike mbi respektimin e t\u00eb drejtave t\u00eb pakicave, n\u00eb kuad\u00ebr t\u00eb s\u00eb cil\u00ebs \u00ebsht\u00eb edhe e drajta\" \/>\n<meta property=\"og:url\" content=\"https:\/\/www.visit-ulcinj.com\/blog\/2009\/04\/27\/gjokaj-shkelja-e-te-drejtes-ne-informimrrezikon-ruajtjen-e-identitetit\/\" \/>\n<meta property=\"og:site_name\" content=\"Lajme nga Ulqini\" \/>\n<meta property=\"article:published_time\" content=\"2009-04-27T07:47:07+00:00\" \/>\n<meta property=\"og:image\" content=\"http:\/\/www.visit-ulcinj.com\/blog\/wp-content\/uploads\/2009\/04\/muhamed-gjokaj.jpg\" \/>\n<meta name=\"twitter:label1\" content=\"Written by\" \/>\n\t<meta name=\"twitter:data1\" content=\"ulqini\" \/>\n\t<meta name=\"twitter:label2\" content=\"Est. reading time\" \/>\n\t<meta name=\"twitter:data2\" content=\"5 minutes\" \/>\n<script type=\"application\/ld+json\" class=\"yoast-schema-graph\">{\"@context\":\"https:\/\/schema.org\",\"@graph\":[{\"@type\":\"WebSite\",\"@id\":\"https:\/\/www.visit-ulcinj.com\/blog\/#website\",\"url\":\"https:\/\/www.visit-ulcinj.com\/blog\/\",\"name\":\"Lajme nga Ulqini\",\"description\":\"Lajme,Vijesti,Ulqini,Ulqin,Crna Gora,Mali i Zi\",\"potentialAction\":[{\"@type\":\"SearchAction\",\"target\":{\"@type\":\"EntryPoint\",\"urlTemplate\":\"https:\/\/www.visit-ulcinj.com\/blog\/?s={search_term_string}\"},\"query-input\":\"required name=search_term_string\"}],\"inLanguage\":\"en-US\"},{\"@type\":\"ImageObject\",\"inLanguage\":\"en-US\",\"@id\":\"https:\/\/www.visit-ulcinj.com\/blog\/2009\/04\/27\/gjokaj-shkelja-e-te-drejtes-ne-informimrrezikon-ruajtjen-e-identitetit\/#primaryimage\",\"url\":\"https:\/\/www.visit-ulcinj.com\/blog\/wp-content\/uploads\/2009\/04\/muhamed-gjokaj.jpg\",\"contentUrl\":\"https:\/\/www.visit-ulcinj.com\/blog\/wp-content\/uploads\/2009\/04\/muhamed-gjokaj.jpg\",\"width\":\"150\",\"height\":\"164\"},{\"@type\":\"WebPage\",\"@id\":\"https:\/\/www.visit-ulcinj.com\/blog\/2009\/04\/27\/gjokaj-shkelja-e-te-drejtes-ne-informimrrezikon-ruajtjen-e-identitetit\/#webpage\",\"url\":\"https:\/\/www.visit-ulcinj.com\/blog\/2009\/04\/27\/gjokaj-shkelja-e-te-drejtes-ne-informimrrezikon-ruajtjen-e-identitetit\/\",\"name\":\"Gjokaj: Shkelja e t\u00eb drejt\u00ebs n\u00eb informim,rrezikon ruajtjen e identitetit - Lajme nga Ulqini\",\"isPartOf\":{\"@id\":\"https:\/\/www.visit-ulcinj.com\/blog\/#website\"},\"primaryImageOfPage\":{\"@id\":\"https:\/\/www.visit-ulcinj.com\/blog\/2009\/04\/27\/gjokaj-shkelja-e-te-drejtes-ne-informimrrezikon-ruajtjen-e-identitetit\/#primaryimage\"},\"datePublished\":\"2009-04-27T07:47:07+00:00\",\"dateModified\":\"2009-04-27T07:47:07+00:00\",\"author\":{\"@id\":\"https:\/\/www.visit-ulcinj.com\/blog\/#\/schema\/person\/dcab619c614d3038751c63bc2aadc06d\"},\"description\":\"N\u00eb koh\u00ebn kur Mali i Zi duhet t\u00eb ngrit\u00eb kapacitetet e veta juridike mbi respektimin e t\u00eb drejtave t\u00eb pakicave, n\u00eb kuad\u00ebr t\u00eb s\u00eb cil\u00ebs \u00ebsht\u00eb edhe e drajta\",\"breadcrumb\":{\"@id\":\"https:\/\/www.visit-ulcinj.com\/blog\/2009\/04\/27\/gjokaj-shkelja-e-te-drejtes-ne-informimrrezikon-ruajtjen-e-identitetit\/#breadcrumb\"},\"inLanguage\":\"en-US\",\"potentialAction\":[{\"@type\":\"ReadAction\",\"target\":[\"https:\/\/www.visit-ulcinj.com\/blog\/2009\/04\/27\/gjokaj-shkelja-e-te-drejtes-ne-informimrrezikon-ruajtjen-e-identitetit\/\"]}]},{\"@type\":\"BreadcrumbList\",\"@id\":\"https:\/\/www.visit-ulcinj.com\/blog\/2009\/04\/27\/gjokaj-shkelja-e-te-drejtes-ne-informimrrezikon-ruajtjen-e-identitetit\/#breadcrumb\",\"itemListElement\":[{\"@type\":\"ListItem\",\"position\":1,\"name\":\"Gjokaj: Shkelja e t\u00eb drejt\u00ebs n\u00eb informim,rrezikon ruajtjen e identitetit\"}]},{\"@type\":\"Person\",\"@id\":\"https:\/\/www.visit-ulcinj.com\/blog\/#\/schema\/person\/dcab619c614d3038751c63bc2aadc06d\",\"name\":\"ulqini\",\"sameAs\":[\"http:\/\/www.visit-ulcinj.com\"],\"url\":\"https:\/\/www.visit-ulcinj.com\/blog\/author\/admin\/\"}]}<\/script>\n<!-- \/ Yoast SEO plugin. -->","yoast_head_json":{"title":"Gjokaj: Shkelja e t\u00eb drejt\u00ebs n\u00eb informim,rrezikon ruajtjen e identitetit - Lajme nga Ulqini","description":"N\u00eb koh\u00ebn kur Mali i Zi duhet t\u00eb ngrit\u00eb kapacitetet e veta juridike mbi respektimin e t\u00eb drejtave t\u00eb pakicave, n\u00eb kuad\u00ebr t\u00eb s\u00eb cil\u00ebs \u00ebsht\u00eb edhe e drajta","robots":{"index":"index","follow":"follow","max-snippet":"max-snippet:-1","max-image-preview":"max-image-preview:large","max-video-preview":"max-video-preview:-1"},"canonical":"https:\/\/www.visit-ulcinj.com\/blog\/2009\/04\/27\/gjokaj-shkelja-e-te-drejtes-ne-informimrrezikon-ruajtjen-e-identitetit\/","og_locale":"en_US","og_type":"article","og_title":"Gjokaj: Shkelja e t\u00eb drejt\u00ebs n\u00eb informim,rrezikon ruajtjen e identitetit - Lajme nga Ulqini","og_description":"N\u00eb koh\u00ebn kur Mali i Zi duhet t\u00eb ngrit\u00eb kapacitetet e veta juridike mbi respektimin e t\u00eb drejtave t\u00eb pakicave, n\u00eb kuad\u00ebr t\u00eb s\u00eb cil\u00ebs \u00ebsht\u00eb edhe e drajta","og_url":"https:\/\/www.visit-ulcinj.com\/blog\/2009\/04\/27\/gjokaj-shkelja-e-te-drejtes-ne-informimrrezikon-ruajtjen-e-identitetit\/","og_site_name":"Lajme nga Ulqini","article_published_time":"2009-04-27T07:47:07+00:00","og_image":[{"url":"http:\/\/www.visit-ulcinj.com\/blog\/wp-content\/uploads\/2009\/04\/muhamed-gjokaj.jpg"}],"twitter_misc":{"Written by":"ulqini","Est. reading time":"5 minutes"},"schema":{"@context":"https:\/\/schema.org","@graph":[{"@type":"WebSite","@id":"https:\/\/www.visit-ulcinj.com\/blog\/#website","url":"https:\/\/www.visit-ulcinj.com\/blog\/","name":"Lajme nga Ulqini","description":"Lajme,Vijesti,Ulqini,Ulqin,Crna Gora,Mali i Zi","potentialAction":[{"@type":"SearchAction","target":{"@type":"EntryPoint","urlTemplate":"https:\/\/www.visit-ulcinj.com\/blog\/?s={search_term_string}"},"query-input":"required name=search_term_string"}],"inLanguage":"en-US"},{"@type":"ImageObject","inLanguage":"en-US","@id":"https:\/\/www.visit-ulcinj.com\/blog\/2009\/04\/27\/gjokaj-shkelja-e-te-drejtes-ne-informimrrezikon-ruajtjen-e-identitetit\/#primaryimage","url":"https:\/\/www.visit-ulcinj.com\/blog\/wp-content\/uploads\/2009\/04\/muhamed-gjokaj.jpg","contentUrl":"https:\/\/www.visit-ulcinj.com\/blog\/wp-content\/uploads\/2009\/04\/muhamed-gjokaj.jpg","width":"150","height":"164"},{"@type":"WebPage","@id":"https:\/\/www.visit-ulcinj.com\/blog\/2009\/04\/27\/gjokaj-shkelja-e-te-drejtes-ne-informimrrezikon-ruajtjen-e-identitetit\/#webpage","url":"https:\/\/www.visit-ulcinj.com\/blog\/2009\/04\/27\/gjokaj-shkelja-e-te-drejtes-ne-informimrrezikon-ruajtjen-e-identitetit\/","name":"Gjokaj: Shkelja e t\u00eb drejt\u00ebs n\u00eb informim,rrezikon ruajtjen e identitetit - Lajme nga Ulqini","isPartOf":{"@id":"https:\/\/www.visit-ulcinj.com\/blog\/#website"},"primaryImageOfPage":{"@id":"https:\/\/www.visit-ulcinj.com\/blog\/2009\/04\/27\/gjokaj-shkelja-e-te-drejtes-ne-informimrrezikon-ruajtjen-e-identitetit\/#primaryimage"},"datePublished":"2009-04-27T07:47:07+00:00","dateModified":"2009-04-27T07:47:07+00:00","author":{"@id":"https:\/\/www.visit-ulcinj.com\/blog\/#\/schema\/person\/dcab619c614d3038751c63bc2aadc06d"},"description":"N\u00eb koh\u00ebn kur Mali i Zi duhet t\u00eb ngrit\u00eb kapacitetet e veta juridike mbi respektimin e t\u00eb drejtave t\u00eb pakicave, n\u00eb kuad\u00ebr t\u00eb s\u00eb cil\u00ebs \u00ebsht\u00eb edhe e drajta","breadcrumb":{"@id":"https:\/\/www.visit-ulcinj.com\/blog\/2009\/04\/27\/gjokaj-shkelja-e-te-drejtes-ne-informimrrezikon-ruajtjen-e-identitetit\/#breadcrumb"},"inLanguage":"en-US","potentialAction":[{"@type":"ReadAction","target":["https:\/\/www.visit-ulcinj.com\/blog\/2009\/04\/27\/gjokaj-shkelja-e-te-drejtes-ne-informimrrezikon-ruajtjen-e-identitetit\/"]}]},{"@type":"BreadcrumbList","@id":"https:\/\/www.visit-ulcinj.com\/blog\/2009\/04\/27\/gjokaj-shkelja-e-te-drejtes-ne-informimrrezikon-ruajtjen-e-identitetit\/#breadcrumb","itemListElement":[{"@type":"ListItem","position":1,"name":"Gjokaj: Shkelja e t\u00eb drejt\u00ebs n\u00eb informim,rrezikon ruajtjen e identitetit"}]},{"@type":"Person","@id":"https:\/\/www.visit-ulcinj.com\/blog\/#\/schema\/person\/dcab619c614d3038751c63bc2aadc06d","name":"ulqini","sameAs":["http:\/\/www.visit-ulcinj.com"],"url":"https:\/\/www.visit-ulcinj.com\/blog\/author\/admin\/"}]}},"jetpack_featured_media_url":"","jetpack_sharing_enabled":true,"jetpack_shortlink":"https:\/\/wp.me\/pe6lTn-50f","_links":{"self":[{"href":"https:\/\/www.visit-ulcinj.com\/blog\/wp-json\/wp\/v2\/posts\/19235"}],"collection":[{"href":"https:\/\/www.visit-ulcinj.com\/blog\/wp-json\/wp\/v2\/posts"}],"about":[{"href":"https:\/\/www.visit-ulcinj.com\/blog\/wp-json\/wp\/v2\/types\/post"}],"author":[{"embeddable":true,"href":"https:\/\/www.visit-ulcinj.com\/blog\/wp-json\/wp\/v2\/users\/1"}],"replies":[{"embeddable":true,"href":"https:\/\/www.visit-ulcinj.com\/blog\/wp-json\/wp\/v2\/comments?post=19235"}],"version-history":[{"count":0,"href":"https:\/\/www.visit-ulcinj.com\/blog\/wp-json\/wp\/v2\/posts\/19235\/revisions"}],"wp:attachment":[{"href":"https:\/\/www.visit-ulcinj.com\/blog\/wp-json\/wp\/v2\/media?parent=19235"}],"wp:term":[{"taxonomy":"category","embeddable":true,"href":"https:\/\/www.visit-ulcinj.com\/blog\/wp-json\/wp\/v2\/categories?post=19235"},{"taxonomy":"post_tag","embeddable":true,"href":"https:\/\/www.visit-ulcinj.com\/blog\/wp-json\/wp\/v2\/tags?post=19235"}],"curies":[{"name":"wp","href":"https:\/\/api.w.org\/{rel}","templated":true}]}}