{"id":19238,"date":"2009-04-27T10:04:31","date_gmt":"2009-04-27T08:04:31","guid":{"rendered":"http:\/\/www.visit-ulcinj.com\/blog\/?p=19238"},"modified":"2009-04-27T10:04:31","modified_gmt":"2009-04-27T08:04:31","slug":"perkaj-dita-kur-koha-javore-nuk-doli-ne-shitje","status":"publish","type":"post","link":"https:\/\/www.visit-ulcinj.com\/blog\/2009\/04\/27\/perkaj-dita-kur-koha-javore-nuk-doli-ne-shitje\/","title":{"rendered":"Perkaj: Dita kur Koha Javore nuk doli n\u00eb shitje"},"content":{"rendered":"<p><strong><a href=\"http:\/\/www.visit-ulcinj.com\/blog\/wp-content\/uploads\/2009\/04\/xhoana-m-perkaj.jpg\"><img loading=\"lazy\" class=\"alignleft size-full wp-image-19239\" title=\"xhoana-m-perkaj\" src=\"http:\/\/www.visit-ulcinj.com\/blog\/wp-content\/uploads\/2009\/04\/xhoana-m-perkaj.jpg\" alt=\"xhoana-m-perkaj\" width=\"252\" height=\"259\" \/><\/a>Nj\u00eb \u00ebnd\u00ebrr e keqe<br \/>\nKoha Javore si suvenir<\/strong><br \/>\nNdodhi nj\u00eb gj\u00eb pa precedenc\u00eb. P\u00ebr t\u00eb par\u00ebn her\u00eb p\u00ebr shtat\u00eb vjet, m\u00eb 16 prill 2009, Koha Javore nuk doli nga shtypi. Dy dit\u00eb m\u00eb von\u00eb, t\u00eb shtun\u00ebn, pasi q\u00eb e shikova edicionin e emisionit t\u00eb TV MZ n\u00eb gjuh\u00ebn shqipe \u201cMozaiku\u201d dhe intervist\u00ebn dramatike t\u00eb gazetarit me kryeredaktorin e KJ, Salaj, isha e gatshme q\u00eb kopertin\u00ebn e numrin e fundit t\u00eb k\u00ebsaj gazete ta v\u00eb n\u00eb korniz\u00eb, dhe ta vari n\u00eb mur, si suvenir.<\/p>\n<p><strong>Kriza dhe Koha Javore si n\u00ebnflet\u00eb<\/strong><\/p>\n<p>Ku ishte fjala? Ishte planifikuar q\u00eb tash e tutje KJ t\u00eb shnd\u00ebrrohet n\u00eb shtojc\u00eb javore t\u00eb gazet\u00ebs s\u00eb p\u00ebrditshme n\u00eb gjuh\u00ebn malazeze \u201cPobjeda\u201d. Edhe disa botime t\u00eb tjera t\u00eb nd\u00ebrmarrjes \u201cPobjeda\u201d jan\u00eb reduktuar ose pezulluar p\u00ebrkoh\u00ebsisht. U tha se arsyeja q\u00ebndron n\u00eb nevoj\u00ebn e kursimit n\u00eb rrethanat e kriz\u00ebs ekonomike e cila e ka p\u00ebrfshir\u00eb bot\u00ebn. N\u00eb k\u00ebt\u00eb situat\u00eb, kryeredaktori i KJ vendosi q\u00eb botimi i gazet\u00ebs t\u00eb pezullohet p\u00ebrkoh\u00ebsisht.<br \/>\nUn\u00eb nuk do t\u00eb flas p\u00ebr kriz\u00ebn, p\u00ebr k\u00ebt\u00eb duhet t\u00eb flasin ekonomist\u00ebt. Por, kur \u00ebsht\u00eb fjala p\u00ebr KJ \u00ebsht\u00eb dashur t\u00eb kihen parasysh, s\u00eb paku, dy rrethana. E para \u00ebsht\u00eb se kjo gazet\u00eb nuk mund t\u00eb krahasohet me asnj\u00eb botim tjet\u00ebr t\u00eb k\u00ebsaj nd\u00ebrmarrjeje, sepse \u00ebsht\u00eb e vetmja gazet\u00eb n\u00eb gjuh\u00ebn shqipe n\u00eb Mal t\u00eb Zi. Pik\u00ebrisht p\u00ebr k\u00ebt\u00eb shkak, edhe n\u00eb kushtet e kriz\u00ebs duhet t\u00eb jet\u00eb e protektuar. Rrethana tjet\u00ebr ka t\u00eb b\u00ebj\u00eb me \u00e7\u00ebshtjen se sa mund t\u00eb kursehet te KJ e cila, sipas fjal\u00ebve t\u00eb kryeredaktorit dh\u00ebn\u00eb emisionit \u201cMozaiku\u201d, ka shpenzime vjetore rreth 40.000 euro dhe nj\u00eb redaksi t\u00eb vog\u00ebl nga pes\u00eb an\u00ebtar\u00eb. Kush e njeh sadopak procesin e p\u00ebrgatitjes s\u00eb nj\u00eb gazete e din se \u00ebsht\u00eb fizikisht e pamundur t\u00eb arrihet q\u00eb nj\u00eb gazet\u00eb t\u00eb p\u00ebrgatitet me nj\u00eb staf kaq t\u00eb vog\u00ebl. Andaj, redaksia e KJ e arrin at\u00eb q\u00eb duket e pamundur, ta nxjerr\u00eb nj\u00eb gazet\u00eb solide e cila jo vet\u00ebm q\u00eb \u00ebsht\u00eb baz\u00eb informative n\u00eb gjuh\u00ebn shqipe n\u00eb Mal t\u00eb Zi, por, ka arritur t\u00eb krijoj\u00eb em\u00ebr n\u00eb hap\u00ebsir\u00ebn m\u00eb t\u00eb gj\u00ebr\u00eb albanofone. T\u00eb mos flasim p\u00ebr shum\u00ebn simbolike t\u00eb shpenzimeve. Por, megjithat\u00eb, KJ po mbijeton gjith\u00eb k\u00ebto vjet. Nuk dua t\u00eb flas p\u00ebr faktin se bashk\u00ebpun\u00ebtor\u00ebt e k\u00ebsaj gazete nuk marrin honorare dhe as q\u00eb i p\u00ebrmendim fare n\u00eb komunikim me kryeredaktorin, me vite t\u00eb t\u00ebra.<\/p>\n<p><strong>KJ si gazet\u00eb kult<\/strong><\/p>\n<p>Tashm\u00eb mund t\u00eb thuhet se kjo gazet\u00eb \u00ebsht\u00eb b\u00ebr\u00eb kult. E ardhmja do t\u00eb tregoj\u00eb se KJ ka luajtur rol vendimtar n\u00eb ruajtjen e identitetit kulturor t\u00eb shqiptar\u00ebve n\u00eb Mal t\u00eb Zi. Nuk i harroj kurr\u00eb jav\u00ebt e para t\u00eb daljes nga shtypi t\u00eb numrave t\u00eb par\u00eb t\u00eb KJ n\u00eb shkurt 2002. Deri ather\u00eb, me p\u00ebrjashtimin e revist\u00ebs p\u00ebr shkenc\u00eb dhe kultur\u00eb \u201cKoha\u201d e cila botohej n\u00eb periudh\u00ebn 1979-1990, nuk kishte gazet\u00eb n\u00eb gjuh\u00ebn shqipe n\u00eb MZ. Andaj, edhe lajmi p\u00ebr shnd\u00ebrrimin e saj n\u00eb shtojc\u00eb javore t\u00eb \u201cPobjed\u00ebs\u201d \u00ebsht\u00eb p\u00ebrjetuar si grusht emocional dhe kulturor. A mund t\u00eb paramendohet jeta pa KJ?<br \/>\nKjo gazet\u00eb ka b\u00ebr\u00eb q\u00eb ne, si autor\u00eb q\u00eb i takojm\u00eb nj\u00eb pakice komb\u00ebtare t\u00eb mbetemi n\u00eb rrjedhat e kultur\u00ebs mbar\u00ebkomb\u00ebtare. KJ ka qen\u00eb shans q\u00eb t\u00eb opinionet tona n\u00eb fush\u00ebn e politik\u00ebs, kultur\u00ebs, rrjedhave shoq\u00ebrore, t\u00eb afirmohen n\u00eb nivel mbar\u00ebkomb\u00ebtar. Nga KJ artikujt tan\u00eb jan\u00eb ribotuar n\u00eb Kosov\u00eb, Shqip\u00ebri, Maqedoni, \u00c7am\u00ebri, Diaspor\u00eb. Askush nga ne nuk e ka shtruar kurr\u00eb \u00e7\u00ebshtjen e t\u00eb drejtave autoriale. M\u00eb me r\u00ebnd\u00ebsi ka qen\u00eb q\u00eb fjala jon\u00eb t\u00eb afirmohet edhe jasht\u00eb kornizave t\u00eb ngushta t\u00eb Tuzit dhe Ulqinit, gjegj\u00ebsisht t\u00eb Malit t\u00eb Zi. P\u00ebrmes KJ e kemi ndie veten se gjendemi n\u00eb kontakt informativ dhe kulturor me bashk\u00ebkombasit tan\u00eb nga mbar\u00eb bota. Poashtu, nuk kisha pasur gj\u00eb kund\u00ebr sikur t\u00eb kishte ndodhur q\u00eb ndonj\u00eb artikull imi t\u00eb ishte p\u00ebrkthyer dhe botuar k\u00ebtu ku jetoj, n\u00eb ndonj\u00eb gazet\u00eb n\u00eb gjuh\u00ebn malazeze!<\/p>\n<p><strong>Arkivimi i mentalitetit lokalist<\/strong><\/p>\n<p>N\u00eb an\u00ebn tjet\u00ebr, KJ, gradualisht, ka b\u00ebr\u00eb nj\u00eb kthes\u00eb n\u00eb mentalitetin ton\u00eb lokal, Personalitet nga fushat e ndryshme t\u00eb jet\u00ebs publike, kryesisht n\u00eb fush\u00ebn politike, nga ata lokal\u00eb e m\u00eb tutje, \u00ebsht\u00eb dashur t\u2019i p\u00ebrshtaten bot\u00ebs bashk\u00ebkohore ku \u00e7dokush q\u00eb e kryen nj\u00eb pun\u00eb me pesh\u00eb publike nuk mund t\u00eb kursehet nga mendimi i lir\u00eb i opinionit publik. Paprekshm\u00ebria lokaliste, bajraktariste, fisnore, partiake, lidhjet klanore etj., karakteristik\u00eb p\u00ebr mjedise t\u00eb vogla dhe t\u00eb mbyllura, \u00ebsht\u00eb n\u00eb rrug\u00eb p\u00ebr t\u2019u arkivuar n\u00eb t\u00eb kaluar\u00ebn historike, p\u00ebrve\u00e7 tjerash, edhe me merit\u00ebn e KJ.<\/p>\n<p><strong>Uniteti n\u00eb diversitet<\/strong><\/p>\n<p>\u201cUniteti n\u00eb diversitet\u201d \u00ebsht\u00eb moto dhe parim i Bashkimit Europian. Kjo filozofi e sociodiversitetit, ose, si e kemi zakon t\u00eb themi, e multikulturalizmit, \u00ebsht\u00eb parim i mbijetes\u00ebs edhe p\u00ebr Malin e Zi si shtet multinacional dhe multireligjioz. P\u00ebr shqiptar\u00ebt n\u00eb Mal t\u00eb Zi ky \u00ebsht\u00eb i vetmi shtet, shtet tjet\u00ebr nuk kemi. P\u00ebr Malin e Zi \u00ebsht\u00eb afirmativ fakti q\u00eb n\u00eb kuadrin e kufijve t\u00eb tij shtetror\u00eb, ekzistojn\u00eb aq shum\u00eb kombe dhe religjione, me aq shum\u00eb diversitete etnografike, folklorike, zakonore. Ruajtja e k\u00ebtyre diversiteteve \u00ebsht\u00eb premis\u00eb p\u00ebr afirmimin e Malit t\u00eb Zi si shtet, nes\u00ebr, n\u00eb kuadrin e familjes s\u00eb madhe, n\u00eb Bashk\u00ebsin\u00eb Europiane. Kontributi i shqiptar\u00ebve si pakic\u00eb nacionale mund t\u00eb jet\u00eb tejet afirmativ p\u00ebr Malin e Zi. Mir\u00ebpo, p\u00ebr mbijetes\u00ebn e identitetit kulturor t\u00eb nj\u00eb pakic\u00eb, n\u00eb fillim t\u00eb mileniumit t\u00eb tret\u00eb, parakusht i domosdosh\u00ebm \u00ebsht\u00eb informimi adekuat n\u00eb gjuh\u00ebn amtare.<\/p>\n<p><strong>Xhoana M. Perkaj<\/strong><br \/>\n<strong><a href=\"xhoanaperkaj@yahoo.com\" target=\"_blank\">xhoanaperkaj@yahoo.com<\/a><\/strong><\/p>\n","protected":false},"excerpt":{"rendered":"<p>Nj\u00eb \u00ebnd\u00ebrr e keqe Koha Javore si suvenir Ndodhi nj\u00eb gj\u00eb pa precedenc\u00eb. P\u00ebr t\u00eb par\u00ebn her\u00eb p\u00ebr shtat\u00eb vjet, m\u00eb 16 prill 2009, Koha Javore nuk doli nga shtypi. Dy dit\u00eb m\u00eb von\u00eb, t\u00eb shtun\u00ebn, pasi q\u00eb e shikova edicionin e emisionit t\u00eb TV MZ n\u00eb gjuh\u00ebn shqipe \u201cMozaiku\u201d dhe intervist\u00ebn dramatike t\u00eb gazetarit [&hellip;]<\/p>\n","protected":false},"author":1,"featured_media":0,"comment_status":"open","ping_status":"closed","sticky":false,"template":"","format":"standard","meta":{"spay_email":"","jetpack_publicize_message":"","jetpack_is_tweetstorm":false,"jetpack_publicize_feature_enabled":true},"categories":[13],"tags":[7240,9621,9619,325,2805,3945,9620,1019,3946,199],"jetpack_publicize_connections":[],"yoast_head":"<!-- This site is optimized with the Yoast SEO plugin v19.1 - https:\/\/yoast.com\/wordpress\/plugins\/seo\/ -->\n<title>Perkaj: Dita kur Koha Javore nuk doli n\u00eb shitje - Lajme nga Ulqini<\/title>\n<meta name=\"description\" content=\"Nj\u00eb \u00ebnd\u00ebrr e keqe Koha Javore si suvenir Ndodhi nj\u00eb gj\u00eb pa precedenc\u00eb. P\u00ebr t\u00eb par\u00ebn her\u00eb p\u00ebr shtat\u00eb vjet, m\u00eb 16 prill 2009, Koha Javore nuk doli nga\" \/>\n<meta name=\"robots\" content=\"index, follow, max-snippet:-1, max-image-preview:large, max-video-preview:-1\" \/>\n<link rel=\"canonical\" href=\"https:\/\/www.visit-ulcinj.com\/blog\/2009\/04\/27\/perkaj-dita-kur-koha-javore-nuk-doli-ne-shitje\/\" \/>\n<meta property=\"og:locale\" content=\"en_US\" \/>\n<meta property=\"og:type\" content=\"article\" \/>\n<meta property=\"og:title\" content=\"Perkaj: Dita kur Koha Javore nuk doli n\u00eb shitje - Lajme nga Ulqini\" \/>\n<meta property=\"og:description\" content=\"Nj\u00eb \u00ebnd\u00ebrr e keqe Koha Javore si suvenir Ndodhi nj\u00eb gj\u00eb pa precedenc\u00eb. P\u00ebr t\u00eb par\u00ebn her\u00eb p\u00ebr shtat\u00eb vjet, m\u00eb 16 prill 2009, Koha Javore nuk doli nga\" \/>\n<meta property=\"og:url\" content=\"https:\/\/www.visit-ulcinj.com\/blog\/2009\/04\/27\/perkaj-dita-kur-koha-javore-nuk-doli-ne-shitje\/\" \/>\n<meta property=\"og:site_name\" content=\"Lajme nga Ulqini\" \/>\n<meta property=\"article:published_time\" content=\"2009-04-27T08:04:31+00:00\" \/>\n<meta property=\"og:image\" content=\"http:\/\/www.visit-ulcinj.com\/blog\/wp-content\/uploads\/2009\/04\/xhoana-m-perkaj.jpg\" \/>\n<meta name=\"twitter:label1\" content=\"Written by\" \/>\n\t<meta name=\"twitter:data1\" content=\"ulqini\" \/>\n\t<meta name=\"twitter:label2\" content=\"Est. reading time\" \/>\n\t<meta name=\"twitter:data2\" content=\"5 minutes\" \/>\n<script type=\"application\/ld+json\" class=\"yoast-schema-graph\">{\"@context\":\"https:\/\/schema.org\",\"@graph\":[{\"@type\":\"WebSite\",\"@id\":\"https:\/\/www.visit-ulcinj.com\/blog\/#website\",\"url\":\"https:\/\/www.visit-ulcinj.com\/blog\/\",\"name\":\"Lajme nga Ulqini\",\"description\":\"Lajme,Vijesti,Ulqini,Ulqin,Crna Gora,Mali i Zi\",\"potentialAction\":[{\"@type\":\"SearchAction\",\"target\":{\"@type\":\"EntryPoint\",\"urlTemplate\":\"https:\/\/www.visit-ulcinj.com\/blog\/?s={search_term_string}\"},\"query-input\":\"required name=search_term_string\"}],\"inLanguage\":\"en-US\"},{\"@type\":\"ImageObject\",\"inLanguage\":\"en-US\",\"@id\":\"https:\/\/www.visit-ulcinj.com\/blog\/2009\/04\/27\/perkaj-dita-kur-koha-javore-nuk-doli-ne-shitje\/#primaryimage\",\"url\":\"http:\/\/www.visit-ulcinj.com\/blog\/wp-content\/uploads\/2009\/04\/xhoana-m-perkaj.jpg\",\"contentUrl\":\"http:\/\/www.visit-ulcinj.com\/blog\/wp-content\/uploads\/2009\/04\/xhoana-m-perkaj.jpg\"},{\"@type\":\"WebPage\",\"@id\":\"https:\/\/www.visit-ulcinj.com\/blog\/2009\/04\/27\/perkaj-dita-kur-koha-javore-nuk-doli-ne-shitje\/#webpage\",\"url\":\"https:\/\/www.visit-ulcinj.com\/blog\/2009\/04\/27\/perkaj-dita-kur-koha-javore-nuk-doli-ne-shitje\/\",\"name\":\"Perkaj: Dita kur Koha Javore nuk doli n\u00eb shitje - Lajme nga Ulqini\",\"isPartOf\":{\"@id\":\"https:\/\/www.visit-ulcinj.com\/blog\/#website\"},\"primaryImageOfPage\":{\"@id\":\"https:\/\/www.visit-ulcinj.com\/blog\/2009\/04\/27\/perkaj-dita-kur-koha-javore-nuk-doli-ne-shitje\/#primaryimage\"},\"datePublished\":\"2009-04-27T08:04:31+00:00\",\"dateModified\":\"2009-04-27T08:04:31+00:00\",\"author\":{\"@id\":\"https:\/\/www.visit-ulcinj.com\/blog\/#\/schema\/person\/dcab619c614d3038751c63bc2aadc06d\"},\"description\":\"Nj\u00eb \u00ebnd\u00ebrr e keqe Koha Javore si suvenir Ndodhi nj\u00eb gj\u00eb pa precedenc\u00eb. P\u00ebr t\u00eb par\u00ebn her\u00eb p\u00ebr shtat\u00eb vjet, m\u00eb 16 prill 2009, Koha Javore nuk doli nga\",\"breadcrumb\":{\"@id\":\"https:\/\/www.visit-ulcinj.com\/blog\/2009\/04\/27\/perkaj-dita-kur-koha-javore-nuk-doli-ne-shitje\/#breadcrumb\"},\"inLanguage\":\"en-US\",\"potentialAction\":[{\"@type\":\"ReadAction\",\"target\":[\"https:\/\/www.visit-ulcinj.com\/blog\/2009\/04\/27\/perkaj-dita-kur-koha-javore-nuk-doli-ne-shitje\/\"]}]},{\"@type\":\"BreadcrumbList\",\"@id\":\"https:\/\/www.visit-ulcinj.com\/blog\/2009\/04\/27\/perkaj-dita-kur-koha-javore-nuk-doli-ne-shitje\/#breadcrumb\",\"itemListElement\":[{\"@type\":\"ListItem\",\"position\":1,\"name\":\"Perkaj: Dita kur Koha Javore nuk doli n\u00eb shitje\"}]},{\"@type\":\"Person\",\"@id\":\"https:\/\/www.visit-ulcinj.com\/blog\/#\/schema\/person\/dcab619c614d3038751c63bc2aadc06d\",\"name\":\"ulqini\",\"sameAs\":[\"http:\/\/www.visit-ulcinj.com\"],\"url\":\"https:\/\/www.visit-ulcinj.com\/blog\/author\/admin\/\"}]}<\/script>\n<!-- \/ Yoast SEO plugin. -->","yoast_head_json":{"title":"Perkaj: Dita kur Koha Javore nuk doli n\u00eb shitje - Lajme nga Ulqini","description":"Nj\u00eb \u00ebnd\u00ebrr e keqe Koha Javore si suvenir Ndodhi nj\u00eb gj\u00eb pa precedenc\u00eb. P\u00ebr t\u00eb par\u00ebn her\u00eb p\u00ebr shtat\u00eb vjet, m\u00eb 16 prill 2009, Koha Javore nuk doli nga","robots":{"index":"index","follow":"follow","max-snippet":"max-snippet:-1","max-image-preview":"max-image-preview:large","max-video-preview":"max-video-preview:-1"},"canonical":"https:\/\/www.visit-ulcinj.com\/blog\/2009\/04\/27\/perkaj-dita-kur-koha-javore-nuk-doli-ne-shitje\/","og_locale":"en_US","og_type":"article","og_title":"Perkaj: Dita kur Koha Javore nuk doli n\u00eb shitje - Lajme nga Ulqini","og_description":"Nj\u00eb \u00ebnd\u00ebrr e keqe Koha Javore si suvenir Ndodhi nj\u00eb gj\u00eb pa precedenc\u00eb. P\u00ebr t\u00eb par\u00ebn her\u00eb p\u00ebr shtat\u00eb vjet, m\u00eb 16 prill 2009, Koha Javore nuk doli nga","og_url":"https:\/\/www.visit-ulcinj.com\/blog\/2009\/04\/27\/perkaj-dita-kur-koha-javore-nuk-doli-ne-shitje\/","og_site_name":"Lajme nga Ulqini","article_published_time":"2009-04-27T08:04:31+00:00","og_image":[{"url":"http:\/\/www.visit-ulcinj.com\/blog\/wp-content\/uploads\/2009\/04\/xhoana-m-perkaj.jpg"}],"twitter_misc":{"Written by":"ulqini","Est. reading time":"5 minutes"},"schema":{"@context":"https:\/\/schema.org","@graph":[{"@type":"WebSite","@id":"https:\/\/www.visit-ulcinj.com\/blog\/#website","url":"https:\/\/www.visit-ulcinj.com\/blog\/","name":"Lajme nga Ulqini","description":"Lajme,Vijesti,Ulqini,Ulqin,Crna Gora,Mali i Zi","potentialAction":[{"@type":"SearchAction","target":{"@type":"EntryPoint","urlTemplate":"https:\/\/www.visit-ulcinj.com\/blog\/?s={search_term_string}"},"query-input":"required name=search_term_string"}],"inLanguage":"en-US"},{"@type":"ImageObject","inLanguage":"en-US","@id":"https:\/\/www.visit-ulcinj.com\/blog\/2009\/04\/27\/perkaj-dita-kur-koha-javore-nuk-doli-ne-shitje\/#primaryimage","url":"http:\/\/www.visit-ulcinj.com\/blog\/wp-content\/uploads\/2009\/04\/xhoana-m-perkaj.jpg","contentUrl":"http:\/\/www.visit-ulcinj.com\/blog\/wp-content\/uploads\/2009\/04\/xhoana-m-perkaj.jpg"},{"@type":"WebPage","@id":"https:\/\/www.visit-ulcinj.com\/blog\/2009\/04\/27\/perkaj-dita-kur-koha-javore-nuk-doli-ne-shitje\/#webpage","url":"https:\/\/www.visit-ulcinj.com\/blog\/2009\/04\/27\/perkaj-dita-kur-koha-javore-nuk-doli-ne-shitje\/","name":"Perkaj: Dita kur Koha Javore nuk doli n\u00eb shitje - Lajme nga Ulqini","isPartOf":{"@id":"https:\/\/www.visit-ulcinj.com\/blog\/#website"},"primaryImageOfPage":{"@id":"https:\/\/www.visit-ulcinj.com\/blog\/2009\/04\/27\/perkaj-dita-kur-koha-javore-nuk-doli-ne-shitje\/#primaryimage"},"datePublished":"2009-04-27T08:04:31+00:00","dateModified":"2009-04-27T08:04:31+00:00","author":{"@id":"https:\/\/www.visit-ulcinj.com\/blog\/#\/schema\/person\/dcab619c614d3038751c63bc2aadc06d"},"description":"Nj\u00eb \u00ebnd\u00ebrr e keqe Koha Javore si suvenir Ndodhi nj\u00eb gj\u00eb pa precedenc\u00eb. P\u00ebr t\u00eb par\u00ebn her\u00eb p\u00ebr shtat\u00eb vjet, m\u00eb 16 prill 2009, Koha Javore nuk doli nga","breadcrumb":{"@id":"https:\/\/www.visit-ulcinj.com\/blog\/2009\/04\/27\/perkaj-dita-kur-koha-javore-nuk-doli-ne-shitje\/#breadcrumb"},"inLanguage":"en-US","potentialAction":[{"@type":"ReadAction","target":["https:\/\/www.visit-ulcinj.com\/blog\/2009\/04\/27\/perkaj-dita-kur-koha-javore-nuk-doli-ne-shitje\/"]}]},{"@type":"BreadcrumbList","@id":"https:\/\/www.visit-ulcinj.com\/blog\/2009\/04\/27\/perkaj-dita-kur-koha-javore-nuk-doli-ne-shitje\/#breadcrumb","itemListElement":[{"@type":"ListItem","position":1,"name":"Perkaj: Dita kur Koha Javore nuk doli n\u00eb shitje"}]},{"@type":"Person","@id":"https:\/\/www.visit-ulcinj.com\/blog\/#\/schema\/person\/dcab619c614d3038751c63bc2aadc06d","name":"ulqini","sameAs":["http:\/\/www.visit-ulcinj.com"],"url":"https:\/\/www.visit-ulcinj.com\/blog\/author\/admin\/"}]}},"jetpack_featured_media_url":"","jetpack_sharing_enabled":true,"jetpack_shortlink":"https:\/\/wp.me\/pe6lTn-50i","_links":{"self":[{"href":"https:\/\/www.visit-ulcinj.com\/blog\/wp-json\/wp\/v2\/posts\/19238"}],"collection":[{"href":"https:\/\/www.visit-ulcinj.com\/blog\/wp-json\/wp\/v2\/posts"}],"about":[{"href":"https:\/\/www.visit-ulcinj.com\/blog\/wp-json\/wp\/v2\/types\/post"}],"author":[{"embeddable":true,"href":"https:\/\/www.visit-ulcinj.com\/blog\/wp-json\/wp\/v2\/users\/1"}],"replies":[{"embeddable":true,"href":"https:\/\/www.visit-ulcinj.com\/blog\/wp-json\/wp\/v2\/comments?post=19238"}],"version-history":[{"count":0,"href":"https:\/\/www.visit-ulcinj.com\/blog\/wp-json\/wp\/v2\/posts\/19238\/revisions"}],"wp:attachment":[{"href":"https:\/\/www.visit-ulcinj.com\/blog\/wp-json\/wp\/v2\/media?parent=19238"}],"wp:term":[{"taxonomy":"category","embeddable":true,"href":"https:\/\/www.visit-ulcinj.com\/blog\/wp-json\/wp\/v2\/categories?post=19238"},{"taxonomy":"post_tag","embeddable":true,"href":"https:\/\/www.visit-ulcinj.com\/blog\/wp-json\/wp\/v2\/tags?post=19238"}],"curies":[{"name":"wp","href":"https:\/\/api.w.org\/{rel}","templated":true}]}}