{"id":19241,"date":"2009-04-27T10:20:16","date_gmt":"2009-04-27T08:20:16","guid":{"rendered":"http:\/\/www.visit-ulcinj.com\/blog\/?p=19241"},"modified":"2009-04-27T10:20:16","modified_gmt":"2009-04-27T08:20:16","slug":"ceshtja-e-kohes-javore-dhe-e-drejta-jone-ne-informim","status":"publish","type":"post","link":"https:\/\/www.visit-ulcinj.com\/blog\/2009\/04\/27\/ceshtja-e-kohes-javore-dhe-e-drejta-jone-ne-informim\/","title":{"rendered":"\u00c7\u00ebshtja e Koh\u00ebs Javore dhe e drejta jon\u00eb n\u00eb informim"},"content":{"rendered":"<p><a href=\"http:\/\/www.visit-ulcinj.com\/blog\/wp-content\/uploads\/2009\/04\/robert-camaj.jpg\"><img loading=\"lazy\" class=\"alignleft size-full wp-image-19242\" title=\"robert-camaj\" src=\"http:\/\/www.visit-ulcinj.com\/blog\/wp-content\/uploads\/2009\/04\/robert-camaj.jpg\" alt=\"robert-camaj\" width=\"287\" height=\"189\" \/><\/a>Koha ishte muri mbi t\u00eb cilin lam\u00eb gjurm\u00eb, muri i vet\u00ebdijes son\u00eb, muri ku qanim hallet publikisht, forumi ku u bashkuam, ku u njoftuam, ku nganj\u00ebher\u00eb edhe u penduam q\u00eb shkruam p\u00ebr shkak t\u00eb konseguencave q\u00eb pat\u00ebm.<br \/>\nShkrirja e \u201cKoh\u00ebs Javore\u201d e paralajm\u00ebruar, e ishalla shkon ne vesh\u00eb t\u00eb shurdh\u00ebr, shuan nj\u00eb z\u00eb apo t\u00eb vetmin z\u00eb t\u00eb shkruar t\u00eb shqiplexuesve n\u00eb vendin e \u201cshqiponjave t\u00eb praruara\u201d.<br \/>\nAta q\u00eb jan\u00eb m\u00ebsuar me k\u00ebt\u00eb t\u00eb p\u00ebrjavshme, do ndihen t\u00eb hendikepuar, sepse na ka sh\u00ebrbyer si grumbulluese e kujtes\u00ebs son\u00eb kolektive q\u00eb nuk lejon t\u00eb harrohet.<br \/>\n\u00cbsht\u00eb folur, e nuk kujtohet m\u00eb, \u00ebsht\u00eb par\u00eb por kemi par\u00eb t\u00eb tjera gj\u00ebra prandaj edhe i kemi fshir\u00eb nga memoria por \u201cKoha Javore\u201d ka bashkuar dhe arhivuar t\u00eb th\u00ebnat e t\u00eb b\u00ebmat n\u00eb form\u00ebn e cila nuk lejon t\u00eb vet\u00ebmohohesh apo edhe t\u00eb autodemantohesh.<br \/>\nNe q\u00eb ruajm me fanatiz\u00ebm t\u00eb gjith\u00eb numrat e saj dim\u00eb dhe vler\u00ebsojm\u00eb r\u00ebnd\u00ebsin\u00eb q\u00eb pati kjo revist\u00eb p\u00ebr gjith\u00eb at\u00eb periudh\u00eb sa ishte dhe vazhdon t\u00eb jet\u00eb n\u00eb mesin ton\u00eb.<br \/>\nP\u00ebrs\u00ebri ne, por tash jo m\u00eb si lexues por si pjes\u00eb e saj n\u00eb nj\u00eb form\u00eb apo n\u00eb nj\u00eb tjet\u00ebr, lajmi p\u00ebr shuarje na ka frik\u00ebsuar meqen\u00ebse \u201cKoha Javore\u201d q\u00eb na trim\u00ebsoj\u00eb t\u00eb shkruajm\u00eb dhe mendimet tona t\u2019i themi haptas po humbet.<br \/>\nKoha ishte muri mbi t\u00eb cilin lam\u00eb gjurm\u00eb, muri i vet\u00ebdijes son\u00eb, muri ku qanim hallet publikisht, forumi ku u bashkuam, ku u njoftuam, ku nganj\u00ebher\u00eb edhe u penduam q\u00eb shkruam p\u00ebr shkak t\u00eb konseguencave q\u00eb pat\u00ebm.<br \/>\nPambarimisht me Koh\u00ebn edhe u ndiem m\u00eb t\u00eb sigurt, dhe p\u00ebr shtrirjen q\u00eb pati sh\u00ebrben edhe si licenca e shum\u00eb mendimeve tona q\u00eb i hedh\u00ebm t\u00eb par\u00ebt e m\u00eb von\u00eb u huazuan nga tjer\u00ebt.<br \/>\nKoha shum\u00ebk\u00eb e ka m\u00ebsuar, e ka pasuruar, e ka demaskuar, p\u00ebrmes saj kemi shprehur vet\u00ebdijen ton\u00eb qytetare dhe kemi reaguar kur kemi menduar se jemi cenuar.<br \/>\nKy mur mbi t\u00eb cilin shkruam, rrezikon t\u00eb shembet dhe at\u00eb q\u00eb ajo krijoi, pra opinionist\u00ebt e saj u kanoset q\u00eb t\u00eb heshtin s\u00eb bashku me Koh\u00ebn.<br \/>\nShpresoj se ajo mendjekeqe e cila p\u00ebr nj\u00eb \u00e7ast qe hutuar e nuk diti \u00e7far\u00eb lajmi t\u00eb lig po xierr nga goja, do reflektoje dhe do ndalet e t\u00eb shoh\u00eb d\u00ebmin t\u00eb cilin do e shkaktonte sikur do t\u00eb rr\u00ebnonte k\u00ebt\u00eb ledh n\u00eb informinim shqip, n\u00eb form\u00ebn e saj t\u00eb shkruar.<br \/>\nSido q\u00eb t\u00eb jet\u00eb, \u201cKoha Javore\u201d duhet t\u00eb vazhdoj\u00eb, e drejta jon\u00eb n\u00eb informim duhet t\u00eb xirret edhe nga fakti se kemi nevoj\u00eb q\u00eb edhe t\u00eb krijojm\u00eb mendimin e qart\u00eb dhe analitik p\u00ebr udh\u00ebn n\u00eb t\u00eb cil\u00ebn shkon dhe duhet shkuar shoq\u00ebria jon\u00eb shqiptare n\u00eb Mal t\u00eb Zi.<br \/>\nN\u00ebse \u201cKoha Javore\u201d nuk arsyeton veten financiarisht apo n\u00ebse nuk ka leverdi finansuesi p\u00ebr t\u00eb, ai duhet t\u00eb gjej\u00eb menyra t\u00eb tjera p\u00ebr vet\u00ebq\u00ebndreshm\u00ebrin\u00eb e saj e assesi t\u00eb propozoj\u00eb amputimin e saj si revist\u00eb.<br \/>\nN\u00ebse vlen mendimi i nj\u00eb individi, p\u00ebr mua shuarja e \u201cKoh\u00ebs Javore\u201d \u00ebsht\u00eb e barabart\u00eb me shuarjen e t\u00eb drejt\u00ebs time q\u00eb t\u00eb kam nj\u00eb mjet informimi n\u00eb form\u00ebn e shkruar n\u00eb gjuh\u00ebn time.<br \/>\nN\u00ebse kjo e drejt\u00eb kushtetuese p\u00ebr t\u00eb drejtat e mia kolektive dhe individuale nuk respektohet at\u00ebher\u00eb un\u00eb qenkam jetim n\u00eb tok\u00ebn e shqiponjave t\u00eb praruara, dhe dikush m\u00eb indikon se vendi im \u00ebsht\u00eb n\u00eb tok\u00ebn e shqiponjave t\u00eb zeza.<br \/>\nUn\u00eb isha duke pjekur mendimin n\u00eb koken time se n\u00eb Mal t\u00eb Zi jan\u00eb formuar kushte p\u00ebr themelimin e revistave t\u00eb specializuara nga l\u00ebmit\u00eb e ndryshme n\u00eb gjuh\u00ebn shqipe, kur nga qendra vjen lajmi se ekziston mund\u00ebsia t\u00eb shuhet edhe kjo e vetmja e cila ka karakter t\u00eb gjithansh\u00ebm.<br \/>\nGjithsesi un\u00eb e marr si nj\u00eb provokim, organet e ndryshme shtet\u00ebrore ngandonj\u00ebher\u00eb b\u00ebjn\u00eb edhe at\u00eb pun\u00eb, pra provokojn\u00eb dhe kjo \u00ebsht\u00eb legjitime, dhe nuk besoj se nga ky z\u00eb do dal\u00eb gj\u00eb.<br \/>\n\u201cKoha Javore\u201d ka ndezur pishtarin e cila \u00ebsht\u00eb kod i nderit n\u00eb trevat tona, dhe si i till\u00eb do mbrohet me t\u00ebr\u00eb forc\u00ebn intelektuale q\u00eb kemi.<br \/>\nSikur t\u00eb ndodh\u00eb e kund\u00ebrta, me \u201cKoh\u00ebn\u201d shuhet edhe fjala m\u00eb e fort\u00eb, ajo q\u00eb i pengon \u00e7dokujt q\u00eb \u00ebsht\u00eb mik i harres\u00ebs, ithtar\u00ebt e shuarjes se saj jan\u00eb trash\u00ebgimtar\u00ebt e drejtp\u00ebrdrejt\u00eb t\u00eb koh\u00ebrave t\u00eb err\u00ebta nga e cila nuk ndahen dot.<br \/>\n\u201cKoha Javore\u201d duhet t\u00eb jet\u00eb projekti mbi t\u00eb cilin duhet punuar t\u00eb gjith\u00eb ne shqiptar\u00ebt n\u00eb Mal t\u00eb Zi apo edhe ne q\u00eb kemi nj\u00eb interes t\u00eb ve\u00e7ant\u00eb q\u00eb ajo t\u00eb mbijetoj\u00eb, dhe i ftoj t\u00eb gjith\u00eb ata q\u00eb kan\u00eb shkruar dhe vazhdojn\u00eb ta b\u00ebjn\u00eb k\u00ebt\u00eb p\u00ebrmes \u201cKoh\u00ebs Javore\u201d q\u00eb t\u00eb b\u00ebhet nj\u00eb takim ku do shqyrtohen mund\u00ebsit se si ajo t\u00eb ket\u00eb nj\u00eb grup informal n\u00eb krah t\u00eb saj\u00eb.<\/p>\n<p><strong>Robert Camaj<br \/>\nKoha Javore<\/strong><\/p>\n","protected":false},"excerpt":{"rendered":"<p>Koha ishte muri mbi t\u00eb cilin lam\u00eb gjurm\u00eb, muri i vet\u00ebdijes son\u00eb, muri ku qanim hallet publikisht, forumi ku u bashkuam, ku u njoftuam, ku nganj\u00ebher\u00eb edhe u penduam q\u00eb shkruam p\u00ebr shkak t\u00eb konseguencave q\u00eb pat\u00ebm. Shkrirja e \u201cKoh\u00ebs Javore\u201d e paralajm\u00ebruar, e ishalla shkon ne vesh\u00eb t\u00eb shurdh\u00ebr, shuan nj\u00eb z\u00eb apo t\u00eb [&hellip;]<\/p>\n","protected":false},"author":1,"featured_media":0,"comment_status":"open","ping_status":"closed","sticky":false,"template":"","format":"standard","meta":{"spay_email":"","jetpack_publicize_message":"","jetpack_is_tweetstorm":false,"jetpack_publicize_feature_enabled":true},"categories":[11],"tags":[216,38,9622],"jetpack_publicize_connections":[],"yoast_head":"<!-- This site is optimized with the Yoast SEO plugin v19.1 - https:\/\/yoast.com\/wordpress\/plugins\/seo\/ -->\n<title>\u00c7\u00ebshtja e Koh\u00ebs Javore dhe e drejta jon\u00eb n\u00eb informim - Lajme nga Ulqini<\/title>\n<meta name=\"description\" content=\"Koha ishte muri mbi t\u00eb cilin lam\u00eb gjurm\u00eb, muri i vet\u00ebdijes son\u00eb, muri ku qanim hallet publikisht, forumi ku u bashkuam, ku u njoftuam, ku nganj\u00ebher\u00eb edhe\" \/>\n<meta name=\"robots\" content=\"index, follow, max-snippet:-1, max-image-preview:large, max-video-preview:-1\" \/>\n<link rel=\"canonical\" href=\"https:\/\/www.visit-ulcinj.com\/blog\/2009\/04\/27\/ceshtja-e-kohes-javore-dhe-e-drejta-jone-ne-informim\/\" \/>\n<meta property=\"og:locale\" content=\"en_US\" \/>\n<meta property=\"og:type\" content=\"article\" \/>\n<meta property=\"og:title\" content=\"\u00c7\u00ebshtja e Koh\u00ebs Javore dhe e drejta jon\u00eb n\u00eb informim - Lajme nga Ulqini\" \/>\n<meta property=\"og:description\" content=\"Koha ishte muri mbi t\u00eb cilin lam\u00eb gjurm\u00eb, muri i vet\u00ebdijes son\u00eb, muri ku qanim hallet publikisht, forumi ku u bashkuam, ku u njoftuam, ku nganj\u00ebher\u00eb edhe\" \/>\n<meta property=\"og:url\" content=\"https:\/\/www.visit-ulcinj.com\/blog\/2009\/04\/27\/ceshtja-e-kohes-javore-dhe-e-drejta-jone-ne-informim\/\" \/>\n<meta property=\"og:site_name\" content=\"Lajme nga Ulqini\" \/>\n<meta property=\"article:published_time\" content=\"2009-04-27T08:20:16+00:00\" \/>\n<meta property=\"og:image\" content=\"http:\/\/www.visit-ulcinj.com\/blog\/wp-content\/uploads\/2009\/04\/robert-camaj.jpg\" \/>\n<meta name=\"twitter:label1\" content=\"Written by\" \/>\n\t<meta name=\"twitter:data1\" content=\"ulqini\" \/>\n\t<meta name=\"twitter:label2\" content=\"Est. reading time\" \/>\n\t<meta name=\"twitter:data2\" content=\"4 minutes\" \/>\n<script type=\"application\/ld+json\" class=\"yoast-schema-graph\">{\"@context\":\"https:\/\/schema.org\",\"@graph\":[{\"@type\":\"WebSite\",\"@id\":\"https:\/\/www.visit-ulcinj.com\/blog\/#website\",\"url\":\"https:\/\/www.visit-ulcinj.com\/blog\/\",\"name\":\"Lajme nga Ulqini\",\"description\":\"Lajme,Vijesti,Ulqini,Ulqin,Crna Gora,Mali i Zi\",\"potentialAction\":[{\"@type\":\"SearchAction\",\"target\":{\"@type\":\"EntryPoint\",\"urlTemplate\":\"https:\/\/www.visit-ulcinj.com\/blog\/?s={search_term_string}\"},\"query-input\":\"required name=search_term_string\"}],\"inLanguage\":\"en-US\"},{\"@type\":\"ImageObject\",\"inLanguage\":\"en-US\",\"@id\":\"https:\/\/www.visit-ulcinj.com\/blog\/2009\/04\/27\/ceshtja-e-kohes-javore-dhe-e-drejta-jone-ne-informim\/#primaryimage\",\"url\":\"https:\/\/www.visit-ulcinj.com\/blog\/wp-content\/uploads\/2009\/04\/robert-camaj.jpg\",\"contentUrl\":\"https:\/\/www.visit-ulcinj.com\/blog\/wp-content\/uploads\/2009\/04\/robert-camaj.jpg\",\"width\":\"150\",\"height\":\"99\"},{\"@type\":\"WebPage\",\"@id\":\"https:\/\/www.visit-ulcinj.com\/blog\/2009\/04\/27\/ceshtja-e-kohes-javore-dhe-e-drejta-jone-ne-informim\/#webpage\",\"url\":\"https:\/\/www.visit-ulcinj.com\/blog\/2009\/04\/27\/ceshtja-e-kohes-javore-dhe-e-drejta-jone-ne-informim\/\",\"name\":\"\u00c7\u00ebshtja e Koh\u00ebs Javore dhe e drejta jon\u00eb n\u00eb informim - Lajme nga Ulqini\",\"isPartOf\":{\"@id\":\"https:\/\/www.visit-ulcinj.com\/blog\/#website\"},\"primaryImageOfPage\":{\"@id\":\"https:\/\/www.visit-ulcinj.com\/blog\/2009\/04\/27\/ceshtja-e-kohes-javore-dhe-e-drejta-jone-ne-informim\/#primaryimage\"},\"datePublished\":\"2009-04-27T08:20:16+00:00\",\"dateModified\":\"2009-04-27T08:20:16+00:00\",\"author\":{\"@id\":\"https:\/\/www.visit-ulcinj.com\/blog\/#\/schema\/person\/dcab619c614d3038751c63bc2aadc06d\"},\"description\":\"Koha ishte muri mbi t\u00eb cilin lam\u00eb gjurm\u00eb, muri i vet\u00ebdijes son\u00eb, muri ku qanim hallet publikisht, forumi ku u bashkuam, ku u njoftuam, ku nganj\u00ebher\u00eb edhe\",\"breadcrumb\":{\"@id\":\"https:\/\/www.visit-ulcinj.com\/blog\/2009\/04\/27\/ceshtja-e-kohes-javore-dhe-e-drejta-jone-ne-informim\/#breadcrumb\"},\"inLanguage\":\"en-US\",\"potentialAction\":[{\"@type\":\"ReadAction\",\"target\":[\"https:\/\/www.visit-ulcinj.com\/blog\/2009\/04\/27\/ceshtja-e-kohes-javore-dhe-e-drejta-jone-ne-informim\/\"]}]},{\"@type\":\"BreadcrumbList\",\"@id\":\"https:\/\/www.visit-ulcinj.com\/blog\/2009\/04\/27\/ceshtja-e-kohes-javore-dhe-e-drejta-jone-ne-informim\/#breadcrumb\",\"itemListElement\":[{\"@type\":\"ListItem\",\"position\":1,\"name\":\"\u00c7\u00ebshtja e Koh\u00ebs Javore dhe e drejta jon\u00eb n\u00eb informim\"}]},{\"@type\":\"Person\",\"@id\":\"https:\/\/www.visit-ulcinj.com\/blog\/#\/schema\/person\/dcab619c614d3038751c63bc2aadc06d\",\"name\":\"ulqini\",\"sameAs\":[\"http:\/\/www.visit-ulcinj.com\"],\"url\":\"https:\/\/www.visit-ulcinj.com\/blog\/author\/admin\/\"}]}<\/script>\n<!-- \/ Yoast SEO plugin. -->","yoast_head_json":{"title":"\u00c7\u00ebshtja e Koh\u00ebs Javore dhe e drejta jon\u00eb n\u00eb informim - Lajme nga Ulqini","description":"Koha ishte muri mbi t\u00eb cilin lam\u00eb gjurm\u00eb, muri i vet\u00ebdijes son\u00eb, muri ku qanim hallet publikisht, forumi ku u bashkuam, ku u njoftuam, ku nganj\u00ebher\u00eb edhe","robots":{"index":"index","follow":"follow","max-snippet":"max-snippet:-1","max-image-preview":"max-image-preview:large","max-video-preview":"max-video-preview:-1"},"canonical":"https:\/\/www.visit-ulcinj.com\/blog\/2009\/04\/27\/ceshtja-e-kohes-javore-dhe-e-drejta-jone-ne-informim\/","og_locale":"en_US","og_type":"article","og_title":"\u00c7\u00ebshtja e Koh\u00ebs Javore dhe e drejta jon\u00eb n\u00eb informim - Lajme nga Ulqini","og_description":"Koha ishte muri mbi t\u00eb cilin lam\u00eb gjurm\u00eb, muri i vet\u00ebdijes son\u00eb, muri ku qanim hallet publikisht, forumi ku u bashkuam, ku u njoftuam, ku nganj\u00ebher\u00eb edhe","og_url":"https:\/\/www.visit-ulcinj.com\/blog\/2009\/04\/27\/ceshtja-e-kohes-javore-dhe-e-drejta-jone-ne-informim\/","og_site_name":"Lajme nga Ulqini","article_published_time":"2009-04-27T08:20:16+00:00","og_image":[{"url":"http:\/\/www.visit-ulcinj.com\/blog\/wp-content\/uploads\/2009\/04\/robert-camaj.jpg"}],"twitter_misc":{"Written by":"ulqini","Est. reading time":"4 minutes"},"schema":{"@context":"https:\/\/schema.org","@graph":[{"@type":"WebSite","@id":"https:\/\/www.visit-ulcinj.com\/blog\/#website","url":"https:\/\/www.visit-ulcinj.com\/blog\/","name":"Lajme nga Ulqini","description":"Lajme,Vijesti,Ulqini,Ulqin,Crna Gora,Mali i Zi","potentialAction":[{"@type":"SearchAction","target":{"@type":"EntryPoint","urlTemplate":"https:\/\/www.visit-ulcinj.com\/blog\/?s={search_term_string}"},"query-input":"required name=search_term_string"}],"inLanguage":"en-US"},{"@type":"ImageObject","inLanguage":"en-US","@id":"https:\/\/www.visit-ulcinj.com\/blog\/2009\/04\/27\/ceshtja-e-kohes-javore-dhe-e-drejta-jone-ne-informim\/#primaryimage","url":"https:\/\/www.visit-ulcinj.com\/blog\/wp-content\/uploads\/2009\/04\/robert-camaj.jpg","contentUrl":"https:\/\/www.visit-ulcinj.com\/blog\/wp-content\/uploads\/2009\/04\/robert-camaj.jpg","width":"150","height":"99"},{"@type":"WebPage","@id":"https:\/\/www.visit-ulcinj.com\/blog\/2009\/04\/27\/ceshtja-e-kohes-javore-dhe-e-drejta-jone-ne-informim\/#webpage","url":"https:\/\/www.visit-ulcinj.com\/blog\/2009\/04\/27\/ceshtja-e-kohes-javore-dhe-e-drejta-jone-ne-informim\/","name":"\u00c7\u00ebshtja e Koh\u00ebs Javore dhe e drejta jon\u00eb n\u00eb informim - Lajme nga Ulqini","isPartOf":{"@id":"https:\/\/www.visit-ulcinj.com\/blog\/#website"},"primaryImageOfPage":{"@id":"https:\/\/www.visit-ulcinj.com\/blog\/2009\/04\/27\/ceshtja-e-kohes-javore-dhe-e-drejta-jone-ne-informim\/#primaryimage"},"datePublished":"2009-04-27T08:20:16+00:00","dateModified":"2009-04-27T08:20:16+00:00","author":{"@id":"https:\/\/www.visit-ulcinj.com\/blog\/#\/schema\/person\/dcab619c614d3038751c63bc2aadc06d"},"description":"Koha ishte muri mbi t\u00eb cilin lam\u00eb gjurm\u00eb, muri i vet\u00ebdijes son\u00eb, muri ku qanim hallet publikisht, forumi ku u bashkuam, ku u njoftuam, ku nganj\u00ebher\u00eb edhe","breadcrumb":{"@id":"https:\/\/www.visit-ulcinj.com\/blog\/2009\/04\/27\/ceshtja-e-kohes-javore-dhe-e-drejta-jone-ne-informim\/#breadcrumb"},"inLanguage":"en-US","potentialAction":[{"@type":"ReadAction","target":["https:\/\/www.visit-ulcinj.com\/blog\/2009\/04\/27\/ceshtja-e-kohes-javore-dhe-e-drejta-jone-ne-informim\/"]}]},{"@type":"BreadcrumbList","@id":"https:\/\/www.visit-ulcinj.com\/blog\/2009\/04\/27\/ceshtja-e-kohes-javore-dhe-e-drejta-jone-ne-informim\/#breadcrumb","itemListElement":[{"@type":"ListItem","position":1,"name":"\u00c7\u00ebshtja e Koh\u00ebs Javore dhe e drejta jon\u00eb n\u00eb informim"}]},{"@type":"Person","@id":"https:\/\/www.visit-ulcinj.com\/blog\/#\/schema\/person\/dcab619c614d3038751c63bc2aadc06d","name":"ulqini","sameAs":["http:\/\/www.visit-ulcinj.com"],"url":"https:\/\/www.visit-ulcinj.com\/blog\/author\/admin\/"}]}},"jetpack_featured_media_url":"","jetpack_sharing_enabled":true,"jetpack_shortlink":"https:\/\/wp.me\/pe6lTn-50l","_links":{"self":[{"href":"https:\/\/www.visit-ulcinj.com\/blog\/wp-json\/wp\/v2\/posts\/19241"}],"collection":[{"href":"https:\/\/www.visit-ulcinj.com\/blog\/wp-json\/wp\/v2\/posts"}],"about":[{"href":"https:\/\/www.visit-ulcinj.com\/blog\/wp-json\/wp\/v2\/types\/post"}],"author":[{"embeddable":true,"href":"https:\/\/www.visit-ulcinj.com\/blog\/wp-json\/wp\/v2\/users\/1"}],"replies":[{"embeddable":true,"href":"https:\/\/www.visit-ulcinj.com\/blog\/wp-json\/wp\/v2\/comments?post=19241"}],"version-history":[{"count":0,"href":"https:\/\/www.visit-ulcinj.com\/blog\/wp-json\/wp\/v2\/posts\/19241\/revisions"}],"wp:attachment":[{"href":"https:\/\/www.visit-ulcinj.com\/blog\/wp-json\/wp\/v2\/media?parent=19241"}],"wp:term":[{"taxonomy":"category","embeddable":true,"href":"https:\/\/www.visit-ulcinj.com\/blog\/wp-json\/wp\/v2\/categories?post=19241"},{"taxonomy":"post_tag","embeddable":true,"href":"https:\/\/www.visit-ulcinj.com\/blog\/wp-json\/wp\/v2\/tags?post=19241"}],"curies":[{"name":"wp","href":"https:\/\/api.w.org\/{rel}","templated":true}]}}