{"id":19252,"date":"2009-04-27T11:27:57","date_gmt":"2009-04-27T09:27:57","guid":{"rendered":"http:\/\/www.visit-ulcinj.com\/blog\/?p=19252"},"modified":"2009-04-27T11:27:57","modified_gmt":"2009-04-27T09:27:57","slug":"rentimi-i-valdanositbukuria-pa-hesap","status":"publish","type":"post","link":"https:\/\/www.visit-ulcinj.com\/blog\/2009\/04\/27\/rentimi-i-valdanositbukuria-pa-hesap\/","title":{"rendered":"Rentimi i Valdanosit,bukuria pa hesap"},"content":{"rendered":"<p><a href=\"http:\/\/www.visit-ulcinj.com\/blog\/wp-content\/uploads\/2009\/04\/valdanos_ulqin_mali-i-zi.jpg\"><img loading=\"lazy\" class=\"alignleft size-full wp-image-19253\" title=\"valdanos_ulqin_mali-i-zi\" src=\"http:\/\/www.visit-ulcinj.com\/blog\/wp-content\/uploads\/2009\/04\/valdanos_ulqin_mali-i-zi.jpg\" alt=\"valdanos_ulqin_mali-i-zi\" width=\"570\" height=\"400\" \/><\/a>T\u00eb gjith\u00eb ata t\u00eb cil\u00ebt kan\u00eb nd\u00ebrmend ta rentojn\u00eb Valdanosin, gjirin m\u00eb t\u00eb bukur t\u00eb Mesdheut, duhet ta din\u00eb se nj\u00eb pjes\u00eb e k\u00ebsaj pasurie \u00ebsht\u00eb n\u00eb kontest, thot\u00eb kryetari i Kuvendit t\u00eb Shoqat\u00ebs s\u00eb Ullishtar\u00ebve t\u00eb Ulqinit Basri Dervishi.<a href=\"http:\/\/www.visit-ulcinj.com\/blog\/wp-content\/uploads\/2009\/04\/valdanos_ulqin_mali-i-zi1.jpg\"><img loading=\"lazy\" class=\"alignleft size-thumbnail wp-image-19254\" title=\"valdanos_ulqin_mali-i-zi1\" src=\"http:\/\/www.visit-ulcinj.com\/blog\/wp-content\/uploads\/2009\/04\/valdanos_ulqin_mali-i-zi1-150x150.jpg\" alt=\"valdanos_ulqin_mali-i-zi1\" width=\"150\" height=\"150\" \/><\/a><br \/>\nN\u00eb Mal t\u00eb Zi dihet fare pak p\u00ebr dy firmat t\u00eb cilat, pas dy zgjatjeve t\u00eb afatit, kan\u00eb d\u00ebrguar ofertat p\u00ebr qiramarrjen 30-vje\u00e7are t\u00eb Valdanosit af\u00ebr Ulqinit.<br \/>\nKompania ruse Mos city group, e cila ka themeluar firm\u00ebn e vet n\u00eb Mal t\u00eb Zi MCG Montenegro, \u00ebsht\u00eb nj\u00eb firm\u00eb e madhe nd\u00ebrtimore e cila q\u00eb nga viti 2000 \u00ebsht\u00eb e fokusuar n\u00eb nd\u00ebrtimin e patundshm\u00ebrive. Roli i saj \u00ebsht\u00eb sidomos i r\u00ebnd\u00ebsish\u00ebm n\u00eb nd\u00ebrtimin e Moskva city, p\u00ebr t\u00eb cilin ka mb\u00ebshtetjen e plot\u00eb t\u00eb prefektit t\u00eb kryeqendr\u00ebs ruse Jurij Llushkov. N\u00eb fillim t\u00eb marsit u publikua se kjo kompani bleu p\u00ebr 60 milion\u00eb dollar\u00eb pakon shumic\u00eb t\u00eb aksioneve p\u00ebr dy hotele n\u00eb Mosk\u00eb. Pronari i MCG Pavel Fuks vizitoi para do kohe Valdanosin. T\u00eb m\u00ebrkur\u00ebn q\u00eb shkoi rus\u00ebt k\u00ebrkuan zgjatjen e afatit p\u00ebr d\u00ebrgimin e dokumenteve, sepse nuk i p\u00ebrmbushnin t\u00eb gjitha k\u00ebrkesat e tenderit. Kjo, n\u00eb radh\u00eb t\u00eb par\u00eb, ka t\u00eb b\u00ebj\u00eb me q\u00ebndrimin q\u00eb \u201cofertuesi duhet t\u00eb ket\u00eb t\u00eb pakt\u00ebn pes\u00eb vite p\u00ebrvoj\u00eb pune t\u00eb pand\u00ebrprer\u00eb n\u00eb planifikimin, zhvillimin dhe menaxhimin e hoteleve t\u00eb kategoris\u00eb s\u00eb lart\u00eb\u201d.<br \/>\nKompania britanike Cubus Lux kryesisht \u00ebsht\u00eb e p\u00ebrqendruar n\u00eb investime n\u00eb Kroacin\u00eb fqinje. Ajo drejton dy kazino n\u00eb pushimore turistike n\u00eb Pula dhe n\u00eb Selc dhe t\u00eb ashtuquajtur\u00ebn Marin\u00eb t\u00eb ishujve t\u00eb ullinjve (Olive Island Marina), me m\u00eb se 200 vendankorime af\u00ebr Zar\u00ebs. <a href=\"http:\/\/www.visit-ulcinj.com\/blog\/wp-content\/uploads\/2009\/04\/valdanos_ulqin_mali-i-zi2.jpg\"><img loading=\"lazy\" class=\"alignright size-thumbnail wp-image-19255\" title=\"valdanos_ulqin_mali-i-zi2\" src=\"http:\/\/www.visit-ulcinj.com\/blog\/wp-content\/uploads\/2009\/04\/valdanos_ulqin_mali-i-zi2-150x150.jpg\" alt=\"valdanos_ulqin_mali-i-zi2\" width=\"150\" height=\"150\" \/><\/a><br \/>\nKryetari i Drejtoris\u00eb s\u00eb Cubus Lux, sip\u00ebrmarr\u00ebsi austriak Gerhard Huber, deklaroi para do kohe se \u201c\u00ebsht\u00eb n\u00eb p\u00ebrfundim e sip\u00ebr mbyllja e konstruksionit financiar p\u00ebr nd\u00ebrtimin e qendr\u00ebs s\u00eb par\u00eb t\u00eb integruar t\u00eb pushimit n\u00eb bregdetin adriatik, me nj\u00eb vler\u00eb t\u00eb p\u00ebrgjithshme prej 120 milion\u00eb euro, q\u00eb do t\u00eb ndodhet n\u00eb Uglan\u201d.<\/p>\n<p><strong><br \/>\n<a href=\"http:\/\/www.visit-ulcinj.com\/blog\/wp-content\/uploads\/2009\/04\/valdanos_ulqin_mali-i-zi3.jpg\"><img loading=\"lazy\" class=\"alignleft size-thumbnail wp-image-19256\" title=\"valdanos_ulqin_mali-i-zi3\" src=\"http:\/\/www.visit-ulcinj.com\/blog\/wp-content\/uploads\/2009\/04\/valdanos_ulqin_mali-i-zi3-150x150.jpg\" alt=\"valdanos_ulqin_mali-i-zi3\" width=\"150\" height=\"150\" \/><\/a>PASURIA KONTESTUESE:<\/strong> Kund\u00ebr projekteve t\u00eb tilla megalomane, sidomos kund\u00ebr nd\u00ebrtimit t\u00eb hotelit n\u00eb fush\u00ebn e futbollit, kund\u00ebrshtojn\u00eb vendasit e qendr\u00ebs s\u00eb banuar Sutomishiqi. Ata n\u00eb janar t\u00eb k\u00ebtij viti n\u00ebnshkruan peticionin n\u00eb t\u00eb cilin theksohet se \u201cnga raporti i fundit financiar i revizionuar shihet qart\u00eb se Cubus Lux ka nj\u00eb linkuiditet t\u00eb ul\u00ebt, q\u00eb do t\u00eb thot\u00eb se mezi \u00ebsht\u00eb i aft\u00eb q\u00eb 49 % t\u00eb detyrimeve t\u00eb afatshkurtra t\u2019i mbuloj\u00eb nga pasuria e afatshkurt\u00ebr.<br \/>\nDekani i Fakultetit p\u00ebr Zhvillimin e Menaxhmentit Hotelier dhe Turistik Rade Ratkoviq, thot\u00eb p\u00ebr Monitor se p\u00ebr nj\u00eb lokalitet kaq atraktiv si\u00e7 \u00ebsht\u00eb Valdanosi duhet p\u00ebrdorur ndonj\u00eb model tjet\u00ebr.<a href=\"http:\/\/www.visit-ulcinj.com\/blog\/wp-content\/uploads\/2009\/04\/valdanos_ulqin_mali-i-zi4.jpg\"><img loading=\"lazy\" class=\"alignright size-thumbnail wp-image-19257\" title=\"valdanos_ulqin_mali-i-zi4\" src=\"http:\/\/www.visit-ulcinj.com\/blog\/wp-content\/uploads\/2009\/04\/valdanos_ulqin_mali-i-zi4-150x150.jpg\" alt=\"valdanos_ulqin_mali-i-zi4\" width=\"150\" height=\"150\" \/><\/a><br \/>\n\u201cUn\u00eb jam i bindur se m\u00eb s\u00eb miri \u00ebsht\u00eb t\u00eb b\u00ebhet modeli i partneritetit publiko-privat, t\u00eb themelohet firma, t\u00eb p\u00ebrkufizohet koncepti i zhvillimit dhe valorizimit t\u00eb k\u00ebtij rajoni, e pastaj t\u00eb k\u00ebrkohet partneri nga menaxhmenti hotelier\u201d, konsideron Ratkoviq, duke theksuar se projektet e tilla i mb\u00ebshtet edhe Agjencia Europiane p\u00ebr Rikonstruksion.<br \/>\nRatkoviq thekson se \u00ebsht\u00eb nj\u00eb gj\u00eb mjaft e keqe kur sip\u00ebrfaqet e tilla u cedohen firmave nd\u00ebrtimore t\u00eb cilat nuk zhvillojn\u00eb turizmin, por u japin p\u00ebrpar\u00ebsi patundshm\u00ebrive.<br \/>\nT\u00eb gjith\u00eb ata q\u00eb kan\u00eb nd\u00ebrmend ta rentojn\u00eb Valdanosin, gjirin m\u00eb t\u00eb bukur t\u00eb Mesdheut, duhet ta din\u00eb se nj\u00eb pjes\u00eb e k\u00ebsaj pasurie \u00ebsht\u00eb n\u00eb kontest, thot\u00eb p\u00ebr Monitor kryetari i Kuvendit t\u00eb Shoqat\u00ebs s\u00eb Ullishtar\u00ebve t\u00eb Ulqinit Basri Dervishi.<br \/>\n<a href=\"http:\/\/www.visit-ulcinj.com\/blog\/wp-content\/uploads\/2009\/04\/valdanos_ulqin_mali-i-zi5.jpg\"><img loading=\"lazy\" class=\"alignleft size-thumbnail wp-image-19258\" title=\"valdanos_ulqin_mali-i-zi5\" src=\"http:\/\/www.visit-ulcinj.com\/blog\/wp-content\/uploads\/2009\/04\/valdanos_ulqin_mali-i-zi5-150x150.jpg\" alt=\"valdanos_ulqin_mali-i-zi5\" width=\"150\" height=\"150\" \/><\/a>Ai thekson se mbi nj\u00ebzet ish-pronar\u00eb t\u00eb ullishtave t\u00eb k\u00ebtij gjiri, i cili n\u00eb vitin 1978 u konfiskua nga Sekretariati i at\u00ebhersh\u00ebm Federativ i Mbrojtjes Popullore, kan\u00eb paraqitur aktpadi para Gjykat\u00ebs Europiane p\u00ebr t\u00eb Drejtat e Njeriut n\u00eb Strazburg.<br \/>\nDervishi shton se Shoqata p\u00ebr Kthimin e Ullisht\u00ebs n\u00eb Valdanos brenda dhjet\u00eb dit\u00ebve do t\u00eb marr\u00eb qendrim lidhur me tenderin.<br \/>\n\u201cNe gjithashtu presim q\u00eb, si\u00e7 jemi marr\u00eb vesh m\u00eb p\u00ebrpara, q\u00eb p\u00ebr \u00e7do gj\u00eb t\u00eb na informojn\u00eb n\u00ebnkryetar\u00ebt e Qeveris\u00eb Igor Lukshiq dhe Vujica Llazoviq, ashtu sikurse q\u00eb edhe ne do t\u2019i njoftojm\u00eb lidhur me \u00e7do gj\u00eb diplomat\u00ebt e huaj dhe mediat n\u00eb Malin e Zi\u201d, p\u00ebrfundon Dervishi.<br \/>\nIsh pronar\u00ebt e ullisht\u00ebs n\u00eb Valdanos, pasi q\u00eb me vendimin e krer\u00ebve t\u00eb vet\u00ebqeverisjes lokale \u00ebsht\u00eb suprimuar Komisioni p\u00ebr kthimin dhe d\u00ebmshp\u00ebrblimin e tok\u00ebs s\u00eb konfiskuar n\u00eb Komun\u00ebn e Ulqinit, praktikisht jan\u00eb v\u00ebn\u00eb para aktit t\u00eb kryer. Si\u00e7 thon\u00eb ata, ose do t\u00eb jen\u00eb kopshtar\u00eb n\u00eb tok\u00eb t\u00eb huaj ose nuk do t\u2019u lejohet as t\u00eb shkelin mbi pasurin\u00eb e vet t\u00eb marr\u00eb me dhun\u00eb.<a href=\"http:\/\/www.visit-ulcinj.com\/blog\/wp-content\/uploads\/2009\/04\/valdanos_ulqin_mali-i-zi6.jpg\"><img loading=\"lazy\" class=\"size-thumbnail wp-image-19259 alignright\" title=\"valdanos_ulqin_mali-i-zi6\" src=\"http:\/\/www.visit-ulcinj.com\/blog\/wp-content\/uploads\/2009\/04\/valdanos_ulqin_mali-i-zi6-150x150.jpg\" alt=\"valdanos_ulqin_mali-i-zi6\" width=\"150\" height=\"150\" \/><\/a><br \/>\nNuk kemi t\u00eb drejt\u00eb t\u00eb gabojm\u00eb: p\u00ebr Ulqinak\u00ebt Valdanosi nuk \u00ebsht\u00eb vet\u00ebm \u00e7\u00ebshtje e rikthimit t\u00eb t\u00eb drejtave mbi pasurin\u00eb e sekuestuar. Ai gjithashtu \u00ebsht\u00eb \u00e7\u00ebshtje e tradit\u00ebs, e raportit ndaj natyr\u00ebs dhe e konceptimit t\u00eb s\u00eb ardhmes. Pasi q\u00eb k\u00ebtu ulliri p\u00ebrjetohet si bim\u00eb e shenjt\u00eb, atyre posa\u00e7\u00ebrisht ju dhemb q\u00eb 18 mij\u00eb rr\u00ebnj\u00eb ulliri tragjikisht jan\u00eb l\u00ebn\u00eb pas dore tashm\u00eb 30 vite t\u00eb plota. S\u00eb k\u00ebndejmi ata shpresojn\u00eb se e t\u00ebr\u00eb puna rreth rentimit t\u00eb Valdanosit do t\u00eb jet\u00eb e pasuksesshme.<br \/>\n\u201cBesoj se kjo do t\u00eb p\u00ebrfundoj\u00eb nj\u00ebsoj sikurse me arab\u00ebt\u201d, thot\u00eb Jusuf Karamanaga. Ai shton se askush n\u00eb k\u00ebt\u00eb qytet nuk \u00ebsht\u00eb kund\u00ebr investimeve dhe zhvillimit, por, para se t\u00eb ndodh\u00eb kjo, duhet t\u00eb dihet se \u00e7ka fitojn\u00eb Ulqini dhe Mali i Zi.<br \/>\n<a href=\"http:\/\/www.visit-ulcinj.com\/blog\/wp-content\/uploads\/2009\/04\/valdanos_ulqin_mali-i-zi8.jpg\"><img loading=\"lazy\" class=\"alignleft size-thumbnail wp-image-19260\" title=\"valdanos_ulqin_mali-i-zi8\" src=\"http:\/\/www.visit-ulcinj.com\/blog\/wp-content\/uploads\/2009\/04\/valdanos_ulqin_mali-i-zi8-150x150.jpg\" alt=\"valdanos_ulqin_mali-i-zi8\" width=\"150\" height=\"150\" \/><\/a>\u201cNeve na duhet nj\u00eb zhvillim i qendruesh\u00ebm dhe duhet t\u2019u l\u00ebm\u00eb di\u00e7ka edhe brezave t\u00eb ardhsh\u00ebm. Ne nuk kemi t\u00eb drejt\u00eb t\u00eb gabojm\u00eb\u201d, thot\u00eb Karamanaga.<br \/>\nQeveria e vendit q\u00eb \u00ebsht\u00eb skajshm\u00ebrisht e varur nga investimet dhe parat\u00eb e huaja, \u00ebsht\u00eb n\u00eb nj\u00eb nxitim t\u00eb madh. P\u00ebr k\u00ebt\u00eb arsye \u00ebsht\u00eb zgjatur dy her\u00eb afati p\u00ebr tender. As parlamenti lokal nuk prononcohet, ndon\u00ebse i t\u00ebr\u00eb Ulqini \u00ebsht\u00eb n\u00eb tender. Gjendjen e palakmueshme n\u00eb opinionin publik e d\u00ebshmon fakti se m\u00eb shum\u00eb flitet n\u00ebse Severina Vu\u00e7koviq do t\u00eb k\u00ebndoj\u00eb n\u00eb ceremonin\u00eb e cila brenda dhjet\u00eb dit\u00ebve do t\u00eb organizohet me rastin e rregullimit t\u00eb \u00e7arshis\u00eb sesa p\u00ebr Valdanosin, Plazhin e Madh dhe Ad\u00ebn.<\/p>\n<p><strong>Mustafa Canka<br \/>\nKoha Javore<\/strong><\/p>\n<p><strong>As nj\u00eb milion euro n\u00eb vit<\/strong><br \/>\n<a href=\"http:\/\/www.cubuslux.com\/index.php?an=croa_news\" target=\"_blank\"><img loading=\"lazy\" class=\"alignleft size-full wp-image-19261\" title=\"cubus-lux-logo\" src=\"http:\/\/www.visit-ulcinj.com\/blog\/wp-content\/uploads\/2009\/04\/cubus-lux-logo.gif\" alt=\"cubus-lux-logo\" width=\"321\" height=\"138\" \/><\/a><br \/>\nKomisioni i tenderimit i Qeveris\u00eb s\u00eb Malit t\u00eb Zi t\u00eb cilin e kryeson Vujica Llazoviq, tani do t\u00eb ket\u00eb detyr\u00eb t\u00eb r\u00ebnd\u00eb. Konzorciumi ruso-malazias Mos city group Montenegro ofroi 15 cent p\u00ebr nj\u00eb met\u00ebr katror dhe investime n\u00eb shum\u00ebn 644 milion\u00eb euro, kurse kompania britanike <a href=\"http:\/\/www.cubuslux.com\/index.php?an=croa_news\" target=\"_blank\"><strong>Cubus Lux<\/strong><\/a> rent\u00ebn prej 18 cent p\u00ebr met\u00ebr katror dhe investimin n\u00eb shum\u00ebn prej 223 milion\u00eb euro. Kjo do t\u00eb thot\u00eb se renta vjetore p\u00ebr k\u00ebt\u00eb sip\u00ebrfaqe unike prej 346 hektar\u00ebsh do t\u00eb jet\u00eb 650 mij\u00eb euro! N\u00ebse k\u00ebsaj i shtohet edhe pjesa variabile e \u00e7mimit t\u00eb rent\u00ebs prej pes\u00eb p\u00ebrqind nga qarkullimi i p\u00ebgjithsh\u00ebm vjetor t\u00eb cil\u00ebn e ofruan nga Cubus Lux renta e t\u00ebr\u00ebsishme as p\u00ebr dhjet\u00eb vite nuk do t\u2019i tejkaloj\u00eb as nj\u00eb milion euro. V\u00ebrtet\u00eb nj\u00eb shum\u00eb tep\u00ebr e vog\u00ebl p\u00ebr margaritarin e Mesdheut! Me siguri se m\u00eb shum\u00eb do t\u00eb mund t\u00eb fitohej vet\u00ebm nga ark\u00ebtimi i flet\u00ebhyrjeve p\u00ebr ata t\u00eb cil\u00ebt d\u00ebshirojn\u00eb t\u00eb lahen gjat\u00eb ver\u00ebs n\u00eb Valdanos.<\/p>\n<p><strong>Mustafa Canka<\/strong><strong><br \/>\nMonitor <\/strong><\/p>\n<!-- vimeo error: not a vimeo video -->\n","protected":false},"excerpt":{"rendered":"<p>T\u00eb gjith\u00eb ata t\u00eb cil\u00ebt kan\u00eb nd\u00ebrmend ta rentojn\u00eb Valdanosin, gjirin m\u00eb t\u00eb bukur t\u00eb Mesdheut, duhet ta din\u00eb se nj\u00eb pjes\u00eb e k\u00ebsaj pasurie \u00ebsht\u00eb n\u00eb kontest, thot\u00eb kryetari i Kuvendit t\u00eb Shoqat\u00ebs s\u00eb Ullishtar\u00ebve t\u00eb Ulqinit Basri Dervishi. N\u00eb Mal t\u00eb Zi dihet fare pak p\u00ebr dy firmat t\u00eb cilat, pas dy zgjatjeve [&hellip;]<\/p>\n","protected":false},"author":1,"featured_media":0,"comment_status":"open","ping_status":"closed","sticky":false,"template":"","format":"standard","meta":{"spay_email":"","jetpack_publicize_message":"","jetpack_is_tweetstorm":false,"jetpack_publicize_feature_enabled":true},"categories":[10],"tags":[9641,9635,5613,9633,9632,9643,9639,9647,9646,2879,5276,9637,9645,9634,9640,9648,9630,9636,9644,9642,9638,18,561,9631],"jetpack_publicize_connections":[],"yoast_head":"<!-- This site is optimized with the Yoast SEO plugin v19.1 - https:\/\/yoast.com\/wordpress\/plugins\/seo\/ -->\n<title>Rentimi i Valdanosit,bukuria pa hesap - Lajme nga Ulqini<\/title>\n<meta name=\"description\" content=\"T\u00eb gjith\u00eb ata t\u00eb cil\u00ebt kan\u00eb nd\u00ebrmend ta rentojn\u00eb Valdanosin, gjirin m\u00eb t\u00eb bukur t\u00eb Mesdheut, duhet ta din\u00eb se nj\u00eb pjes\u00eb e k\u00ebsaj pasurie \u00ebsht\u00eb n\u00eb kontest,\" \/>\n<meta name=\"robots\" content=\"index, follow, max-snippet:-1, max-image-preview:large, max-video-preview:-1\" \/>\n<link rel=\"canonical\" href=\"https:\/\/www.visit-ulcinj.com\/blog\/2009\/04\/27\/rentimi-i-valdanositbukuria-pa-hesap\/\" \/>\n<meta property=\"og:locale\" content=\"en_US\" \/>\n<meta property=\"og:type\" content=\"article\" \/>\n<meta property=\"og:title\" content=\"Rentimi i Valdanosit,bukuria pa hesap - Lajme nga Ulqini\" \/>\n<meta property=\"og:description\" content=\"T\u00eb gjith\u00eb ata t\u00eb cil\u00ebt kan\u00eb nd\u00ebrmend ta rentojn\u00eb Valdanosin, gjirin m\u00eb t\u00eb bukur t\u00eb Mesdheut, duhet ta din\u00eb se nj\u00eb pjes\u00eb e k\u00ebsaj pasurie \u00ebsht\u00eb n\u00eb kontest,\" \/>\n<meta property=\"og:url\" content=\"https:\/\/www.visit-ulcinj.com\/blog\/2009\/04\/27\/rentimi-i-valdanositbukuria-pa-hesap\/\" \/>\n<meta property=\"og:site_name\" content=\"Lajme nga Ulqini\" \/>\n<meta property=\"article:published_time\" content=\"2009-04-27T09:27:57+00:00\" \/>\n<meta property=\"og:image\" content=\"http:\/\/www.visit-ulcinj.com\/blog\/wp-content\/uploads\/2009\/04\/valdanos_ulqin_mali-i-zi.jpg\" \/>\n<meta name=\"twitter:label1\" content=\"Written by\" \/>\n\t<meta name=\"twitter:data1\" content=\"ulqini\" \/>\n\t<meta name=\"twitter:label2\" content=\"Est. reading time\" \/>\n\t<meta name=\"twitter:data2\" content=\"6 minutes\" \/>\n<script type=\"application\/ld+json\" class=\"yoast-schema-graph\">{\"@context\":\"https:\/\/schema.org\",\"@graph\":[{\"@type\":\"WebSite\",\"@id\":\"https:\/\/www.visit-ulcinj.com\/blog\/#website\",\"url\":\"https:\/\/www.visit-ulcinj.com\/blog\/\",\"name\":\"Lajme nga Ulqini\",\"description\":\"Lajme,Vijesti,Ulqini,Ulqin,Crna Gora,Mali i Zi\",\"potentialAction\":[{\"@type\":\"SearchAction\",\"target\":{\"@type\":\"EntryPoint\",\"urlTemplate\":\"https:\/\/www.visit-ulcinj.com\/blog\/?s={search_term_string}\"},\"query-input\":\"required name=search_term_string\"}],\"inLanguage\":\"en-US\"},{\"@type\":\"ImageObject\",\"inLanguage\":\"en-US\",\"@id\":\"https:\/\/www.visit-ulcinj.com\/blog\/2009\/04\/27\/rentimi-i-valdanositbukuria-pa-hesap\/#primaryimage\",\"url\":\"https:\/\/www.visit-ulcinj.com\/blog\/wp-content\/uploads\/2009\/04\/valdanos_ulqin_mali-i-zi.jpg\",\"contentUrl\":\"https:\/\/www.visit-ulcinj.com\/blog\/wp-content\/uploads\/2009\/04\/valdanos_ulqin_mali-i-zi.jpg\",\"width\":\"640\",\"height\":\"480\"},{\"@type\":\"WebPage\",\"@id\":\"https:\/\/www.visit-ulcinj.com\/blog\/2009\/04\/27\/rentimi-i-valdanositbukuria-pa-hesap\/#webpage\",\"url\":\"https:\/\/www.visit-ulcinj.com\/blog\/2009\/04\/27\/rentimi-i-valdanositbukuria-pa-hesap\/\",\"name\":\"Rentimi i Valdanosit,bukuria pa hesap - Lajme nga Ulqini\",\"isPartOf\":{\"@id\":\"https:\/\/www.visit-ulcinj.com\/blog\/#website\"},\"primaryImageOfPage\":{\"@id\":\"https:\/\/www.visit-ulcinj.com\/blog\/2009\/04\/27\/rentimi-i-valdanositbukuria-pa-hesap\/#primaryimage\"},\"datePublished\":\"2009-04-27T09:27:57+00:00\",\"dateModified\":\"2009-04-27T09:27:57+00:00\",\"author\":{\"@id\":\"https:\/\/www.visit-ulcinj.com\/blog\/#\/schema\/person\/dcab619c614d3038751c63bc2aadc06d\"},\"description\":\"T\u00eb gjith\u00eb ata t\u00eb cil\u00ebt kan\u00eb nd\u00ebrmend ta rentojn\u00eb Valdanosin, gjirin m\u00eb t\u00eb bukur t\u00eb Mesdheut, duhet ta din\u00eb se nj\u00eb pjes\u00eb e k\u00ebsaj pasurie \u00ebsht\u00eb n\u00eb kontest,\",\"breadcrumb\":{\"@id\":\"https:\/\/www.visit-ulcinj.com\/blog\/2009\/04\/27\/rentimi-i-valdanositbukuria-pa-hesap\/#breadcrumb\"},\"inLanguage\":\"en-US\",\"potentialAction\":[{\"@type\":\"ReadAction\",\"target\":[\"https:\/\/www.visit-ulcinj.com\/blog\/2009\/04\/27\/rentimi-i-valdanositbukuria-pa-hesap\/\"]}]},{\"@type\":\"BreadcrumbList\",\"@id\":\"https:\/\/www.visit-ulcinj.com\/blog\/2009\/04\/27\/rentimi-i-valdanositbukuria-pa-hesap\/#breadcrumb\",\"itemListElement\":[{\"@type\":\"ListItem\",\"position\":1,\"name\":\"Rentimi i Valdanosit,bukuria pa hesap\"}]},{\"@type\":\"Person\",\"@id\":\"https:\/\/www.visit-ulcinj.com\/blog\/#\/schema\/person\/dcab619c614d3038751c63bc2aadc06d\",\"name\":\"ulqini\",\"sameAs\":[\"http:\/\/www.visit-ulcinj.com\"],\"url\":\"https:\/\/www.visit-ulcinj.com\/blog\/author\/admin\/\"}]}<\/script>\n<!-- \/ Yoast SEO plugin. -->","yoast_head_json":{"title":"Rentimi i Valdanosit,bukuria pa hesap - Lajme nga Ulqini","description":"T\u00eb gjith\u00eb ata t\u00eb cil\u00ebt kan\u00eb nd\u00ebrmend ta rentojn\u00eb Valdanosin, gjirin m\u00eb t\u00eb bukur t\u00eb Mesdheut, duhet ta din\u00eb se nj\u00eb pjes\u00eb e k\u00ebsaj pasurie \u00ebsht\u00eb n\u00eb kontest,","robots":{"index":"index","follow":"follow","max-snippet":"max-snippet:-1","max-image-preview":"max-image-preview:large","max-video-preview":"max-video-preview:-1"},"canonical":"https:\/\/www.visit-ulcinj.com\/blog\/2009\/04\/27\/rentimi-i-valdanositbukuria-pa-hesap\/","og_locale":"en_US","og_type":"article","og_title":"Rentimi i Valdanosit,bukuria pa hesap - Lajme nga Ulqini","og_description":"T\u00eb gjith\u00eb ata t\u00eb cil\u00ebt kan\u00eb nd\u00ebrmend ta rentojn\u00eb Valdanosin, gjirin m\u00eb t\u00eb bukur t\u00eb Mesdheut, duhet ta din\u00eb se nj\u00eb pjes\u00eb e k\u00ebsaj pasurie \u00ebsht\u00eb n\u00eb kontest,","og_url":"https:\/\/www.visit-ulcinj.com\/blog\/2009\/04\/27\/rentimi-i-valdanositbukuria-pa-hesap\/","og_site_name":"Lajme nga Ulqini","article_published_time":"2009-04-27T09:27:57+00:00","og_image":[{"url":"http:\/\/www.visit-ulcinj.com\/blog\/wp-content\/uploads\/2009\/04\/valdanos_ulqin_mali-i-zi.jpg"}],"twitter_misc":{"Written by":"ulqini","Est. reading time":"6 minutes"},"schema":{"@context":"https:\/\/schema.org","@graph":[{"@type":"WebSite","@id":"https:\/\/www.visit-ulcinj.com\/blog\/#website","url":"https:\/\/www.visit-ulcinj.com\/blog\/","name":"Lajme nga Ulqini","description":"Lajme,Vijesti,Ulqini,Ulqin,Crna Gora,Mali i Zi","potentialAction":[{"@type":"SearchAction","target":{"@type":"EntryPoint","urlTemplate":"https:\/\/www.visit-ulcinj.com\/blog\/?s={search_term_string}"},"query-input":"required name=search_term_string"}],"inLanguage":"en-US"},{"@type":"ImageObject","inLanguage":"en-US","@id":"https:\/\/www.visit-ulcinj.com\/blog\/2009\/04\/27\/rentimi-i-valdanositbukuria-pa-hesap\/#primaryimage","url":"https:\/\/www.visit-ulcinj.com\/blog\/wp-content\/uploads\/2009\/04\/valdanos_ulqin_mali-i-zi.jpg","contentUrl":"https:\/\/www.visit-ulcinj.com\/blog\/wp-content\/uploads\/2009\/04\/valdanos_ulqin_mali-i-zi.jpg","width":"640","height":"480"},{"@type":"WebPage","@id":"https:\/\/www.visit-ulcinj.com\/blog\/2009\/04\/27\/rentimi-i-valdanositbukuria-pa-hesap\/#webpage","url":"https:\/\/www.visit-ulcinj.com\/blog\/2009\/04\/27\/rentimi-i-valdanositbukuria-pa-hesap\/","name":"Rentimi i Valdanosit,bukuria pa hesap - Lajme nga Ulqini","isPartOf":{"@id":"https:\/\/www.visit-ulcinj.com\/blog\/#website"},"primaryImageOfPage":{"@id":"https:\/\/www.visit-ulcinj.com\/blog\/2009\/04\/27\/rentimi-i-valdanositbukuria-pa-hesap\/#primaryimage"},"datePublished":"2009-04-27T09:27:57+00:00","dateModified":"2009-04-27T09:27:57+00:00","author":{"@id":"https:\/\/www.visit-ulcinj.com\/blog\/#\/schema\/person\/dcab619c614d3038751c63bc2aadc06d"},"description":"T\u00eb gjith\u00eb ata t\u00eb cil\u00ebt kan\u00eb nd\u00ebrmend ta rentojn\u00eb Valdanosin, gjirin m\u00eb t\u00eb bukur t\u00eb Mesdheut, duhet ta din\u00eb se nj\u00eb pjes\u00eb e k\u00ebsaj pasurie \u00ebsht\u00eb n\u00eb kontest,","breadcrumb":{"@id":"https:\/\/www.visit-ulcinj.com\/blog\/2009\/04\/27\/rentimi-i-valdanositbukuria-pa-hesap\/#breadcrumb"},"inLanguage":"en-US","potentialAction":[{"@type":"ReadAction","target":["https:\/\/www.visit-ulcinj.com\/blog\/2009\/04\/27\/rentimi-i-valdanositbukuria-pa-hesap\/"]}]},{"@type":"BreadcrumbList","@id":"https:\/\/www.visit-ulcinj.com\/blog\/2009\/04\/27\/rentimi-i-valdanositbukuria-pa-hesap\/#breadcrumb","itemListElement":[{"@type":"ListItem","position":1,"name":"Rentimi i Valdanosit,bukuria pa hesap"}]},{"@type":"Person","@id":"https:\/\/www.visit-ulcinj.com\/blog\/#\/schema\/person\/dcab619c614d3038751c63bc2aadc06d","name":"ulqini","sameAs":["http:\/\/www.visit-ulcinj.com"],"url":"https:\/\/www.visit-ulcinj.com\/blog\/author\/admin\/"}]}},"jetpack_featured_media_url":"","jetpack_sharing_enabled":true,"jetpack_shortlink":"https:\/\/wp.me\/pe6lTn-50w","_links":{"self":[{"href":"https:\/\/www.visit-ulcinj.com\/blog\/wp-json\/wp\/v2\/posts\/19252"}],"collection":[{"href":"https:\/\/www.visit-ulcinj.com\/blog\/wp-json\/wp\/v2\/posts"}],"about":[{"href":"https:\/\/www.visit-ulcinj.com\/blog\/wp-json\/wp\/v2\/types\/post"}],"author":[{"embeddable":true,"href":"https:\/\/www.visit-ulcinj.com\/blog\/wp-json\/wp\/v2\/users\/1"}],"replies":[{"embeddable":true,"href":"https:\/\/www.visit-ulcinj.com\/blog\/wp-json\/wp\/v2\/comments?post=19252"}],"version-history":[{"count":0,"href":"https:\/\/www.visit-ulcinj.com\/blog\/wp-json\/wp\/v2\/posts\/19252\/revisions"}],"wp:attachment":[{"href":"https:\/\/www.visit-ulcinj.com\/blog\/wp-json\/wp\/v2\/media?parent=19252"}],"wp:term":[{"taxonomy":"category","embeddable":true,"href":"https:\/\/www.visit-ulcinj.com\/blog\/wp-json\/wp\/v2\/categories?post=19252"},{"taxonomy":"post_tag","embeddable":true,"href":"https:\/\/www.visit-ulcinj.com\/blog\/wp-json\/wp\/v2\/tags?post=19252"}],"curies":[{"name":"wp","href":"https:\/\/api.w.org\/{rel}","templated":true}]}}