{"id":1927,"date":"2008-06-07T07:20:33","date_gmt":"2008-06-07T12:20:33","guid":{"rendered":"http:\/\/www.visit-ulcinj.com\/blog\/?p=1927"},"modified":"2008-06-07T07:31:29","modified_gmt":"2008-06-07T12:31:29","slug":"mali-i-zi-kufizon-futjen-e-ushqimit-ne-teritorin-e-saj","status":"publish","type":"post","link":"https:\/\/www.visit-ulcinj.com\/blog\/2008\/06\/07\/mali-i-zi-kufizon-futjen-e-ushqimit-ne-teritorin-e-saj\/","title":{"rendered":"Mali i Zi kufizon futjen e ushqimit n\u00eb teritorin e saj"},"content":{"rendered":"<p><a href=\"http:\/\/www.visit-ulcinj.com\/blog\/wp-content\/uploads\/2008\/06\/eko-taksa-crne-gore.jpg\"><img loading=\"lazy\" class=\"alignleft attachment wp-att-1928\" style=\"float: left;\" src=\"http:\/\/www.visit-ulcinj.com\/blog\/wp-content\/uploads\/2008\/06\/eko-taksa-crne-gore.thumbnail.jpg\" alt=\"eko taksa crne gore\" width=\"146\" height=\"104\" \/><\/a>Rregullorja p\u00ebr kufizimin e futjes s\u00eb ushqimit gjat\u00eb hyrjes n\u00eb Mal t\u00eb Zi do t\u00eb duhej t\u00eb filloj\u00eb t\u00eb zbatohet k\u00ebtyre dit\u00ebve me 15 korik.K\u00ebt\u00eb e paralajm\u00ebroi ministri malazez i Turizmit, Predrag Neneziq. Sipas rregullores, udh\u00ebtar\u00ebt n\u00eb Mal t\u00eb Zi, do t\u00eb mund t\u00eb fusin m\u00eb s\u00eb shumti nga nj\u00eb kilogram fruta t\u00eb thata ose perime, pes\u00eb litra uj\u00eb, dy litra pije joalkoolike dhe nj\u00eb lit\u00ebr pije alkoolike.Nd\u00ebrmjet do t\u00eb paguhet taksa ekologjike dhe do t\u00eb vlen nj\u00eb vit dhe p\u00ebr veturat arrin vler\u00ebn prej 15 eurove.<br \/>\n<strong>Lajme nga Ulqini<\/strong><br \/>\n<!-- vimeo error: not a vimeo video --><\/p>\n<p><a class=\"aligncenter\" title=\" annuaire,  Appartement en location,  auberge,  bungalow,  camping,  camping en ulcinj mot\u00e9n\u00e9gro,  campings en ulcinj mot\u00e9n\u00e9gro,  caravaning,  chalets en ulcinj mot\u00e9n\u00e9gro,  conseils pour pr\u00e9parer son voyage.,  cuisine,  destinations,  France,  gite,  guide,  guide de voyage,  guide en ulcinj mot\u00e9n\u00e9gro,  h\u00f4tels,  HEBERGEMENT,  hebergement en ulcinj mot\u00e9n\u00e9gro,  hotel en ulcinj mot\u00e9n\u00e9gro,  inn,  locatif en ulcinj mot\u00e9n\u00e9gro,  location Maison de vacances,  Locations Appartement en Ulcinj Mont\u00e9n\u00e9gro,  Locations saisonni\u00e8res,  loisirs,  meteo,  Michelin,  Offre Voyage,  Paris,  photo,  r\u00e9servations,  region en ulcinj mot\u00e9n\u00e9gro,  restaurant en ulcinj mot\u00e9n\u00e9gro,  s\u00e9jours,  tourisme,  tourisme en ulcinj mot\u00e9n\u00e9gro,  tourismes,  vacances,  Vacances Super Promos,  Voyage \u00e0 bas prix,  voyages\" href=\"http:\/\/www.visit-ulcinj.com\/tourism\/\" target=\"_blank\"><img loading=\"lazy\" style=\"vertical-align: middle;\" src=\"http:\/\/www.visit-ulcinj.com\/blog\/wp-content\/uploads\/2008\/06\/holiday-rental-ulcinj-ulqini_ulqin_logo.gif\" alt=\"Holiday Rental Ulcinj_Ulqin_Montenegro\" width=\"510\" height=\"145\" \/><\/a><\/p>\n<p><a class=\"aligncenter\" title=\" annuaire,  Appartement en location,  auberge,  bungalow,  camping,  camping en ulcinj mot\u00e9n\u00e9gro,  campings en ulcinj mot\u00e9n\u00e9gro,  caravaning,  chalets en ulcinj mot\u00e9n\u00e9gro,  conseils pour pr\u00e9parer son voyage.,  cuisine,  destinations,  France,  gite,  guide,  guide de voyage,  guide en ulcinj mot\u00e9n\u00e9gro,  h\u00f4tels,  HEBERGEMENT,  hebergement en ulcinj mot\u00e9n\u00e9gro,  hotel en ulcinj mot\u00e9n\u00e9gro,  inn,  locatif en ulcinj mot\u00e9n\u00e9gro,  location Maison de vacances,  Locations Appartement en Ulcinj Mont\u00e9n\u00e9gro,  Locations saisonni\u00e8res,  loisirs,  meteo,  Michelin,  Offre Voyage,  Paris,  photo,  r\u00e9servations,  region en ulcinj mot\u00e9n\u00e9gro,  restaurant en ulcinj mot\u00e9n\u00e9gro,  s\u00e9jours,  tourisme,  tourisme en ulcinj mot\u00e9n\u00e9gro,  tourismes,  vacances,  Vacances Super Promos,  Voyage \u00e0 bas prix,  voyages\" href=\"http:\/\/www.visit-ulcinj.com\/tourism\/\" target=\"_blank\"><br \/>\n<\/a><\/p>\n","protected":false},"excerpt":{"rendered":"<p><img loading=\"lazy\" class=\"attachment wp-att-1928 alignleft\" src=\"http:\/\/www.visit-ulcinj.com\/blog\/wp-content\/uploads\/2008\/06\/eko-taksa-crne-gore.thumbnail.jpg\" alt=\"eko taksa crne gore\" width=\"140\" height=\"140\" \/><\/p>\n","protected":false},"author":1,"featured_media":0,"comment_status":"open","ping_status":"closed","sticky":false,"template":"","format":"standard","meta":{"spay_email":"","jetpack_publicize_message":"","jetpack_is_tweetstorm":false,"jetpack_publicize_feature_enabled":true},"categories":[15],"tags":[3788,3793,3789,3791,3792,3795,2798,3794,3790],"jetpack_publicize_connections":[],"yoast_head":"<!-- This site is optimized with the Yoast SEO plugin v19.1 - https:\/\/yoast.com\/wordpress\/plugins\/seo\/ -->\n<title>Mali i Zi kufizon futjen e ushqimit n\u00eb teritorin e saj - Lajme nga Ulqini<\/title>\n<meta name=\"robots\" content=\"index, follow, max-snippet:-1, max-image-preview:large, max-video-preview:-1\" \/>\n<link rel=\"canonical\" href=\"https:\/\/www.visit-ulcinj.com\/blog\/2008\/06\/07\/mali-i-zi-kufizon-futjen-e-ushqimit-ne-teritorin-e-saj\/\" \/>\n<meta property=\"og:locale\" content=\"en_US\" \/>\n<meta property=\"og:type\" content=\"article\" \/>\n<meta property=\"og:title\" content=\"Mali i Zi kufizon futjen e ushqimit n\u00eb teritorin e saj - Lajme nga Ulqini\" \/>\n<meta property=\"og:url\" content=\"https:\/\/www.visit-ulcinj.com\/blog\/2008\/06\/07\/mali-i-zi-kufizon-futjen-e-ushqimit-ne-teritorin-e-saj\/\" \/>\n<meta property=\"og:site_name\" content=\"Lajme nga Ulqini\" \/>\n<meta property=\"article:published_time\" content=\"2008-06-07T12:20:33+00:00\" \/>\n<meta property=\"article:modified_time\" content=\"2008-06-07T12:31:29+00:00\" \/>\n<meta property=\"og:image\" content=\"http:\/\/www.visit-ulcinj.com\/blog\/wp-content\/uploads\/2008\/06\/eko-taksa-crne-gore.thumbnail.jpg\" \/>\n<meta name=\"twitter:label1\" content=\"Written by\" \/>\n\t<meta name=\"twitter:data1\" content=\"ulqini\" \/>\n\t<meta name=\"twitter:label2\" content=\"Est. reading time\" \/>\n\t<meta name=\"twitter:data2\" content=\"1 minute\" \/>\n<script type=\"application\/ld+json\" class=\"yoast-schema-graph\">{\"@context\":\"https:\/\/schema.org\",\"@graph\":[{\"@type\":\"WebSite\",\"@id\":\"https:\/\/www.visit-ulcinj.com\/blog\/#website\",\"url\":\"https:\/\/www.visit-ulcinj.com\/blog\/\",\"name\":\"Lajme nga Ulqini\",\"description\":\"Lajme,Vijesti,Ulqini,Ulqin,Crna Gora,Mali i Zi\",\"potentialAction\":[{\"@type\":\"SearchAction\",\"target\":{\"@type\":\"EntryPoint\",\"urlTemplate\":\"https:\/\/www.visit-ulcinj.com\/blog\/?s={search_term_string}\"},\"query-input\":\"required name=search_term_string\"}],\"inLanguage\":\"en-US\"},{\"@type\":\"ImageObject\",\"inLanguage\":\"en-US\",\"@id\":\"https:\/\/www.visit-ulcinj.com\/blog\/2008\/06\/07\/mali-i-zi-kufizon-futjen-e-ushqimit-ne-teritorin-e-saj\/#primaryimage\",\"url\":\"http:\/\/www.visit-ulcinj.com\/blog\/wp-content\/uploads\/2008\/06\/eko-taksa-crne-gore.thumbnail.jpg\",\"contentUrl\":\"http:\/\/www.visit-ulcinj.com\/blog\/wp-content\/uploads\/2008\/06\/eko-taksa-crne-gore.thumbnail.jpg\"},{\"@type\":\"WebPage\",\"@id\":\"https:\/\/www.visit-ulcinj.com\/blog\/2008\/06\/07\/mali-i-zi-kufizon-futjen-e-ushqimit-ne-teritorin-e-saj\/#webpage\",\"url\":\"https:\/\/www.visit-ulcinj.com\/blog\/2008\/06\/07\/mali-i-zi-kufizon-futjen-e-ushqimit-ne-teritorin-e-saj\/\",\"name\":\"Mali i Zi kufizon futjen e ushqimit n\u00eb teritorin e saj - Lajme nga Ulqini\",\"isPartOf\":{\"@id\":\"https:\/\/www.visit-ulcinj.com\/blog\/#website\"},\"primaryImageOfPage\":{\"@id\":\"https:\/\/www.visit-ulcinj.com\/blog\/2008\/06\/07\/mali-i-zi-kufizon-futjen-e-ushqimit-ne-teritorin-e-saj\/#primaryimage\"},\"datePublished\":\"2008-06-07T12:20:33+00:00\",\"dateModified\":\"2008-06-07T12:31:29+00:00\",\"author\":{\"@id\":\"https:\/\/www.visit-ulcinj.com\/blog\/#\/schema\/person\/dcab619c614d3038751c63bc2aadc06d\"},\"breadcrumb\":{\"@id\":\"https:\/\/www.visit-ulcinj.com\/blog\/2008\/06\/07\/mali-i-zi-kufizon-futjen-e-ushqimit-ne-teritorin-e-saj\/#breadcrumb\"},\"inLanguage\":\"en-US\",\"potentialAction\":[{\"@type\":\"ReadAction\",\"target\":[\"https:\/\/www.visit-ulcinj.com\/blog\/2008\/06\/07\/mali-i-zi-kufizon-futjen-e-ushqimit-ne-teritorin-e-saj\/\"]}]},{\"@type\":\"BreadcrumbList\",\"@id\":\"https:\/\/www.visit-ulcinj.com\/blog\/2008\/06\/07\/mali-i-zi-kufizon-futjen-e-ushqimit-ne-teritorin-e-saj\/#breadcrumb\",\"itemListElement\":[{\"@type\":\"ListItem\",\"position\":1,\"name\":\"Mali i Zi kufizon futjen e ushqimit n\u00eb teritorin e saj\"}]},{\"@type\":\"Person\",\"@id\":\"https:\/\/www.visit-ulcinj.com\/blog\/#\/schema\/person\/dcab619c614d3038751c63bc2aadc06d\",\"name\":\"ulqini\",\"sameAs\":[\"http:\/\/www.visit-ulcinj.com\"],\"url\":\"https:\/\/www.visit-ulcinj.com\/blog\/author\/admin\/\"}]}<\/script>\n<!-- \/ Yoast SEO plugin. -->","yoast_head_json":{"title":"Mali i Zi kufizon futjen e ushqimit n\u00eb teritorin e saj - Lajme nga Ulqini","robots":{"index":"index","follow":"follow","max-snippet":"max-snippet:-1","max-image-preview":"max-image-preview:large","max-video-preview":"max-video-preview:-1"},"canonical":"https:\/\/www.visit-ulcinj.com\/blog\/2008\/06\/07\/mali-i-zi-kufizon-futjen-e-ushqimit-ne-teritorin-e-saj\/","og_locale":"en_US","og_type":"article","og_title":"Mali i Zi kufizon futjen e ushqimit n\u00eb teritorin e saj - Lajme nga Ulqini","og_url":"https:\/\/www.visit-ulcinj.com\/blog\/2008\/06\/07\/mali-i-zi-kufizon-futjen-e-ushqimit-ne-teritorin-e-saj\/","og_site_name":"Lajme nga Ulqini","article_published_time":"2008-06-07T12:20:33+00:00","article_modified_time":"2008-06-07T12:31:29+00:00","og_image":[{"url":"http:\/\/www.visit-ulcinj.com\/blog\/wp-content\/uploads\/2008\/06\/eko-taksa-crne-gore.thumbnail.jpg"}],"twitter_misc":{"Written by":"ulqini","Est. reading time":"1 minute"},"schema":{"@context":"https:\/\/schema.org","@graph":[{"@type":"WebSite","@id":"https:\/\/www.visit-ulcinj.com\/blog\/#website","url":"https:\/\/www.visit-ulcinj.com\/blog\/","name":"Lajme nga Ulqini","description":"Lajme,Vijesti,Ulqini,Ulqin,Crna Gora,Mali i Zi","potentialAction":[{"@type":"SearchAction","target":{"@type":"EntryPoint","urlTemplate":"https:\/\/www.visit-ulcinj.com\/blog\/?s={search_term_string}"},"query-input":"required name=search_term_string"}],"inLanguage":"en-US"},{"@type":"ImageObject","inLanguage":"en-US","@id":"https:\/\/www.visit-ulcinj.com\/blog\/2008\/06\/07\/mali-i-zi-kufizon-futjen-e-ushqimit-ne-teritorin-e-saj\/#primaryimage","url":"http:\/\/www.visit-ulcinj.com\/blog\/wp-content\/uploads\/2008\/06\/eko-taksa-crne-gore.thumbnail.jpg","contentUrl":"http:\/\/www.visit-ulcinj.com\/blog\/wp-content\/uploads\/2008\/06\/eko-taksa-crne-gore.thumbnail.jpg"},{"@type":"WebPage","@id":"https:\/\/www.visit-ulcinj.com\/blog\/2008\/06\/07\/mali-i-zi-kufizon-futjen-e-ushqimit-ne-teritorin-e-saj\/#webpage","url":"https:\/\/www.visit-ulcinj.com\/blog\/2008\/06\/07\/mali-i-zi-kufizon-futjen-e-ushqimit-ne-teritorin-e-saj\/","name":"Mali i Zi kufizon futjen e ushqimit n\u00eb teritorin e saj - Lajme nga Ulqini","isPartOf":{"@id":"https:\/\/www.visit-ulcinj.com\/blog\/#website"},"primaryImageOfPage":{"@id":"https:\/\/www.visit-ulcinj.com\/blog\/2008\/06\/07\/mali-i-zi-kufizon-futjen-e-ushqimit-ne-teritorin-e-saj\/#primaryimage"},"datePublished":"2008-06-07T12:20:33+00:00","dateModified":"2008-06-07T12:31:29+00:00","author":{"@id":"https:\/\/www.visit-ulcinj.com\/blog\/#\/schema\/person\/dcab619c614d3038751c63bc2aadc06d"},"breadcrumb":{"@id":"https:\/\/www.visit-ulcinj.com\/blog\/2008\/06\/07\/mali-i-zi-kufizon-futjen-e-ushqimit-ne-teritorin-e-saj\/#breadcrumb"},"inLanguage":"en-US","potentialAction":[{"@type":"ReadAction","target":["https:\/\/www.visit-ulcinj.com\/blog\/2008\/06\/07\/mali-i-zi-kufizon-futjen-e-ushqimit-ne-teritorin-e-saj\/"]}]},{"@type":"BreadcrumbList","@id":"https:\/\/www.visit-ulcinj.com\/blog\/2008\/06\/07\/mali-i-zi-kufizon-futjen-e-ushqimit-ne-teritorin-e-saj\/#breadcrumb","itemListElement":[{"@type":"ListItem","position":1,"name":"Mali i Zi kufizon futjen e ushqimit n\u00eb teritorin e saj"}]},{"@type":"Person","@id":"https:\/\/www.visit-ulcinj.com\/blog\/#\/schema\/person\/dcab619c614d3038751c63bc2aadc06d","name":"ulqini","sameAs":["http:\/\/www.visit-ulcinj.com"],"url":"https:\/\/www.visit-ulcinj.com\/blog\/author\/admin\/"}]}},"jetpack_featured_media_url":"","jetpack_sharing_enabled":true,"jetpack_shortlink":"https:\/\/wp.me\/pe6lTn-v5","_links":{"self":[{"href":"https:\/\/www.visit-ulcinj.com\/blog\/wp-json\/wp\/v2\/posts\/1927"}],"collection":[{"href":"https:\/\/www.visit-ulcinj.com\/blog\/wp-json\/wp\/v2\/posts"}],"about":[{"href":"https:\/\/www.visit-ulcinj.com\/blog\/wp-json\/wp\/v2\/types\/post"}],"author":[{"embeddable":true,"href":"https:\/\/www.visit-ulcinj.com\/blog\/wp-json\/wp\/v2\/users\/1"}],"replies":[{"embeddable":true,"href":"https:\/\/www.visit-ulcinj.com\/blog\/wp-json\/wp\/v2\/comments?post=1927"}],"version-history":[{"count":0,"href":"https:\/\/www.visit-ulcinj.com\/blog\/wp-json\/wp\/v2\/posts\/1927\/revisions"}],"wp:attachment":[{"href":"https:\/\/www.visit-ulcinj.com\/blog\/wp-json\/wp\/v2\/media?parent=1927"}],"wp:term":[{"taxonomy":"category","embeddable":true,"href":"https:\/\/www.visit-ulcinj.com\/blog\/wp-json\/wp\/v2\/categories?post=1927"},{"taxonomy":"post_tag","embeddable":true,"href":"https:\/\/www.visit-ulcinj.com\/blog\/wp-json\/wp\/v2\/tags?post=1927"}],"curies":[{"name":"wp","href":"https:\/\/api.w.org\/{rel}","templated":true}]}}