{"id":19283,"date":"2009-04-27T13:12:59","date_gmt":"2009-04-27T11:12:59","guid":{"rendered":"http:\/\/www.visit-ulcinj.com\/blog\/?p=19283"},"modified":"2009-05-04T20:09:41","modified_gmt":"2009-05-04T18:09:41","slug":"mbrojtja-e-ulqinit-lufte-per-te-gjithe-popullin-shqiptar","status":"publish","type":"post","link":"https:\/\/www.visit-ulcinj.com\/blog\/2009\/04\/27\/mbrojtja-e-ulqinit-lufte-per-te-gjithe-popullin-shqiptar\/","title":{"rendered":"Mbrojtja e Ulqinit, luft\u00eb p\u00ebr t\u00eb gjith\u00eb popullin shqiptar"},"content":{"rendered":"<p><strong><a href=\"http:\/\/www.visit-ulcinj.com\/blog\/wp-content\/uploads\/2009\/04\/kostumet-nacionale-shqiptare-ne-mal-te-zi.jpg\"><img loading=\"lazy\" class=\"alignleft size-full wp-image-19284\" title=\"kostumet-nacionale-shqiptare-ne-mal-te-zi\" src=\"http:\/\/www.visit-ulcinj.com\/blog\/wp-content\/uploads\/2009\/04\/kostumet-nacionale-shqiptare-ne-mal-te-zi.jpg\" alt=\"kostumet-nacionale-shqiptare-ne-mal-te-zi\" width=\"570\" height=\"403\" \/><\/a>Ulqini n\u00eb vitet e Lidhjes shqiptare t\u00eb Prizrenit 1878-1881 (18)<\/strong><br \/>\nP\u00ebrgatitjet p\u00ebr mbrojtjen e Ulqinit shkaktuan shqet\u00ebsim n\u00eb Cetin\u00eb. Ministri i Pun\u00ebve t\u00eb Jashtme i Malit t\u00eb Zi, Stanko Radonjiqi, i shkruante konsullit francez, Sent Kantenit, m\u00eb 4 korrik 1880, se kishte frik\u00eb q\u00eb me Ulqinin mos po p\u00ebrs\u00ebritej \u201cskandali i Plav\u00ebs dhe i Tuzit\u201d.<br \/>\nN\u00eb koh\u00ebn e ngjarjeve rreth Ulqinit, Komiteti i Lidhjes s\u00eb Shkodr\u00ebs ishte mjaft i organizuar dhe i fort\u00eb. Ai e mori drejtp\u00ebrdrejt n\u00eb dor\u00eb mbrojtjen e qytetit dhe rrethinave t\u00eb tij. Ai e kishte n\u00eb duar fuqin\u00eb e pushtetit, sepse Porta duhej t\u00eb konsultohej me t\u00eb p\u00ebr dor\u00ebzimin e Ulqinit. Duhet theksuar mendimin e diplomat\u00ebve t\u00eb huaj t\u00eb cil\u00ebt theksonin se p\u00ebr fuqin\u00eb e Lidhjes duhej pasur kujdes nj\u00ebsoj si p\u00ebr fuqin\u00eb e Turqis\u00eb.<br \/>\nMbrojtja e Ulqinit vler\u00ebsohej si luft\u00eb p\u00ebr t\u00eb gjith\u00eb popullin shqiptar. K\u00ebt\u00eb detyr\u00eb e vler\u00ebsuar, si obligim komb\u00ebtar, mbrojtjen e qytetit me rrethina e mori n\u00eb dor\u00eb Komiteti i Shkodr\u00ebs.<br \/>\nKrahas gatishm\u00ebris\u00eb p\u00ebr q\u00ebndres\u00eb t\u00eb armatosur, u hartua edhe plani i p\u00ebrq\u00ebndrimit t\u00eb forcave t\u00eb armatosura. Ushtria vullnetare mbrojt\u00ebse e Ulqinit ishte e organizuar n\u00eb tre korpuse:<\/p>\n<ul>\n<li><strong>1. n\u00eb Mozhur q\u00ebndronin forcat vullnetare ulqinake dhe t\u00eb rrethin\u00ebs s\u00eb ngusht\u00eb n\u00ebn komand\u00ebn e Mehmet Becit;<\/strong><\/li>\n<\/ul>\n<ul>\n<li><strong>2. n\u00eb Goran\u00eb q\u00ebndronin forcat vullnetare shkodrane dhe anamalase n\u00ebn komand\u00ebn e Isuf ag\u00ebs dhe Haxhi Muftarit (Isuf Sokolit);<\/strong><\/li>\n<\/ul>\n<ul>\n<li><strong>3. n\u00eb Kaliman q\u00ebndronin forcat vullnetare t\u00eb krahinave t\u00eb tjera, komandanti i t\u00eb cilave ende nuk ishte caktuar.<\/strong><\/li>\n<\/ul>\n<p>Pas t\u00eb gjitha ballafaqimeve diplomatike, \u00e7\u00ebshtja e Ulqinit filloi t\u00eb hynte n\u00eb binar\u00eb edhe m\u00eb t\u00eb komplikuar.<br \/>\nGjat\u00eb muajit korrik problemi zhvillohej n\u00eb disa fronte. P\u00ebr forcimin e frontit t\u00eb mbrojtjes s\u00eb Ulqinit b\u00ebhej nj\u00eb mobilizim i ri. \u00c7do familje duhej t\u00eb d\u00ebrgonte nj\u00eb mashkull vullnetar. D\u00ebrgimi i ushqimeve n\u00eb front qe organizuar si p\u00ebrmes rrug\u00ebs ujore ashtu edhe p\u00ebrmes asaj tok\u00ebsore.<br \/>\nSipas t\u00eb dh\u00ebnave t\u00eb z\u00ebvend\u00ebskonsullit austro-hungarez n\u00eb Tivar, del se n\u00eb Ulqin me rrethina ishin p\u00ebrq\u00ebndruar forca t\u00eb konsiderueshme vullnetar\u00ebsh t\u00eb armatosur. Kjo mas\u00eb njer\u00ebzish, e vendosur n\u00ebp\u00ebr kampe, shtrihej nga Ulqini deri te shpatet e malit Mozhurr. Lajmet e m\u00ebvonshme v\u00ebn\u00eb n\u00eb dukje se priteshin p\u00ebrforcime me forca t\u00eb tjera prej 6 mij\u00eb shqiptar\u00ebsh vullnetar\u00eb, nd\u00ebrsa n\u00eb disa lajme t\u00eb tjera thuhet se nga Kavaja, Elbasani, Durr\u00ebsi dhe Vlora kan\u00eb premtuar se, sipas nevoj\u00ebs, do t\u00eb d\u00ebrgoheshin edhe 12 mij\u00eb vet\u00eb t\u00eb tjer\u00eb. K\u00ebto forca t\u00eb armatosura t\u00eb Lidhjes Shqiptare, duke filluar nga Ulqini, t\u00eb shp\u00ebrndara n\u00eb nj\u00ebsi t\u00eb vogla deri n\u00eb rr\u00ebz\u00eb t\u00eb malit Mozhurr, p\u00ebrparonin gjithnj\u00eb e m\u00eb tep\u00ebr dhe arrit\u00ebn gati deri n\u00eb Kunje. Shqiptar\u00ebt nuk hasnin n\u00eb rezistenc\u00ebn e forcave malazeze, sepse, si\u00e7 b\u00ebhet me dije, ato b\u00ebnin nj\u00eb mbrojtje thjesht pasive. Kjo ishte nj\u00eb taktik\u00eb e tyre sipas s\u00eb cil\u00ebs do t\u00eb lejohej q\u00eb shqiptar\u00ebt t\u00eb p\u00ebrparonin qoft\u00eb edhe deri n\u00eb Dobrovod\u00eb, af\u00ebr Tivarit, q\u00eb aty pastaj t\u2019i rrethonin dhe shpartallonin. Mir\u00ebpo, nga ana tjet\u00ebr, askush nuk ishte i bindur se shqiptar\u00ebt jan\u00eb aq naiv\u00eb q\u00eb t\u00eb lejonin t\u00eb kapeshin e t\u00eb mposhteshin n\u00eb befasi.<br \/>\nDuke p\u00ebrcjellur l\u00ebvizjet e kryera nga L\u00ebvizja Shqiptare, forcat malazeze t\u00eb stacionuara n\u00eb Ur\u00eb t\u00eb M\u00ebrkotit u t\u00ebrhoq\u00ebn nga kjo pik\u00eb dhe u stacionuan n\u00eb Kunje. P\u00ebrgatitjet p\u00ebr mbrojtjen e Ulqinit shkaktuan shqet\u00ebsim n\u00eb Cetin\u00eb. Ministri i Pun\u00ebve t\u00eb Jashtme i Malit t\u00eb Zi, Stanko Radonjiqi, i shkruante konsullit francez, Sent Kantenit, m\u00eb 4 korrik 1880 se kishte frik\u00eb q\u00eb me Ulqinin mos po p\u00ebrs\u00ebritej \u201cskandali i Plav\u00ebs dhe i Tuzit\u201d.<br \/>\nVjena u pajtua me pik\u00ebpamjen e Londr\u00ebs se Ulqini nuk do t\u00eb dor\u00ebzohej leht\u00eb n\u00eb qoft\u00eb se nuk do t\u00eb p\u00ebrdorej forca kund\u00ebr Port\u00ebs s\u00eb Lart\u00eb.<br \/>\nEdhe konsulli italian, Zerbo, u deklarua se projekti i l\u00ebshimit t\u00eb territoreve shqiptare \u00ebsht\u00eb shum\u00eb i v\u00ebshtir\u00eb dhe mund t\u00eb ket\u00eb t\u00eb nj\u00ebjtin p\u00ebrfundim si projektet e tjera t\u00eb m\u00ebparshme.<\/p>\n<p><strong>Riza Rexha<\/strong><strong><br \/>\nKoha Javore<\/strong><\/p>\n<p><strong><!--YouTube Error: bad URL entered--><br \/>\n<\/strong><\/p>\n","protected":false},"excerpt":{"rendered":"<p>Ulqini n\u00eb vitet e Lidhjes shqiptare t\u00eb Prizrenit 1878-1881 (18) P\u00ebrgatitjet p\u00ebr mbrojtjen e Ulqinit shkaktuan shqet\u00ebsim n\u00eb Cetin\u00eb. Ministri i Pun\u00ebve t\u00eb Jashtme i Malit t\u00eb Zi, Stanko Radonjiqi, i shkruante konsullit francez, Sent Kantenit, m\u00eb 4 korrik 1880, se kishte frik\u00eb q\u00eb me Ulqinin mos po p\u00ebrs\u00ebritej \u201cskandali i Plav\u00ebs dhe i Tuzit\u201d. [&hellip;]<\/p>\n","protected":false},"author":1,"featured_media":0,"comment_status":"open","ping_status":"closed","sticky":false,"template":"","format":"standard","meta":{"spay_email":"","jetpack_publicize_message":"","jetpack_is_tweetstorm":false,"jetpack_publicize_feature_enabled":true},"categories":[4],"tags":[9666,9663,9667,9664,9668,9658,9665,9661,5804,9662,9660,200,18,9659],"jetpack_publicize_connections":[],"yoast_head":"<!-- This site is optimized with the Yoast SEO plugin v19.1 - https:\/\/yoast.com\/wordpress\/plugins\/seo\/ -->\n<title>Mbrojtja e Ulqinit, luft\u00eb p\u00ebr t\u00eb gjith\u00eb popullin shqiptar - Lajme nga Ulqini<\/title>\n<meta name=\"description\" content=\"Ulqini n\u00eb vitet e Lidhjes shqiptare t\u00eb Prizrenit 1878-1881 (18) P\u00ebrgatitjet p\u00ebr mbrojtjen e Ulqinit shkaktuan shqet\u00ebsim n\u00eb Cetin\u00eb. Ministri i Pun\u00ebve t\u00eb\" \/>\n<meta name=\"robots\" content=\"index, follow, max-snippet:-1, max-image-preview:large, max-video-preview:-1\" \/>\n<link rel=\"canonical\" href=\"https:\/\/www.visit-ulcinj.com\/blog\/2009\/04\/27\/mbrojtja-e-ulqinit-lufte-per-te-gjithe-popullin-shqiptar\/\" \/>\n<meta property=\"og:locale\" content=\"en_US\" \/>\n<meta property=\"og:type\" content=\"article\" \/>\n<meta property=\"og:title\" content=\"Mbrojtja e Ulqinit, luft\u00eb p\u00ebr t\u00eb gjith\u00eb popullin shqiptar - Lajme nga Ulqini\" \/>\n<meta property=\"og:description\" content=\"Ulqini n\u00eb vitet e Lidhjes shqiptare t\u00eb Prizrenit 1878-1881 (18) P\u00ebrgatitjet p\u00ebr mbrojtjen e Ulqinit shkaktuan shqet\u00ebsim n\u00eb Cetin\u00eb. Ministri i Pun\u00ebve t\u00eb\" \/>\n<meta property=\"og:url\" content=\"https:\/\/www.visit-ulcinj.com\/blog\/2009\/04\/27\/mbrojtja-e-ulqinit-lufte-per-te-gjithe-popullin-shqiptar\/\" \/>\n<meta property=\"og:site_name\" content=\"Lajme nga Ulqini\" \/>\n<meta property=\"article:published_time\" content=\"2009-04-27T11:12:59+00:00\" \/>\n<meta property=\"article:modified_time\" content=\"2009-05-04T18:09:41+00:00\" \/>\n<meta property=\"og:image\" content=\"http:\/\/www.visit-ulcinj.com\/blog\/wp-content\/uploads\/2009\/04\/kostumet-nacionale-shqiptare-ne-mal-te-zi.jpg\" \/>\n<meta name=\"twitter:label1\" content=\"Written by\" \/>\n\t<meta name=\"twitter:data1\" content=\"ulqini\" \/>\n\t<meta name=\"twitter:label2\" content=\"Est. reading time\" \/>\n\t<meta name=\"twitter:data2\" content=\"4 minutes\" \/>\n<script type=\"application\/ld+json\" class=\"yoast-schema-graph\">{\"@context\":\"https:\/\/schema.org\",\"@graph\":[{\"@type\":\"WebSite\",\"@id\":\"https:\/\/www.visit-ulcinj.com\/blog\/#website\",\"url\":\"https:\/\/www.visit-ulcinj.com\/blog\/\",\"name\":\"Lajme nga Ulqini\",\"description\":\"Lajme,Vijesti,Ulqini,Ulqin,Crna Gora,Mali i Zi\",\"potentialAction\":[{\"@type\":\"SearchAction\",\"target\":{\"@type\":\"EntryPoint\",\"urlTemplate\":\"https:\/\/www.visit-ulcinj.com\/blog\/?s={search_term_string}\"},\"query-input\":\"required name=search_term_string\"}],\"inLanguage\":\"en-US\"},{\"@type\":\"ImageObject\",\"inLanguage\":\"en-US\",\"@id\":\"https:\/\/www.visit-ulcinj.com\/blog\/2009\/04\/27\/mbrojtja-e-ulqinit-lufte-per-te-gjithe-popullin-shqiptar\/#primaryimage\",\"url\":\"https:\/\/www.visit-ulcinj.com\/blog\/wp-content\/uploads\/2009\/04\/kostumet-nacionale-shqiptare-ne-mal-te-zi.jpg\",\"contentUrl\":\"https:\/\/www.visit-ulcinj.com\/blog\/wp-content\/uploads\/2009\/04\/kostumet-nacionale-shqiptare-ne-mal-te-zi.jpg\",\"width\":\"566\",\"height\":\"403\"},{\"@type\":\"WebPage\",\"@id\":\"https:\/\/www.visit-ulcinj.com\/blog\/2009\/04\/27\/mbrojtja-e-ulqinit-lufte-per-te-gjithe-popullin-shqiptar\/#webpage\",\"url\":\"https:\/\/www.visit-ulcinj.com\/blog\/2009\/04\/27\/mbrojtja-e-ulqinit-lufte-per-te-gjithe-popullin-shqiptar\/\",\"name\":\"Mbrojtja e Ulqinit, luft\u00eb p\u00ebr t\u00eb gjith\u00eb popullin shqiptar - Lajme nga Ulqini\",\"isPartOf\":{\"@id\":\"https:\/\/www.visit-ulcinj.com\/blog\/#website\"},\"primaryImageOfPage\":{\"@id\":\"https:\/\/www.visit-ulcinj.com\/blog\/2009\/04\/27\/mbrojtja-e-ulqinit-lufte-per-te-gjithe-popullin-shqiptar\/#primaryimage\"},\"datePublished\":\"2009-04-27T11:12:59+00:00\",\"dateModified\":\"2009-05-04T18:09:41+00:00\",\"author\":{\"@id\":\"https:\/\/www.visit-ulcinj.com\/blog\/#\/schema\/person\/dcab619c614d3038751c63bc2aadc06d\"},\"description\":\"Ulqini n\u00eb vitet e Lidhjes shqiptare t\u00eb Prizrenit 1878-1881 (18) P\u00ebrgatitjet p\u00ebr mbrojtjen e Ulqinit shkaktuan shqet\u00ebsim n\u00eb Cetin\u00eb. Ministri i Pun\u00ebve t\u00eb\",\"breadcrumb\":{\"@id\":\"https:\/\/www.visit-ulcinj.com\/blog\/2009\/04\/27\/mbrojtja-e-ulqinit-lufte-per-te-gjithe-popullin-shqiptar\/#breadcrumb\"},\"inLanguage\":\"en-US\",\"potentialAction\":[{\"@type\":\"ReadAction\",\"target\":[\"https:\/\/www.visit-ulcinj.com\/blog\/2009\/04\/27\/mbrojtja-e-ulqinit-lufte-per-te-gjithe-popullin-shqiptar\/\"]}]},{\"@type\":\"BreadcrumbList\",\"@id\":\"https:\/\/www.visit-ulcinj.com\/blog\/2009\/04\/27\/mbrojtja-e-ulqinit-lufte-per-te-gjithe-popullin-shqiptar\/#breadcrumb\",\"itemListElement\":[{\"@type\":\"ListItem\",\"position\":1,\"name\":\"Mbrojtja e Ulqinit, luft\u00eb p\u00ebr t\u00eb gjith\u00eb popullin shqiptar\"}]},{\"@type\":\"Person\",\"@id\":\"https:\/\/www.visit-ulcinj.com\/blog\/#\/schema\/person\/dcab619c614d3038751c63bc2aadc06d\",\"name\":\"ulqini\",\"sameAs\":[\"http:\/\/www.visit-ulcinj.com\"],\"url\":\"https:\/\/www.visit-ulcinj.com\/blog\/author\/admin\/\"}]}<\/script>\n<!-- \/ Yoast SEO plugin. -->","yoast_head_json":{"title":"Mbrojtja e Ulqinit, luft\u00eb p\u00ebr t\u00eb gjith\u00eb popullin shqiptar - Lajme nga Ulqini","description":"Ulqini n\u00eb vitet e Lidhjes shqiptare t\u00eb Prizrenit 1878-1881 (18) P\u00ebrgatitjet p\u00ebr mbrojtjen e Ulqinit shkaktuan shqet\u00ebsim n\u00eb Cetin\u00eb. Ministri i Pun\u00ebve t\u00eb","robots":{"index":"index","follow":"follow","max-snippet":"max-snippet:-1","max-image-preview":"max-image-preview:large","max-video-preview":"max-video-preview:-1"},"canonical":"https:\/\/www.visit-ulcinj.com\/blog\/2009\/04\/27\/mbrojtja-e-ulqinit-lufte-per-te-gjithe-popullin-shqiptar\/","og_locale":"en_US","og_type":"article","og_title":"Mbrojtja e Ulqinit, luft\u00eb p\u00ebr t\u00eb gjith\u00eb popullin shqiptar - Lajme nga Ulqini","og_description":"Ulqini n\u00eb vitet e Lidhjes shqiptare t\u00eb Prizrenit 1878-1881 (18) P\u00ebrgatitjet p\u00ebr mbrojtjen e Ulqinit shkaktuan shqet\u00ebsim n\u00eb Cetin\u00eb. Ministri i Pun\u00ebve t\u00eb","og_url":"https:\/\/www.visit-ulcinj.com\/blog\/2009\/04\/27\/mbrojtja-e-ulqinit-lufte-per-te-gjithe-popullin-shqiptar\/","og_site_name":"Lajme nga Ulqini","article_published_time":"2009-04-27T11:12:59+00:00","article_modified_time":"2009-05-04T18:09:41+00:00","og_image":[{"url":"http:\/\/www.visit-ulcinj.com\/blog\/wp-content\/uploads\/2009\/04\/kostumet-nacionale-shqiptare-ne-mal-te-zi.jpg"}],"twitter_misc":{"Written by":"ulqini","Est. reading time":"4 minutes"},"schema":{"@context":"https:\/\/schema.org","@graph":[{"@type":"WebSite","@id":"https:\/\/www.visit-ulcinj.com\/blog\/#website","url":"https:\/\/www.visit-ulcinj.com\/blog\/","name":"Lajme nga Ulqini","description":"Lajme,Vijesti,Ulqini,Ulqin,Crna Gora,Mali i Zi","potentialAction":[{"@type":"SearchAction","target":{"@type":"EntryPoint","urlTemplate":"https:\/\/www.visit-ulcinj.com\/blog\/?s={search_term_string}"},"query-input":"required name=search_term_string"}],"inLanguage":"en-US"},{"@type":"ImageObject","inLanguage":"en-US","@id":"https:\/\/www.visit-ulcinj.com\/blog\/2009\/04\/27\/mbrojtja-e-ulqinit-lufte-per-te-gjithe-popullin-shqiptar\/#primaryimage","url":"https:\/\/www.visit-ulcinj.com\/blog\/wp-content\/uploads\/2009\/04\/kostumet-nacionale-shqiptare-ne-mal-te-zi.jpg","contentUrl":"https:\/\/www.visit-ulcinj.com\/blog\/wp-content\/uploads\/2009\/04\/kostumet-nacionale-shqiptare-ne-mal-te-zi.jpg","width":"566","height":"403"},{"@type":"WebPage","@id":"https:\/\/www.visit-ulcinj.com\/blog\/2009\/04\/27\/mbrojtja-e-ulqinit-lufte-per-te-gjithe-popullin-shqiptar\/#webpage","url":"https:\/\/www.visit-ulcinj.com\/blog\/2009\/04\/27\/mbrojtja-e-ulqinit-lufte-per-te-gjithe-popullin-shqiptar\/","name":"Mbrojtja e Ulqinit, luft\u00eb p\u00ebr t\u00eb gjith\u00eb popullin shqiptar - Lajme nga Ulqini","isPartOf":{"@id":"https:\/\/www.visit-ulcinj.com\/blog\/#website"},"primaryImageOfPage":{"@id":"https:\/\/www.visit-ulcinj.com\/blog\/2009\/04\/27\/mbrojtja-e-ulqinit-lufte-per-te-gjithe-popullin-shqiptar\/#primaryimage"},"datePublished":"2009-04-27T11:12:59+00:00","dateModified":"2009-05-04T18:09:41+00:00","author":{"@id":"https:\/\/www.visit-ulcinj.com\/blog\/#\/schema\/person\/dcab619c614d3038751c63bc2aadc06d"},"description":"Ulqini n\u00eb vitet e Lidhjes shqiptare t\u00eb Prizrenit 1878-1881 (18) P\u00ebrgatitjet p\u00ebr mbrojtjen e Ulqinit shkaktuan shqet\u00ebsim n\u00eb Cetin\u00eb. Ministri i Pun\u00ebve t\u00eb","breadcrumb":{"@id":"https:\/\/www.visit-ulcinj.com\/blog\/2009\/04\/27\/mbrojtja-e-ulqinit-lufte-per-te-gjithe-popullin-shqiptar\/#breadcrumb"},"inLanguage":"en-US","potentialAction":[{"@type":"ReadAction","target":["https:\/\/www.visit-ulcinj.com\/blog\/2009\/04\/27\/mbrojtja-e-ulqinit-lufte-per-te-gjithe-popullin-shqiptar\/"]}]},{"@type":"BreadcrumbList","@id":"https:\/\/www.visit-ulcinj.com\/blog\/2009\/04\/27\/mbrojtja-e-ulqinit-lufte-per-te-gjithe-popullin-shqiptar\/#breadcrumb","itemListElement":[{"@type":"ListItem","position":1,"name":"Mbrojtja e Ulqinit, luft\u00eb p\u00ebr t\u00eb gjith\u00eb popullin shqiptar"}]},{"@type":"Person","@id":"https:\/\/www.visit-ulcinj.com\/blog\/#\/schema\/person\/dcab619c614d3038751c63bc2aadc06d","name":"ulqini","sameAs":["http:\/\/www.visit-ulcinj.com"],"url":"https:\/\/www.visit-ulcinj.com\/blog\/author\/admin\/"}]}},"jetpack_featured_media_url":"","jetpack_sharing_enabled":true,"jetpack_shortlink":"https:\/\/wp.me\/pe6lTn-511","_links":{"self":[{"href":"https:\/\/www.visit-ulcinj.com\/blog\/wp-json\/wp\/v2\/posts\/19283"}],"collection":[{"href":"https:\/\/www.visit-ulcinj.com\/blog\/wp-json\/wp\/v2\/posts"}],"about":[{"href":"https:\/\/www.visit-ulcinj.com\/blog\/wp-json\/wp\/v2\/types\/post"}],"author":[{"embeddable":true,"href":"https:\/\/www.visit-ulcinj.com\/blog\/wp-json\/wp\/v2\/users\/1"}],"replies":[{"embeddable":true,"href":"https:\/\/www.visit-ulcinj.com\/blog\/wp-json\/wp\/v2\/comments?post=19283"}],"version-history":[{"count":0,"href":"https:\/\/www.visit-ulcinj.com\/blog\/wp-json\/wp\/v2\/posts\/19283\/revisions"}],"wp:attachment":[{"href":"https:\/\/www.visit-ulcinj.com\/blog\/wp-json\/wp\/v2\/media?parent=19283"}],"wp:term":[{"taxonomy":"category","embeddable":true,"href":"https:\/\/www.visit-ulcinj.com\/blog\/wp-json\/wp\/v2\/categories?post=19283"},{"taxonomy":"post_tag","embeddable":true,"href":"https:\/\/www.visit-ulcinj.com\/blog\/wp-json\/wp\/v2\/tags?post=19283"}],"curies":[{"name":"wp","href":"https:\/\/api.w.org\/{rel}","templated":true}]}}