{"id":1929,"date":"2008-06-07T11:49:50","date_gmt":"2008-06-07T16:49:50","guid":{"rendered":"http:\/\/www.visit-ulcinj.com\/blog\/?p=1929"},"modified":"2008-06-07T11:51:49","modified_gmt":"2008-06-07T16:51:49","slug":"planovi-za-ulcinjsku-veliku-plazu","status":"publish","type":"post","link":"https:\/\/www.visit-ulcinj.com\/blog\/2008\/06\/07\/planovi-za-ulcinjsku-veliku-plazu\/","title":{"rendered":"Planovi za Ulcinjsku Veliku Pla\u017eu"},"content":{"rendered":"<p><a title=\"Ulcinj-ulqini-ulqin,montenegro\" href=\"http:\/\/www.velikaplaza.info\/docs\/Masterplan_Ulcinj.pdf\" target=\"_blank\"><img loading=\"lazy\" class=\"alignleft attachment wp-att-1930\" style=\"float: left;\" src=\"http:\/\/www.visit-ulcinj.com\/blog\/wp-content\/uploads\/2008\/06\/master-plan-ulcinja-2.thumbnail.jpg\" alt=\"MASTER PLAN ULCINJA (2)\" width=\"200\" height=\"193\" \/><\/a><strong>Dubaizacija Ulcinja<\/strong><br \/>\nVlada Crne Gore ?e 20. juna zatvtvo- riti tender za izradu <strong><a title=\"Ulcinj-ulqini-ulqin,montenegro\" href=\"http:\/\/www.velikaplaza.info\/docs\/Masterplan_Ulcinj.pdf\" target=\"_blank\">Master plana za razvoj Velike pla\u017ee u Ulcinju Planiraju,<\/a><\/strong> pi\u0161e na zvani?nom sajtu na kojem se predstavlja Velika pla\u017ea, da taj prostor postane \u201cjedinstveni primjer odr\u017eivog obalnog naselja\u201d i predstavljaju je kao \u201cjedan od trenutno najva\u017enijih projekata razvoja odr\u017eivog turizma u Crnoj Gori\u201d.Opet za Veliku pla\u017eu veliki planovi. \u0160ta ?e izni?i na ulcinjskom pijesku i ko ?e na njemu zidati \u2013 opet se nag- a?a. Interesuju se uveliko arapski investitori i ma?arski Trigranit za jedan od najljep\u0161ih netaknutih prrostora koje Crna Gora ima.<a title=\"velika plaza ulcinj,ulqin,ulqini,montenegro\" href=\"http:\/\/www.velikaplaza.info\/gallery\/brosure\/Brochure-Velika_plaza-investment_opportunities.pdf\" target=\"_blank\"><img loading=\"lazy\" class=\"alignright\" style=\"float: right;\" src=\"http:\/\/www.velikaplaza.info\/gallery\/brosure\/Brochure-Velika_plaza-investment_opportunities-small.jpg\" alt=\"ULCINJ,ULQINI,ULQIN,MONTENEGRO\" width=\"200\" height=\"224\" \/><\/a><br \/>\n<strong>ZGUSNUTA GRADNJA, PA ZELENILO: <\/strong>Na bogato opremljenom veb sajtu Vlada i Ministrastvo za ekonomski razvoj obja\u0161njavaju generalni koncept i smjernice kojima bi trebalo da se vode planerske i konsultantske ku?e prilikom izrade nacrta Master plana. Definisano je da ?e <a title=\"Ulcinj-ulqini-ulqin,montenegro\" href=\"http:\/\/www.velikaplaza.info\/docs\/General_concept_of_Velika_Plaza.pdf\" target=\"_blank\"><strong>Velika pla\u017ea<\/strong><\/a> biti podijeljena u \u0161est dijelova, to jest modula izme?u kojih ?e biti zelene povr\u0161ine, a svaki od njih ?e se dalje dijeliti na po ?etiri \u201crazvojne zone\u201d.Tako, prva zona, ona uz samu magistralu ka Adi Bojani, podrazumijeva izgradnju manjih hotela, komplekse vikend ku?a, kao i kapacitete za smje\u0161taj osoblja glavnog hotelskog kompleksa. Za taj dio predvi?ena je zgusnuta gradnja, zgrade do tri sprata. Na nju se nadovezuje zona \u201cmanje gra?evinske gustine\u201d. A u papirologiji se preporu?uje da se sa?uva postoje?e zelenilo. Dalje ide zona u kojoj su parking prostori, sportsski tereni i hoteli.   Posljednju zonu ?ini bungalov naselje koje se grarani?i sa borovom \u0161umom ?ije se o??uvvanje tako?e preporu?uje.Preporu?uje se tu, tako?e, da svaki od <a title=\"velika plaza ulcinj,ulqin,ulqini,montenegro\" href=\"http:\/\/www.velikaplaza.info\/images\/concept\/05-zoning.jpg\" target=\"_blank\"><img loading=\"lazy\" class=\"alignleft\" style=\"float: left;\" src=\"http:\/\/www.velikaplaza.info\/images\/concept\/05-zoning.jpg\" alt=\"velika plaza_ulcinj_montenegro\" width=\"264\" height=\"182\" \/><\/a>modula ima najvi\u0161e \u0161est hiljada le\u017eaja. Na kraju posljednjeg modula planirana je izgradnja golf terena, a predio do u\u0161?a Bojane ?e biti sa?uvan kao za\u0161ti?ena oblast. Na tim osnovama budu?i projektanti treba da osmisle kako ?e zapravo izgledati Velika pla\u017ea.<br \/>\n<strong>KREVET DO KREVETA: <\/strong>U istom dokumentu stoji da bi na <strong><a title=\"Ulcinj-ulqini-ulqin,montenegro\" href=\"http:\/\/www.velikaplaza.info\/docs\/General_concept_of_Velika_Plaza.pdf\" target=\"_blank\">Velikoj pla\u017ei<\/a><\/strong> trebalo da bude do 29 hiljada kreveta za turiste. Nema sumnje &#8211; budu?i investitori ?e poku\u0161ati, radi ostvarivanja \u0161to ve?eg profita, da maksimalno iskoriste kapacitete Velike pla\u017ee.\u201cAko u prosjeku predvi?eni ka- pacacitet le\u017eaja bude raspore?en u dvokrevettne sobe, da bi se smjestilo 29 hiljada le\u017eaja treba izgraditi oko 14.500 soba, i to ne ra?unaju?i sve one objekte potrebne za opslu\u017eivanje tolikog broja smje\u0161tajnih jedinica.<a href=\"http:\/\/www.visit-ulcinj.com\/blog\/wp-content\/uploads\/2008\/06\/velika-plaza_ulcinj_montenegro1.jpg\"><img loading=\"lazy\" class=\"alignright attachment wp-att-1914\" style=\"float: right;\" src=\"http:\/\/www.visit-ulcinj.com\/blog\/wp-content\/uploads\/2008\/06\/velika-plaza_ulcinj_montenegro1.thumbnail.jpg\" alt=\"velika plaza_ulcinj_montenegro\" width=\"200\" height=\"133\" \/><\/a><br \/>\nPostavlja se pitanje &#8211; koliko ?e takva grr- adnja stvarno biti odr\u017eiva, s obzirom na to da toliki broj hotelskih soba o?igledno upu?uje na mogu?nost izgradnje solitera\u201d, upozorava Dejan Milovac, koordinator za prostorno planiranje i izgradnju objekata iz Mre\u017ee za afirmaciju nevladinog sektora (MANS).Milovac tvrdi da nema sumnje da ?e se Trigranit, ili neka druga kompanija koja dobije posao na Velikoj pla\u017ei, odlu?iti da \u0161to bolje iskoristi prostor. \u201c\u201dScenario visoke izgradnje, odnosno izgradnje solitera na Velikoj pla\u017ei je ve? kori\u0161?en od strane de\u017eurnih promotera turizma kao adut vi\u0161e da se Crna Gora profili\u0161e kao novi evropski Dubai\u201d, obja\u0161njava Milovac.<br \/>\n<a title=\"velika plaza ulcinj,ulqin,ulqini,montenegro\" href=\"http:\/\/www.hercegnovi.com\/images\/PiterMankMilo.jpg\" target=\"_blank\"><img loading=\"lazy\" class=\"alignleft\" style=\"float: left;\" src=\"http:\/\/www.hercegnovi.com\/images\/PiterMankMilo.jpg\" alt=\"ULCINJ,ULQINI,ULQIN,MONTENEGRO\" width=\"204\" height=\"156\" \/><\/a><strong>KO ?E GOSPODARITI ULCINJSKOM PLA\u017dOM: <\/strong>Za sada se, kao mogu?i investitor na Velikoj pla\u017ei, u javnosti naj?e\u0161?e pominje kompanija Trigranit ?iji je predstavnik nedavno i javno rekao da ?e ta firma u?estvovati na tenderu. Oni su protekle godine ve? predstavili dva mogu?a scenarija izgradnje objekata na Velikoj pla\u017ei i to visoke i niske gradnje. Stakleni soliteri sa Trigranitove kompjuterske simulacije neodoljivo su podsje?ali na one iz Dubaia.Pro\u0161le godine interesovanje za <a title=\"Ulcinj-ulqini-ulqin,montenegro\" href=\"http:\/\/www.velikaplaza.info\/docs\/General_concept_of_Velika_Plaza.pdf\" target=\"_blank\"><strong>Veliku pla\u017eu<\/strong><\/a> je pokazao i ?lan kraljevske porodice Abu Dabija zadu\u017een za investicije i \u0161ef Savjeta za nacionalnu bezbjednost \u0161eik Haza bin Zajed al Nahijan koji je u Crnoj Gori boravio kao gost predsjednika Atlas grrupe, Du\u0161ka Kne\u017eevi?a. Arappska innveestiicioiona gruupa<a title=\"velika plaza ulcinj,ulqin,ulqini,montenegro\" href=\"http:\/\/www.hungary.art.pl\/Image\/trigranit.jpg\" target=\"_blank\"><img loading=\"lazy\" class=\"alignright\" style=\"float: right;\" src=\"http:\/\/www.hungary.art.pl\/Image\/trigranit.jpg\" alt=\"\" width=\"218\" height=\"79\" \/><\/a> naajaaviila je tom prilikom da bi u Crrnu Gooru ulolo\u017eiila oko miiliijarrdu eura i obbjaaviila de je za- innteereesoovaana za ulaagaanje u tuuriizam, enerrgetetski sekktor, ali da ih najjvii\u0161e zazaniima ullcinjjska Veeliika plaa\u017ea. \u0160eikova posjeta Crnoj Gori je bila uzvratna, jer je u Abu Dabiju, u pratnji Kne\u017eevi?a, ve? boravio premijer Milo ?ukanovi?, tada u funkciji predsjednika DPS-a. Njih su dvojica tamo predstavili mogu?nosti za ulaganja u Crnoj Gori.<br \/>\n<a title=\"velika plaza ulcinj,ulqin,ulqini,montenegro\" href=\"http:\/\/www.trigranit.hu\/media\/proj_galeria\/nagy\/1181807702_esplanada_bucharest_3.jpg\" target=\"_blank\"><img loading=\"lazy\" class=\"alignleft\" style=\"float: left;\" src=\"http:\/\/www.trigranit.hu\/media\/proj_galeria\/nagy\/1181807702_esplanada_bucharest_3.jpg\" alt=\"ULCINJ,ULQINI,ULQIN,MONTENEGRO\" width=\"242\" height=\"136\" \/><\/a><strong>MA\u0160INE NAPADAJU:<\/strong> \u201cImaju?i u vidu kalibar zainteresovanih ulaga?a, njihove profitne apetite, te nesumnjiv anga\u017eman crnogorskih dr\u017eavnih i partijskih struktura da \u0161to bolje prodaju i unov?e jedini preostali nedevastirani prostor na crnogorskoj obali, gotovo da ne postoji sumnja da ?e netaknutu prirodu Velike pla\u017ee ubrzo okupirati gra?evinske ma\u0161ine a da ?e krajolik za uvijek biti izmijenjen soliterima poput onih u Dubaiu\u201d, tvrdi Milovac.I ovdje se ve? ozbiljno postavlja pitanje ko ima interes, osim naravno interesa investitora da \u0161to bolje oplode svoj kapital, da u Ulcinju imamo jo\u0161 jedan Dubai.U Vladi se i dalje kunu u odr\u017eivi razvoj. Koncept koji je svjetski trend i koji je Crna Gora, za sada samo deklarativno, prihvatila. On podrazumijeva ekonomski razvoj koji ne neru\u0161ava \u017eivotnu sredinu i obezbje?uje pristojan \u017eivot razli?itim socijalnim grupacijama. Te\u0161ko da se betoniranje i dizanje spratova na ulcinjskoj Velikoj pla\u017ei mo\u017ee svrstati u odr\u017eivi razvoj.Milovac upozorava da bi i Velika pla\u017ea mogla nestati pod betonom i ?elikom, te da od toga profitiraju samo investitori i njihovi crnogorski partneri kao \u0161to je to na rtu Zavala u Budvi.<a href=\"http:\/\/www.visit-ulcinj.com\/blog\/wp-content\/uploads\/2008\/06\/velika-plaza212.jpg\"><img loading=\"lazy\" class=\"alignright attachment wp-att-1931\" style=\"float: right;\" src=\"http:\/\/www.visit-ulcinj.com\/blog\/wp-content\/uploads\/2008\/06\/velika-plaza212.thumbnail.jpg\" alt=\"velika plaza_ulcinj_montenegro_1\" width=\"135\" height=\"222\" \/><\/a><br \/>\n<strong>DIVLJA LJEPOTA, DIVLJI INVESTITORI:<\/strong> \u201cU Dubaiu, ?ije se gra?evinarstvo ?esto pominje kao mogu?i uzor za izgradnju <a title=\"Ulcinj-ulqini-ulqin,montenegro\" href=\"http:\/\/www.velikaplaza.info\/docs\/General_concept_of_Velika_Plaza.pdf\" target=\"_blank\"><strong>Velike pla\u017ee<\/strong><\/a> \u2013 kraljevska porodica je od pustinja pravila zelene oaze i tako stvorila prepoznatljiv imid\u017e u svijetu. Mi bi da radimo suprotno. Prirodu koju reklamiramo kao Wild Beauty tj. &#8211; divlja ljepota ne\u0161tedemice betoniramo. Pa se bojim da ?emo   beauty uskoro izgubiti, a wild ?e nam biti samo investitori\u201d, obja\u0161njava Milovac.Uskoro ?e se znati ko je, prema ocjeni Vlade, uradio najbolji idejni projekat za odr\u017eivi razvoj Velike pla\u017ee. Nakon toga ide i izbor investitora.Vlada ?e bogato nagraditi onoga ko napravi najbolji Master plan za kilometre ulcinjskog prostranstva. Onome ko od Ulcinja napravi najbolji Dubai. Pedeset hiljada eura ide prvorangiranom, a po dvadeset i deset hiljada drugom i tre?em na konkursu. I jo\u0161 jedna zanimljivost iz vladinog dokumenta: \u201cDva predstavnika pobjedni?ke firme bi?e pozvana na ceremoniju progla\u0161enja pobjednika \u2013 u Dubaiju\u201d.<br \/>\n<strong>Marijana BOJANI?<\/strong><br \/>\n<img loading=\"lazy\" class=\"alignleft\" style=\"float: left;\" src=\"http:\/\/www.monitor.cg.yu\/images\/backh.jpg\" alt=\"\" width=\"189\" height=\"44\" \/><\/p>\n<p><!--YouTube Error: bad URL entered--><br \/>\n<a class=\"aligncenter\" title=\" annuaire,  Appartement en location,  auberge,  bungalow,  camping,  camping en ulcinj mot\u00e9n\u00e9gro,  campings en ulcinj mot\u00e9n\u00e9gro,  caravaning,  chalets en ulcinj mot\u00e9n\u00e9gro,  conseils pour pr\u00e9parer son voyage.,  cuisine,  destinations,  France,  gite,  guide,  guide de voyage,  guide en ulcinj mot\u00e9n\u00e9gro,  h\u00f4tels,  HEBERGEMENT,  hebergement en ulcinj mot\u00e9n\u00e9gro,  hotel en ulcinj mot\u00e9n\u00e9gro,  inn,  locatif en ulcinj mot\u00e9n\u00e9gro,  location Maison de vacances,  Locations Appartement en Ulcinj Mont\u00e9n\u00e9gro,  Locations saisonni\u00e8res,  loisirs,  meteo,  Michelin,  Offre Voyage,  Paris,  photo,  r\u00e9servations,  region en ulcinj mot\u00e9n\u00e9gro,  restaurant en ulcinj mot\u00e9n\u00e9gro,  s\u00e9jours,  tourisme,  tourisme en ulcinj mot\u00e9n\u00e9gro,  tourismes,  vacances,  Vacances Super Promos,  Voyage \u00e0 bas prix,  voyages\" href=\"http:\/\/www.visit-ulcinj.com\/tourism\/\" target=\"_blank\"><img loading=\"lazy\" style=\"vertical-align: middle;\" src=\"http:\/\/www.visit-ulcinj.com\/blog\/wp-content\/uploads\/2008\/06\/holiday-rental-ulcinj-ulqini_ulqin_logo.gif\" alt=\"Holiday Rental Ulcinj_Ulqin_Montenegro\" width=\"510\" height=\"145\" \/><\/a><\/p>\n<p><a class=\"aligncenter\" title=\" annuaire,  Appartement en location,  auberge,  bungalow,  camping,  camping en ulcinj mot\u00e9n\u00e9gro,  campings en ulcinj mot\u00e9n\u00e9gro,  caravaning,  chalets en ulcinj mot\u00e9n\u00e9gro,  conseils pour pr\u00e9parer son voyage.,  cuisine,  destinations,  France,  gite,  guide,  guide de voyage,  guide en ulcinj mot\u00e9n\u00e9gro,  h\u00f4tels,  HEBERGEMENT,  hebergement en ulcinj mot\u00e9n\u00e9gro,  hotel en ulcinj mot\u00e9n\u00e9gro,  inn,  locatif en ulcinj mot\u00e9n\u00e9gro,  location Maison de vacances,  Locations Appartement en Ulcinj Mont\u00e9n\u00e9gro,  Locations saisonni\u00e8res,  loisirs,  meteo,  Michelin,  Offre Voyage,  Paris,  photo,  r\u00e9servations,  region en ulcinj mot\u00e9n\u00e9gro,  restaurant en ulcinj mot\u00e9n\u00e9gro,  s\u00e9jours,  tourisme,  tourisme en ulcinj mot\u00e9n\u00e9gro,  tourismes,  vacances,  Vacances Super Promos,  Voyage \u00e0 bas prix,  voyages\" href=\"http:\/\/www.visit-ulcinj.com\/tourism\/\" target=\"_blank\"><br \/>\n<\/a><\/p>\n","protected":false},"excerpt":{"rendered":"<p><img loading=\"lazy\" class=\"attachment wp-att-1930 alignleft\" src=\"http:\/\/www.visit-ulcinj.com\/blog\/wp-content\/uploads\/2008\/06\/master-plan-ulcinja-2.thumbnail.jpg\" alt=\"MASTER PLAN ULCINJA (2)\" width=\"140\" height=\"140\" \/><\/p>\n","protected":false},"author":1,"featured_media":0,"comment_status":"open","ping_status":"closed","sticky":false,"template":"","format":"standard","meta":{"spay_email":"","jetpack_publicize_message":"","jetpack_is_tweetstorm":false,"jetpack_publicize_feature_enabled":true},"categories":[10,12,15],"tags":[20,79,19,265,2494,3796],"jetpack_publicize_connections":[],"yoast_head":"<!-- This site is optimized with the Yoast SEO plugin v19.1 - https:\/\/yoast.com\/wordpress\/plugins\/seo\/ -->\n<title>Planovi za Ulcinjsku Veliku Pla\u017eu - Lajme nga Ulqini<\/title>\n<meta name=\"robots\" content=\"index, follow, max-snippet:-1, max-image-preview:large, max-video-preview:-1\" \/>\n<link rel=\"canonical\" href=\"https:\/\/www.visit-ulcinj.com\/blog\/2008\/06\/07\/planovi-za-ulcinjsku-veliku-plazu\/\" \/>\n<meta property=\"og:locale\" content=\"en_US\" \/>\n<meta property=\"og:type\" content=\"article\" \/>\n<meta property=\"og:title\" content=\"Planovi za Ulcinjsku Veliku Pla\u017eu - Lajme nga Ulqini\" \/>\n<meta property=\"og:url\" content=\"https:\/\/www.visit-ulcinj.com\/blog\/2008\/06\/07\/planovi-za-ulcinjsku-veliku-plazu\/\" \/>\n<meta property=\"og:site_name\" content=\"Lajme nga Ulqini\" \/>\n<meta property=\"article:published_time\" content=\"2008-06-07T16:49:50+00:00\" \/>\n<meta property=\"article:modified_time\" content=\"2008-06-07T16:51:49+00:00\" \/>\n<meta property=\"og:image\" content=\"http:\/\/www.visit-ulcinj.com\/blog\/wp-content\/uploads\/2008\/06\/master-plan-ulcinja-2.thumbnail.jpg\" \/>\n<meta name=\"twitter:label1\" content=\"Written by\" \/>\n\t<meta name=\"twitter:data1\" content=\"ulqini\" \/>\n\t<meta name=\"twitter:label2\" content=\"Est. reading time\" \/>\n\t<meta name=\"twitter:data2\" content=\"5 minutes\" \/>\n<script type=\"application\/ld+json\" class=\"yoast-schema-graph\">{\"@context\":\"https:\/\/schema.org\",\"@graph\":[{\"@type\":\"WebSite\",\"@id\":\"https:\/\/www.visit-ulcinj.com\/blog\/#website\",\"url\":\"https:\/\/www.visit-ulcinj.com\/blog\/\",\"name\":\"Lajme nga Ulqini\",\"description\":\"Lajme,Vijesti,Ulqini,Ulqin,Crna Gora,Mali i Zi\",\"potentialAction\":[{\"@type\":\"SearchAction\",\"target\":{\"@type\":\"EntryPoint\",\"urlTemplate\":\"https:\/\/www.visit-ulcinj.com\/blog\/?s={search_term_string}\"},\"query-input\":\"required name=search_term_string\"}],\"inLanguage\":\"en-US\"},{\"@type\":\"ImageObject\",\"inLanguage\":\"en-US\",\"@id\":\"https:\/\/www.visit-ulcinj.com\/blog\/2008\/06\/07\/planovi-za-ulcinjsku-veliku-plazu\/#primaryimage\",\"url\":\"http:\/\/www.visit-ulcinj.com\/blog\/wp-content\/uploads\/2008\/06\/master-plan-ulcinja-2.thumbnail.jpg\",\"contentUrl\":\"http:\/\/www.visit-ulcinj.com\/blog\/wp-content\/uploads\/2008\/06\/master-plan-ulcinja-2.thumbnail.jpg\"},{\"@type\":\"WebPage\",\"@id\":\"https:\/\/www.visit-ulcinj.com\/blog\/2008\/06\/07\/planovi-za-ulcinjsku-veliku-plazu\/#webpage\",\"url\":\"https:\/\/www.visit-ulcinj.com\/blog\/2008\/06\/07\/planovi-za-ulcinjsku-veliku-plazu\/\",\"name\":\"Planovi za Ulcinjsku Veliku Pla\u017eu - Lajme nga Ulqini\",\"isPartOf\":{\"@id\":\"https:\/\/www.visit-ulcinj.com\/blog\/#website\"},\"primaryImageOfPage\":{\"@id\":\"https:\/\/www.visit-ulcinj.com\/blog\/2008\/06\/07\/planovi-za-ulcinjsku-veliku-plazu\/#primaryimage\"},\"datePublished\":\"2008-06-07T16:49:50+00:00\",\"dateModified\":\"2008-06-07T16:51:49+00:00\",\"author\":{\"@id\":\"https:\/\/www.visit-ulcinj.com\/blog\/#\/schema\/person\/dcab619c614d3038751c63bc2aadc06d\"},\"breadcrumb\":{\"@id\":\"https:\/\/www.visit-ulcinj.com\/blog\/2008\/06\/07\/planovi-za-ulcinjsku-veliku-plazu\/#breadcrumb\"},\"inLanguage\":\"en-US\",\"potentialAction\":[{\"@type\":\"ReadAction\",\"target\":[\"https:\/\/www.visit-ulcinj.com\/blog\/2008\/06\/07\/planovi-za-ulcinjsku-veliku-plazu\/\"]}]},{\"@type\":\"BreadcrumbList\",\"@id\":\"https:\/\/www.visit-ulcinj.com\/blog\/2008\/06\/07\/planovi-za-ulcinjsku-veliku-plazu\/#breadcrumb\",\"itemListElement\":[{\"@type\":\"ListItem\",\"position\":1,\"name\":\"Planovi za Ulcinjsku Veliku Pla\u017eu\"}]},{\"@type\":\"Person\",\"@id\":\"https:\/\/www.visit-ulcinj.com\/blog\/#\/schema\/person\/dcab619c614d3038751c63bc2aadc06d\",\"name\":\"ulqini\",\"sameAs\":[\"http:\/\/www.visit-ulcinj.com\"],\"url\":\"https:\/\/www.visit-ulcinj.com\/blog\/author\/admin\/\"}]}<\/script>\n<!-- \/ Yoast SEO plugin. -->","yoast_head_json":{"title":"Planovi za Ulcinjsku Veliku Pla\u017eu - Lajme nga Ulqini","robots":{"index":"index","follow":"follow","max-snippet":"max-snippet:-1","max-image-preview":"max-image-preview:large","max-video-preview":"max-video-preview:-1"},"canonical":"https:\/\/www.visit-ulcinj.com\/blog\/2008\/06\/07\/planovi-za-ulcinjsku-veliku-plazu\/","og_locale":"en_US","og_type":"article","og_title":"Planovi za Ulcinjsku Veliku Pla\u017eu - Lajme nga Ulqini","og_url":"https:\/\/www.visit-ulcinj.com\/blog\/2008\/06\/07\/planovi-za-ulcinjsku-veliku-plazu\/","og_site_name":"Lajme nga Ulqini","article_published_time":"2008-06-07T16:49:50+00:00","article_modified_time":"2008-06-07T16:51:49+00:00","og_image":[{"url":"http:\/\/www.visit-ulcinj.com\/blog\/wp-content\/uploads\/2008\/06\/master-plan-ulcinja-2.thumbnail.jpg"}],"twitter_misc":{"Written by":"ulqini","Est. reading time":"5 minutes"},"schema":{"@context":"https:\/\/schema.org","@graph":[{"@type":"WebSite","@id":"https:\/\/www.visit-ulcinj.com\/blog\/#website","url":"https:\/\/www.visit-ulcinj.com\/blog\/","name":"Lajme nga Ulqini","description":"Lajme,Vijesti,Ulqini,Ulqin,Crna Gora,Mali i Zi","potentialAction":[{"@type":"SearchAction","target":{"@type":"EntryPoint","urlTemplate":"https:\/\/www.visit-ulcinj.com\/blog\/?s={search_term_string}"},"query-input":"required name=search_term_string"}],"inLanguage":"en-US"},{"@type":"ImageObject","inLanguage":"en-US","@id":"https:\/\/www.visit-ulcinj.com\/blog\/2008\/06\/07\/planovi-za-ulcinjsku-veliku-plazu\/#primaryimage","url":"http:\/\/www.visit-ulcinj.com\/blog\/wp-content\/uploads\/2008\/06\/master-plan-ulcinja-2.thumbnail.jpg","contentUrl":"http:\/\/www.visit-ulcinj.com\/blog\/wp-content\/uploads\/2008\/06\/master-plan-ulcinja-2.thumbnail.jpg"},{"@type":"WebPage","@id":"https:\/\/www.visit-ulcinj.com\/blog\/2008\/06\/07\/planovi-za-ulcinjsku-veliku-plazu\/#webpage","url":"https:\/\/www.visit-ulcinj.com\/blog\/2008\/06\/07\/planovi-za-ulcinjsku-veliku-plazu\/","name":"Planovi za Ulcinjsku Veliku Pla\u017eu - Lajme nga Ulqini","isPartOf":{"@id":"https:\/\/www.visit-ulcinj.com\/blog\/#website"},"primaryImageOfPage":{"@id":"https:\/\/www.visit-ulcinj.com\/blog\/2008\/06\/07\/planovi-za-ulcinjsku-veliku-plazu\/#primaryimage"},"datePublished":"2008-06-07T16:49:50+00:00","dateModified":"2008-06-07T16:51:49+00:00","author":{"@id":"https:\/\/www.visit-ulcinj.com\/blog\/#\/schema\/person\/dcab619c614d3038751c63bc2aadc06d"},"breadcrumb":{"@id":"https:\/\/www.visit-ulcinj.com\/blog\/2008\/06\/07\/planovi-za-ulcinjsku-veliku-plazu\/#breadcrumb"},"inLanguage":"en-US","potentialAction":[{"@type":"ReadAction","target":["https:\/\/www.visit-ulcinj.com\/blog\/2008\/06\/07\/planovi-za-ulcinjsku-veliku-plazu\/"]}]},{"@type":"BreadcrumbList","@id":"https:\/\/www.visit-ulcinj.com\/blog\/2008\/06\/07\/planovi-za-ulcinjsku-veliku-plazu\/#breadcrumb","itemListElement":[{"@type":"ListItem","position":1,"name":"Planovi za Ulcinjsku Veliku Pla\u017eu"}]},{"@type":"Person","@id":"https:\/\/www.visit-ulcinj.com\/blog\/#\/schema\/person\/dcab619c614d3038751c63bc2aadc06d","name":"ulqini","sameAs":["http:\/\/www.visit-ulcinj.com"],"url":"https:\/\/www.visit-ulcinj.com\/blog\/author\/admin\/"}]}},"jetpack_featured_media_url":"","jetpack_sharing_enabled":true,"jetpack_shortlink":"https:\/\/wp.me\/pe6lTn-v7","_links":{"self":[{"href":"https:\/\/www.visit-ulcinj.com\/blog\/wp-json\/wp\/v2\/posts\/1929"}],"collection":[{"href":"https:\/\/www.visit-ulcinj.com\/blog\/wp-json\/wp\/v2\/posts"}],"about":[{"href":"https:\/\/www.visit-ulcinj.com\/blog\/wp-json\/wp\/v2\/types\/post"}],"author":[{"embeddable":true,"href":"https:\/\/www.visit-ulcinj.com\/blog\/wp-json\/wp\/v2\/users\/1"}],"replies":[{"embeddable":true,"href":"https:\/\/www.visit-ulcinj.com\/blog\/wp-json\/wp\/v2\/comments?post=1929"}],"version-history":[{"count":0,"href":"https:\/\/www.visit-ulcinj.com\/blog\/wp-json\/wp\/v2\/posts\/1929\/revisions"}],"wp:attachment":[{"href":"https:\/\/www.visit-ulcinj.com\/blog\/wp-json\/wp\/v2\/media?parent=1929"}],"wp:term":[{"taxonomy":"category","embeddable":true,"href":"https:\/\/www.visit-ulcinj.com\/blog\/wp-json\/wp\/v2\/categories?post=1929"},{"taxonomy":"post_tag","embeddable":true,"href":"https:\/\/www.visit-ulcinj.com\/blog\/wp-json\/wp\/v2\/tags?post=1929"}],"curies":[{"name":"wp","href":"https:\/\/api.w.org\/{rel}","templated":true}]}}