{"id":19292,"date":"2009-04-27T14:13:21","date_gmt":"2009-04-27T12:13:21","guid":{"rendered":"http:\/\/www.visit-ulcinj.com\/blog\/?p=19292"},"modified":"2009-04-27T14:13:21","modified_gmt":"2009-04-27T12:13:21","slug":"shkoder-proteste-kunder-centralit-berthamor","status":"publish","type":"post","link":"https:\/\/www.visit-ulcinj.com\/blog\/2009\/04\/27\/shkoder-proteste-kunder-centralit-berthamor\/","title":{"rendered":"Shkod\u00ebr, protest\u00eb kund\u00ebr centralit b\u00ebrthamor"},"content":{"rendered":"<p><a href=\"http:\/\/www.visit-ulcinj.com\/blog\/wp-content\/uploads\/2009\/04\/protesta-kunder-centralit.jpg\"><img loading=\"lazy\" class=\"alignleft size-full wp-image-19293\" title=\"protesta-kunder-centralit\" src=\"http:\/\/www.visit-ulcinj.com\/blog\/wp-content\/uploads\/2009\/04\/protesta-kunder-centralit.jpg\" alt=\"protesta-kunder-centralit\" width=\"380\" height=\"304\" \/><\/a>&#8220;Jo centraleve b\u00ebrthamore kudo n\u00eb Shqip\u00ebri&#8221;, ka qen\u00eb apeli q\u00eb ka b\u00ebr\u00eb sot shoq\u00ebria civile n\u00eb Shkod\u00ebr n\u00eb nj\u00eb protest\u00eb paq\u00ebsore. Me parulla kund\u00ebr nd\u00ebrtimit t\u00eb centraleve b\u00ebrthamore n\u00eb Shkod\u00ebr dhe Shqip\u00ebri, qytetar\u00ebt e grumbulluar n\u00eb sheshin e Parruc\u00ebs kan\u00eb ecur drejt n\u00ebp\u00ebr sh\u00ebtitoren e qytetit, para prefektur\u00ebs, bashkis\u00eb dhe n\u00ebp\u00ebr rrug\u00ebn pedonale. Protestuesve t\u00eb organizuar i jan\u00eb bashkuar dhe qytetar\u00eb t\u00eb ndrysh\u00ebm t\u00eb cil\u00ebt jan\u00eb ndodhur rast\u00ebsisht n\u00eb k\u00ebt\u00eb rrug\u00eb. Sipas organizator\u00ebve q\u00eb jan\u00eb individ\u00eb q\u00eb p\u00ebrfaq\u00ebsojn\u00eb organizata rinore dhe nga biznesi, \u00ebsht\u00eb zgjedhur 26 prilli p\u00ebr t\u00eb protestuar rreth problemit t\u00eb mund\u00ebsis\u00eb s\u00eb nd\u00ebrtimit t\u00eb centraleve b\u00ebrthamore n\u00eb Shkod\u00ebr dhe n\u00eb Shqip\u00ebri, pasi kjo date \u00ebsht\u00eb e fiksuar n\u00eb memorien e \u00e7do vendi, pasi m\u00eb 26 prill ndodhi tragjedia n\u00eb centralin b\u00ebrthamor t\u00eb \u00c7ernobilit. Sipas tyre, kjo protest\u00eb nuk ka asnj\u00eb motiv politik dhe k\u00ebrkesa e shoq\u00ebris\u00eb civile n\u00eb em\u00ebr t\u00eb qytetar\u00ebve shkodran\u00eb \u00ebsht\u00eb q\u00eb qeveria aktuale apo dhe kushdo tjet\u00ebr q\u00eb mund t\u00eb vij\u00eb n\u00eb pushtet, t\u00eb hartoj\u00eb e miratoj\u00eb nj\u00eb ligj ku t\u00eb ndalohen n\u00eb m\u00ebnyr\u00eb t\u00eb prer\u00eb nd\u00ebrtimet e centraleve atomike n\u00eb Shqip\u00ebri. Protestuesit kan\u00eb l\u00ebvizur duke hedhur dhe parulla kund\u00ebr centraleve b\u00ebrthamore. N\u00eb protest\u00eb ka pasur t\u00eb pranish\u00ebm dhe drejtues t\u00eb PS-s\u00eb, n\u00eb Shkod\u00ebr, si protestues t\u00eb zakonsh\u00ebm n\u00eb mes t\u00eb tjer\u00ebve.<\/p>\n<p><strong>Anila Dushi,<\/p>\n<p>SHEKULLI<\/strong><\/p>\n<!--YouTube Error: bad URL entered-->\n","protected":false},"excerpt":{"rendered":"<p>&#8220;Jo centraleve b\u00ebrthamore kudo n\u00eb Shqip\u00ebri&#8221;, ka qen\u00eb apeli q\u00eb ka b\u00ebr\u00eb sot shoq\u00ebria civile n\u00eb Shkod\u00ebr n\u00eb nj\u00eb protest\u00eb paq\u00ebsore. Me parulla kund\u00ebr nd\u00ebrtimit t\u00eb centraleve b\u00ebrthamore n\u00eb Shkod\u00ebr dhe Shqip\u00ebri, qytetar\u00ebt e grumbulluar n\u00eb sheshin e Parruc\u00ebs kan\u00eb ecur drejt n\u00ebp\u00ebr sh\u00ebtitoren e qytetit, para prefektur\u00ebs, bashkis\u00eb dhe n\u00ebp\u00ebr rrug\u00ebn pedonale. Protestuesve t\u00eb [&hellip;]<\/p>\n","protected":false},"author":1,"featured_media":0,"comment_status":"open","ping_status":"closed","sticky":false,"template":"","format":"standard","meta":{"spay_email":"","jetpack_publicize_message":"","jetpack_is_tweetstorm":false,"jetpack_publicize_feature_enabled":true},"categories":[14],"tags":[9401,95,9675,41,3946],"jetpack_publicize_connections":[],"yoast_head":"<!-- This site is optimized with the Yoast SEO plugin v19.1 - https:\/\/yoast.com\/wordpress\/plugins\/seo\/ -->\n<title>Shkod\u00ebr, protest\u00eb kund\u00ebr centralit b\u00ebrthamor - Lajme nga Ulqini<\/title>\n<meta name=\"description\" content=\"&quot;Jo centraleve b\u00ebrthamore kudo n\u00eb Shqip\u00ebri&quot;, ka qen\u00eb apeli q\u00eb ka b\u00ebr\u00eb sot shoq\u00ebria civile n\u00eb Shkod\u00ebr n\u00eb nj\u00eb protest\u00eb paq\u00ebsore. Me parulla kund\u00ebr nd\u00ebrtimit\" \/>\n<meta name=\"robots\" content=\"index, follow, max-snippet:-1, max-image-preview:large, max-video-preview:-1\" \/>\n<link rel=\"canonical\" href=\"https:\/\/www.visit-ulcinj.com\/blog\/2009\/04\/27\/shkoder-proteste-kunder-centralit-berthamor\/\" \/>\n<meta property=\"og:locale\" content=\"en_US\" \/>\n<meta property=\"og:type\" content=\"article\" \/>\n<meta property=\"og:title\" content=\"Shkod\u00ebr, protest\u00eb kund\u00ebr centralit b\u00ebrthamor - Lajme nga Ulqini\" \/>\n<meta property=\"og:description\" content=\"&quot;Jo centraleve b\u00ebrthamore kudo n\u00eb Shqip\u00ebri&quot;, ka qen\u00eb apeli q\u00eb ka b\u00ebr\u00eb sot shoq\u00ebria civile n\u00eb Shkod\u00ebr n\u00eb nj\u00eb protest\u00eb paq\u00ebsore. Me parulla kund\u00ebr nd\u00ebrtimit\" \/>\n<meta property=\"og:url\" content=\"https:\/\/www.visit-ulcinj.com\/blog\/2009\/04\/27\/shkoder-proteste-kunder-centralit-berthamor\/\" \/>\n<meta property=\"og:site_name\" content=\"Lajme nga Ulqini\" \/>\n<meta property=\"article:published_time\" content=\"2009-04-27T12:13:21+00:00\" \/>\n<meta property=\"og:image\" content=\"http:\/\/www.visit-ulcinj.com\/blog\/wp-content\/uploads\/2009\/04\/protesta-kunder-centralit.jpg\" \/>\n<meta name=\"twitter:label1\" content=\"Written by\" \/>\n\t<meta name=\"twitter:data1\" content=\"ulqini\" \/>\n\t<meta name=\"twitter:label2\" content=\"Est. reading time\" \/>\n\t<meta name=\"twitter:data2\" content=\"1 minute\" \/>\n<script type=\"application\/ld+json\" class=\"yoast-schema-graph\">{\"@context\":\"https:\/\/schema.org\",\"@graph\":[{\"@type\":\"WebSite\",\"@id\":\"https:\/\/www.visit-ulcinj.com\/blog\/#website\",\"url\":\"https:\/\/www.visit-ulcinj.com\/blog\/\",\"name\":\"Lajme nga Ulqini\",\"description\":\"Lajme,Vijesti,Ulqini,Ulqin,Crna Gora,Mali i Zi\",\"potentialAction\":[{\"@type\":\"SearchAction\",\"target\":{\"@type\":\"EntryPoint\",\"urlTemplate\":\"https:\/\/www.visit-ulcinj.com\/blog\/?s={search_term_string}\"},\"query-input\":\"required name=search_term_string\"}],\"inLanguage\":\"en-US\"},{\"@type\":\"ImageObject\",\"inLanguage\":\"en-US\",\"@id\":\"https:\/\/www.visit-ulcinj.com\/blog\/2009\/04\/27\/shkoder-proteste-kunder-centralit-berthamor\/#primaryimage\",\"url\":\"http:\/\/www.visit-ulcinj.com\/blog\/wp-content\/uploads\/2009\/04\/protesta-kunder-centralit.jpg\",\"contentUrl\":\"http:\/\/www.visit-ulcinj.com\/blog\/wp-content\/uploads\/2009\/04\/protesta-kunder-centralit.jpg\"},{\"@type\":\"WebPage\",\"@id\":\"https:\/\/www.visit-ulcinj.com\/blog\/2009\/04\/27\/shkoder-proteste-kunder-centralit-berthamor\/#webpage\",\"url\":\"https:\/\/www.visit-ulcinj.com\/blog\/2009\/04\/27\/shkoder-proteste-kunder-centralit-berthamor\/\",\"name\":\"Shkod\u00ebr, protest\u00eb kund\u00ebr centralit b\u00ebrthamor - Lajme nga Ulqini\",\"isPartOf\":{\"@id\":\"https:\/\/www.visit-ulcinj.com\/blog\/#website\"},\"primaryImageOfPage\":{\"@id\":\"https:\/\/www.visit-ulcinj.com\/blog\/2009\/04\/27\/shkoder-proteste-kunder-centralit-berthamor\/#primaryimage\"},\"datePublished\":\"2009-04-27T12:13:21+00:00\",\"dateModified\":\"2009-04-27T12:13:21+00:00\",\"author\":{\"@id\":\"https:\/\/www.visit-ulcinj.com\/blog\/#\/schema\/person\/dcab619c614d3038751c63bc2aadc06d\"},\"description\":\"\\\"Jo centraleve b\u00ebrthamore kudo n\u00eb Shqip\u00ebri\\\", ka qen\u00eb apeli q\u00eb ka b\u00ebr\u00eb sot shoq\u00ebria civile n\u00eb Shkod\u00ebr n\u00eb nj\u00eb protest\u00eb paq\u00ebsore. Me parulla kund\u00ebr nd\u00ebrtimit\",\"breadcrumb\":{\"@id\":\"https:\/\/www.visit-ulcinj.com\/blog\/2009\/04\/27\/shkoder-proteste-kunder-centralit-berthamor\/#breadcrumb\"},\"inLanguage\":\"en-US\",\"potentialAction\":[{\"@type\":\"ReadAction\",\"target\":[\"https:\/\/www.visit-ulcinj.com\/blog\/2009\/04\/27\/shkoder-proteste-kunder-centralit-berthamor\/\"]}]},{\"@type\":\"BreadcrumbList\",\"@id\":\"https:\/\/www.visit-ulcinj.com\/blog\/2009\/04\/27\/shkoder-proteste-kunder-centralit-berthamor\/#breadcrumb\",\"itemListElement\":[{\"@type\":\"ListItem\",\"position\":1,\"name\":\"Shkod\u00ebr, protest\u00eb kund\u00ebr centralit b\u00ebrthamor\"}]},{\"@type\":\"Person\",\"@id\":\"https:\/\/www.visit-ulcinj.com\/blog\/#\/schema\/person\/dcab619c614d3038751c63bc2aadc06d\",\"name\":\"ulqini\",\"sameAs\":[\"http:\/\/www.visit-ulcinj.com\"],\"url\":\"https:\/\/www.visit-ulcinj.com\/blog\/author\/admin\/\"}]}<\/script>\n<!-- \/ Yoast SEO plugin. -->","yoast_head_json":{"title":"Shkod\u00ebr, protest\u00eb kund\u00ebr centralit b\u00ebrthamor - Lajme nga Ulqini","description":"\"Jo centraleve b\u00ebrthamore kudo n\u00eb Shqip\u00ebri\", ka qen\u00eb apeli q\u00eb ka b\u00ebr\u00eb sot shoq\u00ebria civile n\u00eb Shkod\u00ebr n\u00eb nj\u00eb protest\u00eb paq\u00ebsore. Me parulla kund\u00ebr nd\u00ebrtimit","robots":{"index":"index","follow":"follow","max-snippet":"max-snippet:-1","max-image-preview":"max-image-preview:large","max-video-preview":"max-video-preview:-1"},"canonical":"https:\/\/www.visit-ulcinj.com\/blog\/2009\/04\/27\/shkoder-proteste-kunder-centralit-berthamor\/","og_locale":"en_US","og_type":"article","og_title":"Shkod\u00ebr, protest\u00eb kund\u00ebr centralit b\u00ebrthamor - Lajme nga Ulqini","og_description":"\"Jo centraleve b\u00ebrthamore kudo n\u00eb Shqip\u00ebri\", ka qen\u00eb apeli q\u00eb ka b\u00ebr\u00eb sot shoq\u00ebria civile n\u00eb Shkod\u00ebr n\u00eb nj\u00eb protest\u00eb paq\u00ebsore. Me parulla kund\u00ebr nd\u00ebrtimit","og_url":"https:\/\/www.visit-ulcinj.com\/blog\/2009\/04\/27\/shkoder-proteste-kunder-centralit-berthamor\/","og_site_name":"Lajme nga Ulqini","article_published_time":"2009-04-27T12:13:21+00:00","og_image":[{"url":"http:\/\/www.visit-ulcinj.com\/blog\/wp-content\/uploads\/2009\/04\/protesta-kunder-centralit.jpg"}],"twitter_misc":{"Written by":"ulqini","Est. reading time":"1 minute"},"schema":{"@context":"https:\/\/schema.org","@graph":[{"@type":"WebSite","@id":"https:\/\/www.visit-ulcinj.com\/blog\/#website","url":"https:\/\/www.visit-ulcinj.com\/blog\/","name":"Lajme nga Ulqini","description":"Lajme,Vijesti,Ulqini,Ulqin,Crna Gora,Mali i Zi","potentialAction":[{"@type":"SearchAction","target":{"@type":"EntryPoint","urlTemplate":"https:\/\/www.visit-ulcinj.com\/blog\/?s={search_term_string}"},"query-input":"required name=search_term_string"}],"inLanguage":"en-US"},{"@type":"ImageObject","inLanguage":"en-US","@id":"https:\/\/www.visit-ulcinj.com\/blog\/2009\/04\/27\/shkoder-proteste-kunder-centralit-berthamor\/#primaryimage","url":"http:\/\/www.visit-ulcinj.com\/blog\/wp-content\/uploads\/2009\/04\/protesta-kunder-centralit.jpg","contentUrl":"http:\/\/www.visit-ulcinj.com\/blog\/wp-content\/uploads\/2009\/04\/protesta-kunder-centralit.jpg"},{"@type":"WebPage","@id":"https:\/\/www.visit-ulcinj.com\/blog\/2009\/04\/27\/shkoder-proteste-kunder-centralit-berthamor\/#webpage","url":"https:\/\/www.visit-ulcinj.com\/blog\/2009\/04\/27\/shkoder-proteste-kunder-centralit-berthamor\/","name":"Shkod\u00ebr, protest\u00eb kund\u00ebr centralit b\u00ebrthamor - Lajme nga Ulqini","isPartOf":{"@id":"https:\/\/www.visit-ulcinj.com\/blog\/#website"},"primaryImageOfPage":{"@id":"https:\/\/www.visit-ulcinj.com\/blog\/2009\/04\/27\/shkoder-proteste-kunder-centralit-berthamor\/#primaryimage"},"datePublished":"2009-04-27T12:13:21+00:00","dateModified":"2009-04-27T12:13:21+00:00","author":{"@id":"https:\/\/www.visit-ulcinj.com\/blog\/#\/schema\/person\/dcab619c614d3038751c63bc2aadc06d"},"description":"\"Jo centraleve b\u00ebrthamore kudo n\u00eb Shqip\u00ebri\", ka qen\u00eb apeli q\u00eb ka b\u00ebr\u00eb sot shoq\u00ebria civile n\u00eb Shkod\u00ebr n\u00eb nj\u00eb protest\u00eb paq\u00ebsore. Me parulla kund\u00ebr nd\u00ebrtimit","breadcrumb":{"@id":"https:\/\/www.visit-ulcinj.com\/blog\/2009\/04\/27\/shkoder-proteste-kunder-centralit-berthamor\/#breadcrumb"},"inLanguage":"en-US","potentialAction":[{"@type":"ReadAction","target":["https:\/\/www.visit-ulcinj.com\/blog\/2009\/04\/27\/shkoder-proteste-kunder-centralit-berthamor\/"]}]},{"@type":"BreadcrumbList","@id":"https:\/\/www.visit-ulcinj.com\/blog\/2009\/04\/27\/shkoder-proteste-kunder-centralit-berthamor\/#breadcrumb","itemListElement":[{"@type":"ListItem","position":1,"name":"Shkod\u00ebr, protest\u00eb kund\u00ebr centralit b\u00ebrthamor"}]},{"@type":"Person","@id":"https:\/\/www.visit-ulcinj.com\/blog\/#\/schema\/person\/dcab619c614d3038751c63bc2aadc06d","name":"ulqini","sameAs":["http:\/\/www.visit-ulcinj.com"],"url":"https:\/\/www.visit-ulcinj.com\/blog\/author\/admin\/"}]}},"jetpack_featured_media_url":"","jetpack_sharing_enabled":true,"jetpack_shortlink":"https:\/\/wp.me\/pe6lTn-51a","_links":{"self":[{"href":"https:\/\/www.visit-ulcinj.com\/blog\/wp-json\/wp\/v2\/posts\/19292"}],"collection":[{"href":"https:\/\/www.visit-ulcinj.com\/blog\/wp-json\/wp\/v2\/posts"}],"about":[{"href":"https:\/\/www.visit-ulcinj.com\/blog\/wp-json\/wp\/v2\/types\/post"}],"author":[{"embeddable":true,"href":"https:\/\/www.visit-ulcinj.com\/blog\/wp-json\/wp\/v2\/users\/1"}],"replies":[{"embeddable":true,"href":"https:\/\/www.visit-ulcinj.com\/blog\/wp-json\/wp\/v2\/comments?post=19292"}],"version-history":[{"count":0,"href":"https:\/\/www.visit-ulcinj.com\/blog\/wp-json\/wp\/v2\/posts\/19292\/revisions"}],"wp:attachment":[{"href":"https:\/\/www.visit-ulcinj.com\/blog\/wp-json\/wp\/v2\/media?parent=19292"}],"wp:term":[{"taxonomy":"category","embeddable":true,"href":"https:\/\/www.visit-ulcinj.com\/blog\/wp-json\/wp\/v2\/categories?post=19292"},{"taxonomy":"post_tag","embeddable":true,"href":"https:\/\/www.visit-ulcinj.com\/blog\/wp-json\/wp\/v2\/tags?post=19292"}],"curies":[{"name":"wp","href":"https:\/\/api.w.org\/{rel}","templated":true}]}}