{"id":19312,"date":"2009-04-27T19:48:06","date_gmt":"2009-04-27T17:48:06","guid":{"rendered":"http:\/\/www.visit-ulcinj.com\/blog\/?p=19312"},"modified":"2009-04-27T19:48:06","modified_gmt":"2009-04-27T17:48:06","slug":"adela-bukuria-qe-%e2%80%9cvret","status":"publish","type":"post","link":"https:\/\/www.visit-ulcinj.com\/blog\/2009\/04\/27\/adela-bukuria-qe-%e2%80%9cvret\/","title":{"rendered":"Adela, bukuria q\u00eb \u201cvret&#8221;"},"content":{"rendered":"<p><em><span class=\"newsdate\"><a href=\"http:\/\/www.visit-ulcinj.com\/blog\/wp-content\/uploads\/2009\/04\/bukuria-qe-vret24.jpg\"><img loading=\"lazy\" class=\"alignleft size-full wp-image-19313\" title=\"bukuria-qe-vret24-big-brother-albania-2\" src=\"http:\/\/www.visit-ulcinj.com\/blog\/wp-content\/uploads\/2009\/04\/bukuria-qe-vret24.jpg\" alt=\"bukuria-qe-vret24-big-brother-albania-2\" width=\"300\" height=\"205\" \/><\/a>24\/04\/09 17:30<\/span><\/em><\/p>\n<p>Ari mendon q\u00eb Adelajda \u00ebsht\u00eb mashtruese dhe ia thot\u00eb k\u00ebt\u00eb gj\u00eb asaj. Ajo e kund\u00ebrshton duke i th\u00ebn\u00eb q\u00eb ajo \u00ebsht\u00eb tipi q\u00eb kur g\u00ebnjen i lexohet n\u00eb fytyr\u00eb. Ari i thot\u00eb q\u00eb ai ka tjet\u00ebr p\u00ebrshtypje, por ajo i thot\u00eb q\u00eb me kalimin e koh\u00ebs do v\u00ebrtetoj\u00eb q\u00eb p\u00ebrshtypjet e tij jan\u00eb t\u00eb gabuara . Ari i thot\u00eb Mimoz\u00ebs q\u00eb t\u00eb v\u00ebn\u00eb nj\u00eb bast p\u00ebr k\u00ebt\u00eb gj\u00eb. N\u00eb kop\u00ebsht vjen Eltoni i cili i bashkohet bised\u00ebs. Ai thot\u00eb:-\u201cAdelajda mund t\u00eb jet\u00eb nj\u00eb manipulatore shum\u00eb e mir\u00eb , por jo mashtruese!\u201d Adelajda e kund\u00ebrshton mendimin e Eltonit , por ky i fundit i thot\u00eb q\u00eb ajo ka vet\u00ebm dy zgjedhje q\u00eb t\u00eb jet\u00eb mashtruese , ose manipulatore.Adelajda i thot\u00eb q\u00eb nuk ka pse t\u00eb mendoj k\u00ebshtu, pasi ai me kalimin e koh\u00ebs mund t\u00eb arrij\u00eb t\u00eb kuptoj\u00eb q\u00eb gjithcka ka q\u00ebn\u00eb e v\u00ebrtet\u00eb dhe nuk ka patur manipulim. Eltoni i thot\u00eb q\u00eb n\u00ebse ai gabon do i k\u00ebrkoj\u00eb falje , por gjith\u00ebsesi ai nuk beson q\u00eb do ndodh\u00eb kjo gj\u00eb. Adelajda i thot\u00eb q\u00eb gj\u00ebja e mir\u00eb \u00ebsht\u00eb fakti q\u00eb loja \u00ebsht\u00eb e fundme dhe gj\u00ebrat do shikohen pas saj. Ai i thot\u00eb q\u00eb i ka par\u00eb gj\u00ebrat nga jasht\u00eb, dhe nga brenda, dhe ka konstatuar q\u00eb ajo p\u00ebr disa gj\u00ebra \u00ebsht\u00eb manipulatore. Sipas tij t\u00eb q\u00ebnurit manipulatore \u00ebsht\u00eb dicka e mir\u00eb pasi \u00ebsht\u00eb karakteristik\u00eb e njer\u00ebzve inteligjent, dhe ai e vler\u00ebson k\u00ebt\u00eb gj\u00eb. Arjani thot\u00eb me ironi:-\u201cZysha nuk \u00ebsht\u00eb as manipulatore as mashtruese, e jeton realitetin sic i vjen!\u201d Eltoni vazhdon duke i shpjeguar konceptin e tij p\u00ebr manipulimin, duke i th\u00ebn\u00eb q\u00eb ai mund t\u00eb ndryshoj\u00eb mendim p\u00ebr t\u00eb pasi ai e njeh vetem p\u00ebr at\u00eb q\u00eb ajo jep brenda sht\u00ebpis\u00eb. Ai i thot\u00eb:-\u201cMua m\u00eb dukesh bukuri q\u00eb vret!\u201d Ari e kalon me shaka duke th\u00ebn\u00eb q\u00eb at\u00eb nuk e ka \u201cvrar\u00eb\u201d, por vet\u00ebm e ka \u201cplagosur\u201d.<\/p>\n","protected":false},"excerpt":{"rendered":"<p>24\/04\/09 17:30 Ari mendon q\u00eb Adelajda \u00ebsht\u00eb mashtruese dhe ia thot\u00eb k\u00ebt\u00eb gj\u00eb asaj. Ajo e kund\u00ebrshton duke i th\u00ebn\u00eb q\u00eb ajo \u00ebsht\u00eb tipi q\u00eb kur g\u00ebnjen i lexohet n\u00eb fytyr\u00eb. Ari i thot\u00eb q\u00eb ai ka tjet\u00ebr p\u00ebrshtypje, por ajo i thot\u00eb q\u00eb me kalimin e koh\u00ebs do v\u00ebrtetoj\u00eb q\u00eb p\u00ebrshtypjet e tij jan\u00eb [&hellip;]<\/p>\n","protected":false},"author":1,"featured_media":0,"comment_status":"open","ping_status":"closed","sticky":false,"template":"","format":"standard","meta":{"spay_email":"","jetpack_publicize_message":"","jetpack_is_tweetstorm":false,"jetpack_publicize_feature_enabled":true},"categories":[6502],"tags":[6736,6529,5057,6506,6516,6712,7129,9676,8943,6544,6891,6693,6887],"jetpack_publicize_connections":[],"yoast_head":"<!-- This site is optimized with the Yoast SEO plugin v19.1 - https:\/\/yoast.com\/wordpress\/plugins\/seo\/ -->\n<title>Adela, bukuria q\u00c3\u00ab \u00e2\u20ac\u0153vret&quot; | Big Brother Albania 2<\/title>\n<meta name=\"description\" content=\"Big Brother Albania 2 - Ari mendon q\u00c3\u00ab Adelajda \u00c3\u00absht\u00c3\u00ab mashtruese dhe ia thot\u00c3\u00ab k\u00c3\u00abt\u00c3\u00ab gj\u00c3\u00ab asaj. Ajo e kund\u00c3\u00abrshton duke i th\u00c3\u00abn\u00c3\u00ab q\u00c3\u00ab ajo \u00c3\u00absht\u00c3\u00ab tipi q\u00c3\u00ab kur g\u00c3\u00abnjen i lexohet n\u00c3\u00ab fytyr\u00c3\u00ab.\" \/>\n<meta name=\"robots\" content=\"index, follow, max-snippet:-1, max-image-preview:large, max-video-preview:-1\" \/>\n<link rel=\"canonical\" href=\"https:\/\/www.visit-ulcinj.com\/blog\/2009\/04\/27\/adela-bukuria-qe-\u201cvret\/\" \/>\n<meta property=\"og:locale\" content=\"en_US\" \/>\n<meta property=\"og:type\" content=\"article\" \/>\n<meta property=\"og:title\" content=\"Adela, bukuria q\u00c3\u00ab \u00e2\u20ac\u0153vret&quot; | Big Brother Albania 2\" \/>\n<meta property=\"og:description\" content=\"Big Brother Albania 2 - Ari mendon q\u00c3\u00ab Adelajda \u00c3\u00absht\u00c3\u00ab mashtruese dhe ia thot\u00c3\u00ab k\u00c3\u00abt\u00c3\u00ab gj\u00c3\u00ab asaj. Ajo e kund\u00c3\u00abrshton duke i th\u00c3\u00abn\u00c3\u00ab q\u00c3\u00ab ajo \u00c3\u00absht\u00c3\u00ab tipi q\u00c3\u00ab kur g\u00c3\u00abnjen i lexohet n\u00c3\u00ab fytyr\u00c3\u00ab.\" \/>\n<meta property=\"og:url\" content=\"https:\/\/www.visit-ulcinj.com\/blog\/2009\/04\/27\/adela-bukuria-qe-\u201cvret\/\" \/>\n<meta property=\"og:site_name\" content=\"Lajme nga Ulqini\" \/>\n<meta property=\"article:published_time\" content=\"2009-04-27T17:48:06+00:00\" \/>\n<meta property=\"og:image\" content=\"http:\/\/www.visit-ulcinj.com\/blog\/wp-content\/uploads\/2009\/04\/bukuria-qe-vret24.jpg\" \/>\n<meta name=\"twitter:label1\" content=\"Written by\" \/>\n\t<meta name=\"twitter:data1\" content=\"ulqini\" \/>\n\t<meta name=\"twitter:label2\" content=\"Est. reading time\" \/>\n\t<meta name=\"twitter:data2\" content=\"2 minutes\" \/>\n<script type=\"application\/ld+json\" class=\"yoast-schema-graph\">{\"@context\":\"https:\/\/schema.org\",\"@graph\":[{\"@type\":\"WebSite\",\"@id\":\"https:\/\/www.visit-ulcinj.com\/blog\/#website\",\"url\":\"https:\/\/www.visit-ulcinj.com\/blog\/\",\"name\":\"Lajme nga Ulqini\",\"description\":\"Lajme,Vijesti,Ulqini,Ulqin,Crna Gora,Mali i Zi\",\"potentialAction\":[{\"@type\":\"SearchAction\",\"target\":{\"@type\":\"EntryPoint\",\"urlTemplate\":\"https:\/\/www.visit-ulcinj.com\/blog\/?s={search_term_string}\"},\"query-input\":\"required name=search_term_string\"}],\"inLanguage\":\"en-US\"},{\"@type\":\"ImageObject\",\"inLanguage\":\"en-US\",\"@id\":\"https:\/\/www.visit-ulcinj.com\/blog\/2009\/04\/27\/adela-bukuria-qe-%e2%80%9cvret\/#primaryimage\",\"url\":\"http:\/\/www.visit-ulcinj.com\/blog\/wp-content\/uploads\/2009\/04\/bukuria-qe-vret24.jpg\",\"contentUrl\":\"http:\/\/www.visit-ulcinj.com\/blog\/wp-content\/uploads\/2009\/04\/bukuria-qe-vret24.jpg\"},{\"@type\":\"WebPage\",\"@id\":\"https:\/\/www.visit-ulcinj.com\/blog\/2009\/04\/27\/adela-bukuria-qe-%e2%80%9cvret\/#webpage\",\"url\":\"https:\/\/www.visit-ulcinj.com\/blog\/2009\/04\/27\/adela-bukuria-qe-%e2%80%9cvret\/\",\"name\":\"Adela, bukuria q\u00c3\u00ab \u00e2\u20ac\u0153vret\\\" | Big Brother Albania 2\",\"isPartOf\":{\"@id\":\"https:\/\/www.visit-ulcinj.com\/blog\/#website\"},\"primaryImageOfPage\":{\"@id\":\"https:\/\/www.visit-ulcinj.com\/blog\/2009\/04\/27\/adela-bukuria-qe-%e2%80%9cvret\/#primaryimage\"},\"datePublished\":\"2009-04-27T17:48:06+00:00\",\"dateModified\":\"2009-04-27T17:48:06+00:00\",\"author\":{\"@id\":\"https:\/\/www.visit-ulcinj.com\/blog\/#\/schema\/person\/dcab619c614d3038751c63bc2aadc06d\"},\"description\":\"Big Brother Albania 2 - Ari mendon q\u00c3\u00ab Adelajda \u00c3\u00absht\u00c3\u00ab mashtruese dhe ia thot\u00c3\u00ab k\u00c3\u00abt\u00c3\u00ab gj\u00c3\u00ab asaj. Ajo e kund\u00c3\u00abrshton duke i th\u00c3\u00abn\u00c3\u00ab q\u00c3\u00ab ajo \u00c3\u00absht\u00c3\u00ab tipi q\u00c3\u00ab kur g\u00c3\u00abnjen i lexohet n\u00c3\u00ab fytyr\u00c3\u00ab.\",\"breadcrumb\":{\"@id\":\"https:\/\/www.visit-ulcinj.com\/blog\/2009\/04\/27\/adela-bukuria-qe-%e2%80%9cvret\/#breadcrumb\"},\"inLanguage\":\"en-US\",\"potentialAction\":[{\"@type\":\"ReadAction\",\"target\":[\"https:\/\/www.visit-ulcinj.com\/blog\/2009\/04\/27\/adela-bukuria-qe-%e2%80%9cvret\/\"]}]},{\"@type\":\"BreadcrumbList\",\"@id\":\"https:\/\/www.visit-ulcinj.com\/blog\/2009\/04\/27\/adela-bukuria-qe-%e2%80%9cvret\/#breadcrumb\",\"itemListElement\":[{\"@type\":\"ListItem\",\"position\":1,\"name\":\"Adela, bukuria q\u00eb \u201cvret&#8221;\"}]},{\"@type\":\"Person\",\"@id\":\"https:\/\/www.visit-ulcinj.com\/blog\/#\/schema\/person\/dcab619c614d3038751c63bc2aadc06d\",\"name\":\"ulqini\",\"sameAs\":[\"http:\/\/www.visit-ulcinj.com\"],\"url\":\"https:\/\/www.visit-ulcinj.com\/blog\/author\/admin\/\"}]}<\/script>\n<!-- \/ Yoast SEO plugin. -->","yoast_head_json":{"title":"Adela, bukuria q\u00c3\u00ab \u00e2\u20ac\u0153vret\" | Big Brother Albania 2","description":"Big Brother Albania 2 - Ari mendon q\u00c3\u00ab Adelajda \u00c3\u00absht\u00c3\u00ab mashtruese dhe ia thot\u00c3\u00ab k\u00c3\u00abt\u00c3\u00ab gj\u00c3\u00ab asaj. Ajo e kund\u00c3\u00abrshton duke i th\u00c3\u00abn\u00c3\u00ab q\u00c3\u00ab ajo \u00c3\u00absht\u00c3\u00ab tipi q\u00c3\u00ab kur g\u00c3\u00abnjen i lexohet n\u00c3\u00ab fytyr\u00c3\u00ab.","robots":{"index":"index","follow":"follow","max-snippet":"max-snippet:-1","max-image-preview":"max-image-preview:large","max-video-preview":"max-video-preview:-1"},"canonical":"https:\/\/www.visit-ulcinj.com\/blog\/2009\/04\/27\/adela-bukuria-qe-\u201cvret\/","og_locale":"en_US","og_type":"article","og_title":"Adela, bukuria q\u00c3\u00ab \u00e2\u20ac\u0153vret\" | Big Brother Albania 2","og_description":"Big Brother Albania 2 - Ari mendon q\u00c3\u00ab Adelajda \u00c3\u00absht\u00c3\u00ab mashtruese dhe ia thot\u00c3\u00ab k\u00c3\u00abt\u00c3\u00ab gj\u00c3\u00ab asaj. Ajo e kund\u00c3\u00abrshton duke i th\u00c3\u00abn\u00c3\u00ab q\u00c3\u00ab ajo \u00c3\u00absht\u00c3\u00ab tipi q\u00c3\u00ab kur g\u00c3\u00abnjen i lexohet n\u00c3\u00ab fytyr\u00c3\u00ab.","og_url":"https:\/\/www.visit-ulcinj.com\/blog\/2009\/04\/27\/adela-bukuria-qe-\u201cvret\/","og_site_name":"Lajme nga Ulqini","article_published_time":"2009-04-27T17:48:06+00:00","og_image":[{"url":"http:\/\/www.visit-ulcinj.com\/blog\/wp-content\/uploads\/2009\/04\/bukuria-qe-vret24.jpg"}],"twitter_misc":{"Written by":"ulqini","Est. reading time":"2 minutes"},"schema":{"@context":"https:\/\/schema.org","@graph":[{"@type":"WebSite","@id":"https:\/\/www.visit-ulcinj.com\/blog\/#website","url":"https:\/\/www.visit-ulcinj.com\/blog\/","name":"Lajme nga Ulqini","description":"Lajme,Vijesti,Ulqini,Ulqin,Crna Gora,Mali i Zi","potentialAction":[{"@type":"SearchAction","target":{"@type":"EntryPoint","urlTemplate":"https:\/\/www.visit-ulcinj.com\/blog\/?s={search_term_string}"},"query-input":"required name=search_term_string"}],"inLanguage":"en-US"},{"@type":"ImageObject","inLanguage":"en-US","@id":"https:\/\/www.visit-ulcinj.com\/blog\/2009\/04\/27\/adela-bukuria-qe-%e2%80%9cvret\/#primaryimage","url":"http:\/\/www.visit-ulcinj.com\/blog\/wp-content\/uploads\/2009\/04\/bukuria-qe-vret24.jpg","contentUrl":"http:\/\/www.visit-ulcinj.com\/blog\/wp-content\/uploads\/2009\/04\/bukuria-qe-vret24.jpg"},{"@type":"WebPage","@id":"https:\/\/www.visit-ulcinj.com\/blog\/2009\/04\/27\/adela-bukuria-qe-%e2%80%9cvret\/#webpage","url":"https:\/\/www.visit-ulcinj.com\/blog\/2009\/04\/27\/adela-bukuria-qe-%e2%80%9cvret\/","name":"Adela, bukuria q\u00c3\u00ab \u00e2\u20ac\u0153vret\" | Big Brother Albania 2","isPartOf":{"@id":"https:\/\/www.visit-ulcinj.com\/blog\/#website"},"primaryImageOfPage":{"@id":"https:\/\/www.visit-ulcinj.com\/blog\/2009\/04\/27\/adela-bukuria-qe-%e2%80%9cvret\/#primaryimage"},"datePublished":"2009-04-27T17:48:06+00:00","dateModified":"2009-04-27T17:48:06+00:00","author":{"@id":"https:\/\/www.visit-ulcinj.com\/blog\/#\/schema\/person\/dcab619c614d3038751c63bc2aadc06d"},"description":"Big Brother Albania 2 - Ari mendon q\u00c3\u00ab Adelajda \u00c3\u00absht\u00c3\u00ab mashtruese dhe ia thot\u00c3\u00ab k\u00c3\u00abt\u00c3\u00ab gj\u00c3\u00ab asaj. Ajo e kund\u00c3\u00abrshton duke i th\u00c3\u00abn\u00c3\u00ab q\u00c3\u00ab ajo \u00c3\u00absht\u00c3\u00ab tipi q\u00c3\u00ab kur g\u00c3\u00abnjen i lexohet n\u00c3\u00ab fytyr\u00c3\u00ab.","breadcrumb":{"@id":"https:\/\/www.visit-ulcinj.com\/blog\/2009\/04\/27\/adela-bukuria-qe-%e2%80%9cvret\/#breadcrumb"},"inLanguage":"en-US","potentialAction":[{"@type":"ReadAction","target":["https:\/\/www.visit-ulcinj.com\/blog\/2009\/04\/27\/adela-bukuria-qe-%e2%80%9cvret\/"]}]},{"@type":"BreadcrumbList","@id":"https:\/\/www.visit-ulcinj.com\/blog\/2009\/04\/27\/adela-bukuria-qe-%e2%80%9cvret\/#breadcrumb","itemListElement":[{"@type":"ListItem","position":1,"name":"Adela, bukuria q\u00eb \u201cvret&#8221;"}]},{"@type":"Person","@id":"https:\/\/www.visit-ulcinj.com\/blog\/#\/schema\/person\/dcab619c614d3038751c63bc2aadc06d","name":"ulqini","sameAs":["http:\/\/www.visit-ulcinj.com"],"url":"https:\/\/www.visit-ulcinj.com\/blog\/author\/admin\/"}]}},"jetpack_featured_media_url":"","jetpack_sharing_enabled":true,"jetpack_shortlink":"https:\/\/wp.me\/pe6lTn-51u","_links":{"self":[{"href":"https:\/\/www.visit-ulcinj.com\/blog\/wp-json\/wp\/v2\/posts\/19312"}],"collection":[{"href":"https:\/\/www.visit-ulcinj.com\/blog\/wp-json\/wp\/v2\/posts"}],"about":[{"href":"https:\/\/www.visit-ulcinj.com\/blog\/wp-json\/wp\/v2\/types\/post"}],"author":[{"embeddable":true,"href":"https:\/\/www.visit-ulcinj.com\/blog\/wp-json\/wp\/v2\/users\/1"}],"replies":[{"embeddable":true,"href":"https:\/\/www.visit-ulcinj.com\/blog\/wp-json\/wp\/v2\/comments?post=19312"}],"version-history":[{"count":0,"href":"https:\/\/www.visit-ulcinj.com\/blog\/wp-json\/wp\/v2\/posts\/19312\/revisions"}],"wp:attachment":[{"href":"https:\/\/www.visit-ulcinj.com\/blog\/wp-json\/wp\/v2\/media?parent=19312"}],"wp:term":[{"taxonomy":"category","embeddable":true,"href":"https:\/\/www.visit-ulcinj.com\/blog\/wp-json\/wp\/v2\/categories?post=19312"},{"taxonomy":"post_tag","embeddable":true,"href":"https:\/\/www.visit-ulcinj.com\/blog\/wp-json\/wp\/v2\/tags?post=19312"}],"curies":[{"name":"wp","href":"https:\/\/api.w.org\/{rel}","templated":true}]}}