{"id":19315,"date":"2009-04-27T19:49:56","date_gmt":"2009-04-27T17:49:56","guid":{"rendered":"http:\/\/www.visit-ulcinj.com\/blog\/?p=19315"},"modified":"2009-04-27T19:49:56","modified_gmt":"2009-04-27T17:49:56","slug":"arjoni-fjalet-magjike","status":"publish","type":"post","link":"https:\/\/www.visit-ulcinj.com\/blog\/2009\/04\/27\/arjoni-fjalet-magjike\/","title":{"rendered":"Arjoni : Fjal\u00ebt magjike"},"content":{"rendered":"<p><em><span class=\"newsdate\"><a href=\"http:\/\/www.visit-ulcinj.com\/blog\/wp-content\/uploads\/2009\/04\/arjonikomunik-2.jpg\"><img loading=\"lazy\" class=\"alignleft size-full wp-image-19316\" title=\"arjonikomunik-2-big-brother-albania-2\" src=\"http:\/\/www.visit-ulcinj.com\/blog\/wp-content\/uploads\/2009\/04\/arjonikomunik-2.jpg\" alt=\"arjonikomunik-2-big-brother-albania-2\" width=\"300\" height=\"205\" \/><\/a>25\/04\/09 00:45<\/span><\/em><\/p>\n<p>Fjal\u00ebn m\u00eb pas e merr Adi. Ai mundohet ta p\u00ebrq\u00ebndroj\u00eb bised\u00ebn n\u00eb nj\u00eb tjet\u00ebr argument q\u00eb \u00ebsht\u00eb p\u00ebrdorimi i fjal\u00ebve \u201cmagjike\u201d n\u00eb komunikimin e p\u00ebrditsh\u00ebm q\u00eb, sipas tij, jan\u00eb shum\u00eb t\u00eb r\u00ebnd\u00ebsishme dhe t\u00eb falin nj\u00eb k\u00ebnaq\u00ebsi si n\u00eb rastin kur i p\u00ebrdor ashtu edhe kur t\u2019i thon\u00eb. Biseda fillon t\u00eb p\u00ebrq\u00ebndrohet n\u00eb k\u00ebt\u00eb kontekst dhe t\u00eb gjith\u00eb mendojn\u00eb se \u00ebsht\u00eb e nevojshme q\u00eb k\u00ebto fjal\u00eb t\u00eb p\u00ebrdoren shpesh. Arjoni mendon se p\u00ebrdorimi i k\u00ebtyre fjal\u00ebve vjen edhe nga edukata q\u00eb merr n\u00eb familje apo nga k\u00ebrkesa q\u00eb ka grupi shoq\u00ebror n\u00eb t\u00eb cil\u00ebn b\u00ebjn\u00eb pjes\u00eb. Ai merr si shembull fjal\u00ebn \u201ct\u00eb lutem\u201d e cila ia ndryshon kuptimin fjalis\u00eb nga nj\u00eb form\u00eb urdh\u00ebrore n\u00eb nj\u00eb k\u00ebrkes\u00eb dhe personi tjet\u00ebr e b\u00ebn m\u00eb me k\u00ebnaq\u00ebsi. Sipas k\u00ebndv\u00ebshtrimit t\u00eb tij, nj\u00eb fjal\u00eb e till\u00eb \u00ebsht\u00eb e domosdoshme kudo, qoft\u00eb edeh n\u00eb familje. Ky p\u00ebrcaktim i Arjonit, con n\u00eb nj\u00eb tjet\u00ebr diskutim. Ari dhe Adela e mendojn\u00eb ndryshe nga ai. Sipas Arit, fjala duhet p\u00ebrdorur, por jo gjithmon\u00eb sepse k\u00ebshtu ia humbet vler\u00ebn. Ai thot\u00eb se n\u00eb nj\u00eb bised\u00eb familjare, p\u00ebrdorimi i k\u00ebsaj fjale n\u00eb disa raste \u00ebsht\u00eb e nevojshme, dhe n\u00eb disa t\u00eb tjera jo, n\u00eb var\u00ebsi t\u00eb situat\u00ebs. Ari mendon se edhe n\u00eb situata t\u00eb tjera, kuptimi i fjal\u00ebs \u201ct\u00eb lutem\u201d mund t\u00eb p\u00ebrdoret pa i dh\u00ebn\u00eb vler\u00ebn e duhur, kjo n\u00eb var\u00ebsi t\u00eb intonacionit t\u00eb p\u00ebrdorur. Adela thot\u00eb se n\u00eb familjen e saj, kjo fjal\u00eb nuk p\u00ebrdoret sepse ata kan\u00eb nj\u00eb marr\u00ebdh\u00ebnie t\u00eb till\u00eb mir\u00ebkuptimi q\u00eb nj\u00eb fjla\u00eb e till\u00eb n\u00ebnkuptohet edhe pse nuk thuhet. Juna mendon se p\u00ebrdorimi i k\u00ebtyre fjal\u00ebve tregon p\u00ebrvec edukat\u00ebs edhe nj\u00eb vler\u00ebsim p\u00ebr bashk\u00ebbiseduesin sepse askush nuk ka t\u00eb drejt\u00eb t\u00eb urdh\u00ebroj\u00eb ask\u00ebnd e n\u00eb k\u00ebt\u00eb m\u00ebnyr\u00eb mund ta b\u00ebsh at\u00eb q\u00eb t\u00eb t\u00eb p\u00ebrgjigjet me k\u00ebnaq\u00ebsi, pa e detyruar.<\/p>\n","protected":false},"excerpt":{"rendered":"<p>25\/04\/09 00:45 Fjal\u00ebn m\u00eb pas e merr Adi. Ai mundohet ta p\u00ebrq\u00ebndroj\u00eb bised\u00ebn n\u00eb nj\u00eb tjet\u00ebr argument q\u00eb \u00ebsht\u00eb p\u00ebrdorimi i fjal\u00ebve \u201cmagjike\u201d n\u00eb komunikimin e p\u00ebrditsh\u00ebm q\u00eb, sipas tij, jan\u00eb shum\u00eb t\u00eb r\u00ebnd\u00ebsishme dhe t\u00eb falin nj\u00eb k\u00ebnaq\u00ebsi si n\u00eb rastin kur i p\u00ebrdor ashtu edhe kur t\u2019i thon\u00eb. Biseda fillon t\u00eb p\u00ebrq\u00ebndrohet n\u00eb [&hellip;]<\/p>\n","protected":false},"author":1,"featured_media":0,"comment_status":"open","ping_status":"closed","sticky":false,"template":"","format":"standard","meta":{"spay_email":"","jetpack_publicize_message":"","jetpack_is_tweetstorm":false,"jetpack_publicize_feature_enabled":true},"categories":[6502],"tags":[8289,6525,5057,6506,6516,6712,7129,6891,6693,6887],"jetpack_publicize_connections":[],"yoast_head":"<!-- This site is optimized with the Yoast SEO plugin v19.1 - https:\/\/yoast.com\/wordpress\/plugins\/seo\/ -->\n<title>Arjoni : Fjal\u00c3\u00abt magjike | Big Brother Albania 2<\/title>\n<meta name=\"description\" content=\"Big Brother Albania 2 - Fjal\u00c3\u00abn m\u00c3\u00ab pas e merr Adi. Ai mundohet ta p\u00c3\u00abrq\u00c3\u00abndroj\u00c3\u00ab bised\u00c3\u00abn n\u00c3\u00ab nj\u00c3\u00ab tjet\u00c3\u00abr argument q\u00c3\u00ab \u00c3\u00absht\u00c3\u00ab p\u00c3\u00abrdorimi i fjal\u00c3\u00abve \u00e2\u20ac\u0153magjike\u00e2\u20ac\u009d n\u00c3\u00ab komunikimin e p\u00c3\u00abrditsh\u00c3\u00abm q\u00c3\u00ab, sipas tij, jan\u00c3\u00ab shum\u00c3\u00ab t\u00c3\u00ab r\u00c3\u00abnd\u00c3\u00absishme dhe t\u00c3\u00ab falin nj\u00c3\u00ab k\u00c3\u00abnaq\u00c3\u00absi si n\u00c3\u00ab rastin kur i p\u00c3\u00abrdor ashtu edhe kur t\u00e2\u20ac\u2122i thon\u00c3\u00ab.\" \/>\n<meta name=\"robots\" content=\"index, follow, max-snippet:-1, max-image-preview:large, max-video-preview:-1\" \/>\n<link rel=\"canonical\" href=\"https:\/\/www.visit-ulcinj.com\/blog\/2009\/04\/27\/arjoni-fjalet-magjike\/\" \/>\n<meta property=\"og:locale\" content=\"en_US\" \/>\n<meta property=\"og:type\" content=\"article\" \/>\n<meta property=\"og:title\" content=\"Arjoni : Fjal\u00c3\u00abt magjike | Big Brother Albania 2\" \/>\n<meta property=\"og:description\" content=\"Big Brother Albania 2 - Fjal\u00c3\u00abn m\u00c3\u00ab pas e merr Adi. Ai mundohet ta p\u00c3\u00abrq\u00c3\u00abndroj\u00c3\u00ab bised\u00c3\u00abn n\u00c3\u00ab nj\u00c3\u00ab tjet\u00c3\u00abr argument q\u00c3\u00ab \u00c3\u00absht\u00c3\u00ab p\u00c3\u00abrdorimi i fjal\u00c3\u00abve \u00e2\u20ac\u0153magjike\u00e2\u20ac\u009d n\u00c3\u00ab komunikimin e p\u00c3\u00abrditsh\u00c3\u00abm q\u00c3\u00ab, sipas tij, jan\u00c3\u00ab shum\u00c3\u00ab t\u00c3\u00ab r\u00c3\u00abnd\u00c3\u00absishme dhe t\u00c3\u00ab falin nj\u00c3\u00ab k\u00c3\u00abnaq\u00c3\u00absi si n\u00c3\u00ab rastin kur i p\u00c3\u00abrdor ashtu edhe kur t\u00e2\u20ac\u2122i thon\u00c3\u00ab.\" \/>\n<meta property=\"og:url\" content=\"https:\/\/www.visit-ulcinj.com\/blog\/2009\/04\/27\/arjoni-fjalet-magjike\/\" \/>\n<meta property=\"og:site_name\" content=\"Lajme nga Ulqini\" \/>\n<meta property=\"article:published_time\" content=\"2009-04-27T17:49:56+00:00\" \/>\n<meta property=\"og:image\" content=\"http:\/\/www.visit-ulcinj.com\/blog\/wp-content\/uploads\/2009\/04\/arjonikomunik-2.jpg\" \/>\n<meta name=\"twitter:label1\" content=\"Written by\" \/>\n\t<meta name=\"twitter:data1\" content=\"ulqini\" \/>\n\t<meta name=\"twitter:label2\" content=\"Est. reading time\" \/>\n\t<meta name=\"twitter:data2\" content=\"2 minutes\" \/>\n<script type=\"application\/ld+json\" class=\"yoast-schema-graph\">{\"@context\":\"https:\/\/schema.org\",\"@graph\":[{\"@type\":\"WebSite\",\"@id\":\"https:\/\/www.visit-ulcinj.com\/blog\/#website\",\"url\":\"https:\/\/www.visit-ulcinj.com\/blog\/\",\"name\":\"Lajme nga Ulqini\",\"description\":\"Lajme,Vijesti,Ulqini,Ulqin,Crna Gora,Mali i Zi\",\"potentialAction\":[{\"@type\":\"SearchAction\",\"target\":{\"@type\":\"EntryPoint\",\"urlTemplate\":\"https:\/\/www.visit-ulcinj.com\/blog\/?s={search_term_string}\"},\"query-input\":\"required name=search_term_string\"}],\"inLanguage\":\"en-US\"},{\"@type\":\"ImageObject\",\"inLanguage\":\"en-US\",\"@id\":\"https:\/\/www.visit-ulcinj.com\/blog\/2009\/04\/27\/arjoni-fjalet-magjike\/#primaryimage\",\"url\":\"http:\/\/www.visit-ulcinj.com\/blog\/wp-content\/uploads\/2009\/04\/arjonikomunik-2.jpg\",\"contentUrl\":\"http:\/\/www.visit-ulcinj.com\/blog\/wp-content\/uploads\/2009\/04\/arjonikomunik-2.jpg\"},{\"@type\":\"WebPage\",\"@id\":\"https:\/\/www.visit-ulcinj.com\/blog\/2009\/04\/27\/arjoni-fjalet-magjike\/#webpage\",\"url\":\"https:\/\/www.visit-ulcinj.com\/blog\/2009\/04\/27\/arjoni-fjalet-magjike\/\",\"name\":\"Arjoni : Fjal\u00c3\u00abt magjike | Big Brother Albania 2\",\"isPartOf\":{\"@id\":\"https:\/\/www.visit-ulcinj.com\/blog\/#website\"},\"primaryImageOfPage\":{\"@id\":\"https:\/\/www.visit-ulcinj.com\/blog\/2009\/04\/27\/arjoni-fjalet-magjike\/#primaryimage\"},\"datePublished\":\"2009-04-27T17:49:56+00:00\",\"dateModified\":\"2009-04-27T17:49:56+00:00\",\"author\":{\"@id\":\"https:\/\/www.visit-ulcinj.com\/blog\/#\/schema\/person\/dcab619c614d3038751c63bc2aadc06d\"},\"description\":\"Big Brother Albania 2 - Fjal\u00c3\u00abn m\u00c3\u00ab pas e merr Adi. Ai mundohet ta p\u00c3\u00abrq\u00c3\u00abndroj\u00c3\u00ab bised\u00c3\u00abn n\u00c3\u00ab nj\u00c3\u00ab tjet\u00c3\u00abr argument q\u00c3\u00ab \u00c3\u00absht\u00c3\u00ab p\u00c3\u00abrdorimi i fjal\u00c3\u00abve \u00e2\u20ac\u0153magjike\u00e2\u20ac\u009d n\u00c3\u00ab komunikimin e p\u00c3\u00abrditsh\u00c3\u00abm q\u00c3\u00ab, sipas tij, jan\u00c3\u00ab shum\u00c3\u00ab t\u00c3\u00ab r\u00c3\u00abnd\u00c3\u00absishme dhe t\u00c3\u00ab falin nj\u00c3\u00ab k\u00c3\u00abnaq\u00c3\u00absi si n\u00c3\u00ab rastin kur i p\u00c3\u00abrdor ashtu edhe kur t\u00e2\u20ac\u2122i thon\u00c3\u00ab.\",\"breadcrumb\":{\"@id\":\"https:\/\/www.visit-ulcinj.com\/blog\/2009\/04\/27\/arjoni-fjalet-magjike\/#breadcrumb\"},\"inLanguage\":\"en-US\",\"potentialAction\":[{\"@type\":\"ReadAction\",\"target\":[\"https:\/\/www.visit-ulcinj.com\/blog\/2009\/04\/27\/arjoni-fjalet-magjike\/\"]}]},{\"@type\":\"BreadcrumbList\",\"@id\":\"https:\/\/www.visit-ulcinj.com\/blog\/2009\/04\/27\/arjoni-fjalet-magjike\/#breadcrumb\",\"itemListElement\":[{\"@type\":\"ListItem\",\"position\":1,\"name\":\"Arjoni : Fjal\u00ebt magjike\"}]},{\"@type\":\"Person\",\"@id\":\"https:\/\/www.visit-ulcinj.com\/blog\/#\/schema\/person\/dcab619c614d3038751c63bc2aadc06d\",\"name\":\"ulqini\",\"sameAs\":[\"http:\/\/www.visit-ulcinj.com\"],\"url\":\"https:\/\/www.visit-ulcinj.com\/blog\/author\/admin\/\"}]}<\/script>\n<!-- \/ Yoast SEO plugin. -->","yoast_head_json":{"title":"Arjoni : Fjal\u00c3\u00abt magjike | Big Brother Albania 2","description":"Big Brother Albania 2 - Fjal\u00c3\u00abn m\u00c3\u00ab pas e merr Adi. Ai mundohet ta p\u00c3\u00abrq\u00c3\u00abndroj\u00c3\u00ab bised\u00c3\u00abn n\u00c3\u00ab nj\u00c3\u00ab tjet\u00c3\u00abr argument q\u00c3\u00ab \u00c3\u00absht\u00c3\u00ab p\u00c3\u00abrdorimi i fjal\u00c3\u00abve \u00e2\u20ac\u0153magjike\u00e2\u20ac\u009d n\u00c3\u00ab komunikimin e p\u00c3\u00abrditsh\u00c3\u00abm q\u00c3\u00ab, sipas tij, jan\u00c3\u00ab shum\u00c3\u00ab t\u00c3\u00ab r\u00c3\u00abnd\u00c3\u00absishme dhe t\u00c3\u00ab falin nj\u00c3\u00ab k\u00c3\u00abnaq\u00c3\u00absi si n\u00c3\u00ab rastin kur i p\u00c3\u00abrdor ashtu edhe kur t\u00e2\u20ac\u2122i thon\u00c3\u00ab.","robots":{"index":"index","follow":"follow","max-snippet":"max-snippet:-1","max-image-preview":"max-image-preview:large","max-video-preview":"max-video-preview:-1"},"canonical":"https:\/\/www.visit-ulcinj.com\/blog\/2009\/04\/27\/arjoni-fjalet-magjike\/","og_locale":"en_US","og_type":"article","og_title":"Arjoni : Fjal\u00c3\u00abt magjike | Big Brother Albania 2","og_description":"Big Brother Albania 2 - Fjal\u00c3\u00abn m\u00c3\u00ab pas e merr Adi. Ai mundohet ta p\u00c3\u00abrq\u00c3\u00abndroj\u00c3\u00ab bised\u00c3\u00abn n\u00c3\u00ab nj\u00c3\u00ab tjet\u00c3\u00abr argument q\u00c3\u00ab \u00c3\u00absht\u00c3\u00ab p\u00c3\u00abrdorimi i fjal\u00c3\u00abve \u00e2\u20ac\u0153magjike\u00e2\u20ac\u009d n\u00c3\u00ab komunikimin e p\u00c3\u00abrditsh\u00c3\u00abm q\u00c3\u00ab, sipas tij, jan\u00c3\u00ab shum\u00c3\u00ab t\u00c3\u00ab r\u00c3\u00abnd\u00c3\u00absishme dhe t\u00c3\u00ab falin nj\u00c3\u00ab k\u00c3\u00abnaq\u00c3\u00absi si n\u00c3\u00ab rastin kur i p\u00c3\u00abrdor ashtu edhe kur t\u00e2\u20ac\u2122i thon\u00c3\u00ab.","og_url":"https:\/\/www.visit-ulcinj.com\/blog\/2009\/04\/27\/arjoni-fjalet-magjike\/","og_site_name":"Lajme nga Ulqini","article_published_time":"2009-04-27T17:49:56+00:00","og_image":[{"url":"http:\/\/www.visit-ulcinj.com\/blog\/wp-content\/uploads\/2009\/04\/arjonikomunik-2.jpg"}],"twitter_misc":{"Written by":"ulqini","Est. reading time":"2 minutes"},"schema":{"@context":"https:\/\/schema.org","@graph":[{"@type":"WebSite","@id":"https:\/\/www.visit-ulcinj.com\/blog\/#website","url":"https:\/\/www.visit-ulcinj.com\/blog\/","name":"Lajme nga Ulqini","description":"Lajme,Vijesti,Ulqini,Ulqin,Crna Gora,Mali i Zi","potentialAction":[{"@type":"SearchAction","target":{"@type":"EntryPoint","urlTemplate":"https:\/\/www.visit-ulcinj.com\/blog\/?s={search_term_string}"},"query-input":"required name=search_term_string"}],"inLanguage":"en-US"},{"@type":"ImageObject","inLanguage":"en-US","@id":"https:\/\/www.visit-ulcinj.com\/blog\/2009\/04\/27\/arjoni-fjalet-magjike\/#primaryimage","url":"http:\/\/www.visit-ulcinj.com\/blog\/wp-content\/uploads\/2009\/04\/arjonikomunik-2.jpg","contentUrl":"http:\/\/www.visit-ulcinj.com\/blog\/wp-content\/uploads\/2009\/04\/arjonikomunik-2.jpg"},{"@type":"WebPage","@id":"https:\/\/www.visit-ulcinj.com\/blog\/2009\/04\/27\/arjoni-fjalet-magjike\/#webpage","url":"https:\/\/www.visit-ulcinj.com\/blog\/2009\/04\/27\/arjoni-fjalet-magjike\/","name":"Arjoni : Fjal\u00c3\u00abt magjike | Big Brother Albania 2","isPartOf":{"@id":"https:\/\/www.visit-ulcinj.com\/blog\/#website"},"primaryImageOfPage":{"@id":"https:\/\/www.visit-ulcinj.com\/blog\/2009\/04\/27\/arjoni-fjalet-magjike\/#primaryimage"},"datePublished":"2009-04-27T17:49:56+00:00","dateModified":"2009-04-27T17:49:56+00:00","author":{"@id":"https:\/\/www.visit-ulcinj.com\/blog\/#\/schema\/person\/dcab619c614d3038751c63bc2aadc06d"},"description":"Big Brother Albania 2 - Fjal\u00c3\u00abn m\u00c3\u00ab pas e merr Adi. Ai mundohet ta p\u00c3\u00abrq\u00c3\u00abndroj\u00c3\u00ab bised\u00c3\u00abn n\u00c3\u00ab nj\u00c3\u00ab tjet\u00c3\u00abr argument q\u00c3\u00ab \u00c3\u00absht\u00c3\u00ab p\u00c3\u00abrdorimi i fjal\u00c3\u00abve \u00e2\u20ac\u0153magjike\u00e2\u20ac\u009d n\u00c3\u00ab komunikimin e p\u00c3\u00abrditsh\u00c3\u00abm q\u00c3\u00ab, sipas tij, jan\u00c3\u00ab shum\u00c3\u00ab t\u00c3\u00ab r\u00c3\u00abnd\u00c3\u00absishme dhe t\u00c3\u00ab falin nj\u00c3\u00ab k\u00c3\u00abnaq\u00c3\u00absi si n\u00c3\u00ab rastin kur i p\u00c3\u00abrdor ashtu edhe kur t\u00e2\u20ac\u2122i thon\u00c3\u00ab.","breadcrumb":{"@id":"https:\/\/www.visit-ulcinj.com\/blog\/2009\/04\/27\/arjoni-fjalet-magjike\/#breadcrumb"},"inLanguage":"en-US","potentialAction":[{"@type":"ReadAction","target":["https:\/\/www.visit-ulcinj.com\/blog\/2009\/04\/27\/arjoni-fjalet-magjike\/"]}]},{"@type":"BreadcrumbList","@id":"https:\/\/www.visit-ulcinj.com\/blog\/2009\/04\/27\/arjoni-fjalet-magjike\/#breadcrumb","itemListElement":[{"@type":"ListItem","position":1,"name":"Arjoni : Fjal\u00ebt magjike"}]},{"@type":"Person","@id":"https:\/\/www.visit-ulcinj.com\/blog\/#\/schema\/person\/dcab619c614d3038751c63bc2aadc06d","name":"ulqini","sameAs":["http:\/\/www.visit-ulcinj.com"],"url":"https:\/\/www.visit-ulcinj.com\/blog\/author\/admin\/"}]}},"jetpack_featured_media_url":"","jetpack_sharing_enabled":true,"jetpack_shortlink":"https:\/\/wp.me\/pe6lTn-51x","_links":{"self":[{"href":"https:\/\/www.visit-ulcinj.com\/blog\/wp-json\/wp\/v2\/posts\/19315"}],"collection":[{"href":"https:\/\/www.visit-ulcinj.com\/blog\/wp-json\/wp\/v2\/posts"}],"about":[{"href":"https:\/\/www.visit-ulcinj.com\/blog\/wp-json\/wp\/v2\/types\/post"}],"author":[{"embeddable":true,"href":"https:\/\/www.visit-ulcinj.com\/blog\/wp-json\/wp\/v2\/users\/1"}],"replies":[{"embeddable":true,"href":"https:\/\/www.visit-ulcinj.com\/blog\/wp-json\/wp\/v2\/comments?post=19315"}],"version-history":[{"count":0,"href":"https:\/\/www.visit-ulcinj.com\/blog\/wp-json\/wp\/v2\/posts\/19315\/revisions"}],"wp:attachment":[{"href":"https:\/\/www.visit-ulcinj.com\/blog\/wp-json\/wp\/v2\/media?parent=19315"}],"wp:term":[{"taxonomy":"category","embeddable":true,"href":"https:\/\/www.visit-ulcinj.com\/blog\/wp-json\/wp\/v2\/categories?post=19315"},{"taxonomy":"post_tag","embeddable":true,"href":"https:\/\/www.visit-ulcinj.com\/blog\/wp-json\/wp\/v2\/tags?post=19315"}],"curies":[{"name":"wp","href":"https:\/\/api.w.org\/{rel}","templated":true}]}}