{"id":19318,"date":"2009-04-27T19:52:07","date_gmt":"2009-04-27T17:52:07","guid":{"rendered":"http:\/\/www.visit-ulcinj.com\/blog\/?p=19318"},"modified":"2009-04-27T19:52:07","modified_gmt":"2009-04-27T17:52:07","slug":"adi-do-respektuar-etika","status":"publish","type":"post","link":"https:\/\/www.visit-ulcinj.com\/blog\/2009\/04\/27\/adi-do-respektuar-etika\/","title":{"rendered":"Adi : Do respektuar etika"},"content":{"rendered":"<p><em><span class=\"newsdate\"><a href=\"http:\/\/www.visit-ulcinj.com\/blog\/wp-content\/uploads\/2009\/04\/adikomunik.jpg\"><img loading=\"lazy\" class=\"alignleft size-full wp-image-19319\" title=\"adikomunik-big-brother-albania-2\" src=\"http:\/\/www.visit-ulcinj.com\/blog\/wp-content\/uploads\/2009\/04\/adikomunik.jpg\" alt=\"adikomunik-big-brother-albania-2\" width=\"300\" height=\"205\" \/><\/a>25\/04\/09 01:40<\/span><\/em><\/p>\n<p>Debati mes Jun\u00ebs dhe Arit mbyllet, por ai nuk kalon pa u komentuar nga banor\u00ebt e tjer\u00eb. Ata i thon\u00eb Arit se p\u00ebrdor nj\u00eb fjalor n\u00eb sht\u00ebpi q\u00eb l\u00eb shum\u00eb p\u00ebr t\u00eb d\u00ebshiruar dhe se shpesh fjal\u00ebt q\u00eb ai p\u00ebrdor, nuk duhen p\u00ebrdorur n\u00eb nj\u00eb ambient t\u00eb till\u00eb. Ari justifikohet se asnj\u00ebher\u00eb nuk ka p\u00ebrdorur fjal\u00eb p\u00ebr t\u00eb ofenduar ndonj\u00eb person, madje thot\u00eb se ai flet mir\u00eb, por n\u00eb rastet kur ai duhet t\u00eb spjegoj\u00eb dicka, mund t\u00eb p\u00ebrdor\u00eb fjal\u00eb n\u00eb p\u00ebrgjith\u00ebsi, pa i r\u00ebnduar askujt personalisht. Sipas tij, kjo sjellje b\u00ebn pjes\u00eb n\u00eb karakterin e tij dhe d\u00ebshiron q\u00eb ta tregoj\u00eb at\u00eb deri n\u00eb fund, pa dal\u00eb nga vetja. Nisur nga kjo, Sori pyet se n\u00eb cfar\u00eb ambienti mund t\u00eb klasifikohen ata dhe se cfar\u00eb fjalori duhet t\u00eb p\u00ebrdorin. Adi i p\u00ebrgjigjet se n\u00eb k\u00ebt\u00eb ambient ku ata jetojn\u00eb, t\u00eb par\u00eb nga shum\u00eb shikues, normalisht nuk duhet t\u00eb p\u00ebrdorin fjal\u00eb t\u00eb r\u00ebnda, madje duhet t\u00eb sillen t\u00eb gjith\u00eb mir\u00eb. Ai mendon se kjo mund t\u00eb b\u00ebj\u00eb q\u00eb t\u00eb dal\u00ebsh nga vetja duke e quajtur nj\u00eb lloj hipokrizie, por ka nj\u00eb lloj etike q\u00eb duhet respektuar. Adi nuk harron t\u00eb thot\u00eb se fjalori i p\u00ebrdorur ndryshon n\u00eb var\u00ebsi t\u00eb ambientit dhe relatave t\u00eb krijuara n\u00eb nj\u00eb grup shoq\u00ebror.<\/p>\n","protected":false},"excerpt":{"rendered":"<p>25\/04\/09 01:40 Debati mes Jun\u00ebs dhe Arit mbyllet, por ai nuk kalon pa u komentuar nga banor\u00ebt e tjer\u00eb. Ata i thon\u00eb Arit se p\u00ebrdor nj\u00eb fjalor n\u00eb sht\u00ebpi q\u00eb l\u00eb shum\u00eb p\u00ebr t\u00eb d\u00ebshiruar dhe se shpesh fjal\u00ebt q\u00eb ai p\u00ebrdor, nuk duhen p\u00ebrdorur n\u00eb nj\u00eb ambient t\u00eb till\u00eb. Ari justifikohet se asnj\u00ebher\u00eb nuk [&hellip;]<\/p>\n","protected":false},"author":1,"featured_media":0,"comment_status":"open","ping_status":"closed","sticky":false,"template":"","format":"standard","meta":{"spay_email":"","jetpack_publicize_message":"","jetpack_is_tweetstorm":false,"jetpack_publicize_feature_enabled":true},"categories":[6502],"tags":[1414,9677,5057,6506,6516,6712,7129,6891,6693,6887],"jetpack_publicize_connections":[],"yoast_head":"<!-- This site is optimized with the Yoast SEO plugin v19.1 - https:\/\/yoast.com\/wordpress\/plugins\/seo\/ -->\n<title>Adi : Do respektuar etika | Big Brother Albania 2<\/title>\n<meta name=\"description\" content=\"Big Brother Albania 2 - Debati mes Jun\u00c3\u00abs dhe Arit mbyllet, por ai nuk kalon pa u komentuar nga banor\u00c3\u00abt e tjer\u00c3\u00ab. Ata i thon\u00c3\u00ab Arit se p\u00c3\u00abrdor nj\u00c3\u00ab fjalor n\u00c3\u00ab sht\u00c3\u00abpi q\u00c3\u00ab l\u00c3\u00ab shum\u00c3\u00ab p\u00c3\u00abr t\u00c3\u00ab d\u00c3\u00abshiruar dhe se shpesh fjal\u00c3\u00abt q\u00c3\u00ab ai p\u00c3\u00abrdor.\" \/>\n<meta name=\"robots\" content=\"index, follow, max-snippet:-1, max-image-preview:large, max-video-preview:-1\" \/>\n<link rel=\"canonical\" href=\"https:\/\/www.visit-ulcinj.com\/blog\/2009\/04\/27\/adi-do-respektuar-etika\/\" \/>\n<meta property=\"og:locale\" content=\"en_US\" \/>\n<meta property=\"og:type\" content=\"article\" \/>\n<meta property=\"og:title\" content=\"Adi : Do respektuar etika | Big Brother Albania 2\" \/>\n<meta property=\"og:description\" content=\"Big Brother Albania 2 - Debati mes Jun\u00c3\u00abs dhe Arit mbyllet, por ai nuk kalon pa u komentuar nga banor\u00c3\u00abt e tjer\u00c3\u00ab. Ata i thon\u00c3\u00ab Arit se p\u00c3\u00abrdor nj\u00c3\u00ab fjalor n\u00c3\u00ab sht\u00c3\u00abpi q\u00c3\u00ab l\u00c3\u00ab shum\u00c3\u00ab p\u00c3\u00abr t\u00c3\u00ab d\u00c3\u00abshiruar dhe se shpesh fjal\u00c3\u00abt q\u00c3\u00ab ai p\u00c3\u00abrdor.\" \/>\n<meta property=\"og:url\" content=\"https:\/\/www.visit-ulcinj.com\/blog\/2009\/04\/27\/adi-do-respektuar-etika\/\" \/>\n<meta property=\"og:site_name\" content=\"Lajme nga Ulqini\" \/>\n<meta property=\"article:published_time\" content=\"2009-04-27T17:52:07+00:00\" \/>\n<meta property=\"og:image\" content=\"http:\/\/www.visit-ulcinj.com\/blog\/wp-content\/uploads\/2009\/04\/adikomunik.jpg\" \/>\n<meta name=\"twitter:label1\" content=\"Written by\" \/>\n\t<meta name=\"twitter:data1\" content=\"ulqini\" \/>\n\t<meta name=\"twitter:label2\" content=\"Est. reading time\" \/>\n\t<meta name=\"twitter:data2\" content=\"1 minute\" \/>\n<script type=\"application\/ld+json\" class=\"yoast-schema-graph\">{\"@context\":\"https:\/\/schema.org\",\"@graph\":[{\"@type\":\"WebSite\",\"@id\":\"https:\/\/www.visit-ulcinj.com\/blog\/#website\",\"url\":\"https:\/\/www.visit-ulcinj.com\/blog\/\",\"name\":\"Lajme nga Ulqini\",\"description\":\"Lajme,Vijesti,Ulqini,Ulqin,Crna Gora,Mali i Zi\",\"potentialAction\":[{\"@type\":\"SearchAction\",\"target\":{\"@type\":\"EntryPoint\",\"urlTemplate\":\"https:\/\/www.visit-ulcinj.com\/blog\/?s={search_term_string}\"},\"query-input\":\"required name=search_term_string\"}],\"inLanguage\":\"en-US\"},{\"@type\":\"ImageObject\",\"inLanguage\":\"en-US\",\"@id\":\"https:\/\/www.visit-ulcinj.com\/blog\/2009\/04\/27\/adi-do-respektuar-etika\/#primaryimage\",\"url\":\"http:\/\/www.visit-ulcinj.com\/blog\/wp-content\/uploads\/2009\/04\/adikomunik.jpg\",\"contentUrl\":\"http:\/\/www.visit-ulcinj.com\/blog\/wp-content\/uploads\/2009\/04\/adikomunik.jpg\"},{\"@type\":\"WebPage\",\"@id\":\"https:\/\/www.visit-ulcinj.com\/blog\/2009\/04\/27\/adi-do-respektuar-etika\/#webpage\",\"url\":\"https:\/\/www.visit-ulcinj.com\/blog\/2009\/04\/27\/adi-do-respektuar-etika\/\",\"name\":\"Adi : Do respektuar etika | Big Brother Albania 2\",\"isPartOf\":{\"@id\":\"https:\/\/www.visit-ulcinj.com\/blog\/#website\"},\"primaryImageOfPage\":{\"@id\":\"https:\/\/www.visit-ulcinj.com\/blog\/2009\/04\/27\/adi-do-respektuar-etika\/#primaryimage\"},\"datePublished\":\"2009-04-27T17:52:07+00:00\",\"dateModified\":\"2009-04-27T17:52:07+00:00\",\"author\":{\"@id\":\"https:\/\/www.visit-ulcinj.com\/blog\/#\/schema\/person\/dcab619c614d3038751c63bc2aadc06d\"},\"description\":\"Big Brother Albania 2 - Debati mes Jun\u00c3\u00abs dhe Arit mbyllet, por ai nuk kalon pa u komentuar nga banor\u00c3\u00abt e tjer\u00c3\u00ab. Ata i thon\u00c3\u00ab Arit se p\u00c3\u00abrdor nj\u00c3\u00ab fjalor n\u00c3\u00ab sht\u00c3\u00abpi q\u00c3\u00ab l\u00c3\u00ab shum\u00c3\u00ab p\u00c3\u00abr t\u00c3\u00ab d\u00c3\u00abshiruar dhe se shpesh fjal\u00c3\u00abt q\u00c3\u00ab ai p\u00c3\u00abrdor.\",\"breadcrumb\":{\"@id\":\"https:\/\/www.visit-ulcinj.com\/blog\/2009\/04\/27\/adi-do-respektuar-etika\/#breadcrumb\"},\"inLanguage\":\"en-US\",\"potentialAction\":[{\"@type\":\"ReadAction\",\"target\":[\"https:\/\/www.visit-ulcinj.com\/blog\/2009\/04\/27\/adi-do-respektuar-etika\/\"]}]},{\"@type\":\"BreadcrumbList\",\"@id\":\"https:\/\/www.visit-ulcinj.com\/blog\/2009\/04\/27\/adi-do-respektuar-etika\/#breadcrumb\",\"itemListElement\":[{\"@type\":\"ListItem\",\"position\":1,\"name\":\"Adi : Do respektuar etika\"}]},{\"@type\":\"Person\",\"@id\":\"https:\/\/www.visit-ulcinj.com\/blog\/#\/schema\/person\/dcab619c614d3038751c63bc2aadc06d\",\"name\":\"ulqini\",\"sameAs\":[\"http:\/\/www.visit-ulcinj.com\"],\"url\":\"https:\/\/www.visit-ulcinj.com\/blog\/author\/admin\/\"}]}<\/script>\n<!-- \/ Yoast SEO plugin. -->","yoast_head_json":{"title":"Adi : Do respektuar etika | Big Brother Albania 2","description":"Big Brother Albania 2 - Debati mes Jun\u00c3\u00abs dhe Arit mbyllet, por ai nuk kalon pa u komentuar nga banor\u00c3\u00abt e tjer\u00c3\u00ab. Ata i thon\u00c3\u00ab Arit se p\u00c3\u00abrdor nj\u00c3\u00ab fjalor n\u00c3\u00ab sht\u00c3\u00abpi q\u00c3\u00ab l\u00c3\u00ab shum\u00c3\u00ab p\u00c3\u00abr t\u00c3\u00ab d\u00c3\u00abshiruar dhe se shpesh fjal\u00c3\u00abt q\u00c3\u00ab ai p\u00c3\u00abrdor.","robots":{"index":"index","follow":"follow","max-snippet":"max-snippet:-1","max-image-preview":"max-image-preview:large","max-video-preview":"max-video-preview:-1"},"canonical":"https:\/\/www.visit-ulcinj.com\/blog\/2009\/04\/27\/adi-do-respektuar-etika\/","og_locale":"en_US","og_type":"article","og_title":"Adi : Do respektuar etika | Big Brother Albania 2","og_description":"Big Brother Albania 2 - Debati mes Jun\u00c3\u00abs dhe Arit mbyllet, por ai nuk kalon pa u komentuar nga banor\u00c3\u00abt e tjer\u00c3\u00ab. Ata i thon\u00c3\u00ab Arit se p\u00c3\u00abrdor nj\u00c3\u00ab fjalor n\u00c3\u00ab sht\u00c3\u00abpi q\u00c3\u00ab l\u00c3\u00ab shum\u00c3\u00ab p\u00c3\u00abr t\u00c3\u00ab d\u00c3\u00abshiruar dhe se shpesh fjal\u00c3\u00abt q\u00c3\u00ab ai p\u00c3\u00abrdor.","og_url":"https:\/\/www.visit-ulcinj.com\/blog\/2009\/04\/27\/adi-do-respektuar-etika\/","og_site_name":"Lajme nga Ulqini","article_published_time":"2009-04-27T17:52:07+00:00","og_image":[{"url":"http:\/\/www.visit-ulcinj.com\/blog\/wp-content\/uploads\/2009\/04\/adikomunik.jpg"}],"twitter_misc":{"Written by":"ulqini","Est. reading time":"1 minute"},"schema":{"@context":"https:\/\/schema.org","@graph":[{"@type":"WebSite","@id":"https:\/\/www.visit-ulcinj.com\/blog\/#website","url":"https:\/\/www.visit-ulcinj.com\/blog\/","name":"Lajme nga Ulqini","description":"Lajme,Vijesti,Ulqini,Ulqin,Crna Gora,Mali i Zi","potentialAction":[{"@type":"SearchAction","target":{"@type":"EntryPoint","urlTemplate":"https:\/\/www.visit-ulcinj.com\/blog\/?s={search_term_string}"},"query-input":"required name=search_term_string"}],"inLanguage":"en-US"},{"@type":"ImageObject","inLanguage":"en-US","@id":"https:\/\/www.visit-ulcinj.com\/blog\/2009\/04\/27\/adi-do-respektuar-etika\/#primaryimage","url":"http:\/\/www.visit-ulcinj.com\/blog\/wp-content\/uploads\/2009\/04\/adikomunik.jpg","contentUrl":"http:\/\/www.visit-ulcinj.com\/blog\/wp-content\/uploads\/2009\/04\/adikomunik.jpg"},{"@type":"WebPage","@id":"https:\/\/www.visit-ulcinj.com\/blog\/2009\/04\/27\/adi-do-respektuar-etika\/#webpage","url":"https:\/\/www.visit-ulcinj.com\/blog\/2009\/04\/27\/adi-do-respektuar-etika\/","name":"Adi : Do respektuar etika | Big Brother Albania 2","isPartOf":{"@id":"https:\/\/www.visit-ulcinj.com\/blog\/#website"},"primaryImageOfPage":{"@id":"https:\/\/www.visit-ulcinj.com\/blog\/2009\/04\/27\/adi-do-respektuar-etika\/#primaryimage"},"datePublished":"2009-04-27T17:52:07+00:00","dateModified":"2009-04-27T17:52:07+00:00","author":{"@id":"https:\/\/www.visit-ulcinj.com\/blog\/#\/schema\/person\/dcab619c614d3038751c63bc2aadc06d"},"description":"Big Brother Albania 2 - Debati mes Jun\u00c3\u00abs dhe Arit mbyllet, por ai nuk kalon pa u komentuar nga banor\u00c3\u00abt e tjer\u00c3\u00ab. Ata i thon\u00c3\u00ab Arit se p\u00c3\u00abrdor nj\u00c3\u00ab fjalor n\u00c3\u00ab sht\u00c3\u00abpi q\u00c3\u00ab l\u00c3\u00ab shum\u00c3\u00ab p\u00c3\u00abr t\u00c3\u00ab d\u00c3\u00abshiruar dhe se shpesh fjal\u00c3\u00abt q\u00c3\u00ab ai p\u00c3\u00abrdor.","breadcrumb":{"@id":"https:\/\/www.visit-ulcinj.com\/blog\/2009\/04\/27\/adi-do-respektuar-etika\/#breadcrumb"},"inLanguage":"en-US","potentialAction":[{"@type":"ReadAction","target":["https:\/\/www.visit-ulcinj.com\/blog\/2009\/04\/27\/adi-do-respektuar-etika\/"]}]},{"@type":"BreadcrumbList","@id":"https:\/\/www.visit-ulcinj.com\/blog\/2009\/04\/27\/adi-do-respektuar-etika\/#breadcrumb","itemListElement":[{"@type":"ListItem","position":1,"name":"Adi : Do respektuar etika"}]},{"@type":"Person","@id":"https:\/\/www.visit-ulcinj.com\/blog\/#\/schema\/person\/dcab619c614d3038751c63bc2aadc06d","name":"ulqini","sameAs":["http:\/\/www.visit-ulcinj.com"],"url":"https:\/\/www.visit-ulcinj.com\/blog\/author\/admin\/"}]}},"jetpack_featured_media_url":"","jetpack_sharing_enabled":true,"jetpack_shortlink":"https:\/\/wp.me\/pe6lTn-51A","_links":{"self":[{"href":"https:\/\/www.visit-ulcinj.com\/blog\/wp-json\/wp\/v2\/posts\/19318"}],"collection":[{"href":"https:\/\/www.visit-ulcinj.com\/blog\/wp-json\/wp\/v2\/posts"}],"about":[{"href":"https:\/\/www.visit-ulcinj.com\/blog\/wp-json\/wp\/v2\/types\/post"}],"author":[{"embeddable":true,"href":"https:\/\/www.visit-ulcinj.com\/blog\/wp-json\/wp\/v2\/users\/1"}],"replies":[{"embeddable":true,"href":"https:\/\/www.visit-ulcinj.com\/blog\/wp-json\/wp\/v2\/comments?post=19318"}],"version-history":[{"count":0,"href":"https:\/\/www.visit-ulcinj.com\/blog\/wp-json\/wp\/v2\/posts\/19318\/revisions"}],"wp:attachment":[{"href":"https:\/\/www.visit-ulcinj.com\/blog\/wp-json\/wp\/v2\/media?parent=19318"}],"wp:term":[{"taxonomy":"category","embeddable":true,"href":"https:\/\/www.visit-ulcinj.com\/blog\/wp-json\/wp\/v2\/categories?post=19318"},{"taxonomy":"post_tag","embeddable":true,"href":"https:\/\/www.visit-ulcinj.com\/blog\/wp-json\/wp\/v2\/tags?post=19318"}],"curies":[{"name":"wp","href":"https:\/\/api.w.org\/{rel}","templated":true}]}}