{"id":19321,"date":"2009-04-27T20:06:21","date_gmt":"2009-04-27T18:06:21","guid":{"rendered":"http:\/\/www.visit-ulcinj.com\/blog\/?p=19321"},"modified":"2009-04-29T09:36:35","modified_gmt":"2009-04-29T07:36:35","slug":"inva-mula-shperndan-ftesat-e-dasmes-me-ethemin","status":"publish","type":"post","link":"https:\/\/www.visit-ulcinj.com\/blog\/2009\/04\/27\/inva-mula-shperndan-ftesat-e-dasmes-me-ethemin\/","title":{"rendered":"Inva Mula shp\u00ebrndan ftesat e dasm\u00ebs me Ethemin"},"content":{"rendered":"<p><a href=\"http:\/\/www.visit-ulcinj.com\/blog\/wp-content\/uploads\/2009\/04\/inva-mula-shperndan-ftesat-e-dasmes-me-ethemin.jpg\"><img loading=\"lazy\" class=\"alignleft size-full wp-image-19326\" title=\"inva-mula-shperndan-ftesat-e-dasmes-me-ethemin\" src=\"http:\/\/www.visit-ulcinj.com\/blog\/wp-content\/uploads\/2009\/04\/inva-mula-shperndan-ftesat-e-dasmes-me-ethemin.jpg\" alt=\"inva-mula-shperndan-ftesat-e-dasmes-me-ethemin\" width=\"570\" height=\"350\" \/><\/a>Ajo \u00e7far\u00eb sopranoja Mula u p\u00ebrpoq t\u00eb p\u00ebrg\u00ebnjeshtronte dhe ta reklamonte si nj\u00eb miq\u00ebsi dhe bashk\u00ebpunim n\u00eb ndihm\u00eb t\u00eb kultur\u00ebs dhe artist\u00ebve shqiptar\u00eb me biznesmenin Ramadani, ishte nj\u00eb fars\u00eb. Por, q\u00eb \u201cBluetooth\u201d s\u00ebrish ka arritur t\u00eb zbuloj\u00eb t\u00eb v\u00ebrtet\u00ebn. Inva Mula do te martohet ne Jeruzalem me Ethem Ramadanin<\/p>\n<p><a href=\"http:\/\/www.visit-ulcinj.com\/blog\/wp-content\/uploads\/2009\/04\/inva-mula1.jpg\"><img loading=\"lazy\" class=\"alignleft size-thumbnail wp-image-19328\" title=\"inva-mula1\" src=\"http:\/\/www.visit-ulcinj.com\/blog\/wp-content\/uploads\/2009\/04\/inva-mula1-150x150.jpg\" alt=\"inva-mula1\" width=\"150\" height=\"150\" \/><\/a>TIRANE-Sopranoja me fam\u00eb bot\u00ebrore, Inva Mula do t\u00eb martohet n\u00eb fund t\u00eb muajit qershor p\u00ebr t\u00eb dyt\u00ebn her\u00eb. Dh\u00ebndri do t\u00eb jet\u00eb biznesmeni kosovar, Ethem Ramadanin. Ajo \u00e7far\u00eb sopranoja Mula u p\u00ebrpoq t\u00eb p\u00ebrg\u00ebnjeshtronte dhe ta reklamonte si nj\u00eb miq\u00ebsi dhe bashk\u00ebpunim n\u00eb ndihm\u00eb t\u00eb kultur\u00ebs dhe artist\u00ebve shqiptar\u00eb me biznesmenin Ramadani, ishte nj\u00eb fars\u00eb. Por, q\u00eb \u201cBluetooth\u201d s\u00ebrish ka arritur t\u00eb zbuloj\u00eb t\u00eb v\u00ebrtet\u00ebn.<br \/>\nK\u00ebshtjella e Davidit, nj\u00eb nga m\u00eb t\u00eb bukurat n\u00eb Jerusalem, aty ku shtatorin e kaluar regjisorja Vera Grabocka dhe Timo Flloko martuan vajz\u00ebn e tyre, \u00ebsht\u00eb vendi q\u00eb \u00ebsht\u00eb zgjedhur p\u00ebr t\u00eb celebruar k\u00ebt\u00eb lidhje. Ve\u00e7se k\u00ebt\u00eb her\u00eb, \u201cmblesa\u201d Grabocka nuk do t\u00eb jet\u00eb e pranishme, pasi koha e dasm\u00ebs p\u00ebrkon me lindjen e vajz\u00ebs s\u00eb tyre, q\u00eb \u00ebsht\u00eb shtatz\u00ebn\u00eb. <a href=\"http:\/\/www.visit-ulcinj.com\/blog\/wp-content\/uploads\/2009\/04\/inva-mula2.jpg\"><img loading=\"lazy\" class=\"alignright size-thumbnail wp-image-19330\" title=\"inva-mula2\" src=\"http:\/\/www.visit-ulcinj.com\/blog\/wp-content\/uploads\/2009\/04\/inva-mula2-150x150.jpg\" alt=\"inva-mula2\" width=\"150\" height=\"150\" \/><\/a><br \/>\nNj\u00eb dasm\u00eb, q\u00eb edhe pse k\u00ebrkohet t\u00eb mbahet e fsheht\u00eb, shpjegon m\u00eb s\u00eb miri divorcin q\u00eb po zhvillon aktualisht sopranoja Mula me bashk\u00ebshortin e saj, kantautorin Pirro \u00c7ako.<br \/>\nN\u00eb intervist\u00ebn e dh\u00ebn\u00eb gati dy jav\u00eb m\u00eb par\u00eb, sopranoja Mula hodhi posht\u00eb t\u00eb gjitha argumentet se ajo kishte nj\u00eb lidhje me biznesmenin kosovar Ethem Ramadani. Madje, ajo e justifikoi njohjen e tyre si nj\u00eb bashk\u00ebpunim n\u00eb mb\u00ebshtetje t\u00eb artist\u00ebve shqiptar\u00eb n\u00eb bot\u00eb.<br \/>\nGati nj\u00eb muaj m\u00eb par\u00eb, Inva Mula b\u00ebri k\u00ebrkes\u00ebn p\u00ebr gjyq n\u00eb Gjykat\u00ebn e Tiran\u00ebs ndaj bashk\u00ebshortit t\u00eb saj, Pirro \u00c7ako. K\u00ebt\u00eb k\u00ebrkes\u00eb p\u00ebr ndarje ajo e motivoi p\u00ebr shkak se Pirro e kishte braktisur at\u00eb n\u00eb vitin 2007. Gjith\u00e7ka n\u00eb intervist\u00ebn e dh\u00ebn\u00eb prej Inv\u00ebs faj\u00ebsonte bashk\u00ebshortin e saj, \u00c7ako. Nd\u00ebrkoh\u00eb q\u00eb ky i fundit nuk ka dh\u00ebn\u00eb asnj\u00eb prononcim p\u00ebr ndarjen e tyre.<\/p>\n<p><strong>Bluetooth<\/strong><\/p>\n<p><strong><!--YouTube Error: bad URL entered--><br \/>\n<\/strong><\/p>\n","protected":false},"excerpt":{"rendered":"<p>Ajo \u00e7far\u00eb sopranoja Mula u p\u00ebrpoq t\u00eb p\u00ebrg\u00ebnjeshtronte dhe ta reklamonte si nj\u00eb miq\u00ebsi dhe bashk\u00ebpunim n\u00eb ndihm\u00eb t\u00eb kultur\u00ebs dhe artist\u00ebve shqiptar\u00eb me biznesmenin Ramadani, ishte nj\u00eb fars\u00eb. Por, q\u00eb \u201cBluetooth\u201d s\u00ebrish ka arritur t\u00eb zbuloj\u00eb t\u00eb v\u00ebrtet\u00ebn. Inva Mula do te martohet ne Jeruzalem me Ethem Ramadanin TIRANE-Sopranoja me fam\u00eb bot\u00ebrore, Inva Mula [&hellip;]<\/p>\n","protected":false},"author":1,"featured_media":0,"comment_status":"open","ping_status":"closed","sticky":false,"template":"","format":"standard","meta":{"spay_email":"","jetpack_publicize_message":"","jetpack_is_tweetstorm":false,"jetpack_publicize_feature_enabled":true},"categories":[1],"tags":[9755,9681,9756,9754,7415,9680,2893,3797],"jetpack_publicize_connections":[],"yoast_head":"<!-- This site is optimized with the Yoast SEO plugin v19.1 - https:\/\/yoast.com\/wordpress\/plugins\/seo\/ -->\n<title>Inva Mula shp\u00c3\u00abrndan ftesat e dasm\u00c3\u00abs me Ethemin<\/title>\n<meta name=\"description\" content=\"sopranoja Mula u p\u00c3\u00abrpoq t\u00c3\u00ab p\u00c3\u00abrg\u00c3\u00abnjeshtronte dhe ta reklamonte si nj\u00c3\u00ab miq\u00c3\u00absi dhe bashk\u00c3\u00abpunim n\u00c3\u00ab ndihm\u00c3\u00ab t\u00c3\u00ab kultur\u00c3\u00abs dhe artist\u00c3\u00abve shqiptar\u00c3\u00ab me biznesmenin Ramadani, ishte nj\u00c3\u00ab fars\u00c3\u00ab. Por, q\u00c3\u00ab \u00e2\u20ac\u0153Bluetooth\u00e2\u20ac\u009d s\u00c3\u00abrish ka arritur t\u00c3\u00ab zbuloj\u00c3\u00ab t\u00c3\u00ab v\u00c3\u00abrtet\u00c3\u00abn. Inva Mula do te martohet ne Jeruzalem me Ethem Ramadanin\" \/>\n<meta name=\"robots\" content=\"index, follow, max-snippet:-1, max-image-preview:large, max-video-preview:-1\" \/>\n<link rel=\"canonical\" href=\"https:\/\/www.visit-ulcinj.com\/blog\/2009\/04\/27\/inva-mula-shperndan-ftesat-e-dasmes-me-ethemin\/\" \/>\n<meta property=\"og:locale\" content=\"en_US\" \/>\n<meta property=\"og:type\" content=\"article\" \/>\n<meta property=\"og:title\" content=\"Inva Mula shp\u00c3\u00abrndan ftesat e dasm\u00c3\u00abs me Ethemin\" \/>\n<meta property=\"og:description\" content=\"sopranoja Mula u p\u00c3\u00abrpoq t\u00c3\u00ab p\u00c3\u00abrg\u00c3\u00abnjeshtronte dhe ta reklamonte si nj\u00c3\u00ab miq\u00c3\u00absi dhe bashk\u00c3\u00abpunim n\u00c3\u00ab ndihm\u00c3\u00ab t\u00c3\u00ab kultur\u00c3\u00abs dhe artist\u00c3\u00abve shqiptar\u00c3\u00ab me biznesmenin Ramadani, ishte nj\u00c3\u00ab fars\u00c3\u00ab. Por, q\u00c3\u00ab \u00e2\u20ac\u0153Bluetooth\u00e2\u20ac\u009d s\u00c3\u00abrish ka arritur t\u00c3\u00ab zbuloj\u00c3\u00ab t\u00c3\u00ab v\u00c3\u00abrtet\u00c3\u00abn. Inva Mula do te martohet ne Jeruzalem me Ethem Ramadanin\" \/>\n<meta property=\"og:url\" content=\"https:\/\/www.visit-ulcinj.com\/blog\/2009\/04\/27\/inva-mula-shperndan-ftesat-e-dasmes-me-ethemin\/\" \/>\n<meta property=\"og:site_name\" content=\"Lajme nga Ulqini\" \/>\n<meta property=\"article:published_time\" content=\"2009-04-27T18:06:21+00:00\" \/>\n<meta property=\"article:modified_time\" content=\"2009-04-29T07:36:35+00:00\" \/>\n<meta property=\"og:image\" content=\"http:\/\/www.visit-ulcinj.com\/blog\/wp-content\/uploads\/2009\/04\/inva-mula-shperndan-ftesat-e-dasmes-me-ethemin.jpg\" \/>\n<meta name=\"twitter:label1\" content=\"Written by\" \/>\n\t<meta name=\"twitter:data1\" content=\"ulqini\" \/>\n\t<meta name=\"twitter:label2\" content=\"Est. reading time\" \/>\n\t<meta name=\"twitter:data2\" content=\"2 minutes\" \/>\n<script type=\"application\/ld+json\" class=\"yoast-schema-graph\">{\"@context\":\"https:\/\/schema.org\",\"@graph\":[{\"@type\":\"WebSite\",\"@id\":\"https:\/\/www.visit-ulcinj.com\/blog\/#website\",\"url\":\"https:\/\/www.visit-ulcinj.com\/blog\/\",\"name\":\"Lajme nga Ulqini\",\"description\":\"Lajme,Vijesti,Ulqini,Ulqin,Crna Gora,Mali i Zi\",\"potentialAction\":[{\"@type\":\"SearchAction\",\"target\":{\"@type\":\"EntryPoint\",\"urlTemplate\":\"https:\/\/www.visit-ulcinj.com\/blog\/?s={search_term_string}\"},\"query-input\":\"required name=search_term_string\"}],\"inLanguage\":\"en-US\"},{\"@type\":\"ImageObject\",\"inLanguage\":\"en-US\",\"@id\":\"https:\/\/www.visit-ulcinj.com\/blog\/2009\/04\/27\/inva-mula-shperndan-ftesat-e-dasmes-me-ethemin\/#primaryimage\",\"url\":\"http:\/\/www.visit-ulcinj.com\/blog\/wp-content\/uploads\/2009\/04\/inva-mula-shperndan-ftesat-e-dasmes-me-ethemin.jpg\",\"contentUrl\":\"http:\/\/www.visit-ulcinj.com\/blog\/wp-content\/uploads\/2009\/04\/inva-mula-shperndan-ftesat-e-dasmes-me-ethemin.jpg\"},{\"@type\":\"WebPage\",\"@id\":\"https:\/\/www.visit-ulcinj.com\/blog\/2009\/04\/27\/inva-mula-shperndan-ftesat-e-dasmes-me-ethemin\/#webpage\",\"url\":\"https:\/\/www.visit-ulcinj.com\/blog\/2009\/04\/27\/inva-mula-shperndan-ftesat-e-dasmes-me-ethemin\/\",\"name\":\"Inva Mula shp\u00c3\u00abrndan ftesat e dasm\u00c3\u00abs me Ethemin\",\"isPartOf\":{\"@id\":\"https:\/\/www.visit-ulcinj.com\/blog\/#website\"},\"primaryImageOfPage\":{\"@id\":\"https:\/\/www.visit-ulcinj.com\/blog\/2009\/04\/27\/inva-mula-shperndan-ftesat-e-dasmes-me-ethemin\/#primaryimage\"},\"datePublished\":\"2009-04-27T18:06:21+00:00\",\"dateModified\":\"2009-04-29T07:36:35+00:00\",\"author\":{\"@id\":\"https:\/\/www.visit-ulcinj.com\/blog\/#\/schema\/person\/dcab619c614d3038751c63bc2aadc06d\"},\"description\":\"sopranoja Mula u p\u00c3\u00abrpoq t\u00c3\u00ab p\u00c3\u00abrg\u00c3\u00abnjeshtronte dhe ta reklamonte si nj\u00c3\u00ab miq\u00c3\u00absi dhe bashk\u00c3\u00abpunim n\u00c3\u00ab ndihm\u00c3\u00ab t\u00c3\u00ab kultur\u00c3\u00abs dhe artist\u00c3\u00abve shqiptar\u00c3\u00ab me biznesmenin Ramadani, ishte nj\u00c3\u00ab fars\u00c3\u00ab. Por, q\u00c3\u00ab \u00e2\u20ac\u0153Bluetooth\u00e2\u20ac\u009d s\u00c3\u00abrish ka arritur t\u00c3\u00ab zbuloj\u00c3\u00ab t\u00c3\u00ab v\u00c3\u00abrtet\u00c3\u00abn. Inva Mula do te martohet ne Jeruzalem me Ethem Ramadanin\",\"breadcrumb\":{\"@id\":\"https:\/\/www.visit-ulcinj.com\/blog\/2009\/04\/27\/inva-mula-shperndan-ftesat-e-dasmes-me-ethemin\/#breadcrumb\"},\"inLanguage\":\"en-US\",\"potentialAction\":[{\"@type\":\"ReadAction\",\"target\":[\"https:\/\/www.visit-ulcinj.com\/blog\/2009\/04\/27\/inva-mula-shperndan-ftesat-e-dasmes-me-ethemin\/\"]}]},{\"@type\":\"BreadcrumbList\",\"@id\":\"https:\/\/www.visit-ulcinj.com\/blog\/2009\/04\/27\/inva-mula-shperndan-ftesat-e-dasmes-me-ethemin\/#breadcrumb\",\"itemListElement\":[{\"@type\":\"ListItem\",\"position\":1,\"name\":\"Inva Mula shp\u00ebrndan ftesat e dasm\u00ebs me Ethemin\"}]},{\"@type\":\"Person\",\"@id\":\"https:\/\/www.visit-ulcinj.com\/blog\/#\/schema\/person\/dcab619c614d3038751c63bc2aadc06d\",\"name\":\"ulqini\",\"sameAs\":[\"http:\/\/www.visit-ulcinj.com\"],\"url\":\"https:\/\/www.visit-ulcinj.com\/blog\/author\/admin\/\"}]}<\/script>\n<!-- \/ Yoast SEO plugin. -->","yoast_head_json":{"title":"Inva Mula shp\u00c3\u00abrndan ftesat e dasm\u00c3\u00abs me Ethemin","description":"sopranoja Mula u p\u00c3\u00abrpoq t\u00c3\u00ab p\u00c3\u00abrg\u00c3\u00abnjeshtronte dhe ta reklamonte si nj\u00c3\u00ab miq\u00c3\u00absi dhe bashk\u00c3\u00abpunim n\u00c3\u00ab ndihm\u00c3\u00ab t\u00c3\u00ab kultur\u00c3\u00abs dhe artist\u00c3\u00abve shqiptar\u00c3\u00ab me biznesmenin Ramadani, ishte nj\u00c3\u00ab fars\u00c3\u00ab. Por, q\u00c3\u00ab \u00e2\u20ac\u0153Bluetooth\u00e2\u20ac\u009d s\u00c3\u00abrish ka arritur t\u00c3\u00ab zbuloj\u00c3\u00ab t\u00c3\u00ab v\u00c3\u00abrtet\u00c3\u00abn. Inva Mula do te martohet ne Jeruzalem me Ethem Ramadanin","robots":{"index":"index","follow":"follow","max-snippet":"max-snippet:-1","max-image-preview":"max-image-preview:large","max-video-preview":"max-video-preview:-1"},"canonical":"https:\/\/www.visit-ulcinj.com\/blog\/2009\/04\/27\/inva-mula-shperndan-ftesat-e-dasmes-me-ethemin\/","og_locale":"en_US","og_type":"article","og_title":"Inva Mula shp\u00c3\u00abrndan ftesat e dasm\u00c3\u00abs me Ethemin","og_description":"sopranoja Mula u p\u00c3\u00abrpoq t\u00c3\u00ab p\u00c3\u00abrg\u00c3\u00abnjeshtronte dhe ta reklamonte si nj\u00c3\u00ab miq\u00c3\u00absi dhe bashk\u00c3\u00abpunim n\u00c3\u00ab ndihm\u00c3\u00ab t\u00c3\u00ab kultur\u00c3\u00abs dhe artist\u00c3\u00abve shqiptar\u00c3\u00ab me biznesmenin Ramadani, ishte nj\u00c3\u00ab fars\u00c3\u00ab. Por, q\u00c3\u00ab \u00e2\u20ac\u0153Bluetooth\u00e2\u20ac\u009d s\u00c3\u00abrish ka arritur t\u00c3\u00ab zbuloj\u00c3\u00ab t\u00c3\u00ab v\u00c3\u00abrtet\u00c3\u00abn. Inva Mula do te martohet ne Jeruzalem me Ethem Ramadanin","og_url":"https:\/\/www.visit-ulcinj.com\/blog\/2009\/04\/27\/inva-mula-shperndan-ftesat-e-dasmes-me-ethemin\/","og_site_name":"Lajme nga Ulqini","article_published_time":"2009-04-27T18:06:21+00:00","article_modified_time":"2009-04-29T07:36:35+00:00","og_image":[{"url":"http:\/\/www.visit-ulcinj.com\/blog\/wp-content\/uploads\/2009\/04\/inva-mula-shperndan-ftesat-e-dasmes-me-ethemin.jpg"}],"twitter_misc":{"Written by":"ulqini","Est. reading time":"2 minutes"},"schema":{"@context":"https:\/\/schema.org","@graph":[{"@type":"WebSite","@id":"https:\/\/www.visit-ulcinj.com\/blog\/#website","url":"https:\/\/www.visit-ulcinj.com\/blog\/","name":"Lajme nga Ulqini","description":"Lajme,Vijesti,Ulqini,Ulqin,Crna Gora,Mali i Zi","potentialAction":[{"@type":"SearchAction","target":{"@type":"EntryPoint","urlTemplate":"https:\/\/www.visit-ulcinj.com\/blog\/?s={search_term_string}"},"query-input":"required name=search_term_string"}],"inLanguage":"en-US"},{"@type":"ImageObject","inLanguage":"en-US","@id":"https:\/\/www.visit-ulcinj.com\/blog\/2009\/04\/27\/inva-mula-shperndan-ftesat-e-dasmes-me-ethemin\/#primaryimage","url":"http:\/\/www.visit-ulcinj.com\/blog\/wp-content\/uploads\/2009\/04\/inva-mula-shperndan-ftesat-e-dasmes-me-ethemin.jpg","contentUrl":"http:\/\/www.visit-ulcinj.com\/blog\/wp-content\/uploads\/2009\/04\/inva-mula-shperndan-ftesat-e-dasmes-me-ethemin.jpg"},{"@type":"WebPage","@id":"https:\/\/www.visit-ulcinj.com\/blog\/2009\/04\/27\/inva-mula-shperndan-ftesat-e-dasmes-me-ethemin\/#webpage","url":"https:\/\/www.visit-ulcinj.com\/blog\/2009\/04\/27\/inva-mula-shperndan-ftesat-e-dasmes-me-ethemin\/","name":"Inva Mula shp\u00c3\u00abrndan ftesat e dasm\u00c3\u00abs me Ethemin","isPartOf":{"@id":"https:\/\/www.visit-ulcinj.com\/blog\/#website"},"primaryImageOfPage":{"@id":"https:\/\/www.visit-ulcinj.com\/blog\/2009\/04\/27\/inva-mula-shperndan-ftesat-e-dasmes-me-ethemin\/#primaryimage"},"datePublished":"2009-04-27T18:06:21+00:00","dateModified":"2009-04-29T07:36:35+00:00","author":{"@id":"https:\/\/www.visit-ulcinj.com\/blog\/#\/schema\/person\/dcab619c614d3038751c63bc2aadc06d"},"description":"sopranoja Mula u p\u00c3\u00abrpoq t\u00c3\u00ab p\u00c3\u00abrg\u00c3\u00abnjeshtronte dhe ta reklamonte si nj\u00c3\u00ab miq\u00c3\u00absi dhe bashk\u00c3\u00abpunim n\u00c3\u00ab ndihm\u00c3\u00ab t\u00c3\u00ab kultur\u00c3\u00abs dhe artist\u00c3\u00abve shqiptar\u00c3\u00ab me biznesmenin Ramadani, ishte nj\u00c3\u00ab fars\u00c3\u00ab. Por, q\u00c3\u00ab \u00e2\u20ac\u0153Bluetooth\u00e2\u20ac\u009d s\u00c3\u00abrish ka arritur t\u00c3\u00ab zbuloj\u00c3\u00ab t\u00c3\u00ab v\u00c3\u00abrtet\u00c3\u00abn. Inva Mula do te martohet ne Jeruzalem me Ethem Ramadanin","breadcrumb":{"@id":"https:\/\/www.visit-ulcinj.com\/blog\/2009\/04\/27\/inva-mula-shperndan-ftesat-e-dasmes-me-ethemin\/#breadcrumb"},"inLanguage":"en-US","potentialAction":[{"@type":"ReadAction","target":["https:\/\/www.visit-ulcinj.com\/blog\/2009\/04\/27\/inva-mula-shperndan-ftesat-e-dasmes-me-ethemin\/"]}]},{"@type":"BreadcrumbList","@id":"https:\/\/www.visit-ulcinj.com\/blog\/2009\/04\/27\/inva-mula-shperndan-ftesat-e-dasmes-me-ethemin\/#breadcrumb","itemListElement":[{"@type":"ListItem","position":1,"name":"Inva Mula shp\u00ebrndan ftesat e dasm\u00ebs me Ethemin"}]},{"@type":"Person","@id":"https:\/\/www.visit-ulcinj.com\/blog\/#\/schema\/person\/dcab619c614d3038751c63bc2aadc06d","name":"ulqini","sameAs":["http:\/\/www.visit-ulcinj.com"],"url":"https:\/\/www.visit-ulcinj.com\/blog\/author\/admin\/"}]}},"jetpack_featured_media_url":"","jetpack_sharing_enabled":true,"jetpack_shortlink":"https:\/\/wp.me\/pe6lTn-51D","_links":{"self":[{"href":"https:\/\/www.visit-ulcinj.com\/blog\/wp-json\/wp\/v2\/posts\/19321"}],"collection":[{"href":"https:\/\/www.visit-ulcinj.com\/blog\/wp-json\/wp\/v2\/posts"}],"about":[{"href":"https:\/\/www.visit-ulcinj.com\/blog\/wp-json\/wp\/v2\/types\/post"}],"author":[{"embeddable":true,"href":"https:\/\/www.visit-ulcinj.com\/blog\/wp-json\/wp\/v2\/users\/1"}],"replies":[{"embeddable":true,"href":"https:\/\/www.visit-ulcinj.com\/blog\/wp-json\/wp\/v2\/comments?post=19321"}],"version-history":[{"count":0,"href":"https:\/\/www.visit-ulcinj.com\/blog\/wp-json\/wp\/v2\/posts\/19321\/revisions"}],"wp:attachment":[{"href":"https:\/\/www.visit-ulcinj.com\/blog\/wp-json\/wp\/v2\/media?parent=19321"}],"wp:term":[{"taxonomy":"category","embeddable":true,"href":"https:\/\/www.visit-ulcinj.com\/blog\/wp-json\/wp\/v2\/categories?post=19321"},{"taxonomy":"post_tag","embeddable":true,"href":"https:\/\/www.visit-ulcinj.com\/blog\/wp-json\/wp\/v2\/tags?post=19321"}],"curies":[{"name":"wp","href":"https:\/\/api.w.org\/{rel}","templated":true}]}}