{"id":19323,"date":"2009-04-27T19:54:19","date_gmt":"2009-04-27T17:54:19","guid":{"rendered":"http:\/\/www.visit-ulcinj.com\/blog\/?p=19323"},"modified":"2009-04-27T19:54:19","modified_gmt":"2009-04-27T17:54:19","slug":"adela%e2%80%9cune-po-jetoj-jeten-time","status":"publish","type":"post","link":"https:\/\/www.visit-ulcinj.com\/blog\/2009\/04\/27\/adela%e2%80%9cune-po-jetoj-jeten-time\/","title":{"rendered":"Adela:\u201cUn\u00eb po jetoj jet\u00ebn time!"},"content":{"rendered":"<p><em><span class=\"newsdate\"><a href=\"http:\/\/www.visit-ulcinj.com\/blog\/wp-content\/uploads\/2009\/04\/fejuari25.jpg\"><img loading=\"lazy\" class=\"alignleft size-full wp-image-19322\" title=\"fejuari25-big-brother-albania-2\" src=\"http:\/\/www.visit-ulcinj.com\/blog\/wp-content\/uploads\/2009\/04\/fejuari25.jpg\" alt=\"fejuari25-big-brother-albania-2\" width=\"300\" height=\"205\" \/><\/a>25\/04\/09 12:59<\/span><\/em><\/p>\n<p>Adelajda diskuton me Mimoz\u00ebn p\u00ebr jet\u00ebn e saj dhe p\u00ebr ish t\u00eb fejuarin. Ajo i thot\u00eb:-\u201cNuk ka ditur t\u00eb m\u00eb mbaj, le t`i vuaj pasojat!\u201d Sipas saj ajo mund t\u00eb rrinte me t\u00eb mjafton q\u00eb ai t\u00eb sillej mir\u00eb. Ajo i tregon q\u00eb kishte ndenjur me t\u00eb p\u00ebr shum\u00eb vite me shpres\u00ebn q\u00eb mund t\u00eb ndryshonte. Mimoza e pyet se si e kishte njohur. Ajo i tregon historin\u00eb e njohjes se saj me ish t\u00eb fejuarin. Mimoza i thot\u00eb q\u00eb nuk duhet t\u00eb m\u00ebrzitet. Adelajda i thot\u00eb:-\u201cUn\u00eb po jetoj jet\u00ebn time!\u201d Mimoza i thot\u00eb q\u00eb ajo duhet t\u00eb k\u00ebnaqet brenda sht\u00ebpis\u00eb, pasi kur t\u00eb dali e presin gj\u00ebra shum\u00eb t\u00eb bukura. Adelajda i thot\u00eb q\u00eb ajo gjithmon\u00eb ka k\u00ebmb\u00ebngulur p\u00ebr gj\u00ebrat e saj, dhe kjo e ka b\u00ebr\u00eb m\u00eb t\u00eb fort\u00eb.<\/p>\n","protected":false},"excerpt":{"rendered":"<p>25\/04\/09 12:59 Adelajda diskuton me Mimoz\u00ebn p\u00ebr jet\u00ebn e saj dhe p\u00ebr ish t\u00eb fejuarin. Ajo i thot\u00eb:-\u201cNuk ka ditur t\u00eb m\u00eb mbaj, le t`i vuaj pasojat!\u201d Sipas saj ajo mund t\u00eb rrinte me t\u00eb mjafton q\u00eb ai t\u00eb sillej mir\u00eb. Ajo i tregon q\u00eb kishte ndenjur me t\u00eb p\u00ebr shum\u00eb vite me shpres\u00ebn q\u00eb [&hellip;]<\/p>\n","protected":false},"author":1,"featured_media":0,"comment_status":"open","ping_status":"closed","sticky":false,"template":"","format":"standard","meta":{"spay_email":"","jetpack_publicize_message":"","jetpack_is_tweetstorm":false,"jetpack_publicize_feature_enabled":true},"categories":[6502],"tags":[6529,5057,6506,6516,6712,7129,6522,6544,6891,6693,6887],"jetpack_publicize_connections":[],"yoast_head":"<!-- This site is optimized with the Yoast SEO plugin v19.1 - https:\/\/yoast.com\/wordpress\/plugins\/seo\/ -->\n<title>Adela:\u00e2\u20ac\u0153Un\u00c3\u00ab po jetoj jet\u00c3\u00abn time! | Big Brother Albania 2<\/title>\n<meta name=\"description\" content=\"Big Brother Albania 2 - Adelajda diskuton me Mimoz\u00c3\u00abn p\u00c3\u00abr jet\u00c3\u00abn e saj dhe p\u00c3\u00abr ish t\u00c3\u00ab fejuarin. Ajo i thot\u00c3\u00ab:-\u00e2\u20ac\u0153Nuk ka ditur t\u00c3\u00ab m\u00c3\u00ab mbaj, le t`i vuaj pasojat!\" \/>\n<meta name=\"robots\" content=\"index, follow, max-snippet:-1, max-image-preview:large, max-video-preview:-1\" \/>\n<link rel=\"canonical\" href=\"https:\/\/www.visit-ulcinj.com\/blog\/2009\/04\/27\/adela\u201cune-po-jetoj-jeten-time\/\" \/>\n<meta property=\"og:locale\" content=\"en_US\" \/>\n<meta property=\"og:type\" content=\"article\" \/>\n<meta property=\"og:title\" content=\"Adela:\u00e2\u20ac\u0153Un\u00c3\u00ab po jetoj jet\u00c3\u00abn time! | Big Brother Albania 2\" \/>\n<meta property=\"og:description\" content=\"Big Brother Albania 2 - Adelajda diskuton me Mimoz\u00c3\u00abn p\u00c3\u00abr jet\u00c3\u00abn e saj dhe p\u00c3\u00abr ish t\u00c3\u00ab fejuarin. Ajo i thot\u00c3\u00ab:-\u00e2\u20ac\u0153Nuk ka ditur t\u00c3\u00ab m\u00c3\u00ab mbaj, le t`i vuaj pasojat!\" \/>\n<meta property=\"og:url\" content=\"https:\/\/www.visit-ulcinj.com\/blog\/2009\/04\/27\/adela\u201cune-po-jetoj-jeten-time\/\" \/>\n<meta property=\"og:site_name\" content=\"Lajme nga Ulqini\" \/>\n<meta property=\"article:published_time\" content=\"2009-04-27T17:54:19+00:00\" \/>\n<meta property=\"og:image\" content=\"http:\/\/www.visit-ulcinj.com\/blog\/wp-content\/uploads\/2009\/04\/fejuari25.jpg\" \/>\n<meta name=\"twitter:label1\" content=\"Written by\" \/>\n\t<meta name=\"twitter:data1\" content=\"ulqini\" \/>\n\t<meta name=\"twitter:label2\" content=\"Est. reading time\" \/>\n\t<meta name=\"twitter:data2\" content=\"1 minute\" \/>\n<script type=\"application\/ld+json\" class=\"yoast-schema-graph\">{\"@context\":\"https:\/\/schema.org\",\"@graph\":[{\"@type\":\"WebSite\",\"@id\":\"https:\/\/www.visit-ulcinj.com\/blog\/#website\",\"url\":\"https:\/\/www.visit-ulcinj.com\/blog\/\",\"name\":\"Lajme nga Ulqini\",\"description\":\"Lajme,Vijesti,Ulqini,Ulqin,Crna Gora,Mali i Zi\",\"potentialAction\":[{\"@type\":\"SearchAction\",\"target\":{\"@type\":\"EntryPoint\",\"urlTemplate\":\"https:\/\/www.visit-ulcinj.com\/blog\/?s={search_term_string}\"},\"query-input\":\"required name=search_term_string\"}],\"inLanguage\":\"en-US\"},{\"@type\":\"ImageObject\",\"inLanguage\":\"en-US\",\"@id\":\"https:\/\/www.visit-ulcinj.com\/blog\/2009\/04\/27\/adela%e2%80%9cune-po-jetoj-jeten-time\/#primaryimage\",\"url\":\"http:\/\/www.visit-ulcinj.com\/blog\/wp-content\/uploads\/2009\/04\/fejuari25.jpg\",\"contentUrl\":\"http:\/\/www.visit-ulcinj.com\/blog\/wp-content\/uploads\/2009\/04\/fejuari25.jpg\"},{\"@type\":\"WebPage\",\"@id\":\"https:\/\/www.visit-ulcinj.com\/blog\/2009\/04\/27\/adela%e2%80%9cune-po-jetoj-jeten-time\/#webpage\",\"url\":\"https:\/\/www.visit-ulcinj.com\/blog\/2009\/04\/27\/adela%e2%80%9cune-po-jetoj-jeten-time\/\",\"name\":\"Adela:\u00e2\u20ac\u0153Un\u00c3\u00ab po jetoj jet\u00c3\u00abn time! | Big Brother Albania 2\",\"isPartOf\":{\"@id\":\"https:\/\/www.visit-ulcinj.com\/blog\/#website\"},\"primaryImageOfPage\":{\"@id\":\"https:\/\/www.visit-ulcinj.com\/blog\/2009\/04\/27\/adela%e2%80%9cune-po-jetoj-jeten-time\/#primaryimage\"},\"datePublished\":\"2009-04-27T17:54:19+00:00\",\"dateModified\":\"2009-04-27T17:54:19+00:00\",\"author\":{\"@id\":\"https:\/\/www.visit-ulcinj.com\/blog\/#\/schema\/person\/dcab619c614d3038751c63bc2aadc06d\"},\"description\":\"Big Brother Albania 2 - Adelajda diskuton me Mimoz\u00c3\u00abn p\u00c3\u00abr jet\u00c3\u00abn e saj dhe p\u00c3\u00abr ish t\u00c3\u00ab fejuarin. Ajo i thot\u00c3\u00ab:-\u00e2\u20ac\u0153Nuk ka ditur t\u00c3\u00ab m\u00c3\u00ab mbaj, le t`i vuaj pasojat!\",\"breadcrumb\":{\"@id\":\"https:\/\/www.visit-ulcinj.com\/blog\/2009\/04\/27\/adela%e2%80%9cune-po-jetoj-jeten-time\/#breadcrumb\"},\"inLanguage\":\"en-US\",\"potentialAction\":[{\"@type\":\"ReadAction\",\"target\":[\"https:\/\/www.visit-ulcinj.com\/blog\/2009\/04\/27\/adela%e2%80%9cune-po-jetoj-jeten-time\/\"]}]},{\"@type\":\"BreadcrumbList\",\"@id\":\"https:\/\/www.visit-ulcinj.com\/blog\/2009\/04\/27\/adela%e2%80%9cune-po-jetoj-jeten-time\/#breadcrumb\",\"itemListElement\":[{\"@type\":\"ListItem\",\"position\":1,\"name\":\"Adela:\u201cUn\u00eb po jetoj jet\u00ebn time!\"}]},{\"@type\":\"Person\",\"@id\":\"https:\/\/www.visit-ulcinj.com\/blog\/#\/schema\/person\/dcab619c614d3038751c63bc2aadc06d\",\"name\":\"ulqini\",\"sameAs\":[\"http:\/\/www.visit-ulcinj.com\"],\"url\":\"https:\/\/www.visit-ulcinj.com\/blog\/author\/admin\/\"}]}<\/script>\n<!-- \/ Yoast SEO plugin. -->","yoast_head_json":{"title":"Adela:\u00e2\u20ac\u0153Un\u00c3\u00ab po jetoj jet\u00c3\u00abn time! | Big Brother Albania 2","description":"Big Brother Albania 2 - Adelajda diskuton me Mimoz\u00c3\u00abn p\u00c3\u00abr jet\u00c3\u00abn e saj dhe p\u00c3\u00abr ish t\u00c3\u00ab fejuarin. Ajo i thot\u00c3\u00ab:-\u00e2\u20ac\u0153Nuk ka ditur t\u00c3\u00ab m\u00c3\u00ab mbaj, le t`i vuaj pasojat!","robots":{"index":"index","follow":"follow","max-snippet":"max-snippet:-1","max-image-preview":"max-image-preview:large","max-video-preview":"max-video-preview:-1"},"canonical":"https:\/\/www.visit-ulcinj.com\/blog\/2009\/04\/27\/adela\u201cune-po-jetoj-jeten-time\/","og_locale":"en_US","og_type":"article","og_title":"Adela:\u00e2\u20ac\u0153Un\u00c3\u00ab po jetoj jet\u00c3\u00abn time! | Big Brother Albania 2","og_description":"Big Brother Albania 2 - Adelajda diskuton me Mimoz\u00c3\u00abn p\u00c3\u00abr jet\u00c3\u00abn e saj dhe p\u00c3\u00abr ish t\u00c3\u00ab fejuarin. Ajo i thot\u00c3\u00ab:-\u00e2\u20ac\u0153Nuk ka ditur t\u00c3\u00ab m\u00c3\u00ab mbaj, le t`i vuaj pasojat!","og_url":"https:\/\/www.visit-ulcinj.com\/blog\/2009\/04\/27\/adela\u201cune-po-jetoj-jeten-time\/","og_site_name":"Lajme nga Ulqini","article_published_time":"2009-04-27T17:54:19+00:00","og_image":[{"url":"http:\/\/www.visit-ulcinj.com\/blog\/wp-content\/uploads\/2009\/04\/fejuari25.jpg"}],"twitter_misc":{"Written by":"ulqini","Est. reading time":"1 minute"},"schema":{"@context":"https:\/\/schema.org","@graph":[{"@type":"WebSite","@id":"https:\/\/www.visit-ulcinj.com\/blog\/#website","url":"https:\/\/www.visit-ulcinj.com\/blog\/","name":"Lajme nga Ulqini","description":"Lajme,Vijesti,Ulqini,Ulqin,Crna Gora,Mali i Zi","potentialAction":[{"@type":"SearchAction","target":{"@type":"EntryPoint","urlTemplate":"https:\/\/www.visit-ulcinj.com\/blog\/?s={search_term_string}"},"query-input":"required name=search_term_string"}],"inLanguage":"en-US"},{"@type":"ImageObject","inLanguage":"en-US","@id":"https:\/\/www.visit-ulcinj.com\/blog\/2009\/04\/27\/adela%e2%80%9cune-po-jetoj-jeten-time\/#primaryimage","url":"http:\/\/www.visit-ulcinj.com\/blog\/wp-content\/uploads\/2009\/04\/fejuari25.jpg","contentUrl":"http:\/\/www.visit-ulcinj.com\/blog\/wp-content\/uploads\/2009\/04\/fejuari25.jpg"},{"@type":"WebPage","@id":"https:\/\/www.visit-ulcinj.com\/blog\/2009\/04\/27\/adela%e2%80%9cune-po-jetoj-jeten-time\/#webpage","url":"https:\/\/www.visit-ulcinj.com\/blog\/2009\/04\/27\/adela%e2%80%9cune-po-jetoj-jeten-time\/","name":"Adela:\u00e2\u20ac\u0153Un\u00c3\u00ab po jetoj jet\u00c3\u00abn time! | Big Brother Albania 2","isPartOf":{"@id":"https:\/\/www.visit-ulcinj.com\/blog\/#website"},"primaryImageOfPage":{"@id":"https:\/\/www.visit-ulcinj.com\/blog\/2009\/04\/27\/adela%e2%80%9cune-po-jetoj-jeten-time\/#primaryimage"},"datePublished":"2009-04-27T17:54:19+00:00","dateModified":"2009-04-27T17:54:19+00:00","author":{"@id":"https:\/\/www.visit-ulcinj.com\/blog\/#\/schema\/person\/dcab619c614d3038751c63bc2aadc06d"},"description":"Big Brother Albania 2 - Adelajda diskuton me Mimoz\u00c3\u00abn p\u00c3\u00abr jet\u00c3\u00abn e saj dhe p\u00c3\u00abr ish t\u00c3\u00ab fejuarin. Ajo i thot\u00c3\u00ab:-\u00e2\u20ac\u0153Nuk ka ditur t\u00c3\u00ab m\u00c3\u00ab mbaj, le t`i vuaj pasojat!","breadcrumb":{"@id":"https:\/\/www.visit-ulcinj.com\/blog\/2009\/04\/27\/adela%e2%80%9cune-po-jetoj-jeten-time\/#breadcrumb"},"inLanguage":"en-US","potentialAction":[{"@type":"ReadAction","target":["https:\/\/www.visit-ulcinj.com\/blog\/2009\/04\/27\/adela%e2%80%9cune-po-jetoj-jeten-time\/"]}]},{"@type":"BreadcrumbList","@id":"https:\/\/www.visit-ulcinj.com\/blog\/2009\/04\/27\/adela%e2%80%9cune-po-jetoj-jeten-time\/#breadcrumb","itemListElement":[{"@type":"ListItem","position":1,"name":"Adela:\u201cUn\u00eb po jetoj jet\u00ebn time!"}]},{"@type":"Person","@id":"https:\/\/www.visit-ulcinj.com\/blog\/#\/schema\/person\/dcab619c614d3038751c63bc2aadc06d","name":"ulqini","sameAs":["http:\/\/www.visit-ulcinj.com"],"url":"https:\/\/www.visit-ulcinj.com\/blog\/author\/admin\/"}]}},"jetpack_featured_media_url":"","jetpack_sharing_enabled":true,"jetpack_shortlink":"https:\/\/wp.me\/pe6lTn-51F","_links":{"self":[{"href":"https:\/\/www.visit-ulcinj.com\/blog\/wp-json\/wp\/v2\/posts\/19323"}],"collection":[{"href":"https:\/\/www.visit-ulcinj.com\/blog\/wp-json\/wp\/v2\/posts"}],"about":[{"href":"https:\/\/www.visit-ulcinj.com\/blog\/wp-json\/wp\/v2\/types\/post"}],"author":[{"embeddable":true,"href":"https:\/\/www.visit-ulcinj.com\/blog\/wp-json\/wp\/v2\/users\/1"}],"replies":[{"embeddable":true,"href":"https:\/\/www.visit-ulcinj.com\/blog\/wp-json\/wp\/v2\/comments?post=19323"}],"version-history":[{"count":0,"href":"https:\/\/www.visit-ulcinj.com\/blog\/wp-json\/wp\/v2\/posts\/19323\/revisions"}],"wp:attachment":[{"href":"https:\/\/www.visit-ulcinj.com\/blog\/wp-json\/wp\/v2\/media?parent=19323"}],"wp:term":[{"taxonomy":"category","embeddable":true,"href":"https:\/\/www.visit-ulcinj.com\/blog\/wp-json\/wp\/v2\/categories?post=19323"},{"taxonomy":"post_tag","embeddable":true,"href":"https:\/\/www.visit-ulcinj.com\/blog\/wp-json\/wp\/v2\/tags?post=19323"}],"curies":[{"name":"wp","href":"https:\/\/api.w.org\/{rel}","templated":true}]}}