{"id":19325,"date":"2009-04-27T19:58:19","date_gmt":"2009-04-27T17:58:19","guid":{"rendered":"http:\/\/www.visit-ulcinj.com\/blog\/?p=19325"},"modified":"2009-04-27T19:58:19","modified_gmt":"2009-04-27T17:58:19","slug":"prova-arjoni-eksperti-i-%e2%80%9csumos%e2%80%9d","status":"publish","type":"post","link":"https:\/\/www.visit-ulcinj.com\/blog\/2009\/04\/27\/prova-arjoni-eksperti-i-%e2%80%9csumos%e2%80%9d\/","title":{"rendered":"Prova, Arjoni, Eksperti i \u201cSumos\u201d"},"content":{"rendered":"<p><em><span class=\"newsdate\"><a href=\"http:\/\/www.visit-ulcinj.com\/blog\/wp-content\/uploads\/2009\/04\/sumo-spetakel-25.jpg\"><img loading=\"lazy\" class=\"alignleft size-full wp-image-19327\" title=\"sumo-spetakel-25-big-brother-albania-2\" src=\"http:\/\/www.visit-ulcinj.com\/blog\/wp-content\/uploads\/2009\/04\/sumo-spetakel-25.jpg\" alt=\"sumo-spetakel-25-big-brother-albania-2\" width=\"300\" height=\"205\" \/><\/a>25\/04\/09 21:07<\/span><\/em><\/p>\n<p>Prova e jav\u00ebs bazohej mbi tiparet karakteristike, zakonet, dhe aktivitetet tipike Aziatike. Banor\u00ebt duhej t\u00eb p\u00ebrmbushnin nj\u00eb nga fazat e prov\u00ebs. P\u00ebr k\u00ebt\u00eb \u201cBig Brother\u201d vendosi q\u00eb p\u00ebr p\u00ebrfundimin e prov\u00ebs t\u00eb \u201cSumos\u201d nj\u00ebri nga banor\u00ebt duhej t\u00eb ndeshej me nj\u00eb ekspert t\u00eb k\u00ebtij sporti. Gjat\u00eb jav\u00ebs banor\u00ebt jan\u00eb p\u00ebrballur me nj\u00ebri- tjetrin n\u00eb k\u00ebt\u00eb sport, ku fitues doli Arjoni. P\u00ebr k\u00ebt\u00eb \u201cBig Brother\u201d vendosi q\u00eb t\u00eb ishte ai q\u00eb t\u00eb p\u00ebrballej me ekspertin ku dhe fitoi. Arbana gjat\u00eb spetaklit zbuloi q\u00eb ekserti i \u201csumos\u201d n\u00eb t\u00eb v\u00ebrtet\u00eb ishte Becka, djali i zarfit.<\/p>\n","protected":false},"excerpt":{"rendered":"<p>25\/04\/09 21:07 Prova e jav\u00ebs bazohej mbi tiparet karakteristike, zakonet, dhe aktivitetet tipike Aziatike. Banor\u00ebt duhej t\u00eb p\u00ebrmbushnin nj\u00eb nga fazat e prov\u00ebs. P\u00ebr k\u00ebt\u00eb \u201cBig Brother\u201d vendosi q\u00eb p\u00ebr p\u00ebrfundimin e prov\u00ebs t\u00eb \u201cSumos\u201d nj\u00ebri nga banor\u00ebt duhej t\u00eb ndeshej me nj\u00eb ekspert t\u00eb k\u00ebtij sporti. Gjat\u00eb jav\u00ebs banor\u00ebt jan\u00eb p\u00ebrballur me nj\u00ebri- tjetrin [&hellip;]<\/p>\n","protected":false},"author":1,"featured_media":0,"comment_status":"open","ping_status":"closed","sticky":false,"template":"","format":"standard","meta":{"spay_email":"","jetpack_publicize_message":"","jetpack_is_tweetstorm":false,"jetpack_publicize_feature_enabled":true},"categories":[6502],"tags":[6525,5057,6506,6516,6712,7129,6970,9678,6891,6693,6887],"jetpack_publicize_connections":[],"yoast_head":"<!-- This site is optimized with the Yoast SEO plugin v19.1 - https:\/\/yoast.com\/wordpress\/plugins\/seo\/ -->\n<title>Prova, Arjon, Eksperti i \u00e2\u20ac\u0153Sumos\u00e2\u20ac\u009d | Big Brother Albania 2<\/title>\n<meta name=\"description\" content=\"Big Brother Albania 2 - Prova e jav\u00c3\u00abs bazohej mbi tiparet karakteristike, zakonet, dhe aktivitetet tipike Aziatike. Banor\u00c3\u00abt duhej t\u00c3\u00ab p\u00c3\u00abrmbushnin nj\u00c3\u00ab nga fazat e prov\u00c3\u00abs. P\u00c3\u00abr k\u00c3\u00abt\u00c3\u00ab \u00e2\u20ac\u0153Big Brother\u00e2\u20ac\u009d vendosi q\u00c3\u00ab p\u00c3\u00abr p\u00c3\u00abrfundimin e prov\u00c3\u00abs t\u00c3\u00ab \u00e2\u20ac\u0153Sumos\u00e2\u20ac\u009d nj\u00c3\u00abri nga banor\u00c3\u00abt duhej t\u00c3\u00ab ndeshej me nj\u00c3\u00ab ekspert t\u00c3\u00ab k\u00c3\u00abtij sporti.\" \/>\n<meta name=\"robots\" content=\"index, follow, max-snippet:-1, max-image-preview:large, max-video-preview:-1\" \/>\n<link rel=\"canonical\" href=\"https:\/\/www.visit-ulcinj.com\/blog\/2009\/04\/27\/prova-arjoni-eksperti-i-\u201csumos\u201d\/\" \/>\n<meta property=\"og:locale\" content=\"en_US\" \/>\n<meta property=\"og:type\" content=\"article\" \/>\n<meta property=\"og:title\" content=\"Prova, Arjon, Eksperti i \u00e2\u20ac\u0153Sumos\u00e2\u20ac\u009d | Big Brother Albania 2\" \/>\n<meta property=\"og:description\" content=\"Big Brother Albania 2 - Prova e jav\u00c3\u00abs bazohej mbi tiparet karakteristike, zakonet, dhe aktivitetet tipike Aziatike. Banor\u00c3\u00abt duhej t\u00c3\u00ab p\u00c3\u00abrmbushnin nj\u00c3\u00ab nga fazat e prov\u00c3\u00abs. P\u00c3\u00abr k\u00c3\u00abt\u00c3\u00ab \u00e2\u20ac\u0153Big Brother\u00e2\u20ac\u009d vendosi q\u00c3\u00ab p\u00c3\u00abr p\u00c3\u00abrfundimin e prov\u00c3\u00abs t\u00c3\u00ab \u00e2\u20ac\u0153Sumos\u00e2\u20ac\u009d nj\u00c3\u00abri nga banor\u00c3\u00abt duhej t\u00c3\u00ab ndeshej me nj\u00c3\u00ab ekspert t\u00c3\u00ab k\u00c3\u00abtij sporti.\" \/>\n<meta property=\"og:url\" content=\"https:\/\/www.visit-ulcinj.com\/blog\/2009\/04\/27\/prova-arjoni-eksperti-i-\u201csumos\u201d\/\" \/>\n<meta property=\"og:site_name\" content=\"Lajme nga Ulqini\" \/>\n<meta property=\"article:published_time\" content=\"2009-04-27T17:58:19+00:00\" \/>\n<meta property=\"og:image\" content=\"http:\/\/www.visit-ulcinj.com\/blog\/wp-content\/uploads\/2009\/04\/sumo-spetakel-25.jpg\" \/>\n<meta name=\"twitter:label1\" content=\"Written by\" \/>\n\t<meta name=\"twitter:data1\" content=\"ulqini\" \/>\n\t<meta name=\"twitter:label2\" content=\"Est. reading time\" \/>\n\t<meta name=\"twitter:data2\" content=\"1 minute\" \/>\n<script type=\"application\/ld+json\" class=\"yoast-schema-graph\">{\"@context\":\"https:\/\/schema.org\",\"@graph\":[{\"@type\":\"WebSite\",\"@id\":\"https:\/\/www.visit-ulcinj.com\/blog\/#website\",\"url\":\"https:\/\/www.visit-ulcinj.com\/blog\/\",\"name\":\"Lajme nga Ulqini\",\"description\":\"Lajme,Vijesti,Ulqini,Ulqin,Crna Gora,Mali i Zi\",\"potentialAction\":[{\"@type\":\"SearchAction\",\"target\":{\"@type\":\"EntryPoint\",\"urlTemplate\":\"https:\/\/www.visit-ulcinj.com\/blog\/?s={search_term_string}\"},\"query-input\":\"required name=search_term_string\"}],\"inLanguage\":\"en-US\"},{\"@type\":\"ImageObject\",\"inLanguage\":\"en-US\",\"@id\":\"https:\/\/www.visit-ulcinj.com\/blog\/2009\/04\/27\/prova-arjoni-eksperti-i-%e2%80%9csumos%e2%80%9d\/#primaryimage\",\"url\":\"http:\/\/www.visit-ulcinj.com\/blog\/wp-content\/uploads\/2009\/04\/sumo-spetakel-25.jpg\",\"contentUrl\":\"http:\/\/www.visit-ulcinj.com\/blog\/wp-content\/uploads\/2009\/04\/sumo-spetakel-25.jpg\"},{\"@type\":\"WebPage\",\"@id\":\"https:\/\/www.visit-ulcinj.com\/blog\/2009\/04\/27\/prova-arjoni-eksperti-i-%e2%80%9csumos%e2%80%9d\/#webpage\",\"url\":\"https:\/\/www.visit-ulcinj.com\/blog\/2009\/04\/27\/prova-arjoni-eksperti-i-%e2%80%9csumos%e2%80%9d\/\",\"name\":\"Prova, Arjon, Eksperti i \u00e2\u20ac\u0153Sumos\u00e2\u20ac\u009d | Big Brother Albania 2\",\"isPartOf\":{\"@id\":\"https:\/\/www.visit-ulcinj.com\/blog\/#website\"},\"primaryImageOfPage\":{\"@id\":\"https:\/\/www.visit-ulcinj.com\/blog\/2009\/04\/27\/prova-arjoni-eksperti-i-%e2%80%9csumos%e2%80%9d\/#primaryimage\"},\"datePublished\":\"2009-04-27T17:58:19+00:00\",\"dateModified\":\"2009-04-27T17:58:19+00:00\",\"author\":{\"@id\":\"https:\/\/www.visit-ulcinj.com\/blog\/#\/schema\/person\/dcab619c614d3038751c63bc2aadc06d\"},\"description\":\"Big Brother Albania 2 - Prova e jav\u00c3\u00abs bazohej mbi tiparet karakteristike, zakonet, dhe aktivitetet tipike Aziatike. Banor\u00c3\u00abt duhej t\u00c3\u00ab p\u00c3\u00abrmbushnin nj\u00c3\u00ab nga fazat e prov\u00c3\u00abs. P\u00c3\u00abr k\u00c3\u00abt\u00c3\u00ab \u00e2\u20ac\u0153Big Brother\u00e2\u20ac\u009d vendosi q\u00c3\u00ab p\u00c3\u00abr p\u00c3\u00abrfundimin e prov\u00c3\u00abs t\u00c3\u00ab \u00e2\u20ac\u0153Sumos\u00e2\u20ac\u009d nj\u00c3\u00abri nga banor\u00c3\u00abt duhej t\u00c3\u00ab ndeshej me nj\u00c3\u00ab ekspert t\u00c3\u00ab k\u00c3\u00abtij sporti.\",\"breadcrumb\":{\"@id\":\"https:\/\/www.visit-ulcinj.com\/blog\/2009\/04\/27\/prova-arjoni-eksperti-i-%e2%80%9csumos%e2%80%9d\/#breadcrumb\"},\"inLanguage\":\"en-US\",\"potentialAction\":[{\"@type\":\"ReadAction\",\"target\":[\"https:\/\/www.visit-ulcinj.com\/blog\/2009\/04\/27\/prova-arjoni-eksperti-i-%e2%80%9csumos%e2%80%9d\/\"]}]},{\"@type\":\"BreadcrumbList\",\"@id\":\"https:\/\/www.visit-ulcinj.com\/blog\/2009\/04\/27\/prova-arjoni-eksperti-i-%e2%80%9csumos%e2%80%9d\/#breadcrumb\",\"itemListElement\":[{\"@type\":\"ListItem\",\"position\":1,\"name\":\"Prova, Arjoni, Eksperti i \u201cSumos\u201d\"}]},{\"@type\":\"Person\",\"@id\":\"https:\/\/www.visit-ulcinj.com\/blog\/#\/schema\/person\/dcab619c614d3038751c63bc2aadc06d\",\"name\":\"ulqini\",\"sameAs\":[\"http:\/\/www.visit-ulcinj.com\"],\"url\":\"https:\/\/www.visit-ulcinj.com\/blog\/author\/admin\/\"}]}<\/script>\n<!-- \/ Yoast SEO plugin. -->","yoast_head_json":{"title":"Prova, Arjon, Eksperti i \u00e2\u20ac\u0153Sumos\u00e2\u20ac\u009d | Big Brother Albania 2","description":"Big Brother Albania 2 - Prova e jav\u00c3\u00abs bazohej mbi tiparet karakteristike, zakonet, dhe aktivitetet tipike Aziatike. Banor\u00c3\u00abt duhej t\u00c3\u00ab p\u00c3\u00abrmbushnin nj\u00c3\u00ab nga fazat e prov\u00c3\u00abs. P\u00c3\u00abr k\u00c3\u00abt\u00c3\u00ab \u00e2\u20ac\u0153Big Brother\u00e2\u20ac\u009d vendosi q\u00c3\u00ab p\u00c3\u00abr p\u00c3\u00abrfundimin e prov\u00c3\u00abs t\u00c3\u00ab \u00e2\u20ac\u0153Sumos\u00e2\u20ac\u009d nj\u00c3\u00abri nga banor\u00c3\u00abt duhej t\u00c3\u00ab ndeshej me nj\u00c3\u00ab ekspert t\u00c3\u00ab k\u00c3\u00abtij sporti.","robots":{"index":"index","follow":"follow","max-snippet":"max-snippet:-1","max-image-preview":"max-image-preview:large","max-video-preview":"max-video-preview:-1"},"canonical":"https:\/\/www.visit-ulcinj.com\/blog\/2009\/04\/27\/prova-arjoni-eksperti-i-\u201csumos\u201d\/","og_locale":"en_US","og_type":"article","og_title":"Prova, Arjon, Eksperti i \u00e2\u20ac\u0153Sumos\u00e2\u20ac\u009d | Big Brother Albania 2","og_description":"Big Brother Albania 2 - Prova e jav\u00c3\u00abs bazohej mbi tiparet karakteristike, zakonet, dhe aktivitetet tipike Aziatike. Banor\u00c3\u00abt duhej t\u00c3\u00ab p\u00c3\u00abrmbushnin nj\u00c3\u00ab nga fazat e prov\u00c3\u00abs. P\u00c3\u00abr k\u00c3\u00abt\u00c3\u00ab \u00e2\u20ac\u0153Big Brother\u00e2\u20ac\u009d vendosi q\u00c3\u00ab p\u00c3\u00abr p\u00c3\u00abrfundimin e prov\u00c3\u00abs t\u00c3\u00ab \u00e2\u20ac\u0153Sumos\u00e2\u20ac\u009d nj\u00c3\u00abri nga banor\u00c3\u00abt duhej t\u00c3\u00ab ndeshej me nj\u00c3\u00ab ekspert t\u00c3\u00ab k\u00c3\u00abtij sporti.","og_url":"https:\/\/www.visit-ulcinj.com\/blog\/2009\/04\/27\/prova-arjoni-eksperti-i-\u201csumos\u201d\/","og_site_name":"Lajme nga Ulqini","article_published_time":"2009-04-27T17:58:19+00:00","og_image":[{"url":"http:\/\/www.visit-ulcinj.com\/blog\/wp-content\/uploads\/2009\/04\/sumo-spetakel-25.jpg"}],"twitter_misc":{"Written by":"ulqini","Est. reading time":"1 minute"},"schema":{"@context":"https:\/\/schema.org","@graph":[{"@type":"WebSite","@id":"https:\/\/www.visit-ulcinj.com\/blog\/#website","url":"https:\/\/www.visit-ulcinj.com\/blog\/","name":"Lajme nga Ulqini","description":"Lajme,Vijesti,Ulqini,Ulqin,Crna Gora,Mali i Zi","potentialAction":[{"@type":"SearchAction","target":{"@type":"EntryPoint","urlTemplate":"https:\/\/www.visit-ulcinj.com\/blog\/?s={search_term_string}"},"query-input":"required name=search_term_string"}],"inLanguage":"en-US"},{"@type":"ImageObject","inLanguage":"en-US","@id":"https:\/\/www.visit-ulcinj.com\/blog\/2009\/04\/27\/prova-arjoni-eksperti-i-%e2%80%9csumos%e2%80%9d\/#primaryimage","url":"http:\/\/www.visit-ulcinj.com\/blog\/wp-content\/uploads\/2009\/04\/sumo-spetakel-25.jpg","contentUrl":"http:\/\/www.visit-ulcinj.com\/blog\/wp-content\/uploads\/2009\/04\/sumo-spetakel-25.jpg"},{"@type":"WebPage","@id":"https:\/\/www.visit-ulcinj.com\/blog\/2009\/04\/27\/prova-arjoni-eksperti-i-%e2%80%9csumos%e2%80%9d\/#webpage","url":"https:\/\/www.visit-ulcinj.com\/blog\/2009\/04\/27\/prova-arjoni-eksperti-i-%e2%80%9csumos%e2%80%9d\/","name":"Prova, Arjon, Eksperti i \u00e2\u20ac\u0153Sumos\u00e2\u20ac\u009d | Big Brother Albania 2","isPartOf":{"@id":"https:\/\/www.visit-ulcinj.com\/blog\/#website"},"primaryImageOfPage":{"@id":"https:\/\/www.visit-ulcinj.com\/blog\/2009\/04\/27\/prova-arjoni-eksperti-i-%e2%80%9csumos%e2%80%9d\/#primaryimage"},"datePublished":"2009-04-27T17:58:19+00:00","dateModified":"2009-04-27T17:58:19+00:00","author":{"@id":"https:\/\/www.visit-ulcinj.com\/blog\/#\/schema\/person\/dcab619c614d3038751c63bc2aadc06d"},"description":"Big Brother Albania 2 - Prova e jav\u00c3\u00abs bazohej mbi tiparet karakteristike, zakonet, dhe aktivitetet tipike Aziatike. Banor\u00c3\u00abt duhej t\u00c3\u00ab p\u00c3\u00abrmbushnin nj\u00c3\u00ab nga fazat e prov\u00c3\u00abs. P\u00c3\u00abr k\u00c3\u00abt\u00c3\u00ab \u00e2\u20ac\u0153Big Brother\u00e2\u20ac\u009d vendosi q\u00c3\u00ab p\u00c3\u00abr p\u00c3\u00abrfundimin e prov\u00c3\u00abs t\u00c3\u00ab \u00e2\u20ac\u0153Sumos\u00e2\u20ac\u009d nj\u00c3\u00abri nga banor\u00c3\u00abt duhej t\u00c3\u00ab ndeshej me nj\u00c3\u00ab ekspert t\u00c3\u00ab k\u00c3\u00abtij sporti.","breadcrumb":{"@id":"https:\/\/www.visit-ulcinj.com\/blog\/2009\/04\/27\/prova-arjoni-eksperti-i-%e2%80%9csumos%e2%80%9d\/#breadcrumb"},"inLanguage":"en-US","potentialAction":[{"@type":"ReadAction","target":["https:\/\/www.visit-ulcinj.com\/blog\/2009\/04\/27\/prova-arjoni-eksperti-i-%e2%80%9csumos%e2%80%9d\/"]}]},{"@type":"BreadcrumbList","@id":"https:\/\/www.visit-ulcinj.com\/blog\/2009\/04\/27\/prova-arjoni-eksperti-i-%e2%80%9csumos%e2%80%9d\/#breadcrumb","itemListElement":[{"@type":"ListItem","position":1,"name":"Prova, Arjoni, Eksperti i \u201cSumos\u201d"}]},{"@type":"Person","@id":"https:\/\/www.visit-ulcinj.com\/blog\/#\/schema\/person\/dcab619c614d3038751c63bc2aadc06d","name":"ulqini","sameAs":["http:\/\/www.visit-ulcinj.com"],"url":"https:\/\/www.visit-ulcinj.com\/blog\/author\/admin\/"}]}},"jetpack_featured_media_url":"","jetpack_sharing_enabled":true,"jetpack_shortlink":"https:\/\/wp.me\/pe6lTn-51H","_links":{"self":[{"href":"https:\/\/www.visit-ulcinj.com\/blog\/wp-json\/wp\/v2\/posts\/19325"}],"collection":[{"href":"https:\/\/www.visit-ulcinj.com\/blog\/wp-json\/wp\/v2\/posts"}],"about":[{"href":"https:\/\/www.visit-ulcinj.com\/blog\/wp-json\/wp\/v2\/types\/post"}],"author":[{"embeddable":true,"href":"https:\/\/www.visit-ulcinj.com\/blog\/wp-json\/wp\/v2\/users\/1"}],"replies":[{"embeddable":true,"href":"https:\/\/www.visit-ulcinj.com\/blog\/wp-json\/wp\/v2\/comments?post=19325"}],"version-history":[{"count":0,"href":"https:\/\/www.visit-ulcinj.com\/blog\/wp-json\/wp\/v2\/posts\/19325\/revisions"}],"wp:attachment":[{"href":"https:\/\/www.visit-ulcinj.com\/blog\/wp-json\/wp\/v2\/media?parent=19325"}],"wp:term":[{"taxonomy":"category","embeddable":true,"href":"https:\/\/www.visit-ulcinj.com\/blog\/wp-json\/wp\/v2\/categories?post=19325"},{"taxonomy":"post_tag","embeddable":true,"href":"https:\/\/www.visit-ulcinj.com\/blog\/wp-json\/wp\/v2\/tags?post=19325"}],"curies":[{"name":"wp","href":"https:\/\/api.w.org\/{rel}","templated":true}]}}