{"id":19331,"date":"2009-04-27T20:00:49","date_gmt":"2009-04-27T18:00:49","guid":{"rendered":"http:\/\/www.visit-ulcinj.com\/blog\/?p=19331"},"modified":"2009-04-27T20:00:49","modified_gmt":"2009-04-27T18:00:49","slug":"arjani-babai-eshte-idhulli-im","status":"publish","type":"post","link":"https:\/\/www.visit-ulcinj.com\/blog\/2009\/04\/27\/arjani-babai-eshte-idhulli-im\/","title":{"rendered":"Arjani : Babai \u00ebsht\u00eb idhulli im"},"content":{"rendered":"<p><em><span class=\"newsdate\"><a href=\"http:\/\/www.visit-ulcinj.com\/blog\/wp-content\/uploads\/2009\/04\/arjan-bakalli-baba-yll.jpg\"><img loading=\"lazy\" class=\"alignleft size-full wp-image-19332\" title=\"arjan-bakalli-baba-yll-big-brother-albania-2\" src=\"http:\/\/www.visit-ulcinj.com\/blog\/wp-content\/uploads\/2009\/04\/arjan-bakalli-baba-yll.jpg\" alt=\"arjan-bakalli-baba-yll-big-brother-albania-2\" width=\"300\" height=\"205\" \/><\/a>25\/04\/09 21:37<\/span><\/em><\/p>\n<p>\u201cBig Brother\u201d duke par\u00eb r\u00ebnd\u00ebsin\u00eb q\u00eb ka figura prind\u00ebrore,e babait p\u00ebr dy nga banor\u00ebt e sht\u00ebpis\u00eb, i p\u00ebrgatiti nga nj\u00eb surpriz\u00eb. Junida \u00ebsht\u00eb nj\u00eb nga banor\u00ebt q\u00eb ka marr\u00eb nj\u00eb telefonat\u00eb nga babai i saj. Ai i shprehu mb\u00ebshtetjen e tij, dhe i tha q\u00eb p\u00ebrmes \u201cBig Brother\u201d ai pa Jun\u00ebn e v\u00ebrtet\u00eb. Nj\u00eb tjet\u00ebr banor t\u00eb cilit i`u b\u00eb nj\u00eb surpriz\u00eb ishte dhe Arjani, i cili, pa foto nga karriera artistike e babait t\u00eb tij. \u201cBig Brother\u201d u mund\u00ebsoi q\u00eb edhe banor\u00ebt e tjer\u00eb t\u00eb ndiqnin nj\u00eb klip t\u00eb shkurt\u00ebr p\u00ebr babain e Arjanit. Ai ka shprehur q\u00eb babai i tij \u00ebsht\u00eb idhulli i tij, dhe ai n\u00eb cdo moment e shoq\u00ebron n\u00eb jet\u00ebn e tij. T\u00eb dy banor\u00ebt u emocionuan shum\u00eb nga surpriza.<\/p>\n","protected":false},"excerpt":{"rendered":"<p>25\/04\/09 21:37 \u201cBig Brother\u201d duke par\u00eb r\u00ebnd\u00ebsin\u00eb q\u00eb ka figura prind\u00ebrore,e babait p\u00ebr dy nga banor\u00ebt e sht\u00ebpis\u00eb, i p\u00ebrgatiti nga nj\u00eb surpriz\u00eb. Junida \u00ebsht\u00eb nj\u00eb nga banor\u00ebt q\u00eb ka marr\u00eb nj\u00eb telefonat\u00eb nga babai i saj. Ai i shprehu mb\u00ebshtetjen e tij, dhe i tha q\u00eb p\u00ebrmes \u201cBig Brother\u201d ai pa Jun\u00ebn e v\u00ebrtet\u00eb. [&hellip;]<\/p>\n","protected":false},"author":1,"featured_media":0,"comment_status":"open","ping_status":"closed","sticky":false,"template":"","format":"standard","meta":{"spay_email":"","jetpack_publicize_message":"","jetpack_is_tweetstorm":false,"jetpack_publicize_feature_enabled":true},"categories":[6502],"tags":[8784,8934,8775,9679,5057,6506,6516,6712,7129,6891,6693,6887],"jetpack_publicize_connections":[],"yoast_head":"<!-- This site is optimized with the Yoast SEO plugin v19.1 - https:\/\/yoast.com\/wordpress\/plugins\/seo\/ -->\n<title>Arjani : Babai \u00c3\u00absht\u00c3\u00ab idhulli im | Big Brother Albania 2<\/title>\n<meta name=\"description\" content=\"Big Brother Albania 2 - \u00e2\u20ac\u0153Big Brother\u00e2\u20ac\u009d duke par\u00c3\u00ab r\u00c3\u00abnd\u00c3\u00absin\u00c3\u00ab q\u00c3\u00ab ka figura prind\u00c3\u00abrore,e babait p\u00c3\u00abr dy nga banor\u00c3\u00abt e sht\u00c3\u00abpis\u00c3\u00ab, i p\u00c3\u00abrgatiti nga nj\u00c3\u00ab surpriz\u00c3\u00ab\" \/>\n<meta name=\"robots\" content=\"index, follow, max-snippet:-1, max-image-preview:large, max-video-preview:-1\" \/>\n<link rel=\"canonical\" href=\"https:\/\/www.visit-ulcinj.com\/blog\/2009\/04\/27\/arjani-babai-eshte-idhulli-im\/\" \/>\n<meta property=\"og:locale\" content=\"en_US\" \/>\n<meta property=\"og:type\" content=\"article\" \/>\n<meta property=\"og:title\" content=\"Arjani : Babai \u00c3\u00absht\u00c3\u00ab idhulli im | Big Brother Albania 2\" \/>\n<meta property=\"og:description\" content=\"Big Brother Albania 2 - \u00e2\u20ac\u0153Big Brother\u00e2\u20ac\u009d duke par\u00c3\u00ab r\u00c3\u00abnd\u00c3\u00absin\u00c3\u00ab q\u00c3\u00ab ka figura prind\u00c3\u00abrore,e babait p\u00c3\u00abr dy nga banor\u00c3\u00abt e sht\u00c3\u00abpis\u00c3\u00ab, i p\u00c3\u00abrgatiti nga nj\u00c3\u00ab surpriz\u00c3\u00ab\" \/>\n<meta property=\"og:url\" content=\"https:\/\/www.visit-ulcinj.com\/blog\/2009\/04\/27\/arjani-babai-eshte-idhulli-im\/\" \/>\n<meta property=\"og:site_name\" content=\"Lajme nga Ulqini\" \/>\n<meta property=\"article:published_time\" content=\"2009-04-27T18:00:49+00:00\" \/>\n<meta property=\"og:image\" content=\"http:\/\/www.visit-ulcinj.com\/blog\/wp-content\/uploads\/2009\/04\/arjan-bakalli-baba-yll.jpg\" \/>\n<meta name=\"twitter:label1\" content=\"Written by\" \/>\n\t<meta name=\"twitter:data1\" content=\"ulqini\" \/>\n\t<meta name=\"twitter:label2\" content=\"Est. reading time\" \/>\n\t<meta name=\"twitter:data2\" content=\"1 minute\" \/>\n<script type=\"application\/ld+json\" class=\"yoast-schema-graph\">{\"@context\":\"https:\/\/schema.org\",\"@graph\":[{\"@type\":\"WebSite\",\"@id\":\"https:\/\/www.visit-ulcinj.com\/blog\/#website\",\"url\":\"https:\/\/www.visit-ulcinj.com\/blog\/\",\"name\":\"Lajme nga Ulqini\",\"description\":\"Lajme,Vijesti,Ulqini,Ulqin,Crna Gora,Mali i Zi\",\"potentialAction\":[{\"@type\":\"SearchAction\",\"target\":{\"@type\":\"EntryPoint\",\"urlTemplate\":\"https:\/\/www.visit-ulcinj.com\/blog\/?s={search_term_string}\"},\"query-input\":\"required name=search_term_string\"}],\"inLanguage\":\"en-US\"},{\"@type\":\"ImageObject\",\"inLanguage\":\"en-US\",\"@id\":\"https:\/\/www.visit-ulcinj.com\/blog\/2009\/04\/27\/arjani-babai-eshte-idhulli-im\/#primaryimage\",\"url\":\"http:\/\/www.visit-ulcinj.com\/blog\/wp-content\/uploads\/2009\/04\/arjan-bakalli-baba-yll.jpg\",\"contentUrl\":\"http:\/\/www.visit-ulcinj.com\/blog\/wp-content\/uploads\/2009\/04\/arjan-bakalli-baba-yll.jpg\"},{\"@type\":\"WebPage\",\"@id\":\"https:\/\/www.visit-ulcinj.com\/blog\/2009\/04\/27\/arjani-babai-eshte-idhulli-im\/#webpage\",\"url\":\"https:\/\/www.visit-ulcinj.com\/blog\/2009\/04\/27\/arjani-babai-eshte-idhulli-im\/\",\"name\":\"Arjani : Babai \u00c3\u00absht\u00c3\u00ab idhulli im | Big Brother Albania 2\",\"isPartOf\":{\"@id\":\"https:\/\/www.visit-ulcinj.com\/blog\/#website\"},\"primaryImageOfPage\":{\"@id\":\"https:\/\/www.visit-ulcinj.com\/blog\/2009\/04\/27\/arjani-babai-eshte-idhulli-im\/#primaryimage\"},\"datePublished\":\"2009-04-27T18:00:49+00:00\",\"dateModified\":\"2009-04-27T18:00:49+00:00\",\"author\":{\"@id\":\"https:\/\/www.visit-ulcinj.com\/blog\/#\/schema\/person\/dcab619c614d3038751c63bc2aadc06d\"},\"description\":\"Big Brother Albania 2 - \u00e2\u20ac\u0153Big Brother\u00e2\u20ac\u009d duke par\u00c3\u00ab r\u00c3\u00abnd\u00c3\u00absin\u00c3\u00ab q\u00c3\u00ab ka figura prind\u00c3\u00abrore,e babait p\u00c3\u00abr dy nga banor\u00c3\u00abt e sht\u00c3\u00abpis\u00c3\u00ab, i p\u00c3\u00abrgatiti nga nj\u00c3\u00ab surpriz\u00c3\u00ab\",\"breadcrumb\":{\"@id\":\"https:\/\/www.visit-ulcinj.com\/blog\/2009\/04\/27\/arjani-babai-eshte-idhulli-im\/#breadcrumb\"},\"inLanguage\":\"en-US\",\"potentialAction\":[{\"@type\":\"ReadAction\",\"target\":[\"https:\/\/www.visit-ulcinj.com\/blog\/2009\/04\/27\/arjani-babai-eshte-idhulli-im\/\"]}]},{\"@type\":\"BreadcrumbList\",\"@id\":\"https:\/\/www.visit-ulcinj.com\/blog\/2009\/04\/27\/arjani-babai-eshte-idhulli-im\/#breadcrumb\",\"itemListElement\":[{\"@type\":\"ListItem\",\"position\":1,\"name\":\"Arjani : Babai \u00ebsht\u00eb idhulli im\"}]},{\"@type\":\"Person\",\"@id\":\"https:\/\/www.visit-ulcinj.com\/blog\/#\/schema\/person\/dcab619c614d3038751c63bc2aadc06d\",\"name\":\"ulqini\",\"sameAs\":[\"http:\/\/www.visit-ulcinj.com\"],\"url\":\"https:\/\/www.visit-ulcinj.com\/blog\/author\/admin\/\"}]}<\/script>\n<!-- \/ Yoast SEO plugin. -->","yoast_head_json":{"title":"Arjani : Babai \u00c3\u00absht\u00c3\u00ab idhulli im | Big Brother Albania 2","description":"Big Brother Albania 2 - \u00e2\u20ac\u0153Big Brother\u00e2\u20ac\u009d duke par\u00c3\u00ab r\u00c3\u00abnd\u00c3\u00absin\u00c3\u00ab q\u00c3\u00ab ka figura prind\u00c3\u00abrore,e babait p\u00c3\u00abr dy nga banor\u00c3\u00abt e sht\u00c3\u00abpis\u00c3\u00ab, i p\u00c3\u00abrgatiti nga nj\u00c3\u00ab surpriz\u00c3\u00ab","robots":{"index":"index","follow":"follow","max-snippet":"max-snippet:-1","max-image-preview":"max-image-preview:large","max-video-preview":"max-video-preview:-1"},"canonical":"https:\/\/www.visit-ulcinj.com\/blog\/2009\/04\/27\/arjani-babai-eshte-idhulli-im\/","og_locale":"en_US","og_type":"article","og_title":"Arjani : Babai \u00c3\u00absht\u00c3\u00ab idhulli im | Big Brother Albania 2","og_description":"Big Brother Albania 2 - \u00e2\u20ac\u0153Big Brother\u00e2\u20ac\u009d duke par\u00c3\u00ab r\u00c3\u00abnd\u00c3\u00absin\u00c3\u00ab q\u00c3\u00ab ka figura prind\u00c3\u00abrore,e babait p\u00c3\u00abr dy nga banor\u00c3\u00abt e sht\u00c3\u00abpis\u00c3\u00ab, i p\u00c3\u00abrgatiti nga nj\u00c3\u00ab surpriz\u00c3\u00ab","og_url":"https:\/\/www.visit-ulcinj.com\/blog\/2009\/04\/27\/arjani-babai-eshte-idhulli-im\/","og_site_name":"Lajme nga Ulqini","article_published_time":"2009-04-27T18:00:49+00:00","og_image":[{"url":"http:\/\/www.visit-ulcinj.com\/blog\/wp-content\/uploads\/2009\/04\/arjan-bakalli-baba-yll.jpg"}],"twitter_misc":{"Written by":"ulqini","Est. reading time":"1 minute"},"schema":{"@context":"https:\/\/schema.org","@graph":[{"@type":"WebSite","@id":"https:\/\/www.visit-ulcinj.com\/blog\/#website","url":"https:\/\/www.visit-ulcinj.com\/blog\/","name":"Lajme nga Ulqini","description":"Lajme,Vijesti,Ulqini,Ulqin,Crna Gora,Mali i Zi","potentialAction":[{"@type":"SearchAction","target":{"@type":"EntryPoint","urlTemplate":"https:\/\/www.visit-ulcinj.com\/blog\/?s={search_term_string}"},"query-input":"required name=search_term_string"}],"inLanguage":"en-US"},{"@type":"ImageObject","inLanguage":"en-US","@id":"https:\/\/www.visit-ulcinj.com\/blog\/2009\/04\/27\/arjani-babai-eshte-idhulli-im\/#primaryimage","url":"http:\/\/www.visit-ulcinj.com\/blog\/wp-content\/uploads\/2009\/04\/arjan-bakalli-baba-yll.jpg","contentUrl":"http:\/\/www.visit-ulcinj.com\/blog\/wp-content\/uploads\/2009\/04\/arjan-bakalli-baba-yll.jpg"},{"@type":"WebPage","@id":"https:\/\/www.visit-ulcinj.com\/blog\/2009\/04\/27\/arjani-babai-eshte-idhulli-im\/#webpage","url":"https:\/\/www.visit-ulcinj.com\/blog\/2009\/04\/27\/arjani-babai-eshte-idhulli-im\/","name":"Arjani : Babai \u00c3\u00absht\u00c3\u00ab idhulli im | Big Brother Albania 2","isPartOf":{"@id":"https:\/\/www.visit-ulcinj.com\/blog\/#website"},"primaryImageOfPage":{"@id":"https:\/\/www.visit-ulcinj.com\/blog\/2009\/04\/27\/arjani-babai-eshte-idhulli-im\/#primaryimage"},"datePublished":"2009-04-27T18:00:49+00:00","dateModified":"2009-04-27T18:00:49+00:00","author":{"@id":"https:\/\/www.visit-ulcinj.com\/blog\/#\/schema\/person\/dcab619c614d3038751c63bc2aadc06d"},"description":"Big Brother Albania 2 - \u00e2\u20ac\u0153Big Brother\u00e2\u20ac\u009d duke par\u00c3\u00ab r\u00c3\u00abnd\u00c3\u00absin\u00c3\u00ab q\u00c3\u00ab ka figura prind\u00c3\u00abrore,e babait p\u00c3\u00abr dy nga banor\u00c3\u00abt e sht\u00c3\u00abpis\u00c3\u00ab, i p\u00c3\u00abrgatiti nga nj\u00c3\u00ab surpriz\u00c3\u00ab","breadcrumb":{"@id":"https:\/\/www.visit-ulcinj.com\/blog\/2009\/04\/27\/arjani-babai-eshte-idhulli-im\/#breadcrumb"},"inLanguage":"en-US","potentialAction":[{"@type":"ReadAction","target":["https:\/\/www.visit-ulcinj.com\/blog\/2009\/04\/27\/arjani-babai-eshte-idhulli-im\/"]}]},{"@type":"BreadcrumbList","@id":"https:\/\/www.visit-ulcinj.com\/blog\/2009\/04\/27\/arjani-babai-eshte-idhulli-im\/#breadcrumb","itemListElement":[{"@type":"ListItem","position":1,"name":"Arjani : Babai \u00ebsht\u00eb idhulli im"}]},{"@type":"Person","@id":"https:\/\/www.visit-ulcinj.com\/blog\/#\/schema\/person\/dcab619c614d3038751c63bc2aadc06d","name":"ulqini","sameAs":["http:\/\/www.visit-ulcinj.com"],"url":"https:\/\/www.visit-ulcinj.com\/blog\/author\/admin\/"}]}},"jetpack_featured_media_url":"","jetpack_sharing_enabled":true,"jetpack_shortlink":"https:\/\/wp.me\/pe6lTn-51N","_links":{"self":[{"href":"https:\/\/www.visit-ulcinj.com\/blog\/wp-json\/wp\/v2\/posts\/19331"}],"collection":[{"href":"https:\/\/www.visit-ulcinj.com\/blog\/wp-json\/wp\/v2\/posts"}],"about":[{"href":"https:\/\/www.visit-ulcinj.com\/blog\/wp-json\/wp\/v2\/types\/post"}],"author":[{"embeddable":true,"href":"https:\/\/www.visit-ulcinj.com\/blog\/wp-json\/wp\/v2\/users\/1"}],"replies":[{"embeddable":true,"href":"https:\/\/www.visit-ulcinj.com\/blog\/wp-json\/wp\/v2\/comments?post=19331"}],"version-history":[{"count":0,"href":"https:\/\/www.visit-ulcinj.com\/blog\/wp-json\/wp\/v2\/posts\/19331\/revisions"}],"wp:attachment":[{"href":"https:\/\/www.visit-ulcinj.com\/blog\/wp-json\/wp\/v2\/media?parent=19331"}],"wp:term":[{"taxonomy":"category","embeddable":true,"href":"https:\/\/www.visit-ulcinj.com\/blog\/wp-json\/wp\/v2\/categories?post=19331"},{"taxonomy":"post_tag","embeddable":true,"href":"https:\/\/www.visit-ulcinj.com\/blog\/wp-json\/wp\/v2\/tags?post=19331"}],"curies":[{"name":"wp","href":"https:\/\/api.w.org\/{rel}","templated":true}]}}