{"id":1935,"date":"2008-06-07T15:31:16","date_gmt":"2008-06-07T20:31:16","guid":{"rendered":"http:\/\/www.visit-ulcinj.com\/blog\/?p=1935"},"modified":"2008-06-07T15:31:16","modified_gmt":"2008-06-07T20:31:16","slug":"pomoc-za-bih-euro-distrikt-juznog-jadrana","status":"publish","type":"post","link":"https:\/\/www.visit-ulcinj.com\/blog\/2008\/06\/07\/pomoc-za-bih-euro-distrikt-juznog-jadrana\/","title":{"rendered":"Pomo? za BiH: Euro distrikt Ju\u017enog jadrana"},"content":{"rendered":"<p><img loading=\"lazy\" class=\"alignleft\" style=\"float: left;\" src=\"http:\/\/www.24sata.info\/pic\/phpThumb.php?src=..\/upload\/images\/1212131986.pjpeg&amp;w=180&amp;q=90&amp;fltr[]=wmi|..\/upload\/hpimages\/watermark.png|BR|\" alt=\"Euro distrikt Ju\u017enog jadrana\" width=\"180\" height=\"180\" \/>Predstavnici pet dr\u017eava Jadrana odlu?ile su uspostaviti posebni Eurodistrikt Ju\u017enog Jadrana koji bi povezao gradove iz Bosne i Hercegovine, Hrvatske, Crne Gore, Albanije i Italije te time omogu?io pristupanje evropskim nov?anim fondovima za podsticaje regionalne saradnje.<br \/>\nNakon uspostave Jadranske euroregije koja je obuhvatila i podru?je Hercegova?ko &#8211; neretvanskog kantona, na poticaj predsjednika Kongresa regionalnih i lokalnih Vlasti Vije?a Evrope Giovanni di Stasija uspostavlja se Distrikt u kome ?e iz BiH jedino biti uklju?en Mostar, iz Hrvatske Dubrovnik, albanski Scutari, crnogorski gradovi Tivat, Budva, Herceg novi, Kotor, Ulcinj te talijanski gradovi Larino, Ururi, Montemitro, San Giacomo degli Schiavoni, Acquaviva Collecroce, Petacciato, San Martino in Pensilis, Montecilfone, Campomarino, Portocannone, Guglionesi.<br \/>\nPrvi slu\u017ebeni sastanak ?lanova Eurodistrikta bi?e sredinom septembra u Mostaru. Prva predsjednica ovoga distrikta bi?e gradona?elnica Kotora Marija ?atovi?.<br \/>\nUspostavom ovog evropskog distrikta otvori?e se fondovi vrijedni 33 milijuna eura iz kojih je mogu?e posredstvom zajedni?kih projekata finansirati izgradnju infrastrukturnih projekata.<br \/>\nZa razliku od Bosne i Hercegovine koja ?e tek sa sticanjem prvog ugovornog odnosa sa potpisivanjem Sporazuma o stabilizaciji i pridru\u017eivanju biti u prilici slijede?e godine pristupiti evropskim fondovima, grad Mostar ?e mo?i aplicirati za financijska sredstva posebno u oblasti o?uvanja i za\u0161tite okoline.<br \/>\n<strong>Izvor \/ (<a title=\"Ulcinj-ulqini-ulqin,montenegro\" href=\"http:\/\/www.24sata.info\/13348\" target=\"_blank\">24sata.info<\/a>)<\/strong><br \/>\n<!-- vimeo error: not a vimeo video --><\/p>\n<p><a class=\"aligncenter\" title=\" annuaire,  Appartement en location,  auberge,  bungalow,  camping,  camping en ulcinj mot\u00e9n\u00e9gro,  campings en ulcinj mot\u00e9n\u00e9gro,  caravaning,  chalets en ulcinj mot\u00e9n\u00e9gro,  conseils pour pr\u00e9parer son voyage.,  cuisine,  destinations,  France,  gite,  guide,  guide de voyage,  guide en ulcinj mot\u00e9n\u00e9gro,  h\u00f4tels,  HEBERGEMENT,  hebergement en ulcinj mot\u00e9n\u00e9gro,  hotel en ulcinj mot\u00e9n\u00e9gro,  inn,  locatif en ulcinj mot\u00e9n\u00e9gro,  location Maison de vacances,  Locations Appartement en Ulcinj Mont\u00e9n\u00e9gro,  Locations saisonni\u00e8res,  loisirs,  meteo,  Michelin,  Offre Voyage,  Paris,  photo,  r\u00e9servations,  region en ulcinj mot\u00e9n\u00e9gro,  restaurant en ulcinj mot\u00e9n\u00e9gro,  s\u00e9jours,  tourisme,  tourisme en ulcinj mot\u00e9n\u00e9gro,  tourismes,  vacances,  Vacances Super Promos,  Voyage \u00e0 bas prix,  voyages\" href=\"http:\/\/www.visit-ulcinj.com\/tourism\/\" target=\"_blank\"><img loading=\"lazy\" style=\"vertical-align: middle;\" src=\"http:\/\/www.visit-ulcinj.com\/blog\/wp-content\/uploads\/2008\/06\/holiday-rental-ulcinj-ulqini_ulqin_logo.gif\" alt=\"Holiday Rental Ulcinj_Ulqin_Montenegro\" width=\"510\" height=\"145\" \/><\/a><\/p>\n<p><a class=\"aligncenter\" title=\" annuaire,  Appartement en location,  auberge,  bungalow,  camping,  camping en ulcinj mot\u00e9n\u00e9gro,  campings en ulcinj mot\u00e9n\u00e9gro,  caravaning,  chalets en ulcinj mot\u00e9n\u00e9gro,  conseils pour pr\u00e9parer son voyage.,  cuisine,  destinations,  France,  gite,  guide,  guide de voyage,  guide en ulcinj mot\u00e9n\u00e9gro,  h\u00f4tels,  HEBERGEMENT,  hebergement en ulcinj mot\u00e9n\u00e9gro,  hotel en ulcinj mot\u00e9n\u00e9gro,  inn,  locatif en ulcinj mot\u00e9n\u00e9gro,  location Maison de vacances,  Locations Appartement en Ulcinj Mont\u00e9n\u00e9gro,  Locations saisonni\u00e8res,  loisirs,  meteo,  Michelin,  Offre Voyage,  Paris,  photo,  r\u00e9servations,  region en ulcinj mot\u00e9n\u00e9gro,  restaurant en ulcinj mot\u00e9n\u00e9gro,  s\u00e9jours,  tourisme,  tourisme en ulcinj mot\u00e9n\u00e9gro,  tourismes,  vacances,  Vacances Super Promos,  Voyage \u00e0 bas prix,  voyages\" href=\"http:\/\/www.visit-ulcinj.com\/tourism\/\" target=\"_blank\"><br \/>\n<\/a><\/p>\n","protected":false},"excerpt":{"rendered":"<p><img loading=\"lazy\" class=\"alignleft\" style=\"float: left;\" src=\"http:\/\/www.24sata.info\/pic\/phpThumb.php?src=..\/upload\/images\/1212131986.pjpeg&amp;w=180&amp;q=90&amp;fltr[]=wmi|..\/upload\/hpimages\/watermark.png|BR|\" alt=\"Euro distrikt Ju\u017enog jadrana\" width=\"140\" height=\"140\" \/><\/p>\n","protected":false},"author":1,"featured_media":0,"comment_status":"open","ping_status":"closed","sticky":false,"template":"","format":"standard","meta":{"spay_email":"","jetpack_publicize_message":"","jetpack_is_tweetstorm":false,"jetpack_publicize_feature_enabled":true},"categories":[14,12],"tags":[3815,3809,21,3819,3810,3807,3806,3821,423,3808,2440,3818,3813,3816,3820,3814,3817,3811,3812],"jetpack_publicize_connections":[],"yoast_head":"<!-- This site is optimized with the Yoast SEO plugin v19.1 - https:\/\/yoast.com\/wordpress\/plugins\/seo\/ -->\n<title>Pomo? za BiH: Euro distrikt Ju\u017enog jadrana - Lajme nga Ulqini<\/title>\n<meta name=\"robots\" content=\"index, follow, max-snippet:-1, max-image-preview:large, max-video-preview:-1\" \/>\n<link rel=\"canonical\" href=\"https:\/\/www.visit-ulcinj.com\/blog\/2008\/06\/07\/pomoc-za-bih-euro-distrikt-juznog-jadrana\/\" \/>\n<meta property=\"og:locale\" content=\"en_US\" \/>\n<meta property=\"og:type\" content=\"article\" \/>\n<meta property=\"og:title\" content=\"Pomo? za BiH: Euro distrikt Ju\u017enog jadrana - Lajme nga Ulqini\" \/>\n<meta property=\"og:url\" content=\"https:\/\/www.visit-ulcinj.com\/blog\/2008\/06\/07\/pomoc-za-bih-euro-distrikt-juznog-jadrana\/\" \/>\n<meta property=\"og:site_name\" content=\"Lajme nga Ulqini\" \/>\n<meta property=\"article:published_time\" content=\"2008-06-07T20:31:16+00:00\" \/>\n<meta property=\"og:image\" content=\"http:\/\/www.24sata.info\/pic\/phpThumb.php?src=..\/upload\/images\/1212131986.pjpeg&#038;w=180&#038;q=90&#038;fltr%5B%5D=wmi|..\/upload\/hpimages\/watermark.png|BR|\" \/>\n<meta name=\"twitter:label1\" content=\"Written by\" \/>\n\t<meta name=\"twitter:data1\" content=\"ulqini\" \/>\n\t<meta name=\"twitter:label2\" content=\"Est. reading time\" \/>\n\t<meta name=\"twitter:data2\" content=\"1 minute\" \/>\n<script type=\"application\/ld+json\" class=\"yoast-schema-graph\">{\"@context\":\"https:\/\/schema.org\",\"@graph\":[{\"@type\":\"WebSite\",\"@id\":\"https:\/\/www.visit-ulcinj.com\/blog\/#website\",\"url\":\"https:\/\/www.visit-ulcinj.com\/blog\/\",\"name\":\"Lajme nga Ulqini\",\"description\":\"Lajme,Vijesti,Ulqini,Ulqin,Crna Gora,Mali i Zi\",\"potentialAction\":[{\"@type\":\"SearchAction\",\"target\":{\"@type\":\"EntryPoint\",\"urlTemplate\":\"https:\/\/www.visit-ulcinj.com\/blog\/?s={search_term_string}\"},\"query-input\":\"required name=search_term_string\"}],\"inLanguage\":\"en-US\"},{\"@type\":\"ImageObject\",\"inLanguage\":\"en-US\",\"@id\":\"https:\/\/www.visit-ulcinj.com\/blog\/2008\/06\/07\/pomoc-za-bih-euro-distrikt-juznog-jadrana\/#primaryimage\",\"url\":\"http:\/\/www.24sata.info\/pic\/phpThumb.php?src=..\/upload\/images\/1212131986.pjpeg&amp;w=180&amp;q=90&amp;fltr[]=wmi|..\/upload\/hpimages\/watermark.png|BR|\",\"contentUrl\":\"http:\/\/www.24sata.info\/pic\/phpThumb.php?src=..\/upload\/images\/1212131986.pjpeg&amp;w=180&amp;q=90&amp;fltr[]=wmi|..\/upload\/hpimages\/watermark.png|BR|\"},{\"@type\":\"WebPage\",\"@id\":\"https:\/\/www.visit-ulcinj.com\/blog\/2008\/06\/07\/pomoc-za-bih-euro-distrikt-juznog-jadrana\/#webpage\",\"url\":\"https:\/\/www.visit-ulcinj.com\/blog\/2008\/06\/07\/pomoc-za-bih-euro-distrikt-juznog-jadrana\/\",\"name\":\"Pomo? za BiH: Euro distrikt Ju\u017enog jadrana - Lajme nga Ulqini\",\"isPartOf\":{\"@id\":\"https:\/\/www.visit-ulcinj.com\/blog\/#website\"},\"primaryImageOfPage\":{\"@id\":\"https:\/\/www.visit-ulcinj.com\/blog\/2008\/06\/07\/pomoc-za-bih-euro-distrikt-juznog-jadrana\/#primaryimage\"},\"datePublished\":\"2008-06-07T20:31:16+00:00\",\"dateModified\":\"2008-06-07T20:31:16+00:00\",\"author\":{\"@id\":\"https:\/\/www.visit-ulcinj.com\/blog\/#\/schema\/person\/dcab619c614d3038751c63bc2aadc06d\"},\"breadcrumb\":{\"@id\":\"https:\/\/www.visit-ulcinj.com\/blog\/2008\/06\/07\/pomoc-za-bih-euro-distrikt-juznog-jadrana\/#breadcrumb\"},\"inLanguage\":\"en-US\",\"potentialAction\":[{\"@type\":\"ReadAction\",\"target\":[\"https:\/\/www.visit-ulcinj.com\/blog\/2008\/06\/07\/pomoc-za-bih-euro-distrikt-juznog-jadrana\/\"]}]},{\"@type\":\"BreadcrumbList\",\"@id\":\"https:\/\/www.visit-ulcinj.com\/blog\/2008\/06\/07\/pomoc-za-bih-euro-distrikt-juznog-jadrana\/#breadcrumb\",\"itemListElement\":[{\"@type\":\"ListItem\",\"position\":1,\"name\":\"Pomo? za BiH: Euro distrikt Ju\u017enog jadrana\"}]},{\"@type\":\"Person\",\"@id\":\"https:\/\/www.visit-ulcinj.com\/blog\/#\/schema\/person\/dcab619c614d3038751c63bc2aadc06d\",\"name\":\"ulqini\",\"sameAs\":[\"http:\/\/www.visit-ulcinj.com\"],\"url\":\"https:\/\/www.visit-ulcinj.com\/blog\/author\/admin\/\"}]}<\/script>\n<!-- \/ Yoast SEO plugin. -->","yoast_head_json":{"title":"Pomo? za BiH: Euro distrikt Ju\u017enog jadrana - Lajme nga Ulqini","robots":{"index":"index","follow":"follow","max-snippet":"max-snippet:-1","max-image-preview":"max-image-preview:large","max-video-preview":"max-video-preview:-1"},"canonical":"https:\/\/www.visit-ulcinj.com\/blog\/2008\/06\/07\/pomoc-za-bih-euro-distrikt-juznog-jadrana\/","og_locale":"en_US","og_type":"article","og_title":"Pomo? za BiH: Euro distrikt Ju\u017enog jadrana - Lajme nga Ulqini","og_url":"https:\/\/www.visit-ulcinj.com\/blog\/2008\/06\/07\/pomoc-za-bih-euro-distrikt-juznog-jadrana\/","og_site_name":"Lajme nga Ulqini","article_published_time":"2008-06-07T20:31:16+00:00","og_image":[{"url":"http:\/\/www.24sata.info\/pic\/phpThumb.php?src=..\/upload\/images\/1212131986.pjpeg&amp;w=180&amp;q=90&amp;fltr[]=wmi|..\/upload\/hpimages\/watermark.png|BR|"}],"twitter_misc":{"Written by":"ulqini","Est. reading time":"1 minute"},"schema":{"@context":"https:\/\/schema.org","@graph":[{"@type":"WebSite","@id":"https:\/\/www.visit-ulcinj.com\/blog\/#website","url":"https:\/\/www.visit-ulcinj.com\/blog\/","name":"Lajme nga Ulqini","description":"Lajme,Vijesti,Ulqini,Ulqin,Crna Gora,Mali i Zi","potentialAction":[{"@type":"SearchAction","target":{"@type":"EntryPoint","urlTemplate":"https:\/\/www.visit-ulcinj.com\/blog\/?s={search_term_string}"},"query-input":"required name=search_term_string"}],"inLanguage":"en-US"},{"@type":"ImageObject","inLanguage":"en-US","@id":"https:\/\/www.visit-ulcinj.com\/blog\/2008\/06\/07\/pomoc-za-bih-euro-distrikt-juznog-jadrana\/#primaryimage","url":"http:\/\/www.24sata.info\/pic\/phpThumb.php?src=..\/upload\/images\/1212131986.pjpeg&amp;w=180&amp;q=90&amp;fltr[]=wmi|..\/upload\/hpimages\/watermark.png|BR|","contentUrl":"http:\/\/www.24sata.info\/pic\/phpThumb.php?src=..\/upload\/images\/1212131986.pjpeg&amp;w=180&amp;q=90&amp;fltr[]=wmi|..\/upload\/hpimages\/watermark.png|BR|"},{"@type":"WebPage","@id":"https:\/\/www.visit-ulcinj.com\/blog\/2008\/06\/07\/pomoc-za-bih-euro-distrikt-juznog-jadrana\/#webpage","url":"https:\/\/www.visit-ulcinj.com\/blog\/2008\/06\/07\/pomoc-za-bih-euro-distrikt-juznog-jadrana\/","name":"Pomo? za BiH: Euro distrikt Ju\u017enog jadrana - Lajme nga Ulqini","isPartOf":{"@id":"https:\/\/www.visit-ulcinj.com\/blog\/#website"},"primaryImageOfPage":{"@id":"https:\/\/www.visit-ulcinj.com\/blog\/2008\/06\/07\/pomoc-za-bih-euro-distrikt-juznog-jadrana\/#primaryimage"},"datePublished":"2008-06-07T20:31:16+00:00","dateModified":"2008-06-07T20:31:16+00:00","author":{"@id":"https:\/\/www.visit-ulcinj.com\/blog\/#\/schema\/person\/dcab619c614d3038751c63bc2aadc06d"},"breadcrumb":{"@id":"https:\/\/www.visit-ulcinj.com\/blog\/2008\/06\/07\/pomoc-za-bih-euro-distrikt-juznog-jadrana\/#breadcrumb"},"inLanguage":"en-US","potentialAction":[{"@type":"ReadAction","target":["https:\/\/www.visit-ulcinj.com\/blog\/2008\/06\/07\/pomoc-za-bih-euro-distrikt-juznog-jadrana\/"]}]},{"@type":"BreadcrumbList","@id":"https:\/\/www.visit-ulcinj.com\/blog\/2008\/06\/07\/pomoc-za-bih-euro-distrikt-juznog-jadrana\/#breadcrumb","itemListElement":[{"@type":"ListItem","position":1,"name":"Pomo? za BiH: Euro distrikt Ju\u017enog jadrana"}]},{"@type":"Person","@id":"https:\/\/www.visit-ulcinj.com\/blog\/#\/schema\/person\/dcab619c614d3038751c63bc2aadc06d","name":"ulqini","sameAs":["http:\/\/www.visit-ulcinj.com"],"url":"https:\/\/www.visit-ulcinj.com\/blog\/author\/admin\/"}]}},"jetpack_featured_media_url":"","jetpack_sharing_enabled":true,"jetpack_shortlink":"https:\/\/wp.me\/pe6lTn-vd","_links":{"self":[{"href":"https:\/\/www.visit-ulcinj.com\/blog\/wp-json\/wp\/v2\/posts\/1935"}],"collection":[{"href":"https:\/\/www.visit-ulcinj.com\/blog\/wp-json\/wp\/v2\/posts"}],"about":[{"href":"https:\/\/www.visit-ulcinj.com\/blog\/wp-json\/wp\/v2\/types\/post"}],"author":[{"embeddable":true,"href":"https:\/\/www.visit-ulcinj.com\/blog\/wp-json\/wp\/v2\/users\/1"}],"replies":[{"embeddable":true,"href":"https:\/\/www.visit-ulcinj.com\/blog\/wp-json\/wp\/v2\/comments?post=1935"}],"version-history":[{"count":0,"href":"https:\/\/www.visit-ulcinj.com\/blog\/wp-json\/wp\/v2\/posts\/1935\/revisions"}],"wp:attachment":[{"href":"https:\/\/www.visit-ulcinj.com\/blog\/wp-json\/wp\/v2\/media?parent=1935"}],"wp:term":[{"taxonomy":"category","embeddable":true,"href":"https:\/\/www.visit-ulcinj.com\/blog\/wp-json\/wp\/v2\/categories?post=1935"},{"taxonomy":"post_tag","embeddable":true,"href":"https:\/\/www.visit-ulcinj.com\/blog\/wp-json\/wp\/v2\/tags?post=1935"}],"curies":[{"name":"wp","href":"https:\/\/api.w.org\/{rel}","templated":true}]}}