{"id":19352,"date":"2009-04-27T20:56:37","date_gmt":"2009-04-27T18:56:37","guid":{"rendered":"http:\/\/www.visit-ulcinj.com\/blog\/?p=19352"},"modified":"2009-05-13T14:01:06","modified_gmt":"2009-05-13T12:01:06","slug":"tri-hotela-u-valdanosu-zastita-okoline-prioritet","status":"publish","type":"post","link":"https:\/\/www.visit-ulcinj.com\/blog\/2009\/04\/27\/tri-hotela-u-valdanosu-zastita-okoline-prioritet\/","title":{"rendered":"Tri hotela u Valdanosu, za\u0161tita okoline prioritet &#8211; Video"},"content":{"rendered":"<p><strong><a href=\"http:\/\/www.visit-ulcinj.com\/blog\/wp-content\/uploads\/2009\/04\/valdanos_ulqin_mali-i-zi61.jpg\"><img loading=\"lazy\" class=\"alignleft size-full wp-image-19353\" title=\"valdanos_ulqin_mali-i-zi61\" src=\"http:\/\/www.visit-ulcinj.com\/blog\/wp-content\/uploads\/2009\/04\/valdanos_ulqin_mali-i-zi61.jpg\" alt=\"valdanos_ulqin_mali-i-zi61\" width=\"570\" height=\"400\" \/><\/a>Iz britanske kompanije cubus lux potvrdili \u201cvijestima\u201d da su spremili projekat <\/strong><\/p>\n<p>Podgorica &#8211; Kompanija Cubus Lux plc iz Londona sa rado\u0161?u je primila vijest o pozivu Vlade Crne Gore na pregovore o dugoro?nom zakupu tursti?kog kompleksa Valdanos, i to \u0161to je njena ponuda ocijenjena kao najbolja &#8211; kazao je \u201cVijestima\u201d direktor za razvoj i \u0161irenje Cubus Lux-a u ovom regionu, Milan Kotur.<a href=\"http:\/\/www.visit-ulcinj.com\/blog\/wp-content\/uploads\/2009\/04\/valdanos_ulqin_mali-i-zi11.jpg\"><img loading=\"lazy\" class=\"alignright size-medium wp-image-19354\" title=\"valdanos_ulqin_mali-i-zi11\" src=\"http:\/\/www.visit-ulcinj.com\/blog\/wp-content\/uploads\/2009\/04\/valdanos_ulqin_mali-i-zi11-300x168.jpg\" alt=\"valdanos_ulqin_mali-i-zi11\" width=\"300\" height=\"168\" srcset=\"https:\/\/www.visit-ulcinj.com\/blog\/wp-content\/uploads\/2009\/04\/valdanos_ulqin_mali-i-zi11-300x168.jpg 300w, https:\/\/www.visit-ulcinj.com\/blog\/wp-content\/uploads\/2009\/04\/valdanos_ulqin_mali-i-zi11.jpg 592w\" sizes=\"(max-width: 300px) 100vw, 300px\" \/><\/a><\/p>\n<p>On je rekao da se njihov tim \u201cdobro pripremio za u?e\u0161?e na ovom tenderu, i da je dosta vremena provedeno rade?i na projektu.<\/p>\n<p>&#8211; Ve? 2008, na poziv Vlade Crne Gore i Tenderske komisije za realizaciju projekta turisti?ke valorizacije biv\u0161eg vojnog kompleksa Valdanos, iskazali smo interes za ovu lokaciju i izradili studiju ekonomske opravdanosti, koja je kori\u0161tena kao podloga za izradu ponude. Nakon dugotrajnog prou?avanja podataka, od Masterplana do uslova tendera i analize svih dostupnih podataka, do\u0161li smo do zaklju?ka da se taj predivan i jedinstven prostor ne smije devastirati sa masivnom izgradnjom ve? simbiozno povezati prirodne ljepote sa turisti?kim trendovima &#8211; istakao je Kotur.<\/p>\n<p>Imaju?i to na umu, kako je rekao, maksimalna investicija ne?e prelaziti 225 miliona eura, te da bi ve?a investicija \u201cdefinitivo imala efekat u prostoru, i to negativan, koji Cubus Lux kao investitor ne podr\u017eava\u201d.<\/p>\n<p><a href=\"http:\/\/www.visit-ulcinj.com\/blog\/wp-content\/uploads\/2009\/04\/valdanos_ulqin_mali-i-zi21.jpg\"><img loading=\"lazy\" class=\"alignleft size-medium wp-image-19355\" title=\"valdanos_ulqin_mali-i-zi21\" src=\"http:\/\/www.visit-ulcinj.com\/blog\/wp-content\/uploads\/2009\/04\/valdanos_ulqin_mali-i-zi21-300x219.jpg\" alt=\"valdanos_ulqin_mali-i-zi21\" width=\"300\" height=\"219\" srcset=\"https:\/\/www.visit-ulcinj.com\/blog\/wp-content\/uploads\/2009\/04\/valdanos_ulqin_mali-i-zi21-300x219.jpg 300w, https:\/\/www.visit-ulcinj.com\/blog\/wp-content\/uploads\/2009\/04\/valdanos_ulqin_mali-i-zi21.jpg 640w\" sizes=\"(max-width: 300px) 100vw, 300px\" \/><\/a>&#8211; Smatramo, a i dana\u0161nji trendovi idu u tom pravcu, da okolinu treba maksimalno za\u0161tititi \u0161to ?e dana\u0161nji, a i budu?i turisti i generacije koje ostaju za nama znati cijeniti svojim dolaskom u sa?uvano prodru?je. Na\u0161 idejni projekat, izra?en od strane stru?nog tima arhitekata Ferah &#8211; Jeli?\/Ko\u017eari?, se strogo dr\u017ei uslova zadanih master planom Crne Gore za predmetno podru?je, te je maksimalna pa\u017enja posve?ena za\u0161titi okoli\u0161a. Zahvati se fokusiraju na podru?je gdje ve? postoji izgra?enost. Predvi?en broj kreveta od 2.500 ?e se podijeliti na tri hotela visoke kategorije &#8211; Beach Hotel, Golf Hotel i Hotel Gran SPA za zdravstveni i kongresni turizam, te na luksuzne vile sa bazenima uz mani broj luksuznih apartmana. Resort ?e biti otvorenog tipa i poslova?e cijele godine &#8211; ka\u017ee predstavnik Cubus Lux-a.<\/p>\n<p>Naglasak resorta, kako ka\u017ee Kotur, bi?e na \u201ckvalitetnom i zdravom odmoru u zdravom i jedinstvenom okru\u017eenju\u201d.<a href=\"http:\/\/www.visit-ulcinj.com\/blog\/wp-content\/uploads\/2009\/04\/valdanos_ulqin_mali-i-zi81.jpg\"><img loading=\"lazy\" class=\"alignright size-medium wp-image-19356\" title=\"valdanos_ulqin_mali-i-zi81\" src=\"http:\/\/www.visit-ulcinj.com\/blog\/wp-content\/uploads\/2009\/04\/valdanos_ulqin_mali-i-zi81-300x225.jpg\" alt=\"valdanos_ulqin_mali-i-zi81\" width=\"300\" height=\"225\" srcset=\"https:\/\/www.visit-ulcinj.com\/blog\/wp-content\/uploads\/2009\/04\/valdanos_ulqin_mali-i-zi81-300x225.jpg 300w, https:\/\/www.visit-ulcinj.com\/blog\/wp-content\/uploads\/2009\/04\/valdanos_ulqin_mali-i-zi81.jpg 500w\" sizes=\"(max-width: 300px) 100vw, 300px\" \/><\/a><\/p>\n<p>&#8211; Posebnost, autenti?nost i konkurentnost resorta \u017eelimo posti?i u saradnji sa lokalnom zajednicom koja je i najbolji poznavatelj autohtonih proizvoda i obi?aja &#8211; dodaje on.<\/p>\n<p>Kako navodi, \u201cu ovom projektu okupili su poznate kvalitetne kompmanije kroz oblik partnerstva, a sve u vidu postizanja kvaliteta i konkurentnosti\u201d.<\/p>\n<p>Kao hotelski operater u Valdanosu treba da bude Sol Melia, \u0161panski hotelski operater osnovan 1956. u Palmi na mediteranskom ostrvu Majorka. Oni upravljaju sa gotovo 350 hotela sa 85.000 soba u 30 dr\u017eava na ?etiri kontinenta.<\/p>\n<p>Kotur navodi da Sol Melia ve? od ranije ima sporazum o partnerstvu sa Cubus Luxom u Hrvatskoj, gdje ?e biti hotelski operater u planiranom Olive Island Resortu na ostrvu Ugljanu kod Zadra, ?iji je po?etak izgradnje predvi?en za ?etvrti kvartal 2009. godine, i trenutno je najve?a \u201cgreenfield\u201d investicija u Hrvatski turizam od 140 miliona eura.<\/p>\n<p>Saradnja za projekat Valdanos, kako Kotur dalje navodi, uspostavljena je sa Vitality Wordom koji je dio Vameda. Vamed AG vi\u0161e od dvije decenije daje svoj veliki doprinos zdravstvenom sistemu i poslovnom upravljanju sa svojom stru?no\u0161?u na podru?ju zdravstvenog turizma u Austriji i svijetu.<\/p>\n<p>&#8211; Asortiman usluga uklju?uje projektovanje, savjetovanje, planiranje, klju? u ruke rje\u0161enja, poslove i pogone za upravljanje i odr\u017eavanje medicinskih objekata u bolnicama, zdravstvenim centrima, stara?kim domovima, i SPA resortima, ukratko, objektima koji se fokusiraju na medical wellness u kombinaciji sa zdravstvenim turizmom i preventivnom zdravstvenom za\u0161titom. Danas Vamed AG zapo\u0161ljava 3.000 ljudi u 47 zemalja a realizovao je preko 410 projekata u cijelom svijetu &#8211; isti?e Kotur.<\/p>\n<p>On napominje da je Cubus Lux za golf arhitekturu pridobio kompaniju Robert Trent Jones II, svjetske golf arhitekte koji su dizajnirali golf teren vruhunske kategorije za Valdanos.<\/p>\n<p><a href=\"http:\/\/www.visit-ulcinj.com\/blog\/wp-content\/uploads\/2009\/04\/valdanos_ulqin_mali-i-zi7.jpg\"><img loading=\"lazy\" class=\"alignleft size-medium wp-image-19357\" title=\"valdanos_ulqin_mali-i-zi7\" src=\"http:\/\/www.visit-ulcinj.com\/blog\/wp-content\/uploads\/2009\/04\/valdanos_ulqin_mali-i-zi7-300x225.jpg\" alt=\"valdanos_ulqin_mali-i-zi7\" width=\"300\" height=\"225\" srcset=\"https:\/\/www.visit-ulcinj.com\/blog\/wp-content\/uploads\/2009\/04\/valdanos_ulqin_mali-i-zi7-300x225.jpg 300w, https:\/\/www.visit-ulcinj.com\/blog\/wp-content\/uploads\/2009\/04\/valdanos_ulqin_mali-i-zi7.jpg 640w\" sizes=\"(max-width: 300px) 100vw, 300px\" \/><\/a>&#8211; Jedinstvenost transporta povjerili smo kompaniji Aero- studio u vidu organizovanja avio ?arter usluge brzog, ekskluzivnog i kvalitetnog avioprevoza putem manje flote aviona, od regularnih tipova do organizovanja hidro-avio prevoza. Samom implementacijom, razvoj ove grane prevoza garantujei ve?e korake razvoja resorta, ali i ostalih podru?ja mikrolokacije &#8211; napominje Kotur.<\/p>\n<p>On je naglasio da Cubus Lux ve? pet godina uspje\u0161no posluje u Hrvatskoji, i investira u vi\u0161e grana isklju?ivo povezanih sa turisti?kom ponudom &#8211; marine, turisti?ka naselja sa hotelima visoke kategorije, golf, kongresni i zdravstveni turizam i tako?e, je koncesionar Ministarstva finansija Republike Hrvatske za igre u kazinima koji su manji dio ponude.<\/p>\n<p>&#8211; Cubus Lux plc je dobio koncesiju na 32 godine od Vlade Hrvatske, a marina je u funkciji ve? dvije godine. ?etiri nove marine nalaze se u planskoj fazi i bit ?e relalizovane u idu?ih dvije do ?etiri godine. Cubus Lux plc je u?estvovao na tenderu za biv\u0161u vojnu bazu Muzil, pored Pule, koji je dio Brijuni rivijere, i jedna smo od dvije kompanije koje su pro\u0161le u drugi krug &#8211; naglasio je Kotur.<\/p>\n<p>Kako ka\u017ee, \u201cpovjerenje koje smo zadobili u Hrvatskoj od dr\u017eave i lokalnog stanovni\u0161tva, opravdavaju ispravnost odluke Vlade Crne Gore i Tenderske komisije koja nam je pru\u017eila povjerenje za zakupca Valdanosa\u201d.<\/p>\n<p>&#8211; Vjerujemo da ?emo povjerenje i opravdati &#8211; zaklju?io je regionalni direktor Cubus Luxa.<\/p>\n<p><strong>Do 500 novih radnih mjesta<\/strong><a href=\"http:\/\/www.visit-ulcinj.com\/blog\/wp-content\/uploads\/2009\/04\/valdanos_ulqin_mali-i-zi31.jpg\"><img loading=\"lazy\" class=\"alignright size-medium wp-image-19358\" title=\"valdanos_ulqin_mali-i-zi31\" src=\"http:\/\/www.visit-ulcinj.com\/blog\/wp-content\/uploads\/2009\/04\/valdanos_ulqin_mali-i-zi31-300x200.jpg\" alt=\"valdanos_ulqin_mali-i-zi31\" width=\"300\" height=\"200\" srcset=\"https:\/\/www.visit-ulcinj.com\/blog\/wp-content\/uploads\/2009\/04\/valdanos_ulqin_mali-i-zi31-300x200.jpg 300w, https:\/\/www.visit-ulcinj.com\/blog\/wp-content\/uploads\/2009\/04\/valdanos_ulqin_mali-i-zi31.jpg 640w\" sizes=\"(max-width: 300px) 100vw, 300px\" \/><\/a><\/p>\n<p>Cubus Lux plc, kako ka\u017ee Kotur, \u017eeli uspje\u0161no zaklju?iti pregovore o dugoro?nom zakupu Valdanosa, te ?e se sastati sa lokalnom zajednicom i prezentirati idejno rje\u0161enje.<\/p>\n<p>&#8211; Cubus Lux plcu je i te kako va\u017eno sudjelovanje lokalne zajednice u ovom projektu kako bi se sproveo uspje\u0161no za investitora, tako i za lokalnu zajednicu. Uvjerenja smo da je saradnja ne po\u017eeljna, ve? da je neophodna kroz razna podru?ja djelovanja, od otvaranja novih radnih mjesta kojih ?e po prvim procjenama biti izme?u 400 i 500, pa sve do poslovanja sa lokalnim preduzetnicima u izgradnji, te kasnije dobavlja?ima i poslovnim partnerima. Cubus Lux plc primarno \u017eeli razviti visoki stepen saradnje mikro lokacije i asimilaciju sa lokalnim vlastima i stanovni\u0161tvom &#8211; istakao je Kotur.<\/p>\n<p><strong>Z.VU?INI?<\/p>\n<p><a href=\"http:\/\/www.vijesti.cg.yu\/index.php?id=302986\" target=\"_blank\">Vijesti<\/a><\/strong><\/p>\n<!--YouTube Error: bad URL entered-->\n","protected":false},"excerpt":{"rendered":"<p>Iz britanske kompanije cubus lux potvrdili \u201cvijestima\u201d da su spremili projekat Podgorica &#8211; Kompanija Cubus Lux plc iz Londona sa rado\u0161?u je primila vijest o pozivu Vlade Crne Gore na pregovore o dugoro?nom zakupu tursti?kog kompleksa Valdanos, i to \u0161to je njena ponuda ocijenjena kao najbolja &#8211; kazao je \u201cVijestima\u201d direktor za razvoj i \u0161irenje [&hellip;]<\/p>\n","protected":false},"author":1,"featured_media":0,"comment_status":"open","ping_status":"closed","sticky":false,"template":"","format":"standard","meta":{"spay_email":"","jetpack_publicize_message":"","jetpack_is_tweetstorm":false,"jetpack_publicize_feature_enabled":true},"categories":[8337],"tags":[20,9686,19,9685,9687,136],"jetpack_publicize_connections":[],"yoast_head":"<!-- This site is optimized with the Yoast SEO plugin v19.1 - https:\/\/yoast.com\/wordpress\/plugins\/seo\/ -->\n<title>Tri hotela u Valdanosu, za\u0161tita okoline prioritet - Video - Lajme nga Ulqini<\/title>\n<meta name=\"description\" content=\"Iz britanske kompanije cubus lux potvrdili \u201cvijestima\u201d da su spremili projekat Podgorica - Kompanija Cubus Lux plc iz Londona sa rado\u0161?u je primila vijest\" \/>\n<meta name=\"robots\" content=\"index, follow, max-snippet:-1, max-image-preview:large, max-video-preview:-1\" \/>\n<link rel=\"canonical\" href=\"https:\/\/www.visit-ulcinj.com\/blog\/2009\/04\/27\/tri-hotela-u-valdanosu-zastita-okoline-prioritet\/\" \/>\n<meta property=\"og:locale\" content=\"en_US\" \/>\n<meta property=\"og:type\" content=\"article\" \/>\n<meta property=\"og:title\" content=\"Tri hotela u Valdanosu, za\u0161tita okoline prioritet - Video - Lajme nga Ulqini\" \/>\n<meta property=\"og:description\" content=\"Iz britanske kompanije cubus lux potvrdili \u201cvijestima\u201d da su spremili projekat Podgorica - Kompanija Cubus Lux plc iz Londona sa rado\u0161?u je primila vijest\" \/>\n<meta property=\"og:url\" content=\"https:\/\/www.visit-ulcinj.com\/blog\/2009\/04\/27\/tri-hotela-u-valdanosu-zastita-okoline-prioritet\/\" \/>\n<meta property=\"og:site_name\" content=\"Lajme nga Ulqini\" \/>\n<meta property=\"article:published_time\" content=\"2009-04-27T18:56:37+00:00\" \/>\n<meta property=\"article:modified_time\" content=\"2009-05-13T12:01:06+00:00\" \/>\n<meta property=\"og:image\" content=\"http:\/\/www.visit-ulcinj.com\/blog\/wp-content\/uploads\/2009\/04\/valdanos_ulqin_mali-i-zi61.jpg\" \/>\n<meta name=\"twitter:label1\" content=\"Written by\" \/>\n\t<meta name=\"twitter:data1\" content=\"ulqini\" \/>\n\t<meta name=\"twitter:label2\" content=\"Est. reading time\" \/>\n\t<meta name=\"twitter:data2\" content=\"5 minutes\" \/>\n<script type=\"application\/ld+json\" class=\"yoast-schema-graph\">{\"@context\":\"https:\/\/schema.org\",\"@graph\":[{\"@type\":\"WebSite\",\"@id\":\"https:\/\/www.visit-ulcinj.com\/blog\/#website\",\"url\":\"https:\/\/www.visit-ulcinj.com\/blog\/\",\"name\":\"Lajme nga Ulqini\",\"description\":\"Lajme,Vijesti,Ulqini,Ulqin,Crna Gora,Mali i Zi\",\"potentialAction\":[{\"@type\":\"SearchAction\",\"target\":{\"@type\":\"EntryPoint\",\"urlTemplate\":\"https:\/\/www.visit-ulcinj.com\/blog\/?s={search_term_string}\"},\"query-input\":\"required name=search_term_string\"}],\"inLanguage\":\"en-US\"},{\"@type\":\"ImageObject\",\"inLanguage\":\"en-US\",\"@id\":\"https:\/\/www.visit-ulcinj.com\/blog\/2009\/04\/27\/tri-hotela-u-valdanosu-zastita-okoline-prioritet\/#primaryimage\",\"url\":\"https:\/\/www.visit-ulcinj.com\/blog\/wp-content\/uploads\/2009\/04\/valdanos_ulqin_mali-i-zi61.jpg\",\"contentUrl\":\"https:\/\/www.visit-ulcinj.com\/blog\/wp-content\/uploads\/2009\/04\/valdanos_ulqin_mali-i-zi61.jpg\",\"width\":\"640\",\"height\":\"428\"},{\"@type\":\"WebPage\",\"@id\":\"https:\/\/www.visit-ulcinj.com\/blog\/2009\/04\/27\/tri-hotela-u-valdanosu-zastita-okoline-prioritet\/#webpage\",\"url\":\"https:\/\/www.visit-ulcinj.com\/blog\/2009\/04\/27\/tri-hotela-u-valdanosu-zastita-okoline-prioritet\/\",\"name\":\"Tri hotela u Valdanosu, za\u0161tita okoline prioritet - Video - Lajme nga Ulqini\",\"isPartOf\":{\"@id\":\"https:\/\/www.visit-ulcinj.com\/blog\/#website\"},\"primaryImageOfPage\":{\"@id\":\"https:\/\/www.visit-ulcinj.com\/blog\/2009\/04\/27\/tri-hotela-u-valdanosu-zastita-okoline-prioritet\/#primaryimage\"},\"datePublished\":\"2009-04-27T18:56:37+00:00\",\"dateModified\":\"2009-05-13T12:01:06+00:00\",\"author\":{\"@id\":\"https:\/\/www.visit-ulcinj.com\/blog\/#\/schema\/person\/dcab619c614d3038751c63bc2aadc06d\"},\"description\":\"Iz britanske kompanije cubus lux potvrdili \u201cvijestima\u201d da su spremili projekat Podgorica - Kompanija Cubus Lux plc iz Londona sa rado\u0161?u je primila vijest\",\"breadcrumb\":{\"@id\":\"https:\/\/www.visit-ulcinj.com\/blog\/2009\/04\/27\/tri-hotela-u-valdanosu-zastita-okoline-prioritet\/#breadcrumb\"},\"inLanguage\":\"en-US\",\"potentialAction\":[{\"@type\":\"ReadAction\",\"target\":[\"https:\/\/www.visit-ulcinj.com\/blog\/2009\/04\/27\/tri-hotela-u-valdanosu-zastita-okoline-prioritet\/\"]}]},{\"@type\":\"BreadcrumbList\",\"@id\":\"https:\/\/www.visit-ulcinj.com\/blog\/2009\/04\/27\/tri-hotela-u-valdanosu-zastita-okoline-prioritet\/#breadcrumb\",\"itemListElement\":[{\"@type\":\"ListItem\",\"position\":1,\"name\":\"Tri hotela u Valdanosu, za\u0161tita okoline prioritet &#8211; Video\"}]},{\"@type\":\"Person\",\"@id\":\"https:\/\/www.visit-ulcinj.com\/blog\/#\/schema\/person\/dcab619c614d3038751c63bc2aadc06d\",\"name\":\"ulqini\",\"sameAs\":[\"http:\/\/www.visit-ulcinj.com\"],\"url\":\"https:\/\/www.visit-ulcinj.com\/blog\/author\/admin\/\"}]}<\/script>\n<!-- \/ Yoast SEO plugin. -->","yoast_head_json":{"title":"Tri hotela u Valdanosu, za\u0161tita okoline prioritet - Video - Lajme nga Ulqini","description":"Iz britanske kompanije cubus lux potvrdili \u201cvijestima\u201d da su spremili projekat Podgorica - Kompanija Cubus Lux plc iz Londona sa rado\u0161?u je primila vijest","robots":{"index":"index","follow":"follow","max-snippet":"max-snippet:-1","max-image-preview":"max-image-preview:large","max-video-preview":"max-video-preview:-1"},"canonical":"https:\/\/www.visit-ulcinj.com\/blog\/2009\/04\/27\/tri-hotela-u-valdanosu-zastita-okoline-prioritet\/","og_locale":"en_US","og_type":"article","og_title":"Tri hotela u Valdanosu, za\u0161tita okoline prioritet - Video - Lajme nga Ulqini","og_description":"Iz britanske kompanije cubus lux potvrdili \u201cvijestima\u201d da su spremili projekat Podgorica - Kompanija Cubus Lux plc iz Londona sa rado\u0161?u je primila vijest","og_url":"https:\/\/www.visit-ulcinj.com\/blog\/2009\/04\/27\/tri-hotela-u-valdanosu-zastita-okoline-prioritet\/","og_site_name":"Lajme nga Ulqini","article_published_time":"2009-04-27T18:56:37+00:00","article_modified_time":"2009-05-13T12:01:06+00:00","og_image":[{"url":"http:\/\/www.visit-ulcinj.com\/blog\/wp-content\/uploads\/2009\/04\/valdanos_ulqin_mali-i-zi61.jpg"}],"twitter_misc":{"Written by":"ulqini","Est. reading time":"5 minutes"},"schema":{"@context":"https:\/\/schema.org","@graph":[{"@type":"WebSite","@id":"https:\/\/www.visit-ulcinj.com\/blog\/#website","url":"https:\/\/www.visit-ulcinj.com\/blog\/","name":"Lajme nga Ulqini","description":"Lajme,Vijesti,Ulqini,Ulqin,Crna Gora,Mali i Zi","potentialAction":[{"@type":"SearchAction","target":{"@type":"EntryPoint","urlTemplate":"https:\/\/www.visit-ulcinj.com\/blog\/?s={search_term_string}"},"query-input":"required name=search_term_string"}],"inLanguage":"en-US"},{"@type":"ImageObject","inLanguage":"en-US","@id":"https:\/\/www.visit-ulcinj.com\/blog\/2009\/04\/27\/tri-hotela-u-valdanosu-zastita-okoline-prioritet\/#primaryimage","url":"https:\/\/www.visit-ulcinj.com\/blog\/wp-content\/uploads\/2009\/04\/valdanos_ulqin_mali-i-zi61.jpg","contentUrl":"https:\/\/www.visit-ulcinj.com\/blog\/wp-content\/uploads\/2009\/04\/valdanos_ulqin_mali-i-zi61.jpg","width":"640","height":"428"},{"@type":"WebPage","@id":"https:\/\/www.visit-ulcinj.com\/blog\/2009\/04\/27\/tri-hotela-u-valdanosu-zastita-okoline-prioritet\/#webpage","url":"https:\/\/www.visit-ulcinj.com\/blog\/2009\/04\/27\/tri-hotela-u-valdanosu-zastita-okoline-prioritet\/","name":"Tri hotela u Valdanosu, za\u0161tita okoline prioritet - Video - Lajme nga Ulqini","isPartOf":{"@id":"https:\/\/www.visit-ulcinj.com\/blog\/#website"},"primaryImageOfPage":{"@id":"https:\/\/www.visit-ulcinj.com\/blog\/2009\/04\/27\/tri-hotela-u-valdanosu-zastita-okoline-prioritet\/#primaryimage"},"datePublished":"2009-04-27T18:56:37+00:00","dateModified":"2009-05-13T12:01:06+00:00","author":{"@id":"https:\/\/www.visit-ulcinj.com\/blog\/#\/schema\/person\/dcab619c614d3038751c63bc2aadc06d"},"description":"Iz britanske kompanije cubus lux potvrdili \u201cvijestima\u201d da su spremili projekat Podgorica - Kompanija Cubus Lux plc iz Londona sa rado\u0161?u je primila vijest","breadcrumb":{"@id":"https:\/\/www.visit-ulcinj.com\/blog\/2009\/04\/27\/tri-hotela-u-valdanosu-zastita-okoline-prioritet\/#breadcrumb"},"inLanguage":"en-US","potentialAction":[{"@type":"ReadAction","target":["https:\/\/www.visit-ulcinj.com\/blog\/2009\/04\/27\/tri-hotela-u-valdanosu-zastita-okoline-prioritet\/"]}]},{"@type":"BreadcrumbList","@id":"https:\/\/www.visit-ulcinj.com\/blog\/2009\/04\/27\/tri-hotela-u-valdanosu-zastita-okoline-prioritet\/#breadcrumb","itemListElement":[{"@type":"ListItem","position":1,"name":"Tri hotela u Valdanosu, za\u0161tita okoline prioritet &#8211; Video"}]},{"@type":"Person","@id":"https:\/\/www.visit-ulcinj.com\/blog\/#\/schema\/person\/dcab619c614d3038751c63bc2aadc06d","name":"ulqini","sameAs":["http:\/\/www.visit-ulcinj.com"],"url":"https:\/\/www.visit-ulcinj.com\/blog\/author\/admin\/"}]}},"jetpack_featured_media_url":"","jetpack_sharing_enabled":true,"jetpack_shortlink":"https:\/\/wp.me\/pe6lTn-528","_links":{"self":[{"href":"https:\/\/www.visit-ulcinj.com\/blog\/wp-json\/wp\/v2\/posts\/19352"}],"collection":[{"href":"https:\/\/www.visit-ulcinj.com\/blog\/wp-json\/wp\/v2\/posts"}],"about":[{"href":"https:\/\/www.visit-ulcinj.com\/blog\/wp-json\/wp\/v2\/types\/post"}],"author":[{"embeddable":true,"href":"https:\/\/www.visit-ulcinj.com\/blog\/wp-json\/wp\/v2\/users\/1"}],"replies":[{"embeddable":true,"href":"https:\/\/www.visit-ulcinj.com\/blog\/wp-json\/wp\/v2\/comments?post=19352"}],"version-history":[{"count":0,"href":"https:\/\/www.visit-ulcinj.com\/blog\/wp-json\/wp\/v2\/posts\/19352\/revisions"}],"wp:attachment":[{"href":"https:\/\/www.visit-ulcinj.com\/blog\/wp-json\/wp\/v2\/media?parent=19352"}],"wp:term":[{"taxonomy":"category","embeddable":true,"href":"https:\/\/www.visit-ulcinj.com\/blog\/wp-json\/wp\/v2\/categories?post=19352"},{"taxonomy":"post_tag","embeddable":true,"href":"https:\/\/www.visit-ulcinj.com\/blog\/wp-json\/wp\/v2\/tags?post=19352"}],"curies":[{"name":"wp","href":"https:\/\/api.w.org\/{rel}","templated":true}]}}