{"id":1936,"date":"2008-06-08T08:23:25","date_gmt":"2008-06-08T13:23:25","guid":{"rendered":"http:\/\/www.visit-ulcinj.com\/blog\/?p=1936"},"modified":"2009-12-18T17:13:41","modified_gmt":"2009-12-18T15:13:41","slug":"histoire-tumultueuse-de-la-ville-dulcinj","status":"publish","type":"post","link":"https:\/\/www.visit-ulcinj.com\/blog\/2008\/06\/08\/histoire-tumultueuse-de-la-ville-dulcinj\/","title":{"rendered":"Histoire tumultueuse de la ville d&#8217;Ulcinj"},"content":{"rendered":"<p><a href=\"http:\/\/www.visit-ulcinj.com\/blog\/wp-content\/uploads\/2008\/06\/dulcigno.jpg\"><img loading=\"lazy\" class=\"alignleft attachment wp-att-1937\" style=\"float: left;\" src=\"http:\/\/www.visit-ulcinj.com\/blog\/wp-content\/uploads\/2008\/06\/dulcigno.thumbnail.jpg\" alt=\"Dulcigno\" width=\"200\" height=\"140\" \/><\/a>Ulcinj est l&#8217;une des plus anciennes villes sur la c\u00f4te Adriatique. D\u00e8s la pr\u00e9histoire \u00e0 la fin du XIXe si\u00e8cle, cette ville fut la cible de divers peuples conqu\u00e9rants \u00e0 cause de sa situation g\u00e9ographique. Certains s&#8217;y maintinrent plus longtemps, d&#8217;autres plus bri\u00e8vement, mais ils laiss\u00e8rent tous quelque trace. Le nombre des \u00e9v\u00e9nements qui, sur ce territoire ont \u00e9t\u00e9 emport\u00e9s avec le pass\u00e9 fut grand.<br \/>\nAu bord du lac de Zoganje, sur le site de Ceret ont \u00e9t\u00e9 d\u00e9couvertes les traces de la plus ancienne vie d\u2019Ulcinj. Lors de l&#8217;assainissement du sol pour la construction de la Saline, ont \u00e9t\u00e9 d\u00e9gag\u00e9s les sols en terre battue provenant des habitats illyriens de<a href=\"http:\/\/www.visit-ulcinj.com\/blog\/wp-content\/uploads\/2008\/06\/velika-plaza_2.jpg\"><img loading=\"lazy\" class=\"alignright attachment wp-att-1938\" style=\"float: right;\" src=\"http:\/\/www.visit-ulcinj.com\/blog\/wp-content\/uploads\/2008\/06\/velika-plaza_2.thumbnail.jpg\" alt=\"velika plaza_2\" width=\"200\" height=\"132\" \/><\/a> l&#8217;\u00e2ge du bronze. De cette p\u00e9riode-l\u00e0 datent deux tumuli \u2014 mode de s\u00e9pulture chez les Illyriens tant qu&#8217;ils vivaient dans les vall\u00e9es, retrouv\u00e9s au village de Zoganje, sur le site de Crveni Brijeg. De l&#8217;\u00e9poque o\u00f9, pour des raisons de danger, les Illyriens quitt\u00e8rent les vall\u00e9es et se r\u00e9fugi\u00e8rent en montagne, datent deux amas de pierre (tertres fun\u00e9raires) au-dessus du canyon de Medure\u00e7e et sur le site de Gjat sur le versant nord-est de la Briska Gora. Des haches de l&#8217;\u00e2ge du bronze, du type appel\u00e9 Scutari-dalmate ont \u00e9t\u00e9 d\u00e9gag\u00e9es au village de Vladimir et \u00e0 Ulcinj.<\/p>\n<p><a href=\"http:\/\/www.visit-ulcinj.com\/blog\/wp-content\/uploads\/2008\/06\/murs-cyclopens-de-la-vieille-ville-ulcinj-_2__001.jpg\"><img loading=\"lazy\" class=\"alignleft attachment wp-att-1939\" style=\"float: left;\" src=\"http:\/\/www.visit-ulcinj.com\/blog\/wp-content\/uploads\/2008\/06\/murs-cyclopens-de-la-vieille-ville-ulcinj-_2__001.thumbnail.jpg\" alt=\"murs cyclopens de la Vieille ville ulcinj \" width=\"200\" height=\"149\" \/><\/a><strong>Ulcinj l&#8217;antique<\/strong><br \/>\nOn croit que l&#8217;antique Ulcinj, l&#8217;actuelle Vieille ville, fut fond\u00e9e au&#8217; V si\u00e8cle av notre \u00e8re  par les Grecs de <strong><a title=\"colchinium\" href=\"http:\/\/books.google.ch\/books?id=l9E1AAAAMAAJ&amp;pg=PA111&amp;lpg=PA111&amp;dq=Colchinium&amp;source=web&amp;ots=kO3s4bt2AT&amp;sig=2_MCoDYEValTDEFk7I_wwz8mmdU&amp;hl=fr\" target=\"_blank\">Colchide<\/a><\/strong>, \u00e0 l&#8217;\u00e9poque de la fondation des colonies:( pies dans ces contr\u00e9es. Dans son fameux po\u00e8me, Apollonios de Rhodes du  III&#8221;  si\u00e8cle av. notre \u00e8re parle de l&#8217;arriv\u00e9e du peuple de <strong><a title=\"colchinium\" href=\"http:\/\/books.google.ch\/books?id=l9E1AAAAMAAJ&amp;pg=PA111&amp;lpg=PA111&amp;dq=Colchinium&amp;source=web&amp;ots=kO3s4bt2AT&amp;sig=2_MCoDYEValTDEFk7I_wwz8mmdU&amp;hl=fr\" target=\"_blank\">Colchide<\/a><\/strong>. A cette \u00e9poque l\u00e0, ce territoire \u00e9tait habit\u00e9 par les Illyriens qui, sous l&#8217;influence de la culture grecque y laiss\u00e8rent des traces du plus ancien peuplement de la ville, sous la forme de vestiges d&#8217;\u00e9normes murs \u00bbcyclop\u00e9ens\u00ab.<a href=\"http:\/\/www.visit-ulcinj.com\/blog\/wp-content\/uploads\/2008\/06\/guri-antik-ne-ulqin.jpg\"><img loading=\"lazy\" class=\"alignright attachment wp-att-1940\" style=\"float: right;\" src=\"http:\/\/www.visit-ulcinj.com\/blog\/wp-content\/uploads\/2008\/06\/guri-antik-ne-ulqin.thumbnail.jpg\" alt=\"Guri antik n\u00eb Ulqin\" width=\"200\" height=\"184\" \/><\/a><br \/>\nL&#8217;enceinte de constructions cyclop\u00e9ennes est la plus ancienne de cette esp\u00e8ce sur la c\u00f4te adriatique orientale. La forteresse de la Vieille ville renferme aussi l\u2019une des plus anciennes inscriptions d\u00e9di\u00e9e \u00e0 la d\u00e9esse Art\u00e9mis Elafavoli. Cette Inscription est taill\u00e9e sur le soubassement de l&#8217;autel des sacrifices, don de la communaut\u00e9 des tailleurs de pierres \u00e0 la d\u00e9esse Art\u00e9mis. On y lit TO KOINON  TON LATOMON  APTEI (D) I Tl ELAFAVOLOI (La communaut\u00e9 des tailleurs de pierres \u00e9l\u00e8ve (cet autel) \u00e0 Art\u00e9mis Elafavoli). Outre cet autel, les fouilles de la Vieille ville, commenc\u00e9es en 1953, se poursuivent encore de nos jours, si bien que de nombreux objets de culture mat\u00e9rielle ont \u00e9t\u00e9 retrouv\u00e9s confirmant la fondation de la ville au V si\u00e8cle av. notre \u00e8re. On y voit aussi une multitude de fragments de c\u00e9ramique <a title=\"colchinium\" href=\"http:\/\/upload.wikimedia.org\/wikipedia\/commons\/thumb\/d\/dd\/Roman_provinces_at_the_Balkans.jpg\/450px-Roman_provinces_at_the_Balkans.jpg\" target=\"_blank\"><img loading=\"lazy\" class=\"alignleft\" style=\"float: left;\" src=\"http:\/\/upload.wikimedia.org\/wikipedia\/commons\/thumb\/d\/dd\/Roman_provinces_at_the_Balkans.jpg\/450px-Roman_provinces_at_the_Balkans.jpg\" alt=\"colchinium\" width=\"174\" height=\"151\" \/><\/a>figurative rouge, de l\u00e9cythes blancs, ainsi que de cam\u00e9es repr\u00e9sentant la d\u00e9esse Ath\u00e9na avec son casque.<br \/>\nL&#8217;ancienne<a title=\"colchinium\" href=\"http:\/\/books.google.ch\/books?id=l9E1AAAAMAAJ&amp;pg=PA111&amp;lpg=PA111&amp;dq=Colchinium&amp;source=web&amp;ots=kO3s4bt2AT&amp;sig=2_MCoDYEValTDEFk7I_wwz8mmdU&amp;hl=fr\" target=\"_blank\"> <strong>Colchinium<\/strong><\/a> devient au lle si\u00e8cle av. notre \u00e8re Olcinium, quand les Romains la reprennent \u00e0 la tribu illyrienne des Olciniens (en 163 av. notre \u00e8re). Ce nom est cit\u00e9 pour la premi\u00e8re fois dans les sources \u00e9crites chez Pline l&#8217;An\u00accien dans son \u00bbHistoire naturelle\u00ab, de m\u00eame qu&#8217;on le trouve chez Tite-Live. A l&#8217;\u00e9poque romaine, Ulcinj devint une fortification de citoyens romains et obtient le statut d&#8217;un oppidum \u2014 oppida civium Romanorum, et plus tard celui d&#8217;un municipe \u2014 cit\u00e9 jouissant d&#8217;un statut autonome. De cette \u00e9poque-l\u00e0 date une partie des remparts qui par leur facture plus rudimentaire, diff\u00e8rent des fortifi\u00accations  illyro-grecques.<br \/>\n<strong> Moyen Age<\/strong><a title=\"raska drzava u ulcinj\" href=\"http:\/\/upload.wikimedia.org\/wikipedia\/commons\/e\/ed\/THE_STATE_OF_BALSIC.png\" target=\"_blank\"><img loading=\"lazy\" class=\"alignright\" style=\"float: right;\" src=\"http:\/\/upload.wikimedia.org\/wikipedia\/commons\/thumb\/e\/ed\/THE_STATE_OF_BALSIC.png\/300px-THE_STATE_OF_BALSIC.png\" alt=\"raska drzava u ulcinj\" width=\"202\" height=\"158\" \/><\/a><br \/>\nApr\u00e8s la division de l&#8217;Empire romain Ulcinj se trouve dans la province de Pre\u00acvalis de l&#8217;Empire d&#8217;Orient, et la population adopta le christianisme. Pendant la p\u00e9riode de la principaut\u00e9 de Docl\u00e9e et de l&#8217;Etat des Nemanjic la cit\u00e9 rev\u00eatit un caract\u00e8re m\u00e9di\u00e9val. Elle devint un important centre commercial et maritime jouissant d&#8217;une autonomie \u00e0 l&#8217;int\u00e9rieur de l&#8217;Etat de Rascie, Ceinte de murailles solides, la ville r\u00e9sista \u00e0 de nombreuses attaques ennemies, notamment \u00e0 cel\u00acles  de Samuel, tzar de Mac\u00e9doine \u00e0 la fin du IXe si\u00e8cle, et plus tard (en 1242) aux incursions des hordes mongoliennes. A l&#8217;\u00e9poque de l&#8217;Etat de Rascie, un grand nombre d&#8217;\u00e9glises <a href=\"http:\/\/www.visit-ulcinj.com\/blog\/wp-content\/uploads\/2008\/06\/141868459.jpg\"><img loading=\"lazy\" class=\"alignleft attachment wp-att-1941\" style=\"float: left;\" src=\"http:\/\/www.visit-ulcinj.com\/blog\/wp-content\/uploads\/2008\/06\/141868459.thumbnail.jpg\" alt=\"kulla e balshajve\" width=\"200\" height=\"132\" \/><\/a>furent  \u00e9rig\u00e9es dans la Vieille ville, dont il ne reste que des fondations (Eglise de la Sainte-Vierge, 1250; Saint-Jean d&#8217;Ulcinj, 1290; Saint-Dominique et Sigurat \/Transfiguration de la Vierge, 1394; Saint-Michel au pied de la ville, 1406). H\u00e9l\u00e8ne d&#8217;Anjou, femme du roi Uros de Serbie v\u00e9cut \u00e0 Ulcinj pendant son veuvage (1282-1309), de m\u00eame qu&#8217;H\u00e9l\u00e8ne, femme du tzar Dusan de Serbie (en 1357), \u00e0 l&#8217;\u00e9poque de qui Ulcinj avait un h\u00f4tel de la Mon\u00acnaie.<br \/>\nL&#8217;importance politique de la ville accrut \u00e0 l&#8217;\u00e9poque des Balsic, dynastie de grands seigneurs, devenue puissante par la chute de l&#8217;Etat de Rascie. De l&#8217;\u00e9\u00acpoque de leur souverainet\u00e9 date l&#8217;imposante tour des \u00bbBalsic\u00ab dans la partie sup\u00e9rieure de la Vieille ville. A Ulcinj mourut et fut inhum\u00e9 Djurad j(Georges) Stra\u00actimirovic  Balsic \u00bbsouverain de toute la Zeta et du Littoral\u00ab (1385-1403).<a title=\"republik de venise\" href=\"http:\/\/upload.wikimedia.org\/wikipedia\/commons\/thumb\/7\/72\/Boka_oldmap.gif\/300px-Boka_oldmap.gif\" target=\"_blank\"><img loading=\"lazy\" class=\"alignright\" style=\"float: right;\" src=\"http:\/\/upload.wikimedia.org\/wikipedia\/commons\/thumb\/7\/72\/Boka_oldmap.gif\/300px-Boka_oldmap.gif\" alt=\"\" width=\"207\" height=\"150\" \/><\/a><br \/>\n<strong><a title=\"republik de venise\" href=\"http:\/\/en.wikipedia.org\/wiki\/Albania_Veneta\" target=\"_blank\">Apr\u00e8s la chute de l&#8217;Etat de Zeta, Ulcinj tombe, en 1405, sous la domina\u00action v\u00e9nitienne qui dure 150 ans<\/a>.<\/strong> La nouvelle autorit\u00e9 introduisit dans la structure architecturale et urbaine des \u00e9l\u00e9ments nouveaux. Les remparts furent restaur\u00e9s, de m\u00eame que les portes et les tours de la ville. Celle-ci portait le cac\u00achet de l&#8217;urbanisme v\u00e9nitien du type adriatique oriental avec de beaux palais, \u00e9glises et places. De cette p\u00e9riode-l\u00e0 date une \u00e9glise renaissance, de 1510, et sur le mur \u00e9lev\u00e9 de la petite place ferm\u00e9e pr\u00e8s de l&#8217;entr\u00e9e nord de la Vieille ville, au moyen de briques rouges est inscrit le nom \u00bbJohani Bolani\u00ab, qui est celui du prince v\u00e9nitien et capitaine de la ville.<br \/>\n<a href=\"http:\/\/www.visit-ulcinj.com\/blog\/wp-content\/uploads\/2008\/06\/mapa_arheology_ulcinj.jpg\"><img loading=\"lazy\" class=\"alignleft attachment wp-att-1942\" style=\"float: left;\" src=\"http:\/\/www.visit-ulcinj.com\/blog\/wp-content\/uploads\/2008\/06\/mapa_arheology_ulcinj.thumbnail.jpg\" alt=\"mapa_arheology_ulcinj\" width=\"155\" height=\"113\" \/><\/a><strong> En 1571, la ville d\u2019Ulcinj fut conquise par les Turcs. <\/strong><br \/>\nPar rapport aux lieux environnants et aux r\u00e9gions plus \u00e9loign\u00e9es, Ulcinj tomba tr\u00e8s tard sous la domi\u00acnation ottomane. Il s&#8217;\u00e9tait pass\u00e9 exactement 200 ans depuis le moment o\u00f9 les Turcs  avait travers\u00e9 la Maritza (en 1371) et qu&#8217;avait commenc\u00e9 la conqu\u00eate acc\u00e9l\u00e9r\u00e9e des territoires balkaniques, ou environ 90 ans apr\u00e8s la conqu\u00eate de Herceg-Novi (1482-1483). Cela prouve que les V\u00e9nitiens accordaient une grande importance aux fortifications d\u2019Ulcinj dans le sens strat\u00e9gique, maritime et \u00e9conomico-politique. <a href=\"http:\/\/www.visit-ulcinj.com\/blog\/wp-content\/uploads\/2008\/06\/medium_xhamija-e-pashes-me-hamame.jpg\"><img loading=\"lazy\" class=\"alignright attachment wp-att-1943\" style=\"float: right;\" src=\"http:\/\/www.visit-ulcinj.com\/blog\/wp-content\/uploads\/2008\/06\/medium_xhamija-e-pashes-me-hamame.thumbnail.jpg\" alt=\"xhamija e pashes me hamame n\u00eb ran\u00eb\" width=\"76\" height=\"111\" \/><\/a><br \/>\nLa conqu\u00eate turque fut suivie par une nouvelle transformation de la ville. Celle-ci rev\u00eatit un aspect tout oriental. On y b\u00e2tit des mosqu\u00e9es, des hammams, des fontaines, des caravans\u00e9rails et des  turb\u00e9s. Les maisons furent adapt\u00e9es \u00e0 la vie des nouveaux ma\u00eetres. Le plateau inf\u00e9rieur de la ville fut rempli d&#8217;\u00e9difices \u00e0 usage locatif, alors que l&#8217;\u00e9glise dans la partie sup\u00e9rieure fut transform\u00e9e en mosqu\u00e9e. Au pied de la ville se forme le bourg  avec plusieurs <a href=\"http:\/\/www.visit-ulcinj.com\/blog\/wp-content\/uploads\/2008\/06\/ulqini-vjeter1.jpg\"><img loading=\"lazy\" class=\"alignleft attachment wp-att-1944\" style=\"float: left;\" src=\"http:\/\/www.visit-ulcinj.com\/blog\/wp-content\/uploads\/2008\/06\/ulqini-vjeter1.thumbnail.jpg\" alt=\"ulqini n\u00eb sundim turk\" width=\"117\" height=\"149\" \/><\/a>mosqu\u00e9es telles que: Mosqu\u00e9e de Sinan Pacha (&gt;Pasina\u00ab, 1719), Mosqu\u00e9e principale (Glavna dzamija, 1728), Mosqu\u00e9e sur la colline (Bri\u00acjeg-dzamija,1783), Mosqu\u00e9e de Ljama (Ljamina dzamija, 1689), Mosqu\u00e9e au- dessus du march\u00e9 (Vrh \u2013 pazara &#8211; dzamija, 1749), Mosqu\u00e9e de Meraja (Meraja\u00ac dzamija, 1779). La Tour de l&#8217;horloge, b\u00e2tie en 1754, se distingue par la beaut\u00e9 de son architecture. Le cours de la vie totale \u00e9tait dirig\u00e9 par l&#8217;islam.<br \/>\n<strong> Apr\u00e8s la longue domination turque (plus de 300 ans), par la d\u00e9cision du Congr\u00e8s de Berlin. Ulcinj fut rattach\u00e9e au Mont\u00e9n\u00e9gro.<\/strong><\/p>\n<!--YouTube Error: bad URL entered-->\n<p><a class=\"aligncenter\" title=\" annuaire,  Appartement en location,  auberge,  bungalow,  camping,  camping en ulcinj mot\u00e9n\u00e9gro,  campings en ulcinj mot\u00e9n\u00e9gro,  caravaning,  chalets en ulcinj mot\u00e9n\u00e9gro,  conseils pour pr\u00e9parer son voyage.,  cuisine,  destinations,  France,  gite,  guide,  guide de voyage,  guide en ulcinj mot\u00e9n\u00e9gro,  h\u00f4tels,  HEBERGEMENT,  hebergement en ulcinj mot\u00e9n\u00e9gro,  hotel en ulcinj mot\u00e9n\u00e9gro,  inn,  locatif en ulcinj mot\u00e9n\u00e9gro,  location Maison de vacances,  Locations Appartement en Ulcinj Mont\u00e9n\u00e9gro,  Locations saisonni\u00e8res,  loisirs,  meteo,  Michelin,  Offre Voyage,  Paris,  photo,  r\u00e9servations,  region en ulcinj mot\u00e9n\u00e9gro,  restaurant en ulcinj mot\u00e9n\u00e9gro,  s\u00e9jours,  tourisme,  tourisme en ulcinj mot\u00e9n\u00e9gro,  tourismes,  vacances,  Vacances Super Promos,  Voyage \u00e0 bas prix,  voyages\" href=\"http:\/\/www.visit-ulcinj.com\/tourism\/\" target=\"_blank\"><img loading=\"lazy\" style=\"vertical-align: middle;\" src=\"http:\/\/www.visit-ulcinj.com\/blog\/wp-content\/uploads\/2008\/06\/holiday-rental-ulcinj-ulqini_ulqin_logo.gif\" alt=\"Holiday Rental Ulcinj_Ulqin_Montenegro\" width=\"510\" height=\"145\" \/><\/a><\/p>\n","protected":false},"excerpt":{"rendered":"<p><img loading=\"lazy\" class=\"alignleft attachment wp-att-1937\" style=\"float: left;\" src=\"http:\/\/www.visit-ulcinj.com\/blog\/wp-content\/uploads\/2008\/06\/dulcigno.thumbnail.jpg\" alt=\"Dulcigno\" width=\"140\" height=\"140\" \/><\/p>\n","protected":false},"author":1,"featured_media":0,"comment_status":"open","ping_status":"closed","sticky":false,"template":"","format":"standard","meta":{"spay_email":"","jetpack_publicize_message":"","jetpack_is_tweetstorm":false,"jetpack_publicize_feature_enabled":true},"categories":[4],"tags":[3824,3822,79,3825,3827,3823],"jetpack_publicize_connections":[],"yoast_head":"<!-- This site is optimized with the Yoast SEO plugin v19.1 - https:\/\/yoast.com\/wordpress\/plugins\/seo\/ -->\n<title>Histoire tumultueuse de la ville d&#039;Ulcinj - Lajme nga Ulqini<\/title>\n<meta name=\"robots\" content=\"index, follow, max-snippet:-1, max-image-preview:large, max-video-preview:-1\" \/>\n<link rel=\"canonical\" href=\"https:\/\/www.visit-ulcinj.com\/blog\/2008\/06\/08\/histoire-tumultueuse-de-la-ville-dulcinj\/\" \/>\n<meta property=\"og:locale\" content=\"en_US\" \/>\n<meta property=\"og:type\" content=\"article\" \/>\n<meta property=\"og:title\" content=\"Histoire tumultueuse de la ville d&#039;Ulcinj - Lajme nga Ulqini\" \/>\n<meta property=\"og:url\" content=\"https:\/\/www.visit-ulcinj.com\/blog\/2008\/06\/08\/histoire-tumultueuse-de-la-ville-dulcinj\/\" \/>\n<meta property=\"og:site_name\" content=\"Lajme nga Ulqini\" \/>\n<meta property=\"article:published_time\" content=\"2008-06-08T13:23:25+00:00\" \/>\n<meta property=\"article:modified_time\" content=\"2009-12-18T15:13:41+00:00\" \/>\n<meta property=\"og:image\" content=\"http:\/\/www.visit-ulcinj.com\/blog\/wp-content\/uploads\/2008\/06\/dulcigno.thumbnail.jpg\" \/>\n<meta name=\"twitter:label1\" content=\"Written by\" \/>\n\t<meta name=\"twitter:data1\" content=\"ulqini\" \/>\n\t<meta name=\"twitter:label2\" content=\"Est. reading time\" \/>\n\t<meta name=\"twitter:data2\" content=\"6 minutes\" \/>\n<script type=\"application\/ld+json\" class=\"yoast-schema-graph\">{\"@context\":\"https:\/\/schema.org\",\"@graph\":[{\"@type\":\"WebSite\",\"@id\":\"https:\/\/www.visit-ulcinj.com\/blog\/#website\",\"url\":\"https:\/\/www.visit-ulcinj.com\/blog\/\",\"name\":\"Lajme nga Ulqini\",\"description\":\"Lajme,Vijesti,Ulqini,Ulqin,Crna Gora,Mali i Zi\",\"potentialAction\":[{\"@type\":\"SearchAction\",\"target\":{\"@type\":\"EntryPoint\",\"urlTemplate\":\"https:\/\/www.visit-ulcinj.com\/blog\/?s={search_term_string}\"},\"query-input\":\"required name=search_term_string\"}],\"inLanguage\":\"en-US\"},{\"@type\":\"ImageObject\",\"inLanguage\":\"en-US\",\"@id\":\"https:\/\/www.visit-ulcinj.com\/blog\/2008\/06\/08\/histoire-tumultueuse-de-la-ville-dulcinj\/#primaryimage\",\"url\":\"http:\/\/www.visit-ulcinj.com\/blog\/wp-content\/uploads\/2008\/06\/dulcigno.thumbnail.jpg\",\"contentUrl\":\"http:\/\/www.visit-ulcinj.com\/blog\/wp-content\/uploads\/2008\/06\/dulcigno.thumbnail.jpg\"},{\"@type\":\"WebPage\",\"@id\":\"https:\/\/www.visit-ulcinj.com\/blog\/2008\/06\/08\/histoire-tumultueuse-de-la-ville-dulcinj\/#webpage\",\"url\":\"https:\/\/www.visit-ulcinj.com\/blog\/2008\/06\/08\/histoire-tumultueuse-de-la-ville-dulcinj\/\",\"name\":\"Histoire tumultueuse de la ville d'Ulcinj - Lajme nga Ulqini\",\"isPartOf\":{\"@id\":\"https:\/\/www.visit-ulcinj.com\/blog\/#website\"},\"primaryImageOfPage\":{\"@id\":\"https:\/\/www.visit-ulcinj.com\/blog\/2008\/06\/08\/histoire-tumultueuse-de-la-ville-dulcinj\/#primaryimage\"},\"datePublished\":\"2008-06-08T13:23:25+00:00\",\"dateModified\":\"2009-12-18T15:13:41+00:00\",\"author\":{\"@id\":\"https:\/\/www.visit-ulcinj.com\/blog\/#\/schema\/person\/dcab619c614d3038751c63bc2aadc06d\"},\"breadcrumb\":{\"@id\":\"https:\/\/www.visit-ulcinj.com\/blog\/2008\/06\/08\/histoire-tumultueuse-de-la-ville-dulcinj\/#breadcrumb\"},\"inLanguage\":\"en-US\",\"potentialAction\":[{\"@type\":\"ReadAction\",\"target\":[\"https:\/\/www.visit-ulcinj.com\/blog\/2008\/06\/08\/histoire-tumultueuse-de-la-ville-dulcinj\/\"]}]},{\"@type\":\"BreadcrumbList\",\"@id\":\"https:\/\/www.visit-ulcinj.com\/blog\/2008\/06\/08\/histoire-tumultueuse-de-la-ville-dulcinj\/#breadcrumb\",\"itemListElement\":[{\"@type\":\"ListItem\",\"position\":1,\"name\":\"Histoire tumultueuse de la ville d&#8217;Ulcinj\"}]},{\"@type\":\"Person\",\"@id\":\"https:\/\/www.visit-ulcinj.com\/blog\/#\/schema\/person\/dcab619c614d3038751c63bc2aadc06d\",\"name\":\"ulqini\",\"sameAs\":[\"http:\/\/www.visit-ulcinj.com\"],\"url\":\"https:\/\/www.visit-ulcinj.com\/blog\/author\/admin\/\"}]}<\/script>\n<!-- \/ Yoast SEO plugin. -->","yoast_head_json":{"title":"Histoire tumultueuse de la ville d'Ulcinj - Lajme nga Ulqini","robots":{"index":"index","follow":"follow","max-snippet":"max-snippet:-1","max-image-preview":"max-image-preview:large","max-video-preview":"max-video-preview:-1"},"canonical":"https:\/\/www.visit-ulcinj.com\/blog\/2008\/06\/08\/histoire-tumultueuse-de-la-ville-dulcinj\/","og_locale":"en_US","og_type":"article","og_title":"Histoire tumultueuse de la ville d'Ulcinj - Lajme nga Ulqini","og_url":"https:\/\/www.visit-ulcinj.com\/blog\/2008\/06\/08\/histoire-tumultueuse-de-la-ville-dulcinj\/","og_site_name":"Lajme nga Ulqini","article_published_time":"2008-06-08T13:23:25+00:00","article_modified_time":"2009-12-18T15:13:41+00:00","og_image":[{"url":"http:\/\/www.visit-ulcinj.com\/blog\/wp-content\/uploads\/2008\/06\/dulcigno.thumbnail.jpg"}],"twitter_misc":{"Written by":"ulqini","Est. reading time":"6 minutes"},"schema":{"@context":"https:\/\/schema.org","@graph":[{"@type":"WebSite","@id":"https:\/\/www.visit-ulcinj.com\/blog\/#website","url":"https:\/\/www.visit-ulcinj.com\/blog\/","name":"Lajme nga Ulqini","description":"Lajme,Vijesti,Ulqini,Ulqin,Crna Gora,Mali i Zi","potentialAction":[{"@type":"SearchAction","target":{"@type":"EntryPoint","urlTemplate":"https:\/\/www.visit-ulcinj.com\/blog\/?s={search_term_string}"},"query-input":"required name=search_term_string"}],"inLanguage":"en-US"},{"@type":"ImageObject","inLanguage":"en-US","@id":"https:\/\/www.visit-ulcinj.com\/blog\/2008\/06\/08\/histoire-tumultueuse-de-la-ville-dulcinj\/#primaryimage","url":"http:\/\/www.visit-ulcinj.com\/blog\/wp-content\/uploads\/2008\/06\/dulcigno.thumbnail.jpg","contentUrl":"http:\/\/www.visit-ulcinj.com\/blog\/wp-content\/uploads\/2008\/06\/dulcigno.thumbnail.jpg"},{"@type":"WebPage","@id":"https:\/\/www.visit-ulcinj.com\/blog\/2008\/06\/08\/histoire-tumultueuse-de-la-ville-dulcinj\/#webpage","url":"https:\/\/www.visit-ulcinj.com\/blog\/2008\/06\/08\/histoire-tumultueuse-de-la-ville-dulcinj\/","name":"Histoire tumultueuse de la ville d'Ulcinj - Lajme nga Ulqini","isPartOf":{"@id":"https:\/\/www.visit-ulcinj.com\/blog\/#website"},"primaryImageOfPage":{"@id":"https:\/\/www.visit-ulcinj.com\/blog\/2008\/06\/08\/histoire-tumultueuse-de-la-ville-dulcinj\/#primaryimage"},"datePublished":"2008-06-08T13:23:25+00:00","dateModified":"2009-12-18T15:13:41+00:00","author":{"@id":"https:\/\/www.visit-ulcinj.com\/blog\/#\/schema\/person\/dcab619c614d3038751c63bc2aadc06d"},"breadcrumb":{"@id":"https:\/\/www.visit-ulcinj.com\/blog\/2008\/06\/08\/histoire-tumultueuse-de-la-ville-dulcinj\/#breadcrumb"},"inLanguage":"en-US","potentialAction":[{"@type":"ReadAction","target":["https:\/\/www.visit-ulcinj.com\/blog\/2008\/06\/08\/histoire-tumultueuse-de-la-ville-dulcinj\/"]}]},{"@type":"BreadcrumbList","@id":"https:\/\/www.visit-ulcinj.com\/blog\/2008\/06\/08\/histoire-tumultueuse-de-la-ville-dulcinj\/#breadcrumb","itemListElement":[{"@type":"ListItem","position":1,"name":"Histoire tumultueuse de la ville d&#8217;Ulcinj"}]},{"@type":"Person","@id":"https:\/\/www.visit-ulcinj.com\/blog\/#\/schema\/person\/dcab619c614d3038751c63bc2aadc06d","name":"ulqini","sameAs":["http:\/\/www.visit-ulcinj.com"],"url":"https:\/\/www.visit-ulcinj.com\/blog\/author\/admin\/"}]}},"jetpack_featured_media_url":"","jetpack_sharing_enabled":true,"jetpack_shortlink":"https:\/\/wp.me\/pe6lTn-ve","_links":{"self":[{"href":"https:\/\/www.visit-ulcinj.com\/blog\/wp-json\/wp\/v2\/posts\/1936"}],"collection":[{"href":"https:\/\/www.visit-ulcinj.com\/blog\/wp-json\/wp\/v2\/posts"}],"about":[{"href":"https:\/\/www.visit-ulcinj.com\/blog\/wp-json\/wp\/v2\/types\/post"}],"author":[{"embeddable":true,"href":"https:\/\/www.visit-ulcinj.com\/blog\/wp-json\/wp\/v2\/users\/1"}],"replies":[{"embeddable":true,"href":"https:\/\/www.visit-ulcinj.com\/blog\/wp-json\/wp\/v2\/comments?post=1936"}],"version-history":[{"count":0,"href":"https:\/\/www.visit-ulcinj.com\/blog\/wp-json\/wp\/v2\/posts\/1936\/revisions"}],"wp:attachment":[{"href":"https:\/\/www.visit-ulcinj.com\/blog\/wp-json\/wp\/v2\/media?parent=1936"}],"wp:term":[{"taxonomy":"category","embeddable":true,"href":"https:\/\/www.visit-ulcinj.com\/blog\/wp-json\/wp\/v2\/categories?post=1936"},{"taxonomy":"post_tag","embeddable":true,"href":"https:\/\/www.visit-ulcinj.com\/blog\/wp-json\/wp\/v2\/tags?post=1936"}],"curies":[{"name":"wp","href":"https:\/\/api.w.org\/{rel}","templated":true}]}}