{"id":19367,"date":"2009-04-27T22:07:25","date_gmt":"2009-04-27T20:07:25","guid":{"rendered":"http:\/\/www.visit-ulcinj.com\/blog\/?p=19367"},"modified":"2009-04-27T22:07:25","modified_gmt":"2009-04-27T20:07:25","slug":"prova-e-fituar","status":"publish","type":"post","link":"https:\/\/www.visit-ulcinj.com\/blog\/2009\/04\/27\/prova-e-fituar\/","title":{"rendered":"Prova e fituar"},"content":{"rendered":"<p><em><span class=\"newsdate\"><a href=\"http:\/\/www.visit-ulcinj.com\/blog\/wp-content\/uploads\/2009\/04\/prova-e-karaokes25.jpg\"><img loading=\"lazy\" class=\"alignleft size-full wp-image-19368\" title=\"prova-e-karaokes-big-brother-albania-2\" src=\"http:\/\/www.visit-ulcinj.com\/blog\/wp-content\/uploads\/2009\/04\/prova-e-karaokes25.jpg\" alt=\"prova-e-karaokes-big-brother-albania-2\" width=\"300\" height=\"205\" \/><\/a>25\/04\/09 22:53<\/span><\/em><\/p>\n<p>Prova e jav\u00ebs ka konsistuar n\u00eb nj\u00eb pjes\u00eb tjet\u00ebr e cila ka q\u00ebn\u00eb dhe karaokja n\u00eb gjuh\u00ebn kineze. P\u00ebr p\u00ebrmbushjen e k\u00ebsaj prove u caktuan Anjeza dhe Adi t\u00eb cil\u00ebt interpretuan k\u00ebng\u00ebn e Celin Dion. \u201cBig Brother\u201d duke par\u00eb impenjimin e banor\u00ebve e ka vler\u00ebsuar prov\u00ebn t\u00eb fituar duke disponuar nj\u00eb buxhet prej 3150 lek\u00eb p\u00ebr banor\u00eb n\u00eb jav\u00eb. Mimoza \u00ebsht\u00eb vler\u00ebsuar si m\u00eb e mira e prov\u00ebs duke u b\u00ebr\u00eb dhe kryefamiljarja p\u00ebr jav\u00ebn n\u00eb vazhdim.<\/p>\n","protected":false},"excerpt":{"rendered":"<p>25\/04\/09 22:53 Prova e jav\u00ebs ka konsistuar n\u00eb nj\u00eb pjes\u00eb tjet\u00ebr e cila ka q\u00ebn\u00eb dhe karaokja n\u00eb gjuh\u00ebn kineze. P\u00ebr p\u00ebrmbushjen e k\u00ebsaj prove u caktuan Anjeza dhe Adi t\u00eb cil\u00ebt interpretuan k\u00ebng\u00ebn e Celin Dion. \u201cBig Brother\u201d duke par\u00eb impenjimin e banor\u00ebve e ka vler\u00ebsuar prov\u00ebn t\u00eb fituar duke disponuar nj\u00eb buxhet prej [&hellip;]<\/p>\n","protected":false},"author":1,"featured_media":0,"comment_status":"open","ping_status":"closed","sticky":false,"template":"","format":"standard","meta":{"spay_email":"","jetpack_publicize_message":"","jetpack_is_tweetstorm":false,"jetpack_publicize_feature_enabled":true},"categories":[6502],"tags":[1414,8289,6520,5057,6506,6516,6712,7129,9688,9689,6980,6891,6693,6887],"jetpack_publicize_connections":[],"yoast_head":"<!-- This site is optimized with the Yoast SEO plugin v19.1 - https:\/\/yoast.com\/wordpress\/plugins\/seo\/ -->\n<title>Prova e fituar | Big Brother Albania 2<\/title>\n<meta name=\"description\" content=\"Big Brother Albania 2 - Prova e jav\u00c3\u00abs ka konsistuar n\u00c3\u00ab nj\u00c3\u00ab pjes\u00c3\u00ab tjet\u00c3\u00abr e cila ka q\u00c3\u00abn\u00c3\u00ab dhe karaokja n\u00c3\u00ab gjuh\u00c3\u00abn kineze. P\u00c3\u00abr p\u00c3\u00abrmbushjen e k\u00c3\u00absaj prove u caktuan Anjeza dhe Adi t\u00c3\u00ab cil\u00c3\u00abt interpretuan k\u00c3\u00abng\u00c3\u00abn e Celin Dion.\" \/>\n<meta name=\"robots\" content=\"index, follow, max-snippet:-1, max-image-preview:large, max-video-preview:-1\" \/>\n<link rel=\"canonical\" href=\"https:\/\/www.visit-ulcinj.com\/blog\/2009\/04\/27\/prova-e-fituar\/\" \/>\n<meta property=\"og:locale\" content=\"en_US\" \/>\n<meta property=\"og:type\" content=\"article\" \/>\n<meta property=\"og:title\" content=\"Prova e fituar | Big Brother Albania 2\" \/>\n<meta property=\"og:description\" content=\"Big Brother Albania 2 - Prova e jav\u00c3\u00abs ka konsistuar n\u00c3\u00ab nj\u00c3\u00ab pjes\u00c3\u00ab tjet\u00c3\u00abr e cila ka q\u00c3\u00abn\u00c3\u00ab dhe karaokja n\u00c3\u00ab gjuh\u00c3\u00abn kineze. P\u00c3\u00abr p\u00c3\u00abrmbushjen e k\u00c3\u00absaj prove u caktuan Anjeza dhe Adi t\u00c3\u00ab cil\u00c3\u00abt interpretuan k\u00c3\u00abng\u00c3\u00abn e Celin Dion.\" \/>\n<meta property=\"og:url\" content=\"https:\/\/www.visit-ulcinj.com\/blog\/2009\/04\/27\/prova-e-fituar\/\" \/>\n<meta property=\"og:site_name\" content=\"Lajme nga Ulqini\" \/>\n<meta property=\"article:published_time\" content=\"2009-04-27T20:07:25+00:00\" \/>\n<meta property=\"og:image\" content=\"http:\/\/www.visit-ulcinj.com\/blog\/wp-content\/uploads\/2009\/04\/prova-e-karaokes25.jpg\" \/>\n<meta name=\"twitter:label1\" content=\"Written by\" \/>\n\t<meta name=\"twitter:data1\" content=\"ulqini\" \/>\n<script type=\"application\/ld+json\" class=\"yoast-schema-graph\">{\"@context\":\"https:\/\/schema.org\",\"@graph\":[{\"@type\":\"WebSite\",\"@id\":\"https:\/\/www.visit-ulcinj.com\/blog\/#website\",\"url\":\"https:\/\/www.visit-ulcinj.com\/blog\/\",\"name\":\"Lajme nga Ulqini\",\"description\":\"Lajme,Vijesti,Ulqini,Ulqin,Crna Gora,Mali i Zi\",\"potentialAction\":[{\"@type\":\"SearchAction\",\"target\":{\"@type\":\"EntryPoint\",\"urlTemplate\":\"https:\/\/www.visit-ulcinj.com\/blog\/?s={search_term_string}\"},\"query-input\":\"required name=search_term_string\"}],\"inLanguage\":\"en-US\"},{\"@type\":\"ImageObject\",\"inLanguage\":\"en-US\",\"@id\":\"https:\/\/www.visit-ulcinj.com\/blog\/2009\/04\/27\/prova-e-fituar\/#primaryimage\",\"url\":\"http:\/\/www.visit-ulcinj.com\/blog\/wp-content\/uploads\/2009\/04\/prova-e-karaokes25.jpg\",\"contentUrl\":\"http:\/\/www.visit-ulcinj.com\/blog\/wp-content\/uploads\/2009\/04\/prova-e-karaokes25.jpg\"},{\"@type\":\"WebPage\",\"@id\":\"https:\/\/www.visit-ulcinj.com\/blog\/2009\/04\/27\/prova-e-fituar\/#webpage\",\"url\":\"https:\/\/www.visit-ulcinj.com\/blog\/2009\/04\/27\/prova-e-fituar\/\",\"name\":\"Prova e fituar | Big Brother Albania 2\",\"isPartOf\":{\"@id\":\"https:\/\/www.visit-ulcinj.com\/blog\/#website\"},\"primaryImageOfPage\":{\"@id\":\"https:\/\/www.visit-ulcinj.com\/blog\/2009\/04\/27\/prova-e-fituar\/#primaryimage\"},\"datePublished\":\"2009-04-27T20:07:25+00:00\",\"dateModified\":\"2009-04-27T20:07:25+00:00\",\"author\":{\"@id\":\"https:\/\/www.visit-ulcinj.com\/blog\/#\/schema\/person\/dcab619c614d3038751c63bc2aadc06d\"},\"description\":\"Big Brother Albania 2 - Prova e jav\u00c3\u00abs ka konsistuar n\u00c3\u00ab nj\u00c3\u00ab pjes\u00c3\u00ab tjet\u00c3\u00abr e cila ka q\u00c3\u00abn\u00c3\u00ab dhe karaokja n\u00c3\u00ab gjuh\u00c3\u00abn kineze. P\u00c3\u00abr p\u00c3\u00abrmbushjen e k\u00c3\u00absaj prove u caktuan Anjeza dhe Adi t\u00c3\u00ab cil\u00c3\u00abt interpretuan k\u00c3\u00abng\u00c3\u00abn e Celin Dion.\",\"breadcrumb\":{\"@id\":\"https:\/\/www.visit-ulcinj.com\/blog\/2009\/04\/27\/prova-e-fituar\/#breadcrumb\"},\"inLanguage\":\"en-US\",\"potentialAction\":[{\"@type\":\"ReadAction\",\"target\":[\"https:\/\/www.visit-ulcinj.com\/blog\/2009\/04\/27\/prova-e-fituar\/\"]}]},{\"@type\":\"BreadcrumbList\",\"@id\":\"https:\/\/www.visit-ulcinj.com\/blog\/2009\/04\/27\/prova-e-fituar\/#breadcrumb\",\"itemListElement\":[{\"@type\":\"ListItem\",\"position\":1,\"name\":\"Prova e fituar\"}]},{\"@type\":\"Person\",\"@id\":\"https:\/\/www.visit-ulcinj.com\/blog\/#\/schema\/person\/dcab619c614d3038751c63bc2aadc06d\",\"name\":\"ulqini\",\"sameAs\":[\"http:\/\/www.visit-ulcinj.com\"],\"url\":\"https:\/\/www.visit-ulcinj.com\/blog\/author\/admin\/\"}]}<\/script>\n<!-- \/ Yoast SEO plugin. -->","yoast_head_json":{"title":"Prova e fituar | Big Brother Albania 2","description":"Big Brother Albania 2 - Prova e jav\u00c3\u00abs ka konsistuar n\u00c3\u00ab nj\u00c3\u00ab pjes\u00c3\u00ab tjet\u00c3\u00abr e cila ka q\u00c3\u00abn\u00c3\u00ab dhe karaokja n\u00c3\u00ab gjuh\u00c3\u00abn kineze. P\u00c3\u00abr p\u00c3\u00abrmbushjen e k\u00c3\u00absaj prove u caktuan Anjeza dhe Adi t\u00c3\u00ab cil\u00c3\u00abt interpretuan k\u00c3\u00abng\u00c3\u00abn e Celin Dion.","robots":{"index":"index","follow":"follow","max-snippet":"max-snippet:-1","max-image-preview":"max-image-preview:large","max-video-preview":"max-video-preview:-1"},"canonical":"https:\/\/www.visit-ulcinj.com\/blog\/2009\/04\/27\/prova-e-fituar\/","og_locale":"en_US","og_type":"article","og_title":"Prova e fituar | Big Brother Albania 2","og_description":"Big Brother Albania 2 - Prova e jav\u00c3\u00abs ka konsistuar n\u00c3\u00ab nj\u00c3\u00ab pjes\u00c3\u00ab tjet\u00c3\u00abr e cila ka q\u00c3\u00abn\u00c3\u00ab dhe karaokja n\u00c3\u00ab gjuh\u00c3\u00abn kineze. P\u00c3\u00abr p\u00c3\u00abrmbushjen e k\u00c3\u00absaj prove u caktuan Anjeza dhe Adi t\u00c3\u00ab cil\u00c3\u00abt interpretuan k\u00c3\u00abng\u00c3\u00abn e Celin Dion.","og_url":"https:\/\/www.visit-ulcinj.com\/blog\/2009\/04\/27\/prova-e-fituar\/","og_site_name":"Lajme nga Ulqini","article_published_time":"2009-04-27T20:07:25+00:00","og_image":[{"url":"http:\/\/www.visit-ulcinj.com\/blog\/wp-content\/uploads\/2009\/04\/prova-e-karaokes25.jpg"}],"twitter_misc":{"Written by":"ulqini"},"schema":{"@context":"https:\/\/schema.org","@graph":[{"@type":"WebSite","@id":"https:\/\/www.visit-ulcinj.com\/blog\/#website","url":"https:\/\/www.visit-ulcinj.com\/blog\/","name":"Lajme nga Ulqini","description":"Lajme,Vijesti,Ulqini,Ulqin,Crna Gora,Mali i Zi","potentialAction":[{"@type":"SearchAction","target":{"@type":"EntryPoint","urlTemplate":"https:\/\/www.visit-ulcinj.com\/blog\/?s={search_term_string}"},"query-input":"required name=search_term_string"}],"inLanguage":"en-US"},{"@type":"ImageObject","inLanguage":"en-US","@id":"https:\/\/www.visit-ulcinj.com\/blog\/2009\/04\/27\/prova-e-fituar\/#primaryimage","url":"http:\/\/www.visit-ulcinj.com\/blog\/wp-content\/uploads\/2009\/04\/prova-e-karaokes25.jpg","contentUrl":"http:\/\/www.visit-ulcinj.com\/blog\/wp-content\/uploads\/2009\/04\/prova-e-karaokes25.jpg"},{"@type":"WebPage","@id":"https:\/\/www.visit-ulcinj.com\/blog\/2009\/04\/27\/prova-e-fituar\/#webpage","url":"https:\/\/www.visit-ulcinj.com\/blog\/2009\/04\/27\/prova-e-fituar\/","name":"Prova e fituar | Big Brother Albania 2","isPartOf":{"@id":"https:\/\/www.visit-ulcinj.com\/blog\/#website"},"primaryImageOfPage":{"@id":"https:\/\/www.visit-ulcinj.com\/blog\/2009\/04\/27\/prova-e-fituar\/#primaryimage"},"datePublished":"2009-04-27T20:07:25+00:00","dateModified":"2009-04-27T20:07:25+00:00","author":{"@id":"https:\/\/www.visit-ulcinj.com\/blog\/#\/schema\/person\/dcab619c614d3038751c63bc2aadc06d"},"description":"Big Brother Albania 2 - Prova e jav\u00c3\u00abs ka konsistuar n\u00c3\u00ab nj\u00c3\u00ab pjes\u00c3\u00ab tjet\u00c3\u00abr e cila ka q\u00c3\u00abn\u00c3\u00ab dhe karaokja n\u00c3\u00ab gjuh\u00c3\u00abn kineze. P\u00c3\u00abr p\u00c3\u00abrmbushjen e k\u00c3\u00absaj prove u caktuan Anjeza dhe Adi t\u00c3\u00ab cil\u00c3\u00abt interpretuan k\u00c3\u00abng\u00c3\u00abn e Celin Dion.","breadcrumb":{"@id":"https:\/\/www.visit-ulcinj.com\/blog\/2009\/04\/27\/prova-e-fituar\/#breadcrumb"},"inLanguage":"en-US","potentialAction":[{"@type":"ReadAction","target":["https:\/\/www.visit-ulcinj.com\/blog\/2009\/04\/27\/prova-e-fituar\/"]}]},{"@type":"BreadcrumbList","@id":"https:\/\/www.visit-ulcinj.com\/blog\/2009\/04\/27\/prova-e-fituar\/#breadcrumb","itemListElement":[{"@type":"ListItem","position":1,"name":"Prova e fituar"}]},{"@type":"Person","@id":"https:\/\/www.visit-ulcinj.com\/blog\/#\/schema\/person\/dcab619c614d3038751c63bc2aadc06d","name":"ulqini","sameAs":["http:\/\/www.visit-ulcinj.com"],"url":"https:\/\/www.visit-ulcinj.com\/blog\/author\/admin\/"}]}},"jetpack_featured_media_url":"","jetpack_sharing_enabled":true,"jetpack_shortlink":"https:\/\/wp.me\/pe6lTn-52n","_links":{"self":[{"href":"https:\/\/www.visit-ulcinj.com\/blog\/wp-json\/wp\/v2\/posts\/19367"}],"collection":[{"href":"https:\/\/www.visit-ulcinj.com\/blog\/wp-json\/wp\/v2\/posts"}],"about":[{"href":"https:\/\/www.visit-ulcinj.com\/blog\/wp-json\/wp\/v2\/types\/post"}],"author":[{"embeddable":true,"href":"https:\/\/www.visit-ulcinj.com\/blog\/wp-json\/wp\/v2\/users\/1"}],"replies":[{"embeddable":true,"href":"https:\/\/www.visit-ulcinj.com\/blog\/wp-json\/wp\/v2\/comments?post=19367"}],"version-history":[{"count":0,"href":"https:\/\/www.visit-ulcinj.com\/blog\/wp-json\/wp\/v2\/posts\/19367\/revisions"}],"wp:attachment":[{"href":"https:\/\/www.visit-ulcinj.com\/blog\/wp-json\/wp\/v2\/media?parent=19367"}],"wp:term":[{"taxonomy":"category","embeddable":true,"href":"https:\/\/www.visit-ulcinj.com\/blog\/wp-json\/wp\/v2\/categories?post=19367"},{"taxonomy":"post_tag","embeddable":true,"href":"https:\/\/www.visit-ulcinj.com\/blog\/wp-json\/wp\/v2\/tags?post=19367"}],"curies":[{"name":"wp","href":"https:\/\/api.w.org\/{rel}","templated":true}]}}