{"id":19370,"date":"2009-04-27T22:09:46","date_gmt":"2009-04-27T20:09:46","guid":{"rendered":"http:\/\/www.visit-ulcinj.com\/blog\/?p=19370"},"modified":"2009-04-27T22:09:46","modified_gmt":"2009-04-27T20:09:46","slug":"policet-e-%e2%80%9cportokallise%e2%80%9d-ne-shtepi","status":"publish","type":"post","link":"https:\/\/www.visit-ulcinj.com\/blog\/2009\/04\/27\/policet-e-%e2%80%9cportokallise%e2%80%9d-ne-shtepi\/","title":{"rendered":"Polic\u00ebt e \u201cPortokallis\u00eb\u201d n\u00eb sht\u00ebpi"},"content":{"rendered":"<p><em><span class=\"newsdate\"><a href=\"http:\/\/www.visit-ulcinj.com\/blog\/wp-content\/uploads\/2009\/04\/policet-portokalli.jpg\"><img loading=\"lazy\" class=\"alignleft size-full wp-image-19371\" title=\"policet-portokalli-big-brother-albania-2\" src=\"http:\/\/www.visit-ulcinj.com\/blog\/wp-content\/uploads\/2009\/04\/policet-portokalli.jpg\" alt=\"policet-portokalli-big-brother-albania-2\" width=\"300\" height=\"205\" \/><\/a>26\/04\/09 00:00<\/span><\/em><\/p>\n<p>V\u00ebllai i Madh ka dashur t\u2019u b\u00ebj\u00eb banor\u00ebve t\u00eb sht\u00ebpis\u00eb nj\u00eb tjet\u00ebr surpriz\u00eb. Kan\u00eb qen\u00eb k\u00ebsaj rradhe polic\u00ebt e spektaklit t\u00eb famsh\u00ebm t\u00eb humorit, \u201cPortokalli\u201d, q\u00eb kan\u00eb hyr\u00eb n\u00eb sht\u00ebpin\u00eb e Big Brother. Ata i kan\u00eb pritur banor\u00ebt, n\u00eb zon\u00ebn e kampingut, si polic\u00eb t\u00eb v\u00ebrtet\u00eb. Pjesa m\u00eb e madhe e banor\u00ebv\u00eb, q\u00eb i njihnin ata, kan\u00eb qeshur, nd\u00ebrsa disa t\u00eb tjer\u00eb, si p\u00ebr shembull Bjordi, jan\u00eb trembur disi. Ata kan\u00eb q\u00ebndruar gjat\u00eb n\u00eb sht\u00ebpin\u00eb e Big Brother duke e mbushur at\u00eb me t\u00eb qeshura dhe humor. Banor\u00ebt dhe polic\u00ebt, ata kan\u00eb k\u00ebnduar s\u00ebbashku, k\u00ebng\u00ebn q\u00eb k\u00ebta t\u00eb fundit, kishin shkruar p\u00ebr ta.<\/p>\n","protected":false},"excerpt":{"rendered":"<p>26\/04\/09 00:00 V\u00ebllai i Madh ka dashur t\u2019u b\u00ebj\u00eb banor\u00ebve t\u00eb sht\u00ebpis\u00eb nj\u00eb tjet\u00ebr surpriz\u00eb. Kan\u00eb qen\u00eb k\u00ebsaj rradhe polic\u00ebt e spektaklit t\u00eb famsh\u00ebm t\u00eb humorit, \u201cPortokalli\u201d, q\u00eb kan\u00eb hyr\u00eb n\u00eb sht\u00ebpin\u00eb e Big Brother. Ata i kan\u00eb pritur banor\u00ebt, n\u00eb zon\u00ebn e kampingut, si polic\u00eb t\u00eb v\u00ebrtet\u00eb. Pjesa m\u00eb e madhe e banor\u00ebv\u00eb, q\u00eb [&hellip;]<\/p>\n","protected":false},"author":1,"featured_media":0,"comment_status":"open","ping_status":"closed","sticky":false,"template":"","format":"standard","meta":{"spay_email":"","jetpack_publicize_message":"","jetpack_is_tweetstorm":false,"jetpack_publicize_feature_enabled":true},"categories":[6502],"tags":[5057,6506,6516,6712,7129,829,9690,6891,6693,6887],"jetpack_publicize_connections":[],"yoast_head":"<!-- This site is optimized with the Yoast SEO plugin v19.1 - https:\/\/yoast.com\/wordpress\/plugins\/seo\/ -->\n<title>Polic\u00c3\u00abt e \u00e2\u20ac\u0153Portokallis\u00c3\u00ab\u00e2\u20ac\u009d n\u00c3\u00ab sht\u00c3\u00abpi | Big Brother Albania 2<\/title>\n<meta name=\"description\" content=\"Big Brother Albania 2 - V\u00c3\u00abllai i Madh ka dashur t\u00e2\u20ac\u2122u b\u00c3\u00abj\u00c3\u00ab banor\u00c3\u00abve t\u00c3\u00ab sht\u00c3\u00abpis\u00c3\u00ab nj\u00c3\u00ab tjet\u00c3\u00abr surpriz\u00c3\u00ab. Kan\u00c3\u00ab qen\u00c3\u00ab k\u00c3\u00absaj rradhe polic\u00c3\u00abt e spektaklit t\u00c3\u00ab famsh\u00c3\u00abm t\u00c3\u00ab humorit, \u00e2\u20ac\u0153Portokalli&quot;\" \/>\n<meta name=\"robots\" content=\"index, follow, max-snippet:-1, max-image-preview:large, max-video-preview:-1\" \/>\n<link rel=\"canonical\" href=\"https:\/\/www.visit-ulcinj.com\/blog\/2009\/04\/27\/policet-e-\u201cportokallise\u201d-ne-shtepi\/\" \/>\n<meta property=\"og:locale\" content=\"en_US\" \/>\n<meta property=\"og:type\" content=\"article\" \/>\n<meta property=\"og:title\" content=\"Polic\u00c3\u00abt e \u00e2\u20ac\u0153Portokallis\u00c3\u00ab\u00e2\u20ac\u009d n\u00c3\u00ab sht\u00c3\u00abpi | Big Brother Albania 2\" \/>\n<meta property=\"og:description\" content=\"Big Brother Albania 2 - V\u00c3\u00abllai i Madh ka dashur t\u00e2\u20ac\u2122u b\u00c3\u00abj\u00c3\u00ab banor\u00c3\u00abve t\u00c3\u00ab sht\u00c3\u00abpis\u00c3\u00ab nj\u00c3\u00ab tjet\u00c3\u00abr surpriz\u00c3\u00ab. Kan\u00c3\u00ab qen\u00c3\u00ab k\u00c3\u00absaj rradhe polic\u00c3\u00abt e spektaklit t\u00c3\u00ab famsh\u00c3\u00abm t\u00c3\u00ab humorit, \u00e2\u20ac\u0153Portokalli&quot;\" \/>\n<meta property=\"og:url\" content=\"https:\/\/www.visit-ulcinj.com\/blog\/2009\/04\/27\/policet-e-\u201cportokallise\u201d-ne-shtepi\/\" \/>\n<meta property=\"og:site_name\" content=\"Lajme nga Ulqini\" \/>\n<meta property=\"article:published_time\" content=\"2009-04-27T20:09:46+00:00\" \/>\n<meta property=\"og:image\" content=\"http:\/\/www.visit-ulcinj.com\/blog\/wp-content\/uploads\/2009\/04\/policet-portokalli.jpg\" \/>\n<meta name=\"twitter:label1\" content=\"Written by\" \/>\n\t<meta name=\"twitter:data1\" content=\"ulqini\" \/>\n\t<meta name=\"twitter:label2\" content=\"Est. reading time\" \/>\n\t<meta name=\"twitter:data2\" content=\"1 minute\" \/>\n<script type=\"application\/ld+json\" class=\"yoast-schema-graph\">{\"@context\":\"https:\/\/schema.org\",\"@graph\":[{\"@type\":\"WebSite\",\"@id\":\"https:\/\/www.visit-ulcinj.com\/blog\/#website\",\"url\":\"https:\/\/www.visit-ulcinj.com\/blog\/\",\"name\":\"Lajme nga Ulqini\",\"description\":\"Lajme,Vijesti,Ulqini,Ulqin,Crna Gora,Mali i Zi\",\"potentialAction\":[{\"@type\":\"SearchAction\",\"target\":{\"@type\":\"EntryPoint\",\"urlTemplate\":\"https:\/\/www.visit-ulcinj.com\/blog\/?s={search_term_string}\"},\"query-input\":\"required name=search_term_string\"}],\"inLanguage\":\"en-US\"},{\"@type\":\"ImageObject\",\"inLanguage\":\"en-US\",\"@id\":\"https:\/\/www.visit-ulcinj.com\/blog\/2009\/04\/27\/policet-e-%e2%80%9cportokallise%e2%80%9d-ne-shtepi\/#primaryimage\",\"url\":\"http:\/\/www.visit-ulcinj.com\/blog\/wp-content\/uploads\/2009\/04\/policet-portokalli.jpg\",\"contentUrl\":\"http:\/\/www.visit-ulcinj.com\/blog\/wp-content\/uploads\/2009\/04\/policet-portokalli.jpg\"},{\"@type\":\"WebPage\",\"@id\":\"https:\/\/www.visit-ulcinj.com\/blog\/2009\/04\/27\/policet-e-%e2%80%9cportokallise%e2%80%9d-ne-shtepi\/#webpage\",\"url\":\"https:\/\/www.visit-ulcinj.com\/blog\/2009\/04\/27\/policet-e-%e2%80%9cportokallise%e2%80%9d-ne-shtepi\/\",\"name\":\"Polic\u00c3\u00abt e \u00e2\u20ac\u0153Portokallis\u00c3\u00ab\u00e2\u20ac\u009d n\u00c3\u00ab sht\u00c3\u00abpi | Big Brother Albania 2\",\"isPartOf\":{\"@id\":\"https:\/\/www.visit-ulcinj.com\/blog\/#website\"},\"primaryImageOfPage\":{\"@id\":\"https:\/\/www.visit-ulcinj.com\/blog\/2009\/04\/27\/policet-e-%e2%80%9cportokallise%e2%80%9d-ne-shtepi\/#primaryimage\"},\"datePublished\":\"2009-04-27T20:09:46+00:00\",\"dateModified\":\"2009-04-27T20:09:46+00:00\",\"author\":{\"@id\":\"https:\/\/www.visit-ulcinj.com\/blog\/#\/schema\/person\/dcab619c614d3038751c63bc2aadc06d\"},\"description\":\"Big Brother Albania 2 - V\u00c3\u00abllai i Madh ka dashur t\u00e2\u20ac\u2122u b\u00c3\u00abj\u00c3\u00ab banor\u00c3\u00abve t\u00c3\u00ab sht\u00c3\u00abpis\u00c3\u00ab nj\u00c3\u00ab tjet\u00c3\u00abr surpriz\u00c3\u00ab. Kan\u00c3\u00ab qen\u00c3\u00ab k\u00c3\u00absaj rradhe polic\u00c3\u00abt e spektaklit t\u00c3\u00ab famsh\u00c3\u00abm t\u00c3\u00ab humorit, \u00e2\u20ac\u0153Portokalli\\\"\",\"breadcrumb\":{\"@id\":\"https:\/\/www.visit-ulcinj.com\/blog\/2009\/04\/27\/policet-e-%e2%80%9cportokallise%e2%80%9d-ne-shtepi\/#breadcrumb\"},\"inLanguage\":\"en-US\",\"potentialAction\":[{\"@type\":\"ReadAction\",\"target\":[\"https:\/\/www.visit-ulcinj.com\/blog\/2009\/04\/27\/policet-e-%e2%80%9cportokallise%e2%80%9d-ne-shtepi\/\"]}]},{\"@type\":\"BreadcrumbList\",\"@id\":\"https:\/\/www.visit-ulcinj.com\/blog\/2009\/04\/27\/policet-e-%e2%80%9cportokallise%e2%80%9d-ne-shtepi\/#breadcrumb\",\"itemListElement\":[{\"@type\":\"ListItem\",\"position\":1,\"name\":\"Polic\u00ebt e \u201cPortokallis\u00eb\u201d n\u00eb sht\u00ebpi\"}]},{\"@type\":\"Person\",\"@id\":\"https:\/\/www.visit-ulcinj.com\/blog\/#\/schema\/person\/dcab619c614d3038751c63bc2aadc06d\",\"name\":\"ulqini\",\"sameAs\":[\"http:\/\/www.visit-ulcinj.com\"],\"url\":\"https:\/\/www.visit-ulcinj.com\/blog\/author\/admin\/\"}]}<\/script>\n<!-- \/ Yoast SEO plugin. -->","yoast_head_json":{"title":"Polic\u00c3\u00abt e \u00e2\u20ac\u0153Portokallis\u00c3\u00ab\u00e2\u20ac\u009d n\u00c3\u00ab sht\u00c3\u00abpi | Big Brother Albania 2","description":"Big Brother Albania 2 - V\u00c3\u00abllai i Madh ka dashur t\u00e2\u20ac\u2122u b\u00c3\u00abj\u00c3\u00ab banor\u00c3\u00abve t\u00c3\u00ab sht\u00c3\u00abpis\u00c3\u00ab nj\u00c3\u00ab tjet\u00c3\u00abr surpriz\u00c3\u00ab. Kan\u00c3\u00ab qen\u00c3\u00ab k\u00c3\u00absaj rradhe polic\u00c3\u00abt e spektaklit t\u00c3\u00ab famsh\u00c3\u00abm t\u00c3\u00ab humorit, \u00e2\u20ac\u0153Portokalli\"","robots":{"index":"index","follow":"follow","max-snippet":"max-snippet:-1","max-image-preview":"max-image-preview:large","max-video-preview":"max-video-preview:-1"},"canonical":"https:\/\/www.visit-ulcinj.com\/blog\/2009\/04\/27\/policet-e-\u201cportokallise\u201d-ne-shtepi\/","og_locale":"en_US","og_type":"article","og_title":"Polic\u00c3\u00abt e \u00e2\u20ac\u0153Portokallis\u00c3\u00ab\u00e2\u20ac\u009d n\u00c3\u00ab sht\u00c3\u00abpi | Big Brother Albania 2","og_description":"Big Brother Albania 2 - V\u00c3\u00abllai i Madh ka dashur t\u00e2\u20ac\u2122u b\u00c3\u00abj\u00c3\u00ab banor\u00c3\u00abve t\u00c3\u00ab sht\u00c3\u00abpis\u00c3\u00ab nj\u00c3\u00ab tjet\u00c3\u00abr surpriz\u00c3\u00ab. Kan\u00c3\u00ab qen\u00c3\u00ab k\u00c3\u00absaj rradhe polic\u00c3\u00abt e spektaklit t\u00c3\u00ab famsh\u00c3\u00abm t\u00c3\u00ab humorit, \u00e2\u20ac\u0153Portokalli\"","og_url":"https:\/\/www.visit-ulcinj.com\/blog\/2009\/04\/27\/policet-e-\u201cportokallise\u201d-ne-shtepi\/","og_site_name":"Lajme nga Ulqini","article_published_time":"2009-04-27T20:09:46+00:00","og_image":[{"url":"http:\/\/www.visit-ulcinj.com\/blog\/wp-content\/uploads\/2009\/04\/policet-portokalli.jpg"}],"twitter_misc":{"Written by":"ulqini","Est. reading time":"1 minute"},"schema":{"@context":"https:\/\/schema.org","@graph":[{"@type":"WebSite","@id":"https:\/\/www.visit-ulcinj.com\/blog\/#website","url":"https:\/\/www.visit-ulcinj.com\/blog\/","name":"Lajme nga Ulqini","description":"Lajme,Vijesti,Ulqini,Ulqin,Crna Gora,Mali i Zi","potentialAction":[{"@type":"SearchAction","target":{"@type":"EntryPoint","urlTemplate":"https:\/\/www.visit-ulcinj.com\/blog\/?s={search_term_string}"},"query-input":"required name=search_term_string"}],"inLanguage":"en-US"},{"@type":"ImageObject","inLanguage":"en-US","@id":"https:\/\/www.visit-ulcinj.com\/blog\/2009\/04\/27\/policet-e-%e2%80%9cportokallise%e2%80%9d-ne-shtepi\/#primaryimage","url":"http:\/\/www.visit-ulcinj.com\/blog\/wp-content\/uploads\/2009\/04\/policet-portokalli.jpg","contentUrl":"http:\/\/www.visit-ulcinj.com\/blog\/wp-content\/uploads\/2009\/04\/policet-portokalli.jpg"},{"@type":"WebPage","@id":"https:\/\/www.visit-ulcinj.com\/blog\/2009\/04\/27\/policet-e-%e2%80%9cportokallise%e2%80%9d-ne-shtepi\/#webpage","url":"https:\/\/www.visit-ulcinj.com\/blog\/2009\/04\/27\/policet-e-%e2%80%9cportokallise%e2%80%9d-ne-shtepi\/","name":"Polic\u00c3\u00abt e \u00e2\u20ac\u0153Portokallis\u00c3\u00ab\u00e2\u20ac\u009d n\u00c3\u00ab sht\u00c3\u00abpi | Big Brother Albania 2","isPartOf":{"@id":"https:\/\/www.visit-ulcinj.com\/blog\/#website"},"primaryImageOfPage":{"@id":"https:\/\/www.visit-ulcinj.com\/blog\/2009\/04\/27\/policet-e-%e2%80%9cportokallise%e2%80%9d-ne-shtepi\/#primaryimage"},"datePublished":"2009-04-27T20:09:46+00:00","dateModified":"2009-04-27T20:09:46+00:00","author":{"@id":"https:\/\/www.visit-ulcinj.com\/blog\/#\/schema\/person\/dcab619c614d3038751c63bc2aadc06d"},"description":"Big Brother Albania 2 - V\u00c3\u00abllai i Madh ka dashur t\u00e2\u20ac\u2122u b\u00c3\u00abj\u00c3\u00ab banor\u00c3\u00abve t\u00c3\u00ab sht\u00c3\u00abpis\u00c3\u00ab nj\u00c3\u00ab tjet\u00c3\u00abr surpriz\u00c3\u00ab. Kan\u00c3\u00ab qen\u00c3\u00ab k\u00c3\u00absaj rradhe polic\u00c3\u00abt e spektaklit t\u00c3\u00ab famsh\u00c3\u00abm t\u00c3\u00ab humorit, \u00e2\u20ac\u0153Portokalli\"","breadcrumb":{"@id":"https:\/\/www.visit-ulcinj.com\/blog\/2009\/04\/27\/policet-e-%e2%80%9cportokallise%e2%80%9d-ne-shtepi\/#breadcrumb"},"inLanguage":"en-US","potentialAction":[{"@type":"ReadAction","target":["https:\/\/www.visit-ulcinj.com\/blog\/2009\/04\/27\/policet-e-%e2%80%9cportokallise%e2%80%9d-ne-shtepi\/"]}]},{"@type":"BreadcrumbList","@id":"https:\/\/www.visit-ulcinj.com\/blog\/2009\/04\/27\/policet-e-%e2%80%9cportokallise%e2%80%9d-ne-shtepi\/#breadcrumb","itemListElement":[{"@type":"ListItem","position":1,"name":"Polic\u00ebt e \u201cPortokallis\u00eb\u201d n\u00eb sht\u00ebpi"}]},{"@type":"Person","@id":"https:\/\/www.visit-ulcinj.com\/blog\/#\/schema\/person\/dcab619c614d3038751c63bc2aadc06d","name":"ulqini","sameAs":["http:\/\/www.visit-ulcinj.com"],"url":"https:\/\/www.visit-ulcinj.com\/blog\/author\/admin\/"}]}},"jetpack_featured_media_url":"","jetpack_sharing_enabled":true,"jetpack_shortlink":"https:\/\/wp.me\/pe6lTn-52q","_links":{"self":[{"href":"https:\/\/www.visit-ulcinj.com\/blog\/wp-json\/wp\/v2\/posts\/19370"}],"collection":[{"href":"https:\/\/www.visit-ulcinj.com\/blog\/wp-json\/wp\/v2\/posts"}],"about":[{"href":"https:\/\/www.visit-ulcinj.com\/blog\/wp-json\/wp\/v2\/types\/post"}],"author":[{"embeddable":true,"href":"https:\/\/www.visit-ulcinj.com\/blog\/wp-json\/wp\/v2\/users\/1"}],"replies":[{"embeddable":true,"href":"https:\/\/www.visit-ulcinj.com\/blog\/wp-json\/wp\/v2\/comments?post=19370"}],"version-history":[{"count":0,"href":"https:\/\/www.visit-ulcinj.com\/blog\/wp-json\/wp\/v2\/posts\/19370\/revisions"}],"wp:attachment":[{"href":"https:\/\/www.visit-ulcinj.com\/blog\/wp-json\/wp\/v2\/media?parent=19370"}],"wp:term":[{"taxonomy":"category","embeddable":true,"href":"https:\/\/www.visit-ulcinj.com\/blog\/wp-json\/wp\/v2\/categories?post=19370"},{"taxonomy":"post_tag","embeddable":true,"href":"https:\/\/www.visit-ulcinj.com\/blog\/wp-json\/wp\/v2\/tags?post=19370"}],"curies":[{"name":"wp","href":"https:\/\/api.w.org\/{rel}","templated":true}]}}