{"id":19374,"date":"2009-04-27T22:21:24","date_gmt":"2009-04-27T20:21:24","guid":{"rendered":"http:\/\/www.visit-ulcinj.com\/blog\/?p=19374"},"modified":"2009-04-27T22:21:24","modified_gmt":"2009-04-27T20:21:24","slug":"anjeza-me-duket-sikur-jam-une-shkaku","status":"publish","type":"post","link":"https:\/\/www.visit-ulcinj.com\/blog\/2009\/04\/27\/anjeza-me-duket-sikur-jam-une-shkaku\/","title":{"rendered":"Anjeza : M\u00eb duket sikur jam un\u00eb shkaku"},"content":{"rendered":"<p><em><span class=\"newsdate\">26\/04\/09 02:00<\/span><\/em><\/p>\n<p><a href=\"http:\/\/www.visit-ulcinj.com\/blog\/wp-content\/uploads\/2009\/04\/anjeza-duke-qare-copy.jpg\"><img loading=\"lazy\" class=\"alignleft size-full wp-image-19375\" title=\"anjeza-duke-qare-big-brother-albania-2\" src=\"http:\/\/www.visit-ulcinj.com\/blog\/wp-content\/uploads\/2009\/04\/anjeza-duke-qare-copy.jpg\" alt=\"anjeza-duke-qare-big-brother-albania-2\" width=\"300\" height=\"205\" \/><\/a>\u00a0Prania e polic\u00ebve t\u00eb Portokallis\u00eb, brenda sht\u00ebpis\u00eb s\u00eb Big Brother sikur ia largoi fillimisht mendjen, por m\u00eb von\u00eb, pas largimit t\u00eb tyre, kur sht\u00ebpia ra n\u00eb qet\u00ebsin\u00eb dhe rutin\u00ebn e p\u00ebrditshme, ajo shp\u00ebrtheu n\u00eb lot. \u201cJe e m\u00ebrzitur apo t\u00eb vjen inat?\u201d \u2013 e ka pyetur Juna, nd\u00ebrsa bisedonin t\u00eb dyja, vet\u00ebm, t\u00eb ulura jasht\u00eb, n\u00eb oborrin e sht\u00ebpis\u00eb. \u201cT\u00eb dyja!\u201d \u2013 i ka th\u00ebn\u00eb Anjeza. \u201cM\u00eb duket sikur e ndjeja q\u00eb do t\u00eb dilte!- ka shtuar ajo m\u00eb pas. Juna, duke u p\u00ebrpjekur ta ngush\u00eblloj\u00eb i ka p\u00ebrmendur faktin q\u00eb Arjoni ishte n\u00eb Tiran\u00eb. M\u00eb Juna ka shtuar se prandaj ishte e kot\u00eb t\u00eb p\u00ebrpiqeshe t\u00eb b\u00ebje loj\u00ebra apo llogaritje, pasi gj\u00ebrat ishin t\u00eb paparashikueshme. \u201cNuk m\u00eb besohet q\u00eb ka ikur Arjoni!\u201d- ka th\u00ebn\u00eb Anjeza, &#8211; M\u00eb duket sikur jam un\u00eb shkaku!\u201d<\/p>\n","protected":false},"excerpt":{"rendered":"<p>26\/04\/09 02:00 \u00a0Prania e polic\u00ebve t\u00eb Portokallis\u00eb, brenda sht\u00ebpis\u00eb s\u00eb Big Brother sikur ia largoi fillimisht mendjen, por m\u00eb von\u00eb, pas largimit t\u00eb tyre, kur sht\u00ebpia ra n\u00eb qet\u00ebsin\u00eb dhe rutin\u00ebn e p\u00ebrditshme, ajo shp\u00ebrtheu n\u00eb lot. \u201cJe e m\u00ebrzitur apo t\u00eb vjen inat?\u201d \u2013 e ka pyetur Juna, nd\u00ebrsa bisedonin t\u00eb dyja, vet\u00ebm, t\u00eb [&hellip;]<\/p>\n","protected":false},"author":1,"featured_media":0,"comment_status":"open","ping_status":"closed","sticky":false,"template":"","format":"standard","meta":{"spay_email":"","jetpack_publicize_message":"","jetpack_is_tweetstorm":false,"jetpack_publicize_feature_enabled":true},"categories":[6502],"tags":[8289,6525,5057,6506,6516,6712,7129,1442,9011,6891,6693,6887],"jetpack_publicize_connections":[],"yoast_head":"<!-- This site is optimized with the Yoast SEO plugin v19.1 - https:\/\/yoast.com\/wordpress\/plugins\/seo\/ -->\n<title>Anjeza : M\u00c3\u00ab duket sikur jam un\u00c3\u00ab shkaku | Big Brother Albania 2<\/title>\n<meta name=\"description\" content=\"Big Brother Albania 2 - Junida i ka q\u00c3\u00abndruar gjat\u00c3\u00ab gjith\u00c3\u00ab koh\u00c3\u00abs pran\u00c3\u00ab Anjez\u00c3\u00abs s\u00c3\u00ab trishtuar nga dalja e Arjonit. Ajo i ka th\u00c3\u00abn\u00c3\u00ab t\u00c3\u00ab mos m\u00c3\u00abrzitej dhe t\u00c3\u00ab mundohej t\u00e2\u20ac\u2122i merrte gj\u00c3\u00abrat pozitivisht.\" \/>\n<meta name=\"robots\" content=\"index, follow, max-snippet:-1, max-image-preview:large, max-video-preview:-1\" \/>\n<link rel=\"canonical\" href=\"https:\/\/www.visit-ulcinj.com\/blog\/2009\/04\/27\/anjeza-me-duket-sikur-jam-une-shkaku\/\" \/>\n<meta property=\"og:locale\" content=\"en_US\" \/>\n<meta property=\"og:type\" content=\"article\" \/>\n<meta property=\"og:title\" content=\"Anjeza : M\u00c3\u00ab duket sikur jam un\u00c3\u00ab shkaku | Big Brother Albania 2\" \/>\n<meta property=\"og:description\" content=\"Big Brother Albania 2 - Junida i ka q\u00c3\u00abndruar gjat\u00c3\u00ab gjith\u00c3\u00ab koh\u00c3\u00abs pran\u00c3\u00ab Anjez\u00c3\u00abs s\u00c3\u00ab trishtuar nga dalja e Arjonit. Ajo i ka th\u00c3\u00abn\u00c3\u00ab t\u00c3\u00ab mos m\u00c3\u00abrzitej dhe t\u00c3\u00ab mundohej t\u00e2\u20ac\u2122i merrte gj\u00c3\u00abrat pozitivisht.\" \/>\n<meta property=\"og:url\" content=\"https:\/\/www.visit-ulcinj.com\/blog\/2009\/04\/27\/anjeza-me-duket-sikur-jam-une-shkaku\/\" \/>\n<meta property=\"og:site_name\" content=\"Lajme nga Ulqini\" \/>\n<meta property=\"article:published_time\" content=\"2009-04-27T20:21:24+00:00\" \/>\n<meta property=\"og:image\" content=\"http:\/\/www.visit-ulcinj.com\/blog\/wp-content\/uploads\/2009\/04\/anjeza-duke-qare-copy.jpg\" \/>\n<meta name=\"twitter:label1\" content=\"Written by\" \/>\n\t<meta name=\"twitter:data1\" content=\"ulqini\" \/>\n\t<meta name=\"twitter:label2\" content=\"Est. reading time\" \/>\n\t<meta name=\"twitter:data2\" content=\"1 minute\" \/>\n<script type=\"application\/ld+json\" class=\"yoast-schema-graph\">{\"@context\":\"https:\/\/schema.org\",\"@graph\":[{\"@type\":\"WebSite\",\"@id\":\"https:\/\/www.visit-ulcinj.com\/blog\/#website\",\"url\":\"https:\/\/www.visit-ulcinj.com\/blog\/\",\"name\":\"Lajme nga Ulqini\",\"description\":\"Lajme,Vijesti,Ulqini,Ulqin,Crna Gora,Mali i Zi\",\"potentialAction\":[{\"@type\":\"SearchAction\",\"target\":{\"@type\":\"EntryPoint\",\"urlTemplate\":\"https:\/\/www.visit-ulcinj.com\/blog\/?s={search_term_string}\"},\"query-input\":\"required name=search_term_string\"}],\"inLanguage\":\"en-US\"},{\"@type\":\"ImageObject\",\"inLanguage\":\"en-US\",\"@id\":\"https:\/\/www.visit-ulcinj.com\/blog\/2009\/04\/27\/anjeza-me-duket-sikur-jam-une-shkaku\/#primaryimage\",\"url\":\"http:\/\/www.visit-ulcinj.com\/blog\/wp-content\/uploads\/2009\/04\/anjeza-duke-qare-copy.jpg\",\"contentUrl\":\"http:\/\/www.visit-ulcinj.com\/blog\/wp-content\/uploads\/2009\/04\/anjeza-duke-qare-copy.jpg\"},{\"@type\":\"WebPage\",\"@id\":\"https:\/\/www.visit-ulcinj.com\/blog\/2009\/04\/27\/anjeza-me-duket-sikur-jam-une-shkaku\/#webpage\",\"url\":\"https:\/\/www.visit-ulcinj.com\/blog\/2009\/04\/27\/anjeza-me-duket-sikur-jam-une-shkaku\/\",\"name\":\"Anjeza : M\u00c3\u00ab duket sikur jam un\u00c3\u00ab shkaku | Big Brother Albania 2\",\"isPartOf\":{\"@id\":\"https:\/\/www.visit-ulcinj.com\/blog\/#website\"},\"primaryImageOfPage\":{\"@id\":\"https:\/\/www.visit-ulcinj.com\/blog\/2009\/04\/27\/anjeza-me-duket-sikur-jam-une-shkaku\/#primaryimage\"},\"datePublished\":\"2009-04-27T20:21:24+00:00\",\"dateModified\":\"2009-04-27T20:21:24+00:00\",\"author\":{\"@id\":\"https:\/\/www.visit-ulcinj.com\/blog\/#\/schema\/person\/dcab619c614d3038751c63bc2aadc06d\"},\"description\":\"Big Brother Albania 2 - Junida i ka q\u00c3\u00abndruar gjat\u00c3\u00ab gjith\u00c3\u00ab koh\u00c3\u00abs pran\u00c3\u00ab Anjez\u00c3\u00abs s\u00c3\u00ab trishtuar nga dalja e Arjonit. Ajo i ka th\u00c3\u00abn\u00c3\u00ab t\u00c3\u00ab mos m\u00c3\u00abrzitej dhe t\u00c3\u00ab mundohej t\u00e2\u20ac\u2122i merrte gj\u00c3\u00abrat pozitivisht.\",\"breadcrumb\":{\"@id\":\"https:\/\/www.visit-ulcinj.com\/blog\/2009\/04\/27\/anjeza-me-duket-sikur-jam-une-shkaku\/#breadcrumb\"},\"inLanguage\":\"en-US\",\"potentialAction\":[{\"@type\":\"ReadAction\",\"target\":[\"https:\/\/www.visit-ulcinj.com\/blog\/2009\/04\/27\/anjeza-me-duket-sikur-jam-une-shkaku\/\"]}]},{\"@type\":\"BreadcrumbList\",\"@id\":\"https:\/\/www.visit-ulcinj.com\/blog\/2009\/04\/27\/anjeza-me-duket-sikur-jam-une-shkaku\/#breadcrumb\",\"itemListElement\":[{\"@type\":\"ListItem\",\"position\":1,\"name\":\"Anjeza : M\u00eb duket sikur jam un\u00eb shkaku\"}]},{\"@type\":\"Person\",\"@id\":\"https:\/\/www.visit-ulcinj.com\/blog\/#\/schema\/person\/dcab619c614d3038751c63bc2aadc06d\",\"name\":\"ulqini\",\"sameAs\":[\"http:\/\/www.visit-ulcinj.com\"],\"url\":\"https:\/\/www.visit-ulcinj.com\/blog\/author\/admin\/\"}]}<\/script>\n<!-- \/ Yoast SEO plugin. -->","yoast_head_json":{"title":"Anjeza : M\u00c3\u00ab duket sikur jam un\u00c3\u00ab shkaku | Big Brother Albania 2","description":"Big Brother Albania 2 - Junida i ka q\u00c3\u00abndruar gjat\u00c3\u00ab gjith\u00c3\u00ab koh\u00c3\u00abs pran\u00c3\u00ab Anjez\u00c3\u00abs s\u00c3\u00ab trishtuar nga dalja e Arjonit. Ajo i ka th\u00c3\u00abn\u00c3\u00ab t\u00c3\u00ab mos m\u00c3\u00abrzitej dhe t\u00c3\u00ab mundohej t\u00e2\u20ac\u2122i merrte gj\u00c3\u00abrat pozitivisht.","robots":{"index":"index","follow":"follow","max-snippet":"max-snippet:-1","max-image-preview":"max-image-preview:large","max-video-preview":"max-video-preview:-1"},"canonical":"https:\/\/www.visit-ulcinj.com\/blog\/2009\/04\/27\/anjeza-me-duket-sikur-jam-une-shkaku\/","og_locale":"en_US","og_type":"article","og_title":"Anjeza : M\u00c3\u00ab duket sikur jam un\u00c3\u00ab shkaku | Big Brother Albania 2","og_description":"Big Brother Albania 2 - Junida i ka q\u00c3\u00abndruar gjat\u00c3\u00ab gjith\u00c3\u00ab koh\u00c3\u00abs pran\u00c3\u00ab Anjez\u00c3\u00abs s\u00c3\u00ab trishtuar nga dalja e Arjonit. Ajo i ka th\u00c3\u00abn\u00c3\u00ab t\u00c3\u00ab mos m\u00c3\u00abrzitej dhe t\u00c3\u00ab mundohej t\u00e2\u20ac\u2122i merrte gj\u00c3\u00abrat pozitivisht.","og_url":"https:\/\/www.visit-ulcinj.com\/blog\/2009\/04\/27\/anjeza-me-duket-sikur-jam-une-shkaku\/","og_site_name":"Lajme nga Ulqini","article_published_time":"2009-04-27T20:21:24+00:00","og_image":[{"url":"http:\/\/www.visit-ulcinj.com\/blog\/wp-content\/uploads\/2009\/04\/anjeza-duke-qare-copy.jpg"}],"twitter_misc":{"Written by":"ulqini","Est. reading time":"1 minute"},"schema":{"@context":"https:\/\/schema.org","@graph":[{"@type":"WebSite","@id":"https:\/\/www.visit-ulcinj.com\/blog\/#website","url":"https:\/\/www.visit-ulcinj.com\/blog\/","name":"Lajme nga Ulqini","description":"Lajme,Vijesti,Ulqini,Ulqin,Crna Gora,Mali i Zi","potentialAction":[{"@type":"SearchAction","target":{"@type":"EntryPoint","urlTemplate":"https:\/\/www.visit-ulcinj.com\/blog\/?s={search_term_string}"},"query-input":"required name=search_term_string"}],"inLanguage":"en-US"},{"@type":"ImageObject","inLanguage":"en-US","@id":"https:\/\/www.visit-ulcinj.com\/blog\/2009\/04\/27\/anjeza-me-duket-sikur-jam-une-shkaku\/#primaryimage","url":"http:\/\/www.visit-ulcinj.com\/blog\/wp-content\/uploads\/2009\/04\/anjeza-duke-qare-copy.jpg","contentUrl":"http:\/\/www.visit-ulcinj.com\/blog\/wp-content\/uploads\/2009\/04\/anjeza-duke-qare-copy.jpg"},{"@type":"WebPage","@id":"https:\/\/www.visit-ulcinj.com\/blog\/2009\/04\/27\/anjeza-me-duket-sikur-jam-une-shkaku\/#webpage","url":"https:\/\/www.visit-ulcinj.com\/blog\/2009\/04\/27\/anjeza-me-duket-sikur-jam-une-shkaku\/","name":"Anjeza : M\u00c3\u00ab duket sikur jam un\u00c3\u00ab shkaku | Big Brother Albania 2","isPartOf":{"@id":"https:\/\/www.visit-ulcinj.com\/blog\/#website"},"primaryImageOfPage":{"@id":"https:\/\/www.visit-ulcinj.com\/blog\/2009\/04\/27\/anjeza-me-duket-sikur-jam-une-shkaku\/#primaryimage"},"datePublished":"2009-04-27T20:21:24+00:00","dateModified":"2009-04-27T20:21:24+00:00","author":{"@id":"https:\/\/www.visit-ulcinj.com\/blog\/#\/schema\/person\/dcab619c614d3038751c63bc2aadc06d"},"description":"Big Brother Albania 2 - Junida i ka q\u00c3\u00abndruar gjat\u00c3\u00ab gjith\u00c3\u00ab koh\u00c3\u00abs pran\u00c3\u00ab Anjez\u00c3\u00abs s\u00c3\u00ab trishtuar nga dalja e Arjonit. Ajo i ka th\u00c3\u00abn\u00c3\u00ab t\u00c3\u00ab mos m\u00c3\u00abrzitej dhe t\u00c3\u00ab mundohej t\u00e2\u20ac\u2122i merrte gj\u00c3\u00abrat pozitivisht.","breadcrumb":{"@id":"https:\/\/www.visit-ulcinj.com\/blog\/2009\/04\/27\/anjeza-me-duket-sikur-jam-une-shkaku\/#breadcrumb"},"inLanguage":"en-US","potentialAction":[{"@type":"ReadAction","target":["https:\/\/www.visit-ulcinj.com\/blog\/2009\/04\/27\/anjeza-me-duket-sikur-jam-une-shkaku\/"]}]},{"@type":"BreadcrumbList","@id":"https:\/\/www.visit-ulcinj.com\/blog\/2009\/04\/27\/anjeza-me-duket-sikur-jam-une-shkaku\/#breadcrumb","itemListElement":[{"@type":"ListItem","position":1,"name":"Anjeza : M\u00eb duket sikur jam un\u00eb shkaku"}]},{"@type":"Person","@id":"https:\/\/www.visit-ulcinj.com\/blog\/#\/schema\/person\/dcab619c614d3038751c63bc2aadc06d","name":"ulqini","sameAs":["http:\/\/www.visit-ulcinj.com"],"url":"https:\/\/www.visit-ulcinj.com\/blog\/author\/admin\/"}]}},"jetpack_featured_media_url":"","jetpack_sharing_enabled":true,"jetpack_shortlink":"https:\/\/wp.me\/pe6lTn-52u","_links":{"self":[{"href":"https:\/\/www.visit-ulcinj.com\/blog\/wp-json\/wp\/v2\/posts\/19374"}],"collection":[{"href":"https:\/\/www.visit-ulcinj.com\/blog\/wp-json\/wp\/v2\/posts"}],"about":[{"href":"https:\/\/www.visit-ulcinj.com\/blog\/wp-json\/wp\/v2\/types\/post"}],"author":[{"embeddable":true,"href":"https:\/\/www.visit-ulcinj.com\/blog\/wp-json\/wp\/v2\/users\/1"}],"replies":[{"embeddable":true,"href":"https:\/\/www.visit-ulcinj.com\/blog\/wp-json\/wp\/v2\/comments?post=19374"}],"version-history":[{"count":0,"href":"https:\/\/www.visit-ulcinj.com\/blog\/wp-json\/wp\/v2\/posts\/19374\/revisions"}],"wp:attachment":[{"href":"https:\/\/www.visit-ulcinj.com\/blog\/wp-json\/wp\/v2\/media?parent=19374"}],"wp:term":[{"taxonomy":"category","embeddable":true,"href":"https:\/\/www.visit-ulcinj.com\/blog\/wp-json\/wp\/v2\/categories?post=19374"},{"taxonomy":"post_tag","embeddable":true,"href":"https:\/\/www.visit-ulcinj.com\/blog\/wp-json\/wp\/v2\/tags?post=19374"}],"curies":[{"name":"wp","href":"https:\/\/api.w.org\/{rel}","templated":true}]}}