{"id":19382,"date":"2009-04-27T22:33:28","date_gmt":"2009-04-27T20:33:28","guid":{"rendered":"http:\/\/www.visit-ulcinj.com\/blog\/?p=19382"},"modified":"2009-04-27T22:33:28","modified_gmt":"2009-04-27T20:33:28","slug":"ari-vajzave-%e2%80%9ce-treguat-veten%e2%80%9d","status":"publish","type":"post","link":"https:\/\/www.visit-ulcinj.com\/blog\/2009\/04\/27\/ari-vajzave-%e2%80%9ce-treguat-veten%e2%80%9d\/","title":{"rendered":"Ari vajzave: \u201cE treguat veten!\u201d"},"content":{"rendered":"<p><em><span class=\"newsdate\"><a href=\"http:\/\/www.visit-ulcinj.com\/blog\/wp-content\/uploads\/2009\/04\/arjani-dhe-mimoza26prill-copy.jpg\"><img loading=\"lazy\" class=\"alignleft size-full wp-image-19384\" title=\"arjani-dhe-mimoza26prill-copy-big-brother-albania-2\" src=\"http:\/\/www.visit-ulcinj.com\/blog\/wp-content\/uploads\/2009\/04\/arjani-dhe-mimoza26prill-copy.jpg\" alt=\"arjani-dhe-mimoza26prill-copy-big-brother-albania-2\" width=\"300\" height=\"205\" \/><\/a>26\/04\/09 02:15<\/span><\/em><\/p>\n<p>Duke biseduar n\u00eb lidhje me nominimet, Arjani dhe Qetsori kan\u00eb ngacmuar Adin, duke qen\u00eb se ai ishte n\u00eb kandidim kund\u00ebr kat\u00ebr vajzave t\u00eb sht\u00ebpis\u00eb. Nd\u00ebrkoh\u00eb, p\u00ebr veten, Qetsori \u00ebsht\u00eb shprehur se ishte i lumtur q\u00eb nuk kishte dal\u00eb. \u201cTi mir\u00eb q\u00eb s\u2019dole, por as nuk u nominove!\u201d \u2013 i ka th\u00ebn\u00eb Arjani. \u201cKishte nevoj\u00eb p\u00ebr pak pushim!\u201d \u2013 ka th\u00ebn\u00eb Mimoza. \u201cSi \u00ebsht\u00eb puna me femrat!\u201d \u2013 ka shtuar m\u00eb pas Arjani, &#8211; e treguat veten se kush ishit, luft\u00eb me nj\u00ebra-tjetr\u00ebn dhe t\u00eb kat\u00ebrta n\u00eb nominim!\u201d .<\/p>\n","protected":false},"excerpt":{"rendered":"<p>26\/04\/09 02:15 Duke biseduar n\u00eb lidhje me nominimet, Arjani dhe Qetsori kan\u00eb ngacmuar Adin, duke qen\u00eb se ai ishte n\u00eb kandidim kund\u00ebr kat\u00ebr vajzave t\u00eb sht\u00ebpis\u00eb. Nd\u00ebrkoh\u00eb, p\u00ebr veten, Qetsori \u00ebsht\u00eb shprehur se ishte i lumtur q\u00eb nuk kishte dal\u00eb. \u201cTi mir\u00eb q\u00eb s\u2019dole, por as nuk u nominove!\u201d \u2013 i ka th\u00ebn\u00eb Arjani. \u201cKishte [&hellip;]<\/p>\n","protected":false},"author":1,"featured_media":0,"comment_status":"open","ping_status":"closed","sticky":false,"template":"","format":"standard","meta":{"spay_email":"","jetpack_publicize_message":"","jetpack_is_tweetstorm":false,"jetpack_publicize_feature_enabled":true},"categories":[6502],"tags":[6529,8934,5057,6506,6516,6712,7129,6544,6891,6693,6887],"jetpack_publicize_connections":[],"yoast_head":"<!-- This site is optimized with the Yoast SEO plugin v19.1 - https:\/\/yoast.com\/wordpress\/plugins\/seo\/ -->\n<title>Ari vajzave: \u00e2\u20ac\u0153E treguat veten!\u00e2\u20ac\u009d | Big Brother Albania 2<\/title>\n<meta name=\"description\" content=\"Big Brother Albania 2 - Duke biseduar n\u00c3\u00ab lidhje me nominimet, Arjani dhe Qetsori kan\u00c3\u00ab ngacmuar Adin, duke qen\u00c3\u00ab se ai ishte n\u00c3\u00ab kandidim kund\u00c3\u00abr kat\u00c3\u00abr vajzave t\u00c3\u00ab sht\u00c3\u00abpis\u00c3\u00ab.\" \/>\n<meta name=\"robots\" content=\"index, follow, max-snippet:-1, max-image-preview:large, max-video-preview:-1\" \/>\n<link rel=\"canonical\" href=\"https:\/\/www.visit-ulcinj.com\/blog\/2009\/04\/27\/ari-vajzave-\u201ce-treguat-veten\u201d\/\" \/>\n<meta property=\"og:locale\" content=\"en_US\" \/>\n<meta property=\"og:type\" content=\"article\" \/>\n<meta property=\"og:title\" content=\"Ari vajzave: \u00e2\u20ac\u0153E treguat veten!\u00e2\u20ac\u009d | Big Brother Albania 2\" \/>\n<meta property=\"og:description\" content=\"Big Brother Albania 2 - Duke biseduar n\u00c3\u00ab lidhje me nominimet, Arjani dhe Qetsori kan\u00c3\u00ab ngacmuar Adin, duke qen\u00c3\u00ab se ai ishte n\u00c3\u00ab kandidim kund\u00c3\u00abr kat\u00c3\u00abr vajzave t\u00c3\u00ab sht\u00c3\u00abpis\u00c3\u00ab.\" \/>\n<meta property=\"og:url\" content=\"https:\/\/www.visit-ulcinj.com\/blog\/2009\/04\/27\/ari-vajzave-\u201ce-treguat-veten\u201d\/\" \/>\n<meta property=\"og:site_name\" content=\"Lajme nga Ulqini\" \/>\n<meta property=\"article:published_time\" content=\"2009-04-27T20:33:28+00:00\" \/>\n<meta property=\"og:image\" content=\"http:\/\/www.visit-ulcinj.com\/blog\/wp-content\/uploads\/2009\/04\/arjani-dhe-mimoza26prill-copy.jpg\" \/>\n<meta name=\"twitter:label1\" content=\"Written by\" \/>\n\t<meta name=\"twitter:data1\" content=\"ulqini\" \/>\n<script type=\"application\/ld+json\" class=\"yoast-schema-graph\">{\"@context\":\"https:\/\/schema.org\",\"@graph\":[{\"@type\":\"WebSite\",\"@id\":\"https:\/\/www.visit-ulcinj.com\/blog\/#website\",\"url\":\"https:\/\/www.visit-ulcinj.com\/blog\/\",\"name\":\"Lajme nga Ulqini\",\"description\":\"Lajme,Vijesti,Ulqini,Ulqin,Crna Gora,Mali i Zi\",\"potentialAction\":[{\"@type\":\"SearchAction\",\"target\":{\"@type\":\"EntryPoint\",\"urlTemplate\":\"https:\/\/www.visit-ulcinj.com\/blog\/?s={search_term_string}\"},\"query-input\":\"required name=search_term_string\"}],\"inLanguage\":\"en-US\"},{\"@type\":\"ImageObject\",\"inLanguage\":\"en-US\",\"@id\":\"https:\/\/www.visit-ulcinj.com\/blog\/2009\/04\/27\/ari-vajzave-%e2%80%9ce-treguat-veten%e2%80%9d\/#primaryimage\",\"url\":\"http:\/\/www.visit-ulcinj.com\/blog\/wp-content\/uploads\/2009\/04\/arjani-dhe-mimoza26prill-copy.jpg\",\"contentUrl\":\"http:\/\/www.visit-ulcinj.com\/blog\/wp-content\/uploads\/2009\/04\/arjani-dhe-mimoza26prill-copy.jpg\"},{\"@type\":\"WebPage\",\"@id\":\"https:\/\/www.visit-ulcinj.com\/blog\/2009\/04\/27\/ari-vajzave-%e2%80%9ce-treguat-veten%e2%80%9d\/#webpage\",\"url\":\"https:\/\/www.visit-ulcinj.com\/blog\/2009\/04\/27\/ari-vajzave-%e2%80%9ce-treguat-veten%e2%80%9d\/\",\"name\":\"Ari vajzave: \u00e2\u20ac\u0153E treguat veten!\u00e2\u20ac\u009d | Big Brother Albania 2\",\"isPartOf\":{\"@id\":\"https:\/\/www.visit-ulcinj.com\/blog\/#website\"},\"primaryImageOfPage\":{\"@id\":\"https:\/\/www.visit-ulcinj.com\/blog\/2009\/04\/27\/ari-vajzave-%e2%80%9ce-treguat-veten%e2%80%9d\/#primaryimage\"},\"datePublished\":\"2009-04-27T20:33:28+00:00\",\"dateModified\":\"2009-04-27T20:33:28+00:00\",\"author\":{\"@id\":\"https:\/\/www.visit-ulcinj.com\/blog\/#\/schema\/person\/dcab619c614d3038751c63bc2aadc06d\"},\"description\":\"Big Brother Albania 2 - Duke biseduar n\u00c3\u00ab lidhje me nominimet, Arjani dhe Qetsori kan\u00c3\u00ab ngacmuar Adin, duke qen\u00c3\u00ab se ai ishte n\u00c3\u00ab kandidim kund\u00c3\u00abr kat\u00c3\u00abr vajzave t\u00c3\u00ab sht\u00c3\u00abpis\u00c3\u00ab.\",\"breadcrumb\":{\"@id\":\"https:\/\/www.visit-ulcinj.com\/blog\/2009\/04\/27\/ari-vajzave-%e2%80%9ce-treguat-veten%e2%80%9d\/#breadcrumb\"},\"inLanguage\":\"en-US\",\"potentialAction\":[{\"@type\":\"ReadAction\",\"target\":[\"https:\/\/www.visit-ulcinj.com\/blog\/2009\/04\/27\/ari-vajzave-%e2%80%9ce-treguat-veten%e2%80%9d\/\"]}]},{\"@type\":\"BreadcrumbList\",\"@id\":\"https:\/\/www.visit-ulcinj.com\/blog\/2009\/04\/27\/ari-vajzave-%e2%80%9ce-treguat-veten%e2%80%9d\/#breadcrumb\",\"itemListElement\":[{\"@type\":\"ListItem\",\"position\":1,\"name\":\"Ari vajzave: \u201cE treguat veten!\u201d\"}]},{\"@type\":\"Person\",\"@id\":\"https:\/\/www.visit-ulcinj.com\/blog\/#\/schema\/person\/dcab619c614d3038751c63bc2aadc06d\",\"name\":\"ulqini\",\"sameAs\":[\"http:\/\/www.visit-ulcinj.com\"],\"url\":\"https:\/\/www.visit-ulcinj.com\/blog\/author\/admin\/\"}]}<\/script>\n<!-- \/ Yoast SEO plugin. -->","yoast_head_json":{"title":"Ari vajzave: \u00e2\u20ac\u0153E treguat veten!\u00e2\u20ac\u009d | Big Brother Albania 2","description":"Big Brother Albania 2 - Duke biseduar n\u00c3\u00ab lidhje me nominimet, Arjani dhe Qetsori kan\u00c3\u00ab ngacmuar Adin, duke qen\u00c3\u00ab se ai ishte n\u00c3\u00ab kandidim kund\u00c3\u00abr kat\u00c3\u00abr vajzave t\u00c3\u00ab sht\u00c3\u00abpis\u00c3\u00ab.","robots":{"index":"index","follow":"follow","max-snippet":"max-snippet:-1","max-image-preview":"max-image-preview:large","max-video-preview":"max-video-preview:-1"},"canonical":"https:\/\/www.visit-ulcinj.com\/blog\/2009\/04\/27\/ari-vajzave-\u201ce-treguat-veten\u201d\/","og_locale":"en_US","og_type":"article","og_title":"Ari vajzave: \u00e2\u20ac\u0153E treguat veten!\u00e2\u20ac\u009d | Big Brother Albania 2","og_description":"Big Brother Albania 2 - Duke biseduar n\u00c3\u00ab lidhje me nominimet, Arjani dhe Qetsori kan\u00c3\u00ab ngacmuar Adin, duke qen\u00c3\u00ab se ai ishte n\u00c3\u00ab kandidim kund\u00c3\u00abr kat\u00c3\u00abr vajzave t\u00c3\u00ab sht\u00c3\u00abpis\u00c3\u00ab.","og_url":"https:\/\/www.visit-ulcinj.com\/blog\/2009\/04\/27\/ari-vajzave-\u201ce-treguat-veten\u201d\/","og_site_name":"Lajme nga Ulqini","article_published_time":"2009-04-27T20:33:28+00:00","og_image":[{"url":"http:\/\/www.visit-ulcinj.com\/blog\/wp-content\/uploads\/2009\/04\/arjani-dhe-mimoza26prill-copy.jpg"}],"twitter_misc":{"Written by":"ulqini"},"schema":{"@context":"https:\/\/schema.org","@graph":[{"@type":"WebSite","@id":"https:\/\/www.visit-ulcinj.com\/blog\/#website","url":"https:\/\/www.visit-ulcinj.com\/blog\/","name":"Lajme nga Ulqini","description":"Lajme,Vijesti,Ulqini,Ulqin,Crna Gora,Mali i Zi","potentialAction":[{"@type":"SearchAction","target":{"@type":"EntryPoint","urlTemplate":"https:\/\/www.visit-ulcinj.com\/blog\/?s={search_term_string}"},"query-input":"required name=search_term_string"}],"inLanguage":"en-US"},{"@type":"ImageObject","inLanguage":"en-US","@id":"https:\/\/www.visit-ulcinj.com\/blog\/2009\/04\/27\/ari-vajzave-%e2%80%9ce-treguat-veten%e2%80%9d\/#primaryimage","url":"http:\/\/www.visit-ulcinj.com\/blog\/wp-content\/uploads\/2009\/04\/arjani-dhe-mimoza26prill-copy.jpg","contentUrl":"http:\/\/www.visit-ulcinj.com\/blog\/wp-content\/uploads\/2009\/04\/arjani-dhe-mimoza26prill-copy.jpg"},{"@type":"WebPage","@id":"https:\/\/www.visit-ulcinj.com\/blog\/2009\/04\/27\/ari-vajzave-%e2%80%9ce-treguat-veten%e2%80%9d\/#webpage","url":"https:\/\/www.visit-ulcinj.com\/blog\/2009\/04\/27\/ari-vajzave-%e2%80%9ce-treguat-veten%e2%80%9d\/","name":"Ari vajzave: \u00e2\u20ac\u0153E treguat veten!\u00e2\u20ac\u009d | Big Brother Albania 2","isPartOf":{"@id":"https:\/\/www.visit-ulcinj.com\/blog\/#website"},"primaryImageOfPage":{"@id":"https:\/\/www.visit-ulcinj.com\/blog\/2009\/04\/27\/ari-vajzave-%e2%80%9ce-treguat-veten%e2%80%9d\/#primaryimage"},"datePublished":"2009-04-27T20:33:28+00:00","dateModified":"2009-04-27T20:33:28+00:00","author":{"@id":"https:\/\/www.visit-ulcinj.com\/blog\/#\/schema\/person\/dcab619c614d3038751c63bc2aadc06d"},"description":"Big Brother Albania 2 - Duke biseduar n\u00c3\u00ab lidhje me nominimet, Arjani dhe Qetsori kan\u00c3\u00ab ngacmuar Adin, duke qen\u00c3\u00ab se ai ishte n\u00c3\u00ab kandidim kund\u00c3\u00abr kat\u00c3\u00abr vajzave t\u00c3\u00ab sht\u00c3\u00abpis\u00c3\u00ab.","breadcrumb":{"@id":"https:\/\/www.visit-ulcinj.com\/blog\/2009\/04\/27\/ari-vajzave-%e2%80%9ce-treguat-veten%e2%80%9d\/#breadcrumb"},"inLanguage":"en-US","potentialAction":[{"@type":"ReadAction","target":["https:\/\/www.visit-ulcinj.com\/blog\/2009\/04\/27\/ari-vajzave-%e2%80%9ce-treguat-veten%e2%80%9d\/"]}]},{"@type":"BreadcrumbList","@id":"https:\/\/www.visit-ulcinj.com\/blog\/2009\/04\/27\/ari-vajzave-%e2%80%9ce-treguat-veten%e2%80%9d\/#breadcrumb","itemListElement":[{"@type":"ListItem","position":1,"name":"Ari vajzave: \u201cE treguat veten!\u201d"}]},{"@type":"Person","@id":"https:\/\/www.visit-ulcinj.com\/blog\/#\/schema\/person\/dcab619c614d3038751c63bc2aadc06d","name":"ulqini","sameAs":["http:\/\/www.visit-ulcinj.com"],"url":"https:\/\/www.visit-ulcinj.com\/blog\/author\/admin\/"}]}},"jetpack_featured_media_url":"","jetpack_sharing_enabled":true,"jetpack_shortlink":"https:\/\/wp.me\/pe6lTn-52C","_links":{"self":[{"href":"https:\/\/www.visit-ulcinj.com\/blog\/wp-json\/wp\/v2\/posts\/19382"}],"collection":[{"href":"https:\/\/www.visit-ulcinj.com\/blog\/wp-json\/wp\/v2\/posts"}],"about":[{"href":"https:\/\/www.visit-ulcinj.com\/blog\/wp-json\/wp\/v2\/types\/post"}],"author":[{"embeddable":true,"href":"https:\/\/www.visit-ulcinj.com\/blog\/wp-json\/wp\/v2\/users\/1"}],"replies":[{"embeddable":true,"href":"https:\/\/www.visit-ulcinj.com\/blog\/wp-json\/wp\/v2\/comments?post=19382"}],"version-history":[{"count":0,"href":"https:\/\/www.visit-ulcinj.com\/blog\/wp-json\/wp\/v2\/posts\/19382\/revisions"}],"wp:attachment":[{"href":"https:\/\/www.visit-ulcinj.com\/blog\/wp-json\/wp\/v2\/media?parent=19382"}],"wp:term":[{"taxonomy":"category","embeddable":true,"href":"https:\/\/www.visit-ulcinj.com\/blog\/wp-json\/wp\/v2\/categories?post=19382"},{"taxonomy":"post_tag","embeddable":true,"href":"https:\/\/www.visit-ulcinj.com\/blog\/wp-json\/wp\/v2\/tags?post=19382"}],"curies":[{"name":"wp","href":"https:\/\/api.w.org\/{rel}","templated":true}]}}