{"id":19386,"date":"2009-04-27T22:45:26","date_gmt":"2009-04-27T20:45:26","guid":{"rendered":"http:\/\/www.visit-ulcinj.com\/blog\/?p=19386"},"modified":"2009-04-27T22:45:26","modified_gmt":"2009-04-27T20:45:26","slug":"adi-per-mimozen-rrezikova-mozen-per-anjezen","status":"publish","type":"post","link":"https:\/\/www.visit-ulcinj.com\/blog\/2009\/04\/27\/adi-per-mimozen-rrezikova-mozen-per-anjezen\/","title":{"rendered":"Adi p\u00ebr Mimoz\u00ebn : Rrezikova Moz\u00ebn, p\u00ebr Anjez\u00ebn"},"content":{"rendered":"<p><em><span class=\"newsdate\"><a href=\"http:\/\/www.visit-ulcinj.com\/blog\/wp-content\/uploads\/2009\/04\/adi-per-nominimin-e-mozes.jpg\"><img loading=\"lazy\" class=\"alignleft size-full wp-image-19387\" title=\"adi-per-nominimin-e-mozes-big-brother-albania-2\" src=\"http:\/\/www.visit-ulcinj.com\/blog\/wp-content\/uploads\/2009\/04\/adi-per-nominimin-e-mozes.jpg\" alt=\"adi-per-nominimin-e-mozes-big-brother-albania-2\" width=\"300\" height=\"205\" \/><\/a>26\/04\/09 02:25<\/span><\/em><\/p>\n<p>\u201cNominova Moz\u00ebn q\u00eb t\u00eb ruaja Anjez\u00ebn!\u201d \u2013 ka th\u00ebn\u00eb Adi , n\u00eb prani t\u00eb t\u00eb gjith\u00eb banor\u00ebve t\u00eb mbledhur n\u00eb zon\u00ebn e ndjenjies. Ai ka shtuar se nuk donte ta nominonte Mimoz\u00ebn por e kishte rrezikuar at\u00eb p\u00ebr t\u00eb mbrojtur Anjez\u00ebn, por mesa dukej, Anjeza i mbante inatin e Arjonit dhe prandaj ajo, nga ana e saj, e kishte nominuar. Anjeza ka nd\u00ebrhyr\u00eb duke th\u00ebn\u00eb se ajo nuk ecte me idet\u00eb e t\u00eb tjer\u00ebve dhe nuk mbante inatin e askujt. \u201cTi Moz\u00ebn e ke si goc\u00ebn t\u00ebnd\u00eb dhe p\u00ebr mua ke b\u00ebr\u00eb gabim q\u00eb e nominove!\u201d \u2013 i ka th\u00ebn\u00eb Arjani. Sipas k\u00ebtij t\u00eb fundit, veprimi i Adit nuk kishte sens.<\/p>\n","protected":false},"excerpt":{"rendered":"<p>26\/04\/09 02:25 \u201cNominova Moz\u00ebn q\u00eb t\u00eb ruaja Anjez\u00ebn!\u201d \u2013 ka th\u00ebn\u00eb Adi , n\u00eb prani t\u00eb t\u00eb gjith\u00eb banor\u00ebve t\u00eb mbledhur n\u00eb zon\u00ebn e ndjenjies. Ai ka shtuar se nuk donte ta nominonte Mimoz\u00ebn por e kishte rrezikuar at\u00eb p\u00ebr t\u00eb mbrojtur Anjez\u00ebn, por mesa dukej, Anjeza i mbante inatin e Arjonit dhe prandaj ajo, [&hellip;]<\/p>\n","protected":false},"author":1,"featured_media":0,"comment_status":"open","ping_status":"closed","sticky":false,"template":"","format":"standard","meta":{"spay_email":"","jetpack_publicize_message":"","jetpack_is_tweetstorm":false,"jetpack_publicize_feature_enabled":true},"categories":[6502],"tags":[1414,8289,5057,6506,6516,6712,7129,6544,6891,6693,6887],"jetpack_publicize_connections":[],"yoast_head":"<!-- This site is optimized with the Yoast SEO plugin v19.1 - https:\/\/yoast.com\/wordpress\/plugins\/seo\/ -->\n<title>Adi p\u00c3\u00abr Mimoz\u00c3\u00abn : Rrezikova Moz\u00c3\u00abn, p\u00c3\u00abr Anjez\u00c3\u00abn | Big Brother Albania 2<\/title>\n<meta name=\"description\" content=\"Big Brother Albania 2 - \u00e2\u20ac\u0153Nominova Moz\u00c3\u00abn q\u00c3\u00ab t\u00c3\u00ab ruaja Anjez\u00c3\u00abn!\u00e2\u20ac\u009d \u00e2\u20ac\u201c ka th\u00c3\u00abn\u00c3\u00ab Adi , n\u00c3\u00ab prani t\u00c3\u00ab t\u00c3\u00ab gjith\u00c3\u00ab banor\u00c3\u00abve t\u00c3\u00ab mbledhur n\u00c3\u00ab zon\u00c3\u00abn e ndjenjies. Ai ka shtuar se nuk donte ta nominonte Mimoz\u00c3\u00abn por e kishte rrezikuar at\u00c3\u00ab p\u00c3\u00abr t\u00c3\u00ab mbrojtur Anjez\u00c3\u00abn\" \/>\n<meta name=\"robots\" content=\"index, follow, max-snippet:-1, max-image-preview:large, max-video-preview:-1\" \/>\n<link rel=\"canonical\" href=\"https:\/\/www.visit-ulcinj.com\/blog\/2009\/04\/27\/adi-per-mimozen-rrezikova-mozen-per-anjezen\/\" \/>\n<meta property=\"og:locale\" content=\"en_US\" \/>\n<meta property=\"og:type\" content=\"article\" \/>\n<meta property=\"og:title\" content=\"Adi p\u00c3\u00abr Mimoz\u00c3\u00abn : Rrezikova Moz\u00c3\u00abn, p\u00c3\u00abr Anjez\u00c3\u00abn | Big Brother Albania 2\" \/>\n<meta property=\"og:description\" content=\"Big Brother Albania 2 - \u00e2\u20ac\u0153Nominova Moz\u00c3\u00abn q\u00c3\u00ab t\u00c3\u00ab ruaja Anjez\u00c3\u00abn!\u00e2\u20ac\u009d \u00e2\u20ac\u201c ka th\u00c3\u00abn\u00c3\u00ab Adi , n\u00c3\u00ab prani t\u00c3\u00ab t\u00c3\u00ab gjith\u00c3\u00ab banor\u00c3\u00abve t\u00c3\u00ab mbledhur n\u00c3\u00ab zon\u00c3\u00abn e ndjenjies. Ai ka shtuar se nuk donte ta nominonte Mimoz\u00c3\u00abn por e kishte rrezikuar at\u00c3\u00ab p\u00c3\u00abr t\u00c3\u00ab mbrojtur Anjez\u00c3\u00abn\" \/>\n<meta property=\"og:url\" content=\"https:\/\/www.visit-ulcinj.com\/blog\/2009\/04\/27\/adi-per-mimozen-rrezikova-mozen-per-anjezen\/\" \/>\n<meta property=\"og:site_name\" content=\"Lajme nga Ulqini\" \/>\n<meta property=\"article:published_time\" content=\"2009-04-27T20:45:26+00:00\" \/>\n<meta property=\"og:image\" content=\"http:\/\/www.visit-ulcinj.com\/blog\/wp-content\/uploads\/2009\/04\/adi-per-nominimin-e-mozes.jpg\" \/>\n<meta name=\"twitter:label1\" content=\"Written by\" \/>\n\t<meta name=\"twitter:data1\" content=\"ulqini\" \/>\n\t<meta name=\"twitter:label2\" content=\"Est. reading time\" \/>\n\t<meta name=\"twitter:data2\" content=\"1 minute\" \/>\n<script type=\"application\/ld+json\" class=\"yoast-schema-graph\">{\"@context\":\"https:\/\/schema.org\",\"@graph\":[{\"@type\":\"WebSite\",\"@id\":\"https:\/\/www.visit-ulcinj.com\/blog\/#website\",\"url\":\"https:\/\/www.visit-ulcinj.com\/blog\/\",\"name\":\"Lajme nga Ulqini\",\"description\":\"Lajme,Vijesti,Ulqini,Ulqin,Crna Gora,Mali i Zi\",\"potentialAction\":[{\"@type\":\"SearchAction\",\"target\":{\"@type\":\"EntryPoint\",\"urlTemplate\":\"https:\/\/www.visit-ulcinj.com\/blog\/?s={search_term_string}\"},\"query-input\":\"required name=search_term_string\"}],\"inLanguage\":\"en-US\"},{\"@type\":\"ImageObject\",\"inLanguage\":\"en-US\",\"@id\":\"https:\/\/www.visit-ulcinj.com\/blog\/2009\/04\/27\/adi-per-mimozen-rrezikova-mozen-per-anjezen\/#primaryimage\",\"url\":\"http:\/\/www.visit-ulcinj.com\/blog\/wp-content\/uploads\/2009\/04\/adi-per-nominimin-e-mozes.jpg\",\"contentUrl\":\"http:\/\/www.visit-ulcinj.com\/blog\/wp-content\/uploads\/2009\/04\/adi-per-nominimin-e-mozes.jpg\"},{\"@type\":\"WebPage\",\"@id\":\"https:\/\/www.visit-ulcinj.com\/blog\/2009\/04\/27\/adi-per-mimozen-rrezikova-mozen-per-anjezen\/#webpage\",\"url\":\"https:\/\/www.visit-ulcinj.com\/blog\/2009\/04\/27\/adi-per-mimozen-rrezikova-mozen-per-anjezen\/\",\"name\":\"Adi p\u00c3\u00abr Mimoz\u00c3\u00abn : Rrezikova Moz\u00c3\u00abn, p\u00c3\u00abr Anjez\u00c3\u00abn | Big Brother Albania 2\",\"isPartOf\":{\"@id\":\"https:\/\/www.visit-ulcinj.com\/blog\/#website\"},\"primaryImageOfPage\":{\"@id\":\"https:\/\/www.visit-ulcinj.com\/blog\/2009\/04\/27\/adi-per-mimozen-rrezikova-mozen-per-anjezen\/#primaryimage\"},\"datePublished\":\"2009-04-27T20:45:26+00:00\",\"dateModified\":\"2009-04-27T20:45:26+00:00\",\"author\":{\"@id\":\"https:\/\/www.visit-ulcinj.com\/blog\/#\/schema\/person\/dcab619c614d3038751c63bc2aadc06d\"},\"description\":\"Big Brother Albania 2 - \u00e2\u20ac\u0153Nominova Moz\u00c3\u00abn q\u00c3\u00ab t\u00c3\u00ab ruaja Anjez\u00c3\u00abn!\u00e2\u20ac\u009d \u00e2\u20ac\u201c ka th\u00c3\u00abn\u00c3\u00ab Adi , n\u00c3\u00ab prani t\u00c3\u00ab t\u00c3\u00ab gjith\u00c3\u00ab banor\u00c3\u00abve t\u00c3\u00ab mbledhur n\u00c3\u00ab zon\u00c3\u00abn e ndjenjies. Ai ka shtuar se nuk donte ta nominonte Mimoz\u00c3\u00abn por e kishte rrezikuar at\u00c3\u00ab p\u00c3\u00abr t\u00c3\u00ab mbrojtur Anjez\u00c3\u00abn\",\"breadcrumb\":{\"@id\":\"https:\/\/www.visit-ulcinj.com\/blog\/2009\/04\/27\/adi-per-mimozen-rrezikova-mozen-per-anjezen\/#breadcrumb\"},\"inLanguage\":\"en-US\",\"potentialAction\":[{\"@type\":\"ReadAction\",\"target\":[\"https:\/\/www.visit-ulcinj.com\/blog\/2009\/04\/27\/adi-per-mimozen-rrezikova-mozen-per-anjezen\/\"]}]},{\"@type\":\"BreadcrumbList\",\"@id\":\"https:\/\/www.visit-ulcinj.com\/blog\/2009\/04\/27\/adi-per-mimozen-rrezikova-mozen-per-anjezen\/#breadcrumb\",\"itemListElement\":[{\"@type\":\"ListItem\",\"position\":1,\"name\":\"Adi p\u00ebr Mimoz\u00ebn : Rrezikova Moz\u00ebn, p\u00ebr Anjez\u00ebn\"}]},{\"@type\":\"Person\",\"@id\":\"https:\/\/www.visit-ulcinj.com\/blog\/#\/schema\/person\/dcab619c614d3038751c63bc2aadc06d\",\"name\":\"ulqini\",\"sameAs\":[\"http:\/\/www.visit-ulcinj.com\"],\"url\":\"https:\/\/www.visit-ulcinj.com\/blog\/author\/admin\/\"}]}<\/script>\n<!-- \/ Yoast SEO plugin. -->","yoast_head_json":{"title":"Adi p\u00c3\u00abr Mimoz\u00c3\u00abn : Rrezikova Moz\u00c3\u00abn, p\u00c3\u00abr Anjez\u00c3\u00abn | Big Brother Albania 2","description":"Big Brother Albania 2 - \u00e2\u20ac\u0153Nominova Moz\u00c3\u00abn q\u00c3\u00ab t\u00c3\u00ab ruaja Anjez\u00c3\u00abn!\u00e2\u20ac\u009d \u00e2\u20ac\u201c ka th\u00c3\u00abn\u00c3\u00ab Adi , n\u00c3\u00ab prani t\u00c3\u00ab t\u00c3\u00ab gjith\u00c3\u00ab banor\u00c3\u00abve t\u00c3\u00ab mbledhur n\u00c3\u00ab zon\u00c3\u00abn e ndjenjies. Ai ka shtuar se nuk donte ta nominonte Mimoz\u00c3\u00abn por e kishte rrezikuar at\u00c3\u00ab p\u00c3\u00abr t\u00c3\u00ab mbrojtur Anjez\u00c3\u00abn","robots":{"index":"index","follow":"follow","max-snippet":"max-snippet:-1","max-image-preview":"max-image-preview:large","max-video-preview":"max-video-preview:-1"},"canonical":"https:\/\/www.visit-ulcinj.com\/blog\/2009\/04\/27\/adi-per-mimozen-rrezikova-mozen-per-anjezen\/","og_locale":"en_US","og_type":"article","og_title":"Adi p\u00c3\u00abr Mimoz\u00c3\u00abn : Rrezikova Moz\u00c3\u00abn, p\u00c3\u00abr Anjez\u00c3\u00abn | Big Brother Albania 2","og_description":"Big Brother Albania 2 - \u00e2\u20ac\u0153Nominova Moz\u00c3\u00abn q\u00c3\u00ab t\u00c3\u00ab ruaja Anjez\u00c3\u00abn!\u00e2\u20ac\u009d \u00e2\u20ac\u201c ka th\u00c3\u00abn\u00c3\u00ab Adi , n\u00c3\u00ab prani t\u00c3\u00ab t\u00c3\u00ab gjith\u00c3\u00ab banor\u00c3\u00abve t\u00c3\u00ab mbledhur n\u00c3\u00ab zon\u00c3\u00abn e ndjenjies. Ai ka shtuar se nuk donte ta nominonte Mimoz\u00c3\u00abn por e kishte rrezikuar at\u00c3\u00ab p\u00c3\u00abr t\u00c3\u00ab mbrojtur Anjez\u00c3\u00abn","og_url":"https:\/\/www.visit-ulcinj.com\/blog\/2009\/04\/27\/adi-per-mimozen-rrezikova-mozen-per-anjezen\/","og_site_name":"Lajme nga Ulqini","article_published_time":"2009-04-27T20:45:26+00:00","og_image":[{"url":"http:\/\/www.visit-ulcinj.com\/blog\/wp-content\/uploads\/2009\/04\/adi-per-nominimin-e-mozes.jpg"}],"twitter_misc":{"Written by":"ulqini","Est. reading time":"1 minute"},"schema":{"@context":"https:\/\/schema.org","@graph":[{"@type":"WebSite","@id":"https:\/\/www.visit-ulcinj.com\/blog\/#website","url":"https:\/\/www.visit-ulcinj.com\/blog\/","name":"Lajme nga Ulqini","description":"Lajme,Vijesti,Ulqini,Ulqin,Crna Gora,Mali i Zi","potentialAction":[{"@type":"SearchAction","target":{"@type":"EntryPoint","urlTemplate":"https:\/\/www.visit-ulcinj.com\/blog\/?s={search_term_string}"},"query-input":"required name=search_term_string"}],"inLanguage":"en-US"},{"@type":"ImageObject","inLanguage":"en-US","@id":"https:\/\/www.visit-ulcinj.com\/blog\/2009\/04\/27\/adi-per-mimozen-rrezikova-mozen-per-anjezen\/#primaryimage","url":"http:\/\/www.visit-ulcinj.com\/blog\/wp-content\/uploads\/2009\/04\/adi-per-nominimin-e-mozes.jpg","contentUrl":"http:\/\/www.visit-ulcinj.com\/blog\/wp-content\/uploads\/2009\/04\/adi-per-nominimin-e-mozes.jpg"},{"@type":"WebPage","@id":"https:\/\/www.visit-ulcinj.com\/blog\/2009\/04\/27\/adi-per-mimozen-rrezikova-mozen-per-anjezen\/#webpage","url":"https:\/\/www.visit-ulcinj.com\/blog\/2009\/04\/27\/adi-per-mimozen-rrezikova-mozen-per-anjezen\/","name":"Adi p\u00c3\u00abr Mimoz\u00c3\u00abn : Rrezikova Moz\u00c3\u00abn, p\u00c3\u00abr Anjez\u00c3\u00abn | Big Brother Albania 2","isPartOf":{"@id":"https:\/\/www.visit-ulcinj.com\/blog\/#website"},"primaryImageOfPage":{"@id":"https:\/\/www.visit-ulcinj.com\/blog\/2009\/04\/27\/adi-per-mimozen-rrezikova-mozen-per-anjezen\/#primaryimage"},"datePublished":"2009-04-27T20:45:26+00:00","dateModified":"2009-04-27T20:45:26+00:00","author":{"@id":"https:\/\/www.visit-ulcinj.com\/blog\/#\/schema\/person\/dcab619c614d3038751c63bc2aadc06d"},"description":"Big Brother Albania 2 - \u00e2\u20ac\u0153Nominova Moz\u00c3\u00abn q\u00c3\u00ab t\u00c3\u00ab ruaja Anjez\u00c3\u00abn!\u00e2\u20ac\u009d \u00e2\u20ac\u201c ka th\u00c3\u00abn\u00c3\u00ab Adi , n\u00c3\u00ab prani t\u00c3\u00ab t\u00c3\u00ab gjith\u00c3\u00ab banor\u00c3\u00abve t\u00c3\u00ab mbledhur n\u00c3\u00ab zon\u00c3\u00abn e ndjenjies. Ai ka shtuar se nuk donte ta nominonte Mimoz\u00c3\u00abn por e kishte rrezikuar at\u00c3\u00ab p\u00c3\u00abr t\u00c3\u00ab mbrojtur Anjez\u00c3\u00abn","breadcrumb":{"@id":"https:\/\/www.visit-ulcinj.com\/blog\/2009\/04\/27\/adi-per-mimozen-rrezikova-mozen-per-anjezen\/#breadcrumb"},"inLanguage":"en-US","potentialAction":[{"@type":"ReadAction","target":["https:\/\/www.visit-ulcinj.com\/blog\/2009\/04\/27\/adi-per-mimozen-rrezikova-mozen-per-anjezen\/"]}]},{"@type":"BreadcrumbList","@id":"https:\/\/www.visit-ulcinj.com\/blog\/2009\/04\/27\/adi-per-mimozen-rrezikova-mozen-per-anjezen\/#breadcrumb","itemListElement":[{"@type":"ListItem","position":1,"name":"Adi p\u00ebr Mimoz\u00ebn : Rrezikova Moz\u00ebn, p\u00ebr Anjez\u00ebn"}]},{"@type":"Person","@id":"https:\/\/www.visit-ulcinj.com\/blog\/#\/schema\/person\/dcab619c614d3038751c63bc2aadc06d","name":"ulqini","sameAs":["http:\/\/www.visit-ulcinj.com"],"url":"https:\/\/www.visit-ulcinj.com\/blog\/author\/admin\/"}]}},"jetpack_featured_media_url":"","jetpack_sharing_enabled":true,"jetpack_shortlink":"https:\/\/wp.me\/pe6lTn-52G","_links":{"self":[{"href":"https:\/\/www.visit-ulcinj.com\/blog\/wp-json\/wp\/v2\/posts\/19386"}],"collection":[{"href":"https:\/\/www.visit-ulcinj.com\/blog\/wp-json\/wp\/v2\/posts"}],"about":[{"href":"https:\/\/www.visit-ulcinj.com\/blog\/wp-json\/wp\/v2\/types\/post"}],"author":[{"embeddable":true,"href":"https:\/\/www.visit-ulcinj.com\/blog\/wp-json\/wp\/v2\/users\/1"}],"replies":[{"embeddable":true,"href":"https:\/\/www.visit-ulcinj.com\/blog\/wp-json\/wp\/v2\/comments?post=19386"}],"version-history":[{"count":0,"href":"https:\/\/www.visit-ulcinj.com\/blog\/wp-json\/wp\/v2\/posts\/19386\/revisions"}],"wp:attachment":[{"href":"https:\/\/www.visit-ulcinj.com\/blog\/wp-json\/wp\/v2\/media?parent=19386"}],"wp:term":[{"taxonomy":"category","embeddable":true,"href":"https:\/\/www.visit-ulcinj.com\/blog\/wp-json\/wp\/v2\/categories?post=19386"},{"taxonomy":"post_tag","embeddable":true,"href":"https:\/\/www.visit-ulcinj.com\/blog\/wp-json\/wp\/v2\/tags?post=19386"}],"curies":[{"name":"wp","href":"https:\/\/api.w.org\/{rel}","templated":true}]}}