{"id":19389,"date":"2009-04-27T22:49:08","date_gmt":"2009-04-27T20:49:08","guid":{"rendered":"http:\/\/www.visit-ulcinj.com\/blog\/?p=19389"},"modified":"2009-04-27T22:49:08","modified_gmt":"2009-04-27T20:49:08","slug":"adi-dhe-mimoza-une-te-perqafoj-dhe-te-fal","status":"publish","type":"post","link":"https:\/\/www.visit-ulcinj.com\/blog\/2009\/04\/27\/adi-dhe-mimoza-une-te-perqafoj-dhe-te-fal\/","title":{"rendered":"Adi dhe Mimoza : Un\u00eb t\u00eb p\u00ebrqafoj dhe t\u00eb fal"},"content":{"rendered":"<p><em><span class=\"newsdate\"><a href=\"http:\/\/www.visit-ulcinj.com\/blog\/wp-content\/uploads\/2009\/04\/moza-dhe-adi.jpg\"><img loading=\"lazy\" class=\"alignleft size-full wp-image-19390\" title=\"moza-dhe-adi-big-brother-albania-2\" src=\"http:\/\/www.visit-ulcinj.com\/blog\/wp-content\/uploads\/2009\/04\/moza-dhe-adi.jpg\" alt=\"moza-dhe-adi-big-brother-albania-2\" width=\"300\" height=\"205\" \/><\/a>26\/04\/09\u00a0<\/span><\/em><\/p>\n<p>\u201cSi ma b\u00ebre k\u00ebt\u00eb?\u201d \u2013 i ka th\u00ebn\u00eb Adi Mimoz\u00ebs me shaka. \u201c\u00c7far\u00eb t\u00eb b\u00ebra?\u201d \u2013 i tha ajo dhe Adi i ka shpjeguar se po b\u00ebnte shaka. \u201cMos mendo se t\u00eb kam nominuar, sepse nuk e kam b\u00ebr\u00eb!\u201d \u2013 i ka th\u00ebn\u00eb ajo Adit. Mimoza ka shtuar se ajo nj\u00ebher\u00eb kishte gabuar, por edhe at\u00eb her\u00eb i kishte treguar. Adi i ka p\u00ebrs\u00ebritur se po b\u00ebnte shaka q\u00eb ajo ta falte p\u00ebr at\u00eb q\u00eb kishte b\u00ebr\u00eb ai dhe ta p\u00ebrqafonte, duke n\u00ebnkuptuar faktin q\u00eb ai e kishte nominuar. Mimoza e ka p\u00ebrqafuar dhe i ka th\u00ebn\u00eb: \u201cUn\u00eb t\u00eb p\u00ebrqafoj dhe t\u00eb fal!\u201d. M\u00eb pas, n\u00eb prani t\u00eb banor\u00ebve t\u00eb tjer\u00eb, ai i ka treguar Mimoz\u00ebs edhe arsyen q\u00eb kishte dh\u00ebn\u00eb p\u00ebr kandidimin e saj.<\/p>\n","protected":false},"excerpt":{"rendered":"<p>26\/04\/09\u00a0 \u201cSi ma b\u00ebre k\u00ebt\u00eb?\u201d \u2013 i ka th\u00ebn\u00eb Adi Mimoz\u00ebs me shaka. \u201c\u00c7far\u00eb t\u00eb b\u00ebra?\u201d \u2013 i tha ajo dhe Adi i ka shpjeguar se po b\u00ebnte shaka. \u201cMos mendo se t\u00eb kam nominuar, sepse nuk e kam b\u00ebr\u00eb!\u201d \u2013 i ka th\u00ebn\u00eb ajo Adit. Mimoza ka shtuar se ajo nj\u00ebher\u00eb kishte gabuar, por [&hellip;]<\/p>\n","protected":false},"author":1,"featured_media":0,"comment_status":"open","ping_status":"closed","sticky":false,"template":"","format":"standard","meta":{"spay_email":"","jetpack_publicize_message":"","jetpack_is_tweetstorm":false,"jetpack_publicize_feature_enabled":true},"categories":[6502],"tags":[1414,6520,5057,6506,6516,6712,7129,6544,6891,6693,6887],"jetpack_publicize_connections":[],"yoast_head":"<!-- This site is optimized with the Yoast SEO plugin v19.1 - https:\/\/yoast.com\/wordpress\/plugins\/seo\/ -->\n<title>Adi dhe Mimoza : Un\u00c3\u00ab t\u00c3\u00ab p\u00c3\u00abrqafoj dhe t\u00c3\u00ab fal | Big Brother Albania 2<\/title>\n<meta name=\"description\" content=\"Big Brother Albania 2 - \u00e2\u20ac\u0153Si ma b\u00c3\u00abre k\u00c3\u00abt\u00c3\u00ab?\u00e2\u20ac\u009d \u00e2\u20ac\u201c i ka th\u00c3\u00abn\u00c3\u00ab Adi Mimoz\u00c3\u00abs me shaka. \u00e2\u20ac\u0153\u00c3\u2021far\u00c3\u00ab t\u00c3\u00ab b\u00c3\u00abra?\u00e2\u20ac\u009d \u00e2\u20ac\u201c i tha ajo dhe Adi i ka shpjeguar se po b\u00c3\u00abnte shaka.\" \/>\n<meta name=\"robots\" content=\"index, follow, max-snippet:-1, max-image-preview:large, max-video-preview:-1\" \/>\n<link rel=\"canonical\" href=\"https:\/\/www.visit-ulcinj.com\/blog\/2009\/04\/27\/adi-dhe-mimoza-une-te-perqafoj-dhe-te-fal\/\" \/>\n<meta property=\"og:locale\" content=\"en_US\" \/>\n<meta property=\"og:type\" content=\"article\" \/>\n<meta property=\"og:title\" content=\"Adi dhe Mimoza : Un\u00c3\u00ab t\u00c3\u00ab p\u00c3\u00abrqafoj dhe t\u00c3\u00ab fal | Big Brother Albania 2\" \/>\n<meta property=\"og:description\" content=\"Big Brother Albania 2 - \u00e2\u20ac\u0153Si ma b\u00c3\u00abre k\u00c3\u00abt\u00c3\u00ab?\u00e2\u20ac\u009d \u00e2\u20ac\u201c i ka th\u00c3\u00abn\u00c3\u00ab Adi Mimoz\u00c3\u00abs me shaka. \u00e2\u20ac\u0153\u00c3\u2021far\u00c3\u00ab t\u00c3\u00ab b\u00c3\u00abra?\u00e2\u20ac\u009d \u00e2\u20ac\u201c i tha ajo dhe Adi i ka shpjeguar se po b\u00c3\u00abnte shaka.\" \/>\n<meta property=\"og:url\" content=\"https:\/\/www.visit-ulcinj.com\/blog\/2009\/04\/27\/adi-dhe-mimoza-une-te-perqafoj-dhe-te-fal\/\" \/>\n<meta property=\"og:site_name\" content=\"Lajme nga Ulqini\" \/>\n<meta property=\"article:published_time\" content=\"2009-04-27T20:49:08+00:00\" \/>\n<meta property=\"og:image\" content=\"http:\/\/www.visit-ulcinj.com\/blog\/wp-content\/uploads\/2009\/04\/moza-dhe-adi.jpg\" \/>\n<meta name=\"twitter:label1\" content=\"Written by\" \/>\n\t<meta name=\"twitter:data1\" content=\"ulqini\" \/>\n\t<meta name=\"twitter:label2\" content=\"Est. reading time\" \/>\n\t<meta name=\"twitter:data2\" content=\"1 minute\" \/>\n<script type=\"application\/ld+json\" class=\"yoast-schema-graph\">{\"@context\":\"https:\/\/schema.org\",\"@graph\":[{\"@type\":\"WebSite\",\"@id\":\"https:\/\/www.visit-ulcinj.com\/blog\/#website\",\"url\":\"https:\/\/www.visit-ulcinj.com\/blog\/\",\"name\":\"Lajme nga Ulqini\",\"description\":\"Lajme,Vijesti,Ulqini,Ulqin,Crna Gora,Mali i Zi\",\"potentialAction\":[{\"@type\":\"SearchAction\",\"target\":{\"@type\":\"EntryPoint\",\"urlTemplate\":\"https:\/\/www.visit-ulcinj.com\/blog\/?s={search_term_string}\"},\"query-input\":\"required name=search_term_string\"}],\"inLanguage\":\"en-US\"},{\"@type\":\"ImageObject\",\"inLanguage\":\"en-US\",\"@id\":\"https:\/\/www.visit-ulcinj.com\/blog\/2009\/04\/27\/adi-dhe-mimoza-une-te-perqafoj-dhe-te-fal\/#primaryimage\",\"url\":\"http:\/\/www.visit-ulcinj.com\/blog\/wp-content\/uploads\/2009\/04\/moza-dhe-adi.jpg\",\"contentUrl\":\"http:\/\/www.visit-ulcinj.com\/blog\/wp-content\/uploads\/2009\/04\/moza-dhe-adi.jpg\"},{\"@type\":\"WebPage\",\"@id\":\"https:\/\/www.visit-ulcinj.com\/blog\/2009\/04\/27\/adi-dhe-mimoza-une-te-perqafoj-dhe-te-fal\/#webpage\",\"url\":\"https:\/\/www.visit-ulcinj.com\/blog\/2009\/04\/27\/adi-dhe-mimoza-une-te-perqafoj-dhe-te-fal\/\",\"name\":\"Adi dhe Mimoza : Un\u00c3\u00ab t\u00c3\u00ab p\u00c3\u00abrqafoj dhe t\u00c3\u00ab fal | Big Brother Albania 2\",\"isPartOf\":{\"@id\":\"https:\/\/www.visit-ulcinj.com\/blog\/#website\"},\"primaryImageOfPage\":{\"@id\":\"https:\/\/www.visit-ulcinj.com\/blog\/2009\/04\/27\/adi-dhe-mimoza-une-te-perqafoj-dhe-te-fal\/#primaryimage\"},\"datePublished\":\"2009-04-27T20:49:08+00:00\",\"dateModified\":\"2009-04-27T20:49:08+00:00\",\"author\":{\"@id\":\"https:\/\/www.visit-ulcinj.com\/blog\/#\/schema\/person\/dcab619c614d3038751c63bc2aadc06d\"},\"description\":\"Big Brother Albania 2 - \u00e2\u20ac\u0153Si ma b\u00c3\u00abre k\u00c3\u00abt\u00c3\u00ab?\u00e2\u20ac\u009d \u00e2\u20ac\u201c i ka th\u00c3\u00abn\u00c3\u00ab Adi Mimoz\u00c3\u00abs me shaka. \u00e2\u20ac\u0153\u00c3\u2021far\u00c3\u00ab t\u00c3\u00ab b\u00c3\u00abra?\u00e2\u20ac\u009d \u00e2\u20ac\u201c i tha ajo dhe Adi i ka shpjeguar se po b\u00c3\u00abnte shaka.\",\"breadcrumb\":{\"@id\":\"https:\/\/www.visit-ulcinj.com\/blog\/2009\/04\/27\/adi-dhe-mimoza-une-te-perqafoj-dhe-te-fal\/#breadcrumb\"},\"inLanguage\":\"en-US\",\"potentialAction\":[{\"@type\":\"ReadAction\",\"target\":[\"https:\/\/www.visit-ulcinj.com\/blog\/2009\/04\/27\/adi-dhe-mimoza-une-te-perqafoj-dhe-te-fal\/\"]}]},{\"@type\":\"BreadcrumbList\",\"@id\":\"https:\/\/www.visit-ulcinj.com\/blog\/2009\/04\/27\/adi-dhe-mimoza-une-te-perqafoj-dhe-te-fal\/#breadcrumb\",\"itemListElement\":[{\"@type\":\"ListItem\",\"position\":1,\"name\":\"Adi dhe Mimoza : Un\u00eb t\u00eb p\u00ebrqafoj dhe t\u00eb fal\"}]},{\"@type\":\"Person\",\"@id\":\"https:\/\/www.visit-ulcinj.com\/blog\/#\/schema\/person\/dcab619c614d3038751c63bc2aadc06d\",\"name\":\"ulqini\",\"sameAs\":[\"http:\/\/www.visit-ulcinj.com\"],\"url\":\"https:\/\/www.visit-ulcinj.com\/blog\/author\/admin\/\"}]}<\/script>\n<!-- \/ Yoast SEO plugin. -->","yoast_head_json":{"title":"Adi dhe Mimoza : Un\u00c3\u00ab t\u00c3\u00ab p\u00c3\u00abrqafoj dhe t\u00c3\u00ab fal | Big Brother Albania 2","description":"Big Brother Albania 2 - \u00e2\u20ac\u0153Si ma b\u00c3\u00abre k\u00c3\u00abt\u00c3\u00ab?\u00e2\u20ac\u009d \u00e2\u20ac\u201c i ka th\u00c3\u00abn\u00c3\u00ab Adi Mimoz\u00c3\u00abs me shaka. \u00e2\u20ac\u0153\u00c3\u2021far\u00c3\u00ab t\u00c3\u00ab b\u00c3\u00abra?\u00e2\u20ac\u009d \u00e2\u20ac\u201c i tha ajo dhe Adi i ka shpjeguar se po b\u00c3\u00abnte shaka.","robots":{"index":"index","follow":"follow","max-snippet":"max-snippet:-1","max-image-preview":"max-image-preview:large","max-video-preview":"max-video-preview:-1"},"canonical":"https:\/\/www.visit-ulcinj.com\/blog\/2009\/04\/27\/adi-dhe-mimoza-une-te-perqafoj-dhe-te-fal\/","og_locale":"en_US","og_type":"article","og_title":"Adi dhe Mimoza : Un\u00c3\u00ab t\u00c3\u00ab p\u00c3\u00abrqafoj dhe t\u00c3\u00ab fal | Big Brother Albania 2","og_description":"Big Brother Albania 2 - \u00e2\u20ac\u0153Si ma b\u00c3\u00abre k\u00c3\u00abt\u00c3\u00ab?\u00e2\u20ac\u009d \u00e2\u20ac\u201c i ka th\u00c3\u00abn\u00c3\u00ab Adi Mimoz\u00c3\u00abs me shaka. \u00e2\u20ac\u0153\u00c3\u2021far\u00c3\u00ab t\u00c3\u00ab b\u00c3\u00abra?\u00e2\u20ac\u009d \u00e2\u20ac\u201c i tha ajo dhe Adi i ka shpjeguar se po b\u00c3\u00abnte shaka.","og_url":"https:\/\/www.visit-ulcinj.com\/blog\/2009\/04\/27\/adi-dhe-mimoza-une-te-perqafoj-dhe-te-fal\/","og_site_name":"Lajme nga Ulqini","article_published_time":"2009-04-27T20:49:08+00:00","og_image":[{"url":"http:\/\/www.visit-ulcinj.com\/blog\/wp-content\/uploads\/2009\/04\/moza-dhe-adi.jpg"}],"twitter_misc":{"Written by":"ulqini","Est. reading time":"1 minute"},"schema":{"@context":"https:\/\/schema.org","@graph":[{"@type":"WebSite","@id":"https:\/\/www.visit-ulcinj.com\/blog\/#website","url":"https:\/\/www.visit-ulcinj.com\/blog\/","name":"Lajme nga Ulqini","description":"Lajme,Vijesti,Ulqini,Ulqin,Crna Gora,Mali i Zi","potentialAction":[{"@type":"SearchAction","target":{"@type":"EntryPoint","urlTemplate":"https:\/\/www.visit-ulcinj.com\/blog\/?s={search_term_string}"},"query-input":"required name=search_term_string"}],"inLanguage":"en-US"},{"@type":"ImageObject","inLanguage":"en-US","@id":"https:\/\/www.visit-ulcinj.com\/blog\/2009\/04\/27\/adi-dhe-mimoza-une-te-perqafoj-dhe-te-fal\/#primaryimage","url":"http:\/\/www.visit-ulcinj.com\/blog\/wp-content\/uploads\/2009\/04\/moza-dhe-adi.jpg","contentUrl":"http:\/\/www.visit-ulcinj.com\/blog\/wp-content\/uploads\/2009\/04\/moza-dhe-adi.jpg"},{"@type":"WebPage","@id":"https:\/\/www.visit-ulcinj.com\/blog\/2009\/04\/27\/adi-dhe-mimoza-une-te-perqafoj-dhe-te-fal\/#webpage","url":"https:\/\/www.visit-ulcinj.com\/blog\/2009\/04\/27\/adi-dhe-mimoza-une-te-perqafoj-dhe-te-fal\/","name":"Adi dhe Mimoza : Un\u00c3\u00ab t\u00c3\u00ab p\u00c3\u00abrqafoj dhe t\u00c3\u00ab fal | Big Brother Albania 2","isPartOf":{"@id":"https:\/\/www.visit-ulcinj.com\/blog\/#website"},"primaryImageOfPage":{"@id":"https:\/\/www.visit-ulcinj.com\/blog\/2009\/04\/27\/adi-dhe-mimoza-une-te-perqafoj-dhe-te-fal\/#primaryimage"},"datePublished":"2009-04-27T20:49:08+00:00","dateModified":"2009-04-27T20:49:08+00:00","author":{"@id":"https:\/\/www.visit-ulcinj.com\/blog\/#\/schema\/person\/dcab619c614d3038751c63bc2aadc06d"},"description":"Big Brother Albania 2 - \u00e2\u20ac\u0153Si ma b\u00c3\u00abre k\u00c3\u00abt\u00c3\u00ab?\u00e2\u20ac\u009d \u00e2\u20ac\u201c i ka th\u00c3\u00abn\u00c3\u00ab Adi Mimoz\u00c3\u00abs me shaka. \u00e2\u20ac\u0153\u00c3\u2021far\u00c3\u00ab t\u00c3\u00ab b\u00c3\u00abra?\u00e2\u20ac\u009d \u00e2\u20ac\u201c i tha ajo dhe Adi i ka shpjeguar se po b\u00c3\u00abnte shaka.","breadcrumb":{"@id":"https:\/\/www.visit-ulcinj.com\/blog\/2009\/04\/27\/adi-dhe-mimoza-une-te-perqafoj-dhe-te-fal\/#breadcrumb"},"inLanguage":"en-US","potentialAction":[{"@type":"ReadAction","target":["https:\/\/www.visit-ulcinj.com\/blog\/2009\/04\/27\/adi-dhe-mimoza-une-te-perqafoj-dhe-te-fal\/"]}]},{"@type":"BreadcrumbList","@id":"https:\/\/www.visit-ulcinj.com\/blog\/2009\/04\/27\/adi-dhe-mimoza-une-te-perqafoj-dhe-te-fal\/#breadcrumb","itemListElement":[{"@type":"ListItem","position":1,"name":"Adi dhe Mimoza : Un\u00eb t\u00eb p\u00ebrqafoj dhe t\u00eb fal"}]},{"@type":"Person","@id":"https:\/\/www.visit-ulcinj.com\/blog\/#\/schema\/person\/dcab619c614d3038751c63bc2aadc06d","name":"ulqini","sameAs":["http:\/\/www.visit-ulcinj.com"],"url":"https:\/\/www.visit-ulcinj.com\/blog\/author\/admin\/"}]}},"jetpack_featured_media_url":"","jetpack_sharing_enabled":true,"jetpack_shortlink":"https:\/\/wp.me\/pe6lTn-52J","_links":{"self":[{"href":"https:\/\/www.visit-ulcinj.com\/blog\/wp-json\/wp\/v2\/posts\/19389"}],"collection":[{"href":"https:\/\/www.visit-ulcinj.com\/blog\/wp-json\/wp\/v2\/posts"}],"about":[{"href":"https:\/\/www.visit-ulcinj.com\/blog\/wp-json\/wp\/v2\/types\/post"}],"author":[{"embeddable":true,"href":"https:\/\/www.visit-ulcinj.com\/blog\/wp-json\/wp\/v2\/users\/1"}],"replies":[{"embeddable":true,"href":"https:\/\/www.visit-ulcinj.com\/blog\/wp-json\/wp\/v2\/comments?post=19389"}],"version-history":[{"count":0,"href":"https:\/\/www.visit-ulcinj.com\/blog\/wp-json\/wp\/v2\/posts\/19389\/revisions"}],"wp:attachment":[{"href":"https:\/\/www.visit-ulcinj.com\/blog\/wp-json\/wp\/v2\/media?parent=19389"}],"wp:term":[{"taxonomy":"category","embeddable":true,"href":"https:\/\/www.visit-ulcinj.com\/blog\/wp-json\/wp\/v2\/categories?post=19389"},{"taxonomy":"post_tag","embeddable":true,"href":"https:\/\/www.visit-ulcinj.com\/blog\/wp-json\/wp\/v2\/tags?post=19389"}],"curies":[{"name":"wp","href":"https:\/\/api.w.org\/{rel}","templated":true}]}}