{"id":19392,"date":"2009-04-27T22:55:40","date_gmt":"2009-04-27T20:55:40","guid":{"rendered":"http:\/\/www.visit-ulcinj.com\/blog\/?p=19392"},"modified":"2009-04-27T22:55:40","modified_gmt":"2009-04-27T20:55:40","slug":"mimoza-kam-qene-fanse-e-polit","status":"publish","type":"post","link":"https:\/\/www.visit-ulcinj.com\/blog\/2009\/04\/27\/mimoza-kam-qene-fanse-e-polit\/","title":{"rendered":"Mimoza : Kam qen\u00eb fanse e Polit"},"content":{"rendered":"<p><em><a href=\"http:\/\/www.visit-ulcinj.com\/blog\/wp-content\/uploads\/2009\/04\/moza-i-tregon-adit-per-polin.jpg\"><img loading=\"lazy\" class=\"alignleft size-full wp-image-19393\" title=\"moza-i-tregon-adit-per-polin-big-brother-albania-2\" src=\"http:\/\/www.visit-ulcinj.com\/blog\/wp-content\/uploads\/2009\/04\/moza-i-tregon-adit-per-polin.jpg\" alt=\"moza-i-tregon-adit-per-polin-big-brother-albania-2\" width=\"300\" height=\"205\" \/><\/a>26\/04\/09 04:10<\/em><\/p>\n<p>\u201cKam qen\u00eb fanse e Polit!\u201d- i ka treguar Mimoza Adit. Ajo ka shtuar se e p\u00eblqente shum\u00eb, gjat\u00eb koh\u00ebs q\u00eb e ndiqte n\u00eb Big Brother. \u201cKur doli jasht\u00eb, gjeta nj\u00eb m\u00ebnyr\u00eb, n\u00ebp\u00ebrmjet internetit, q\u00eb t\u00eb komunikoja me t\u00eb!\u201d. Pas k\u00ebsaj, sic tregon Mimoza, ishin b\u00ebr\u00eb shum\u00eb shok\u00eb. Kur Polin, pak koh\u00eb m\u00eb von\u00eb e kishin ftuar n\u00eb Kosov\u00eb, ajo ishte takuar p\u00ebr her\u00eb t\u00eb par\u00eb me t\u00eb dhe takimi kishte ndodhur n\u00eb nj\u00eb diskotek\u00eb. \u201cE p\u00eblqeva shum\u00eb kur e pash\u00eb dhe gjithashtu dhe ai m\u00eb p\u00ebqeu mua!\u201d \u2013 ka vijuar Mimoza tregimin e saj. M\u00eb pas ata ishin takuar edhe disa her\u00eb t\u00eb tjera. Ajo ka th\u00ebn\u00eb se ata nuk kishin nj\u00eb lidhje shum\u00eb t\u00eb ngusht\u00eb. \u201cVet\u00ebm nj\u00eb puthje kemi patur, asgj\u00eb tjet\u00ebr!\u201d \u2013 ka th\u00ebn\u00eb Mimoza. Ajo ka shtuar se t\u00eb dy e p\u00eblqenin nj\u00ebri-tjetrin dhe se ajo i vler\u00ebsonte shum\u00eb fjal\u00ebt q\u00eb ai i kishte shkruar. \u201cT\u00eb nj\u00ebjtat gj\u00ebra mendoj dhe un\u00eb p\u00ebr t\u00eb dhe e p\u00ebrqafoj shum\u00eb!\u201d \u2013 ka p\u00ebrfunduar ajo.<\/p>\n","protected":false},"excerpt":{"rendered":"<p>26\/04\/09 04:10 \u201cKam qen\u00eb fanse e Polit!\u201d- i ka treguar Mimoza Adit. Ajo ka shtuar se e p\u00eblqente shum\u00eb, gjat\u00eb koh\u00ebs q\u00eb e ndiqte n\u00eb Big Brother. \u201cKur doli jasht\u00eb, gjeta nj\u00eb m\u00ebnyr\u00eb, n\u00ebp\u00ebrmjet internetit, q\u00eb t\u00eb komunikoja me t\u00eb!\u201d. Pas k\u00ebsaj, sic tregon Mimoza, ishin b\u00ebr\u00eb shum\u00eb shok\u00eb. Kur Polin, pak koh\u00eb m\u00eb von\u00eb [&hellip;]<\/p>\n","protected":false},"author":1,"featured_media":0,"comment_status":"open","ping_status":"closed","sticky":false,"template":"","format":"standard","meta":{"spay_email":"","jetpack_publicize_message":"","jetpack_is_tweetstorm":false,"jetpack_publicize_feature_enabled":true},"categories":[6502],"tags":[1414,6520,5057,6506,6516,6712,7129,6544,4980,6891,6693,6887],"jetpack_publicize_connections":[],"yoast_head":"<!-- This site is optimized with the Yoast SEO plugin v19.1 - https:\/\/yoast.com\/wordpress\/plugins\/seo\/ -->\n<title>Mimoza : Kam qen\u00c3\u00ab fanse e Polit | Big Brother Albania 2<\/title>\n<meta name=\"description\" content=\"Big Brother Albania 2 - \u00e2\u20ac\u0153Kam qen\u00c3\u00ab fanse e Polit!\u00e2\u20ac\u009d- i ka treguar Mimoza Adit. Ajo ka shtuar se e p\u00c3\u00ablqente shum\u00c3\u00ab, gjat\u00c3\u00ab koh\u00c3\u00abs q\u00c3\u00ab e ndiqte n\u00c3\u00ab Big Brother. \u00e2\u20ac\u0153\" \/>\n<meta name=\"robots\" content=\"index, follow, max-snippet:-1, max-image-preview:large, max-video-preview:-1\" \/>\n<link rel=\"canonical\" href=\"https:\/\/www.visit-ulcinj.com\/blog\/2009\/04\/27\/mimoza-kam-qene-fanse-e-polit\/\" \/>\n<meta property=\"og:locale\" content=\"en_US\" \/>\n<meta property=\"og:type\" content=\"article\" \/>\n<meta property=\"og:title\" content=\"Mimoza : Kam qen\u00c3\u00ab fanse e Polit | Big Brother Albania 2\" \/>\n<meta property=\"og:description\" content=\"Big Brother Albania 2 - \u00e2\u20ac\u0153Kam qen\u00c3\u00ab fanse e Polit!\u00e2\u20ac\u009d- i ka treguar Mimoza Adit. Ajo ka shtuar se e p\u00c3\u00ablqente shum\u00c3\u00ab, gjat\u00c3\u00ab koh\u00c3\u00abs q\u00c3\u00ab e ndiqte n\u00c3\u00ab Big Brother. \u00e2\u20ac\u0153\" \/>\n<meta property=\"og:url\" content=\"https:\/\/www.visit-ulcinj.com\/blog\/2009\/04\/27\/mimoza-kam-qene-fanse-e-polit\/\" \/>\n<meta property=\"og:site_name\" content=\"Lajme nga Ulqini\" \/>\n<meta property=\"article:published_time\" content=\"2009-04-27T20:55:40+00:00\" \/>\n<meta property=\"og:image\" content=\"http:\/\/www.visit-ulcinj.com\/blog\/wp-content\/uploads\/2009\/04\/moza-i-tregon-adit-per-polin.jpg\" \/>\n<meta name=\"twitter:label1\" content=\"Written by\" \/>\n\t<meta name=\"twitter:data1\" content=\"ulqini\" \/>\n\t<meta name=\"twitter:label2\" content=\"Est. reading time\" \/>\n\t<meta name=\"twitter:data2\" content=\"1 minute\" \/>\n<script type=\"application\/ld+json\" class=\"yoast-schema-graph\">{\"@context\":\"https:\/\/schema.org\",\"@graph\":[{\"@type\":\"WebSite\",\"@id\":\"https:\/\/www.visit-ulcinj.com\/blog\/#website\",\"url\":\"https:\/\/www.visit-ulcinj.com\/blog\/\",\"name\":\"Lajme nga Ulqini\",\"description\":\"Lajme,Vijesti,Ulqini,Ulqin,Crna Gora,Mali i Zi\",\"potentialAction\":[{\"@type\":\"SearchAction\",\"target\":{\"@type\":\"EntryPoint\",\"urlTemplate\":\"https:\/\/www.visit-ulcinj.com\/blog\/?s={search_term_string}\"},\"query-input\":\"required name=search_term_string\"}],\"inLanguage\":\"en-US\"},{\"@type\":\"ImageObject\",\"inLanguage\":\"en-US\",\"@id\":\"https:\/\/www.visit-ulcinj.com\/blog\/2009\/04\/27\/mimoza-kam-qene-fanse-e-polit\/#primaryimage\",\"url\":\"http:\/\/www.visit-ulcinj.com\/blog\/wp-content\/uploads\/2009\/04\/moza-i-tregon-adit-per-polin.jpg\",\"contentUrl\":\"http:\/\/www.visit-ulcinj.com\/blog\/wp-content\/uploads\/2009\/04\/moza-i-tregon-adit-per-polin.jpg\"},{\"@type\":\"WebPage\",\"@id\":\"https:\/\/www.visit-ulcinj.com\/blog\/2009\/04\/27\/mimoza-kam-qene-fanse-e-polit\/#webpage\",\"url\":\"https:\/\/www.visit-ulcinj.com\/blog\/2009\/04\/27\/mimoza-kam-qene-fanse-e-polit\/\",\"name\":\"Mimoza : Kam qen\u00c3\u00ab fanse e Polit | Big Brother Albania 2\",\"isPartOf\":{\"@id\":\"https:\/\/www.visit-ulcinj.com\/blog\/#website\"},\"primaryImageOfPage\":{\"@id\":\"https:\/\/www.visit-ulcinj.com\/blog\/2009\/04\/27\/mimoza-kam-qene-fanse-e-polit\/#primaryimage\"},\"datePublished\":\"2009-04-27T20:55:40+00:00\",\"dateModified\":\"2009-04-27T20:55:40+00:00\",\"author\":{\"@id\":\"https:\/\/www.visit-ulcinj.com\/blog\/#\/schema\/person\/dcab619c614d3038751c63bc2aadc06d\"},\"description\":\"Big Brother Albania 2 - \u00e2\u20ac\u0153Kam qen\u00c3\u00ab fanse e Polit!\u00e2\u20ac\u009d- i ka treguar Mimoza Adit. Ajo ka shtuar se e p\u00c3\u00ablqente shum\u00c3\u00ab, gjat\u00c3\u00ab koh\u00c3\u00abs q\u00c3\u00ab e ndiqte n\u00c3\u00ab Big Brother. \u00e2\u20ac\u0153\",\"breadcrumb\":{\"@id\":\"https:\/\/www.visit-ulcinj.com\/blog\/2009\/04\/27\/mimoza-kam-qene-fanse-e-polit\/#breadcrumb\"},\"inLanguage\":\"en-US\",\"potentialAction\":[{\"@type\":\"ReadAction\",\"target\":[\"https:\/\/www.visit-ulcinj.com\/blog\/2009\/04\/27\/mimoza-kam-qene-fanse-e-polit\/\"]}]},{\"@type\":\"BreadcrumbList\",\"@id\":\"https:\/\/www.visit-ulcinj.com\/blog\/2009\/04\/27\/mimoza-kam-qene-fanse-e-polit\/#breadcrumb\",\"itemListElement\":[{\"@type\":\"ListItem\",\"position\":1,\"name\":\"Mimoza : Kam qen\u00eb fanse e Polit\"}]},{\"@type\":\"Person\",\"@id\":\"https:\/\/www.visit-ulcinj.com\/blog\/#\/schema\/person\/dcab619c614d3038751c63bc2aadc06d\",\"name\":\"ulqini\",\"sameAs\":[\"http:\/\/www.visit-ulcinj.com\"],\"url\":\"https:\/\/www.visit-ulcinj.com\/blog\/author\/admin\/\"}]}<\/script>\n<!-- \/ Yoast SEO plugin. -->","yoast_head_json":{"title":"Mimoza : Kam qen\u00c3\u00ab fanse e Polit | Big Brother Albania 2","description":"Big Brother Albania 2 - \u00e2\u20ac\u0153Kam qen\u00c3\u00ab fanse e Polit!\u00e2\u20ac\u009d- i ka treguar Mimoza Adit. Ajo ka shtuar se e p\u00c3\u00ablqente shum\u00c3\u00ab, gjat\u00c3\u00ab koh\u00c3\u00abs q\u00c3\u00ab e ndiqte n\u00c3\u00ab Big Brother. \u00e2\u20ac\u0153","robots":{"index":"index","follow":"follow","max-snippet":"max-snippet:-1","max-image-preview":"max-image-preview:large","max-video-preview":"max-video-preview:-1"},"canonical":"https:\/\/www.visit-ulcinj.com\/blog\/2009\/04\/27\/mimoza-kam-qene-fanse-e-polit\/","og_locale":"en_US","og_type":"article","og_title":"Mimoza : Kam qen\u00c3\u00ab fanse e Polit | Big Brother Albania 2","og_description":"Big Brother Albania 2 - \u00e2\u20ac\u0153Kam qen\u00c3\u00ab fanse e Polit!\u00e2\u20ac\u009d- i ka treguar Mimoza Adit. Ajo ka shtuar se e p\u00c3\u00ablqente shum\u00c3\u00ab, gjat\u00c3\u00ab koh\u00c3\u00abs q\u00c3\u00ab e ndiqte n\u00c3\u00ab Big Brother. \u00e2\u20ac\u0153","og_url":"https:\/\/www.visit-ulcinj.com\/blog\/2009\/04\/27\/mimoza-kam-qene-fanse-e-polit\/","og_site_name":"Lajme nga Ulqini","article_published_time":"2009-04-27T20:55:40+00:00","og_image":[{"url":"http:\/\/www.visit-ulcinj.com\/blog\/wp-content\/uploads\/2009\/04\/moza-i-tregon-adit-per-polin.jpg"}],"twitter_misc":{"Written by":"ulqini","Est. reading time":"1 minute"},"schema":{"@context":"https:\/\/schema.org","@graph":[{"@type":"WebSite","@id":"https:\/\/www.visit-ulcinj.com\/blog\/#website","url":"https:\/\/www.visit-ulcinj.com\/blog\/","name":"Lajme nga Ulqini","description":"Lajme,Vijesti,Ulqini,Ulqin,Crna Gora,Mali i Zi","potentialAction":[{"@type":"SearchAction","target":{"@type":"EntryPoint","urlTemplate":"https:\/\/www.visit-ulcinj.com\/blog\/?s={search_term_string}"},"query-input":"required name=search_term_string"}],"inLanguage":"en-US"},{"@type":"ImageObject","inLanguage":"en-US","@id":"https:\/\/www.visit-ulcinj.com\/blog\/2009\/04\/27\/mimoza-kam-qene-fanse-e-polit\/#primaryimage","url":"http:\/\/www.visit-ulcinj.com\/blog\/wp-content\/uploads\/2009\/04\/moza-i-tregon-adit-per-polin.jpg","contentUrl":"http:\/\/www.visit-ulcinj.com\/blog\/wp-content\/uploads\/2009\/04\/moza-i-tregon-adit-per-polin.jpg"},{"@type":"WebPage","@id":"https:\/\/www.visit-ulcinj.com\/blog\/2009\/04\/27\/mimoza-kam-qene-fanse-e-polit\/#webpage","url":"https:\/\/www.visit-ulcinj.com\/blog\/2009\/04\/27\/mimoza-kam-qene-fanse-e-polit\/","name":"Mimoza : Kam qen\u00c3\u00ab fanse e Polit | Big Brother Albania 2","isPartOf":{"@id":"https:\/\/www.visit-ulcinj.com\/blog\/#website"},"primaryImageOfPage":{"@id":"https:\/\/www.visit-ulcinj.com\/blog\/2009\/04\/27\/mimoza-kam-qene-fanse-e-polit\/#primaryimage"},"datePublished":"2009-04-27T20:55:40+00:00","dateModified":"2009-04-27T20:55:40+00:00","author":{"@id":"https:\/\/www.visit-ulcinj.com\/blog\/#\/schema\/person\/dcab619c614d3038751c63bc2aadc06d"},"description":"Big Brother Albania 2 - \u00e2\u20ac\u0153Kam qen\u00c3\u00ab fanse e Polit!\u00e2\u20ac\u009d- i ka treguar Mimoza Adit. Ajo ka shtuar se e p\u00c3\u00ablqente shum\u00c3\u00ab, gjat\u00c3\u00ab koh\u00c3\u00abs q\u00c3\u00ab e ndiqte n\u00c3\u00ab Big Brother. \u00e2\u20ac\u0153","breadcrumb":{"@id":"https:\/\/www.visit-ulcinj.com\/blog\/2009\/04\/27\/mimoza-kam-qene-fanse-e-polit\/#breadcrumb"},"inLanguage":"en-US","potentialAction":[{"@type":"ReadAction","target":["https:\/\/www.visit-ulcinj.com\/blog\/2009\/04\/27\/mimoza-kam-qene-fanse-e-polit\/"]}]},{"@type":"BreadcrumbList","@id":"https:\/\/www.visit-ulcinj.com\/blog\/2009\/04\/27\/mimoza-kam-qene-fanse-e-polit\/#breadcrumb","itemListElement":[{"@type":"ListItem","position":1,"name":"Mimoza : Kam qen\u00eb fanse e Polit"}]},{"@type":"Person","@id":"https:\/\/www.visit-ulcinj.com\/blog\/#\/schema\/person\/dcab619c614d3038751c63bc2aadc06d","name":"ulqini","sameAs":["http:\/\/www.visit-ulcinj.com"],"url":"https:\/\/www.visit-ulcinj.com\/blog\/author\/admin\/"}]}},"jetpack_featured_media_url":"","jetpack_sharing_enabled":true,"jetpack_shortlink":"https:\/\/wp.me\/pe6lTn-52M","_links":{"self":[{"href":"https:\/\/www.visit-ulcinj.com\/blog\/wp-json\/wp\/v2\/posts\/19392"}],"collection":[{"href":"https:\/\/www.visit-ulcinj.com\/blog\/wp-json\/wp\/v2\/posts"}],"about":[{"href":"https:\/\/www.visit-ulcinj.com\/blog\/wp-json\/wp\/v2\/types\/post"}],"author":[{"embeddable":true,"href":"https:\/\/www.visit-ulcinj.com\/blog\/wp-json\/wp\/v2\/users\/1"}],"replies":[{"embeddable":true,"href":"https:\/\/www.visit-ulcinj.com\/blog\/wp-json\/wp\/v2\/comments?post=19392"}],"version-history":[{"count":0,"href":"https:\/\/www.visit-ulcinj.com\/blog\/wp-json\/wp\/v2\/posts\/19392\/revisions"}],"wp:attachment":[{"href":"https:\/\/www.visit-ulcinj.com\/blog\/wp-json\/wp\/v2\/media?parent=19392"}],"wp:term":[{"taxonomy":"category","embeddable":true,"href":"https:\/\/www.visit-ulcinj.com\/blog\/wp-json\/wp\/v2\/categories?post=19392"},{"taxonomy":"post_tag","embeddable":true,"href":"https:\/\/www.visit-ulcinj.com\/blog\/wp-json\/wp\/v2\/tags?post=19392"}],"curies":[{"name":"wp","href":"https:\/\/api.w.org\/{rel}","templated":true}]}}