{"id":19406,"date":"2009-04-28T09:00:03","date_gmt":"2009-04-28T07:00:03","guid":{"rendered":"http:\/\/www.visit-ulcinj.com\/blog\/?p=19406"},"modified":"2009-04-27T23:46:31","modified_gmt":"2009-04-27T21:46:31","slug":"mimoza-krasniqi-mos-e-diskuto-me","status":"publish","type":"post","link":"https:\/\/www.visit-ulcinj.com\/blog\/2009\/04\/28\/mimoza-krasniqi-mos-e-diskuto-me\/","title":{"rendered":"Mimoza Krasniqi : Mos e diskuto m\u00eb"},"content":{"rendered":"<p><span class=\"newsdate\"><a href=\"http:\/\/www.visit-ulcinj.com\/blog\/wp-content\/uploads\/2009\/04\/moza-leximi.jpg\"><img loading=\"lazy\" class=\"alignleft size-full wp-image-19403\" title=\"moza-leximi-big-brother-albania-2\" src=\"http:\/\/www.visit-ulcinj.com\/blog\/wp-content\/uploads\/2009\/04\/moza-leximi.jpg\" alt=\"moza-leximi-big-brother-albania-2\" width=\"300\" height=\"205\" \/><\/a>26\/04\/09 13:57<\/span>\u00a0Kur Moza lexon t\u00eb dh\u00ebnat p\u00ebr buxhetin, Ari e kritikon se ajo nuk lexon mir\u00eb dhe se nuk e kuptoi mir\u00eb se cfar\u00eb tha ajo. Pasi p\u00ebrfundojn\u00eb buxhetin, ata dalin n\u00eb kop\u00ebsht dhe Moza i thot\u00eb Arit se her\u00eb tjet\u00ebr, kur t\u00eb lexoj\u00eb ajo, nuk do diskutime t\u00eb tilla nga askush. Ari, vazhdon me shaka se do t\u2019i b\u00ebj\u00eb disa kurse q\u00eb ajo t\u00eb lexoj\u00eb m\u00eb mir\u00eb. Moza ia kthen se nuk i intereson asgj\u00eb se cfar\u00eb thot\u00eb ai. Ajo ngre z\u00ebrin dhe i thot\u00eb q\u00eb ai t\u00eb mos i thoj\u00eb m\u00eb asgj\u00eb n\u00eb lidhje me m\u00ebnyr\u00ebn e leximit t\u00eb saj. Ari mundohet t\u2019i spjegoj\u00eb se cfar\u00eb po i thot\u00eb, por ajo ia kthen shkurt se lexon shum\u00eb mir\u00eb. Kur Ari kupton se ajo e merr shum\u00eb seriozisht k\u00ebt\u00eb bised\u00eb, i thot\u00eb se kur t\u00eb jen\u00eb vet\u00ebm, pa pranin\u00eb e t\u00eb tjer\u00ebve q\u00eb po i d\u00ebgjonin, do t\u2019ia tregoj\u00eb m\u00eb mir\u00eb q\u00eb ajo ka nevoj\u00eb p\u00ebr t\u00eb rregulluar intonacionin. Moza insiston n\u00eb t\u00eb saj\u00ebn se lexon bukur. Ari ngrihet dhe largohet duke i th\u00ebn\u00eb se n\u00eb vend q\u00eb ajo ta falenderoj\u00eb, ajo ia merr p\u00ebr keq. Adi q\u00eb ishte prezent n\u00eb diskutimin e tyre, i thot\u00eb Arit q\u00eb t\u00eb mos e vazhdoj\u00eb m\u00eb tej bised\u00ebn, por ta l\u00ebr\u00eb n\u00eb kuadrin e shakas\u00eb. Ari ia kthen se ajo nuk e kupton dhe Adi shton se meq\u00eb ajo nuk e kupton, edhe ai mos t\u00eb p\u00ebrdor\u00eb fjal\u00eb pa takt.<\/p>\n","protected":false},"excerpt":{"rendered":"<p>26\/04\/09 13:57\u00a0Kur Moza lexon t\u00eb dh\u00ebnat p\u00ebr buxhetin, Ari e kritikon se ajo nuk lexon mir\u00eb dhe se nuk e kuptoi mir\u00eb se cfar\u00eb tha ajo. Pasi p\u00ebrfundojn\u00eb buxhetin, ata dalin n\u00eb kop\u00ebsht dhe Moza i thot\u00eb Arit se her\u00eb tjet\u00ebr, kur t\u00eb lexoj\u00eb ajo, nuk do diskutime t\u00eb tilla nga askush. Ari, vazhdon me [&hellip;]<\/p>\n","protected":false},"author":1,"featured_media":0,"comment_status":"open","ping_status":"closed","sticky":false,"template":"","format":"standard","meta":{"spay_email":"","jetpack_publicize_message":"","jetpack_is_tweetstorm":false,"jetpack_publicize_feature_enabled":true},"categories":[6502],"tags":[8934,6883,9121,6522,6544,9692,6693],"jetpack_publicize_connections":[],"yoast_head":"<!-- This site is optimized with the Yoast SEO plugin v19.1 - https:\/\/yoast.com\/wordpress\/plugins\/seo\/ -->\n<title>Mimoza Krasniqi : Mos e diskuto m\u00c3\u00ab | Big Brother Albania 2<\/title>\n<meta name=\"description\" content=\"Big Brother Albania 2 - Kur Moza lexon t\u00c3\u00ab dh\u00c3\u00abnat p\u00c3\u00abr buxhetin, Ari e kritikon se ajo nuk lexon mir\u00c3\u00ab dhe se nuk e kuptoi mir\u00c3\u00ab se cfar\u00c3\u00ab tha ajo.\" \/>\n<meta name=\"robots\" content=\"index, follow, max-snippet:-1, max-image-preview:large, max-video-preview:-1\" \/>\n<link rel=\"canonical\" href=\"https:\/\/www.visit-ulcinj.com\/blog\/2009\/04\/28\/mimoza-krasniqi-mos-e-diskuto-me\/\" \/>\n<meta property=\"og:locale\" content=\"en_US\" \/>\n<meta property=\"og:type\" content=\"article\" \/>\n<meta property=\"og:title\" content=\"Mimoza Krasniqi : Mos e diskuto m\u00c3\u00ab | Big Brother Albania 2\" \/>\n<meta property=\"og:description\" content=\"Big Brother Albania 2 - Kur Moza lexon t\u00c3\u00ab dh\u00c3\u00abnat p\u00c3\u00abr buxhetin, Ari e kritikon se ajo nuk lexon mir\u00c3\u00ab dhe se nuk e kuptoi mir\u00c3\u00ab se cfar\u00c3\u00ab tha ajo.\" \/>\n<meta property=\"og:url\" content=\"https:\/\/www.visit-ulcinj.com\/blog\/2009\/04\/28\/mimoza-krasniqi-mos-e-diskuto-me\/\" \/>\n<meta property=\"og:site_name\" content=\"Lajme nga Ulqini\" \/>\n<meta property=\"article:published_time\" content=\"2009-04-28T07:00:03+00:00\" \/>\n<meta property=\"article:modified_time\" content=\"2009-04-27T21:46:31+00:00\" \/>\n<meta property=\"og:image\" content=\"http:\/\/www.visit-ulcinj.com\/blog\/wp-content\/uploads\/2009\/04\/moza-leximi.jpg\" \/>\n<meta name=\"twitter:label1\" content=\"Written by\" \/>\n\t<meta name=\"twitter:data1\" content=\"ulqini\" \/>\n\t<meta name=\"twitter:label2\" content=\"Est. reading time\" \/>\n\t<meta name=\"twitter:data2\" content=\"1 minute\" \/>\n<script type=\"application\/ld+json\" class=\"yoast-schema-graph\">{\"@context\":\"https:\/\/schema.org\",\"@graph\":[{\"@type\":\"WebSite\",\"@id\":\"https:\/\/www.visit-ulcinj.com\/blog\/#website\",\"url\":\"https:\/\/www.visit-ulcinj.com\/blog\/\",\"name\":\"Lajme nga Ulqini\",\"description\":\"Lajme,Vijesti,Ulqini,Ulqin,Crna Gora,Mali i Zi\",\"potentialAction\":[{\"@type\":\"SearchAction\",\"target\":{\"@type\":\"EntryPoint\",\"urlTemplate\":\"https:\/\/www.visit-ulcinj.com\/blog\/?s={search_term_string}\"},\"query-input\":\"required name=search_term_string\"}],\"inLanguage\":\"en-US\"},{\"@type\":\"ImageObject\",\"inLanguage\":\"en-US\",\"@id\":\"https:\/\/www.visit-ulcinj.com\/blog\/2009\/04\/28\/mimoza-krasniqi-mos-e-diskuto-me\/#primaryimage\",\"url\":\"http:\/\/www.visit-ulcinj.com\/blog\/wp-content\/uploads\/2009\/04\/moza-leximi.jpg\",\"contentUrl\":\"http:\/\/www.visit-ulcinj.com\/blog\/wp-content\/uploads\/2009\/04\/moza-leximi.jpg\"},{\"@type\":\"WebPage\",\"@id\":\"https:\/\/www.visit-ulcinj.com\/blog\/2009\/04\/28\/mimoza-krasniqi-mos-e-diskuto-me\/#webpage\",\"url\":\"https:\/\/www.visit-ulcinj.com\/blog\/2009\/04\/28\/mimoza-krasniqi-mos-e-diskuto-me\/\",\"name\":\"Mimoza Krasniqi : Mos e diskuto m\u00c3\u00ab | Big Brother Albania 2\",\"isPartOf\":{\"@id\":\"https:\/\/www.visit-ulcinj.com\/blog\/#website\"},\"primaryImageOfPage\":{\"@id\":\"https:\/\/www.visit-ulcinj.com\/blog\/2009\/04\/28\/mimoza-krasniqi-mos-e-diskuto-me\/#primaryimage\"},\"datePublished\":\"2009-04-28T07:00:03+00:00\",\"dateModified\":\"2009-04-27T21:46:31+00:00\",\"author\":{\"@id\":\"https:\/\/www.visit-ulcinj.com\/blog\/#\/schema\/person\/dcab619c614d3038751c63bc2aadc06d\"},\"description\":\"Big Brother Albania 2 - Kur Moza lexon t\u00c3\u00ab dh\u00c3\u00abnat p\u00c3\u00abr buxhetin, Ari e kritikon se ajo nuk lexon mir\u00c3\u00ab dhe se nuk e kuptoi mir\u00c3\u00ab se cfar\u00c3\u00ab tha ajo.\",\"breadcrumb\":{\"@id\":\"https:\/\/www.visit-ulcinj.com\/blog\/2009\/04\/28\/mimoza-krasniqi-mos-e-diskuto-me\/#breadcrumb\"},\"inLanguage\":\"en-US\",\"potentialAction\":[{\"@type\":\"ReadAction\",\"target\":[\"https:\/\/www.visit-ulcinj.com\/blog\/2009\/04\/28\/mimoza-krasniqi-mos-e-diskuto-me\/\"]}]},{\"@type\":\"BreadcrumbList\",\"@id\":\"https:\/\/www.visit-ulcinj.com\/blog\/2009\/04\/28\/mimoza-krasniqi-mos-e-diskuto-me\/#breadcrumb\",\"itemListElement\":[{\"@type\":\"ListItem\",\"position\":1,\"name\":\"Mimoza Krasniqi : Mos e diskuto m\u00eb\"}]},{\"@type\":\"Person\",\"@id\":\"https:\/\/www.visit-ulcinj.com\/blog\/#\/schema\/person\/dcab619c614d3038751c63bc2aadc06d\",\"name\":\"ulqini\",\"sameAs\":[\"http:\/\/www.visit-ulcinj.com\"],\"url\":\"https:\/\/www.visit-ulcinj.com\/blog\/author\/admin\/\"}]}<\/script>\n<!-- \/ Yoast SEO plugin. -->","yoast_head_json":{"title":"Mimoza Krasniqi : Mos e diskuto m\u00c3\u00ab | Big Brother Albania 2","description":"Big Brother Albania 2 - Kur Moza lexon t\u00c3\u00ab dh\u00c3\u00abnat p\u00c3\u00abr buxhetin, Ari e kritikon se ajo nuk lexon mir\u00c3\u00ab dhe se nuk e kuptoi mir\u00c3\u00ab se cfar\u00c3\u00ab tha ajo.","robots":{"index":"index","follow":"follow","max-snippet":"max-snippet:-1","max-image-preview":"max-image-preview:large","max-video-preview":"max-video-preview:-1"},"canonical":"https:\/\/www.visit-ulcinj.com\/blog\/2009\/04\/28\/mimoza-krasniqi-mos-e-diskuto-me\/","og_locale":"en_US","og_type":"article","og_title":"Mimoza Krasniqi : Mos e diskuto m\u00c3\u00ab | Big Brother Albania 2","og_description":"Big Brother Albania 2 - Kur Moza lexon t\u00c3\u00ab dh\u00c3\u00abnat p\u00c3\u00abr buxhetin, Ari e kritikon se ajo nuk lexon mir\u00c3\u00ab dhe se nuk e kuptoi mir\u00c3\u00ab se cfar\u00c3\u00ab tha ajo.","og_url":"https:\/\/www.visit-ulcinj.com\/blog\/2009\/04\/28\/mimoza-krasniqi-mos-e-diskuto-me\/","og_site_name":"Lajme nga Ulqini","article_published_time":"2009-04-28T07:00:03+00:00","article_modified_time":"2009-04-27T21:46:31+00:00","og_image":[{"url":"http:\/\/www.visit-ulcinj.com\/blog\/wp-content\/uploads\/2009\/04\/moza-leximi.jpg"}],"twitter_misc":{"Written by":"ulqini","Est. reading time":"1 minute"},"schema":{"@context":"https:\/\/schema.org","@graph":[{"@type":"WebSite","@id":"https:\/\/www.visit-ulcinj.com\/blog\/#website","url":"https:\/\/www.visit-ulcinj.com\/blog\/","name":"Lajme nga Ulqini","description":"Lajme,Vijesti,Ulqini,Ulqin,Crna Gora,Mali i Zi","potentialAction":[{"@type":"SearchAction","target":{"@type":"EntryPoint","urlTemplate":"https:\/\/www.visit-ulcinj.com\/blog\/?s={search_term_string}"},"query-input":"required name=search_term_string"}],"inLanguage":"en-US"},{"@type":"ImageObject","inLanguage":"en-US","@id":"https:\/\/www.visit-ulcinj.com\/blog\/2009\/04\/28\/mimoza-krasniqi-mos-e-diskuto-me\/#primaryimage","url":"http:\/\/www.visit-ulcinj.com\/blog\/wp-content\/uploads\/2009\/04\/moza-leximi.jpg","contentUrl":"http:\/\/www.visit-ulcinj.com\/blog\/wp-content\/uploads\/2009\/04\/moza-leximi.jpg"},{"@type":"WebPage","@id":"https:\/\/www.visit-ulcinj.com\/blog\/2009\/04\/28\/mimoza-krasniqi-mos-e-diskuto-me\/#webpage","url":"https:\/\/www.visit-ulcinj.com\/blog\/2009\/04\/28\/mimoza-krasniqi-mos-e-diskuto-me\/","name":"Mimoza Krasniqi : Mos e diskuto m\u00c3\u00ab | Big Brother Albania 2","isPartOf":{"@id":"https:\/\/www.visit-ulcinj.com\/blog\/#website"},"primaryImageOfPage":{"@id":"https:\/\/www.visit-ulcinj.com\/blog\/2009\/04\/28\/mimoza-krasniqi-mos-e-diskuto-me\/#primaryimage"},"datePublished":"2009-04-28T07:00:03+00:00","dateModified":"2009-04-27T21:46:31+00:00","author":{"@id":"https:\/\/www.visit-ulcinj.com\/blog\/#\/schema\/person\/dcab619c614d3038751c63bc2aadc06d"},"description":"Big Brother Albania 2 - Kur Moza lexon t\u00c3\u00ab dh\u00c3\u00abnat p\u00c3\u00abr buxhetin, Ari e kritikon se ajo nuk lexon mir\u00c3\u00ab dhe se nuk e kuptoi mir\u00c3\u00ab se cfar\u00c3\u00ab tha ajo.","breadcrumb":{"@id":"https:\/\/www.visit-ulcinj.com\/blog\/2009\/04\/28\/mimoza-krasniqi-mos-e-diskuto-me\/#breadcrumb"},"inLanguage":"en-US","potentialAction":[{"@type":"ReadAction","target":["https:\/\/www.visit-ulcinj.com\/blog\/2009\/04\/28\/mimoza-krasniqi-mos-e-diskuto-me\/"]}]},{"@type":"BreadcrumbList","@id":"https:\/\/www.visit-ulcinj.com\/blog\/2009\/04\/28\/mimoza-krasniqi-mos-e-diskuto-me\/#breadcrumb","itemListElement":[{"@type":"ListItem","position":1,"name":"Mimoza Krasniqi : Mos e diskuto m\u00eb"}]},{"@type":"Person","@id":"https:\/\/www.visit-ulcinj.com\/blog\/#\/schema\/person\/dcab619c614d3038751c63bc2aadc06d","name":"ulqini","sameAs":["http:\/\/www.visit-ulcinj.com"],"url":"https:\/\/www.visit-ulcinj.com\/blog\/author\/admin\/"}]}},"jetpack_featured_media_url":"","jetpack_sharing_enabled":true,"jetpack_shortlink":"https:\/\/wp.me\/pe6lTn-530","_links":{"self":[{"href":"https:\/\/www.visit-ulcinj.com\/blog\/wp-json\/wp\/v2\/posts\/19406"}],"collection":[{"href":"https:\/\/www.visit-ulcinj.com\/blog\/wp-json\/wp\/v2\/posts"}],"about":[{"href":"https:\/\/www.visit-ulcinj.com\/blog\/wp-json\/wp\/v2\/types\/post"}],"author":[{"embeddable":true,"href":"https:\/\/www.visit-ulcinj.com\/blog\/wp-json\/wp\/v2\/users\/1"}],"replies":[{"embeddable":true,"href":"https:\/\/www.visit-ulcinj.com\/blog\/wp-json\/wp\/v2\/comments?post=19406"}],"version-history":[{"count":0,"href":"https:\/\/www.visit-ulcinj.com\/blog\/wp-json\/wp\/v2\/posts\/19406\/revisions"}],"wp:attachment":[{"href":"https:\/\/www.visit-ulcinj.com\/blog\/wp-json\/wp\/v2\/media?parent=19406"}],"wp:term":[{"taxonomy":"category","embeddable":true,"href":"https:\/\/www.visit-ulcinj.com\/blog\/wp-json\/wp\/v2\/categories?post=19406"},{"taxonomy":"post_tag","embeddable":true,"href":"https:\/\/www.visit-ulcinj.com\/blog\/wp-json\/wp\/v2\/tags?post=19406"}],"curies":[{"name":"wp","href":"https:\/\/api.w.org\/{rel}","templated":true}]}}