{"id":19409,"date":"2009-04-28T09:00:54","date_gmt":"2009-04-28T07:00:54","guid":{"rendered":"http:\/\/www.visit-ulcinj.com\/blog\/?p=19409"},"modified":"2009-04-27T23:49:15","modified_gmt":"2009-04-27T21:49:15","slug":"mimoza-dhe-anjeza-e-tregova-e-para","status":"publish","type":"post","link":"https:\/\/www.visit-ulcinj.com\/blog\/2009\/04\/28\/mimoza-dhe-anjeza-e-tregova-e-para\/","title":{"rendered":"Mimoza dhe Anjeza : E tregova e para"},"content":{"rendered":"<p><em><span class=\"newsdate\"><a href=\"http:\/\/www.visit-ulcinj.com\/blog\/wp-content\/uploads\/2009\/04\/moza-per-polin1.jpg\"><img loading=\"lazy\" class=\"alignleft size-full wp-image-19411\" title=\"moza-per-polin-big-brother-albania-2\" src=\"http:\/\/www.visit-ulcinj.com\/blog\/wp-content\/uploads\/2009\/04\/moza-per-polin1.jpg\" alt=\"moza-per-polin-big-brother-albania-2\" width=\"300\" height=\"205\" \/><\/a>26\/04\/09 14:15<\/span><\/em><\/p>\n<p>Anjeza e pyet Moz\u00ebn se p\u00ebrse nuk e ka treguar q\u00eb n\u00eb fillim historin\u00eb e saj me Polin. Moza i p\u00ebrgjigjet se nuk ka dashur t\u00eb tregoj\u00eb p\u00ebr jet\u00ebn e saj personale dhe se nuk d\u00ebshironte q\u00eb familja e saj ta m\u00ebsonte. Ajo trgon se e kishte l\u00ebn\u00eb me fjal\u00eb me Polin q\u00eb t\u00eb mos flisnin t\u00eb dy, por m\u00eb pas \u00ebsht\u00eb marr\u00eb vesh. Moza shprehet se ka q\u00ebn\u00eb ajo q\u00eb ka treguar, duke harruar se n\u00eb sht\u00ebpi kishte kamera dhe k\u00ebt\u00eb histori ia ka treguar Adel\u00ebs, Bik\u00ebs, Zhuljet\u00ebs. Ajo tregon se kur e kishte pyetur Arbana gjat\u00eb spektaklit, s\u00ebrish nuk e kishte pranuar, por m\u00eb pas, dita-dit\u00ebs, kishte filluar ta pranonte. Moza tregon se si jan\u00eb njohur t\u00eb dy me Polin dhe se si lindi raporti mes tyre.<\/p>\n","protected":false},"excerpt":{"rendered":"<p>26\/04\/09 14:15 Anjeza e pyet Moz\u00ebn se p\u00ebrse nuk e ka treguar q\u00eb n\u00eb fillim historin\u00eb e saj me Polin. Moza i p\u00ebrgjigjet se nuk ka dashur t\u00eb tregoj\u00eb p\u00ebr jet\u00ebn e saj personale dhe se nuk d\u00ebshironte q\u00eb familja e saj ta m\u00ebsonte. Ajo trgon se e kishte l\u00ebn\u00eb me fjal\u00eb me Polin q\u00eb [&hellip;]<\/p>\n","protected":false},"author":1,"featured_media":0,"comment_status":"open","ping_status":"closed","sticky":false,"template":"","format":"standard","meta":{"spay_email":"","jetpack_publicize_message":"","jetpack_is_tweetstorm":false,"jetpack_publicize_feature_enabled":true},"categories":[6502],"tags":[8289,6883,9121,6522,6544,4980,6693],"jetpack_publicize_connections":[],"yoast_head":"<!-- This site is optimized with the Yoast SEO plugin v19.1 - https:\/\/yoast.com\/wordpress\/plugins\/seo\/ -->\n<title>Mimoza dhe Anjeza : E tregova e para | Big Brother Albania 2<\/title>\n<meta name=\"description\" content=\"Big Brother Albania 2 - Anjeza e pyet Moz\u00c3\u00abn se p\u00c3\u00abrse nuk e ka treguar q\u00c3\u00ab n\u00c3\u00ab fillim historin\u00c3\u00ab e saj me Polin.\" \/>\n<meta name=\"robots\" content=\"index, follow, max-snippet:-1, max-image-preview:large, max-video-preview:-1\" \/>\n<link rel=\"canonical\" href=\"https:\/\/www.visit-ulcinj.com\/blog\/2009\/04\/28\/mimoza-dhe-anjeza-e-tregova-e-para\/\" \/>\n<meta property=\"og:locale\" content=\"en_US\" \/>\n<meta property=\"og:type\" content=\"article\" \/>\n<meta property=\"og:title\" content=\"Mimoza dhe Anjeza : E tregova e para | Big Brother Albania 2\" \/>\n<meta property=\"og:description\" content=\"Big Brother Albania 2 - Anjeza e pyet Moz\u00c3\u00abn se p\u00c3\u00abrse nuk e ka treguar q\u00c3\u00ab n\u00c3\u00ab fillim historin\u00c3\u00ab e saj me Polin.\" \/>\n<meta property=\"og:url\" content=\"https:\/\/www.visit-ulcinj.com\/blog\/2009\/04\/28\/mimoza-dhe-anjeza-e-tregova-e-para\/\" \/>\n<meta property=\"og:site_name\" content=\"Lajme nga Ulqini\" \/>\n<meta property=\"article:published_time\" content=\"2009-04-28T07:00:54+00:00\" \/>\n<meta property=\"article:modified_time\" content=\"2009-04-27T21:49:15+00:00\" \/>\n<meta property=\"og:image\" content=\"http:\/\/www.visit-ulcinj.com\/blog\/wp-content\/uploads\/2009\/04\/moza-per-polin1.jpg\" \/>\n<meta name=\"twitter:label1\" content=\"Written by\" \/>\n\t<meta name=\"twitter:data1\" content=\"ulqini\" \/>\n\t<meta name=\"twitter:label2\" content=\"Est. reading time\" \/>\n\t<meta name=\"twitter:data2\" content=\"1 minute\" \/>\n<script type=\"application\/ld+json\" class=\"yoast-schema-graph\">{\"@context\":\"https:\/\/schema.org\",\"@graph\":[{\"@type\":\"WebSite\",\"@id\":\"https:\/\/www.visit-ulcinj.com\/blog\/#website\",\"url\":\"https:\/\/www.visit-ulcinj.com\/blog\/\",\"name\":\"Lajme nga Ulqini\",\"description\":\"Lajme,Vijesti,Ulqini,Ulqin,Crna Gora,Mali i Zi\",\"potentialAction\":[{\"@type\":\"SearchAction\",\"target\":{\"@type\":\"EntryPoint\",\"urlTemplate\":\"https:\/\/www.visit-ulcinj.com\/blog\/?s={search_term_string}\"},\"query-input\":\"required name=search_term_string\"}],\"inLanguage\":\"en-US\"},{\"@type\":\"ImageObject\",\"inLanguage\":\"en-US\",\"@id\":\"https:\/\/www.visit-ulcinj.com\/blog\/2009\/04\/28\/mimoza-dhe-anjeza-e-tregova-e-para\/#primaryimage\",\"url\":\"http:\/\/www.visit-ulcinj.com\/blog\/wp-content\/uploads\/2009\/04\/moza-per-polin1.jpg\",\"contentUrl\":\"http:\/\/www.visit-ulcinj.com\/blog\/wp-content\/uploads\/2009\/04\/moza-per-polin1.jpg\"},{\"@type\":\"WebPage\",\"@id\":\"https:\/\/www.visit-ulcinj.com\/blog\/2009\/04\/28\/mimoza-dhe-anjeza-e-tregova-e-para\/#webpage\",\"url\":\"https:\/\/www.visit-ulcinj.com\/blog\/2009\/04\/28\/mimoza-dhe-anjeza-e-tregova-e-para\/\",\"name\":\"Mimoza dhe Anjeza : E tregova e para | Big Brother Albania 2\",\"isPartOf\":{\"@id\":\"https:\/\/www.visit-ulcinj.com\/blog\/#website\"},\"primaryImageOfPage\":{\"@id\":\"https:\/\/www.visit-ulcinj.com\/blog\/2009\/04\/28\/mimoza-dhe-anjeza-e-tregova-e-para\/#primaryimage\"},\"datePublished\":\"2009-04-28T07:00:54+00:00\",\"dateModified\":\"2009-04-27T21:49:15+00:00\",\"author\":{\"@id\":\"https:\/\/www.visit-ulcinj.com\/blog\/#\/schema\/person\/dcab619c614d3038751c63bc2aadc06d\"},\"description\":\"Big Brother Albania 2 - Anjeza e pyet Moz\u00c3\u00abn se p\u00c3\u00abrse nuk e ka treguar q\u00c3\u00ab n\u00c3\u00ab fillim historin\u00c3\u00ab e saj me Polin.\",\"breadcrumb\":{\"@id\":\"https:\/\/www.visit-ulcinj.com\/blog\/2009\/04\/28\/mimoza-dhe-anjeza-e-tregova-e-para\/#breadcrumb\"},\"inLanguage\":\"en-US\",\"potentialAction\":[{\"@type\":\"ReadAction\",\"target\":[\"https:\/\/www.visit-ulcinj.com\/blog\/2009\/04\/28\/mimoza-dhe-anjeza-e-tregova-e-para\/\"]}]},{\"@type\":\"BreadcrumbList\",\"@id\":\"https:\/\/www.visit-ulcinj.com\/blog\/2009\/04\/28\/mimoza-dhe-anjeza-e-tregova-e-para\/#breadcrumb\",\"itemListElement\":[{\"@type\":\"ListItem\",\"position\":1,\"name\":\"Mimoza dhe Anjeza : E tregova e para\"}]},{\"@type\":\"Person\",\"@id\":\"https:\/\/www.visit-ulcinj.com\/blog\/#\/schema\/person\/dcab619c614d3038751c63bc2aadc06d\",\"name\":\"ulqini\",\"sameAs\":[\"http:\/\/www.visit-ulcinj.com\"],\"url\":\"https:\/\/www.visit-ulcinj.com\/blog\/author\/admin\/\"}]}<\/script>\n<!-- \/ Yoast SEO plugin. -->","yoast_head_json":{"title":"Mimoza dhe Anjeza : E tregova e para | Big Brother Albania 2","description":"Big Brother Albania 2 - Anjeza e pyet Moz\u00c3\u00abn se p\u00c3\u00abrse nuk e ka treguar q\u00c3\u00ab n\u00c3\u00ab fillim historin\u00c3\u00ab e saj me Polin.","robots":{"index":"index","follow":"follow","max-snippet":"max-snippet:-1","max-image-preview":"max-image-preview:large","max-video-preview":"max-video-preview:-1"},"canonical":"https:\/\/www.visit-ulcinj.com\/blog\/2009\/04\/28\/mimoza-dhe-anjeza-e-tregova-e-para\/","og_locale":"en_US","og_type":"article","og_title":"Mimoza dhe Anjeza : E tregova e para | Big Brother Albania 2","og_description":"Big Brother Albania 2 - Anjeza e pyet Moz\u00c3\u00abn se p\u00c3\u00abrse nuk e ka treguar q\u00c3\u00ab n\u00c3\u00ab fillim historin\u00c3\u00ab e saj me Polin.","og_url":"https:\/\/www.visit-ulcinj.com\/blog\/2009\/04\/28\/mimoza-dhe-anjeza-e-tregova-e-para\/","og_site_name":"Lajme nga Ulqini","article_published_time":"2009-04-28T07:00:54+00:00","article_modified_time":"2009-04-27T21:49:15+00:00","og_image":[{"url":"http:\/\/www.visit-ulcinj.com\/blog\/wp-content\/uploads\/2009\/04\/moza-per-polin1.jpg"}],"twitter_misc":{"Written by":"ulqini","Est. reading time":"1 minute"},"schema":{"@context":"https:\/\/schema.org","@graph":[{"@type":"WebSite","@id":"https:\/\/www.visit-ulcinj.com\/blog\/#website","url":"https:\/\/www.visit-ulcinj.com\/blog\/","name":"Lajme nga Ulqini","description":"Lajme,Vijesti,Ulqini,Ulqin,Crna Gora,Mali i Zi","potentialAction":[{"@type":"SearchAction","target":{"@type":"EntryPoint","urlTemplate":"https:\/\/www.visit-ulcinj.com\/blog\/?s={search_term_string}"},"query-input":"required name=search_term_string"}],"inLanguage":"en-US"},{"@type":"ImageObject","inLanguage":"en-US","@id":"https:\/\/www.visit-ulcinj.com\/blog\/2009\/04\/28\/mimoza-dhe-anjeza-e-tregova-e-para\/#primaryimage","url":"http:\/\/www.visit-ulcinj.com\/blog\/wp-content\/uploads\/2009\/04\/moza-per-polin1.jpg","contentUrl":"http:\/\/www.visit-ulcinj.com\/blog\/wp-content\/uploads\/2009\/04\/moza-per-polin1.jpg"},{"@type":"WebPage","@id":"https:\/\/www.visit-ulcinj.com\/blog\/2009\/04\/28\/mimoza-dhe-anjeza-e-tregova-e-para\/#webpage","url":"https:\/\/www.visit-ulcinj.com\/blog\/2009\/04\/28\/mimoza-dhe-anjeza-e-tregova-e-para\/","name":"Mimoza dhe Anjeza : E tregova e para | Big Brother Albania 2","isPartOf":{"@id":"https:\/\/www.visit-ulcinj.com\/blog\/#website"},"primaryImageOfPage":{"@id":"https:\/\/www.visit-ulcinj.com\/blog\/2009\/04\/28\/mimoza-dhe-anjeza-e-tregova-e-para\/#primaryimage"},"datePublished":"2009-04-28T07:00:54+00:00","dateModified":"2009-04-27T21:49:15+00:00","author":{"@id":"https:\/\/www.visit-ulcinj.com\/blog\/#\/schema\/person\/dcab619c614d3038751c63bc2aadc06d"},"description":"Big Brother Albania 2 - Anjeza e pyet Moz\u00c3\u00abn se p\u00c3\u00abrse nuk e ka treguar q\u00c3\u00ab n\u00c3\u00ab fillim historin\u00c3\u00ab e saj me Polin.","breadcrumb":{"@id":"https:\/\/www.visit-ulcinj.com\/blog\/2009\/04\/28\/mimoza-dhe-anjeza-e-tregova-e-para\/#breadcrumb"},"inLanguage":"en-US","potentialAction":[{"@type":"ReadAction","target":["https:\/\/www.visit-ulcinj.com\/blog\/2009\/04\/28\/mimoza-dhe-anjeza-e-tregova-e-para\/"]}]},{"@type":"BreadcrumbList","@id":"https:\/\/www.visit-ulcinj.com\/blog\/2009\/04\/28\/mimoza-dhe-anjeza-e-tregova-e-para\/#breadcrumb","itemListElement":[{"@type":"ListItem","position":1,"name":"Mimoza dhe Anjeza : E tregova e para"}]},{"@type":"Person","@id":"https:\/\/www.visit-ulcinj.com\/blog\/#\/schema\/person\/dcab619c614d3038751c63bc2aadc06d","name":"ulqini","sameAs":["http:\/\/www.visit-ulcinj.com"],"url":"https:\/\/www.visit-ulcinj.com\/blog\/author\/admin\/"}]}},"jetpack_featured_media_url":"","jetpack_sharing_enabled":true,"jetpack_shortlink":"https:\/\/wp.me\/pe6lTn-533","_links":{"self":[{"href":"https:\/\/www.visit-ulcinj.com\/blog\/wp-json\/wp\/v2\/posts\/19409"}],"collection":[{"href":"https:\/\/www.visit-ulcinj.com\/blog\/wp-json\/wp\/v2\/posts"}],"about":[{"href":"https:\/\/www.visit-ulcinj.com\/blog\/wp-json\/wp\/v2\/types\/post"}],"author":[{"embeddable":true,"href":"https:\/\/www.visit-ulcinj.com\/blog\/wp-json\/wp\/v2\/users\/1"}],"replies":[{"embeddable":true,"href":"https:\/\/www.visit-ulcinj.com\/blog\/wp-json\/wp\/v2\/comments?post=19409"}],"version-history":[{"count":0,"href":"https:\/\/www.visit-ulcinj.com\/blog\/wp-json\/wp\/v2\/posts\/19409\/revisions"}],"wp:attachment":[{"href":"https:\/\/www.visit-ulcinj.com\/blog\/wp-json\/wp\/v2\/media?parent=19409"}],"wp:term":[{"taxonomy":"category","embeddable":true,"href":"https:\/\/www.visit-ulcinj.com\/blog\/wp-json\/wp\/v2\/categories?post=19409"},{"taxonomy":"post_tag","embeddable":true,"href":"https:\/\/www.visit-ulcinj.com\/blog\/wp-json\/wp\/v2\/tags?post=19409"}],"curies":[{"name":"wp","href":"https:\/\/api.w.org\/{rel}","templated":true}]}}