{"id":19413,"date":"2009-04-28T09:00:31","date_gmt":"2009-04-28T07:00:31","guid":{"rendered":"http:\/\/www.visit-ulcinj.com\/blog\/?p=19413"},"modified":"2009-04-27T23:51:14","modified_gmt":"2009-04-27T21:51:14","slug":"anjeza-kunder-mozes","status":"publish","type":"post","link":"https:\/\/www.visit-ulcinj.com\/blog\/2009\/04\/28\/anjeza-kunder-mozes\/","title":{"rendered":"Anjeza kund\u00ebr Moz\u00ebs"},"content":{"rendered":"<p><em><span class=\"newsdate\"><a href=\"http:\/\/www.visit-ulcinj.com\/blog\/wp-content\/uploads\/2009\/04\/anjeza-kunder-mozes.jpg\"><img loading=\"lazy\" class=\"alignleft size-full wp-image-19414\" title=\"anjeza-kunder-mozes-big-brother-albania-2\" src=\"http:\/\/www.visit-ulcinj.com\/blog\/wp-content\/uploads\/2009\/04\/anjeza-kunder-mozes.jpg\" alt=\"anjeza-kunder-mozes-big-brother-albania-2\" width=\"300\" height=\"205\" \/><\/a>26\/04\/09 16:13<\/span><\/em><\/p>\n<p>Moza, Juna dhe Anjeza bisedojn\u00eb n\u00eb dhom\u00ebn e gjumit, nd\u00ebrsa vendosin rregull n\u00eb t\u00eb. Anjeza e pyet se cfar\u00eb mendon ajo se p\u00ebrse vazhdon t\u00eb q\u00ebndroj\u00eb ende n\u00eb sht\u00ebpi prej kaq shum\u00eb koh\u00ebsh. Anjeza thot\u00eb se tek ajo ka par\u00eb vec nj\u00eb vajz\u00eb t\u00eb thjesht\u00eb, q\u00eb nuk merret me debate, q\u00eb nuk ka shpirt luftarak, q\u00eb i p\u00eblqen t\u00eb merret vet\u00ebm me veten, por q\u00eb k\u00ebto gj\u00ebra i ka par\u00eb si jasht\u00eb dhe brenda sht\u00ebpis\u00eb. Moza ia kthen se t\u00eb nj\u00ebjtat gj\u00ebra q\u00eb po thot\u00eb ajo p\u00ebr t\u00eb, ka par\u00eb edhe ajo tek Anjeza. Ajo thot\u00eb se as ajo nuk merr pjes\u00eb n\u00eb debate, nd\u00ebrsa p\u00ebr veten, Moza shprehet se ka v\u00ebshtir\u00ebsi apo siklet n\u00eb t\u00eb shprehur t\u00eb mendimeve, por jo se nuk di. Juna i thot\u00eb se askush nuk e ka v\u00ebn\u00eb n\u00eb siklet, nd\u00ebrsa Anjeza thot\u00eb se dhe ajo e ka patur k\u00ebt\u00eb v\u00ebshtir\u00ebsi m\u00eb par\u00eb, por dita dit\u00ebs e ka kaluar duke folur nga pak apo dhe duke m\u00ebsuar nga t\u00eb tjer\u00ebt. Anjeza insiston n\u00eb pyetjen e saj se cfar\u00eb ka vler\u00ebsuar publiku tek ajo. Moza p\u00ebrgjigjet se ka vler\u00ebsuar thjesht\u00ebsin\u00eb, sinqeritetin dhe nj\u00eb vajz\u00eb q\u00eb p\u00ebrfaq\u00ebson veten dhe mosh\u00ebn e saj. Anjeza e pyet edhe se cfar\u00eb mendimi ka krijuar p\u00ebr t\u00eb, por Moza ia kthen se kur t\u00eb dal\u00eb, le t\u00eb shoh\u00eb klipet ku ajo ka folur p\u00ebr t\u00eb, por shton se i duket serioze dhe e sinqert\u00eb. Anjeza vazhdon t\u00eb thot\u00eb se e sheh Moz\u00ebn shum\u00eb pasive, dhe se kan\u00eb dal\u00eb nga loja banor\u00eb q\u00eb kan\u00eb q\u00ebn\u00eb m\u00eb aktiv\u00eb e q\u00eb kan\u00eb dh\u00ebn\u00eb m\u00eb shum\u00eb se ajo. Moza i kund\u00ebrp\u00ebrgjigjet se dhe ajo nuk ka q\u00ebn\u00eb shum\u00eb aktive dhe se pik\u00eb i ka dh\u00ebn\u00eb vet\u00ebm lidhja me Arjonin.<\/p>\n","protected":false},"excerpt":{"rendered":"<p>26\/04\/09 16:13 Moza, Juna dhe Anjeza bisedojn\u00eb n\u00eb dhom\u00ebn e gjumit, nd\u00ebrsa vendosin rregull n\u00eb t\u00eb. Anjeza e pyet se cfar\u00eb mendon ajo se p\u00ebrse vazhdon t\u00eb q\u00ebndroj\u00eb ende n\u00eb sht\u00ebpi prej kaq shum\u00eb koh\u00ebsh. Anjeza thot\u00eb se tek ajo ka par\u00eb vec nj\u00eb vajz\u00eb t\u00eb thjesht\u00eb, q\u00eb nuk merret me debate, q\u00eb nuk ka [&hellip;]<\/p>\n","protected":false},"author":1,"featured_media":0,"comment_status":"open","ping_status":"closed","sticky":false,"template":"","format":"standard","meta":{"spay_email":"","jetpack_publicize_message":"","jetpack_is_tweetstorm":false,"jetpack_publicize_feature_enabled":true},"categories":[6502],"tags":[8289,6883,9121,1442,9011,6544,6693],"jetpack_publicize_connections":[],"yoast_head":"<!-- This site is optimized with the Yoast SEO plugin v19.1 - https:\/\/yoast.com\/wordpress\/plugins\/seo\/ -->\n<title>Anjeza kund\u00c3\u00abr Moz\u00c3\u00abs | Big Brother Albania 2<\/title>\n<meta name=\"description\" content=\"Big Brother Albania 2 - Moza, Juna dhe Anjeza bisedojn\u00c3\u00ab n\u00c3\u00ab dhom\u00c3\u00abn e gjumit, nd\u00c3\u00abrsa vendosin rregull n\u00c3\u00ab t\u00c3\u00ab. Anjeza e pyet se cfar\u00c3\u00ab mendon ajo se p\u00c3\u00abrse vazhdon t\u00c3\u00ab q\u00c3\u00abndroj\u00c3\u00ab ende n\u00c3\u00ab sht\u00c3\u00abpi prej kaq shum\u00c3\u00ab koh\u00c3\u00absh.\" \/>\n<meta name=\"robots\" content=\"index, follow, max-snippet:-1, max-image-preview:large, max-video-preview:-1\" \/>\n<link rel=\"canonical\" href=\"https:\/\/www.visit-ulcinj.com\/blog\/2009\/04\/28\/anjeza-kunder-mozes\/\" \/>\n<meta property=\"og:locale\" content=\"en_US\" \/>\n<meta property=\"og:type\" content=\"article\" \/>\n<meta property=\"og:title\" content=\"Anjeza kund\u00c3\u00abr Moz\u00c3\u00abs | Big Brother Albania 2\" \/>\n<meta property=\"og:description\" content=\"Big Brother Albania 2 - Moza, Juna dhe Anjeza bisedojn\u00c3\u00ab n\u00c3\u00ab dhom\u00c3\u00abn e gjumit, nd\u00c3\u00abrsa vendosin rregull n\u00c3\u00ab t\u00c3\u00ab. Anjeza e pyet se cfar\u00c3\u00ab mendon ajo se p\u00c3\u00abrse vazhdon t\u00c3\u00ab q\u00c3\u00abndroj\u00c3\u00ab ende n\u00c3\u00ab sht\u00c3\u00abpi prej kaq shum\u00c3\u00ab koh\u00c3\u00absh.\" \/>\n<meta property=\"og:url\" content=\"https:\/\/www.visit-ulcinj.com\/blog\/2009\/04\/28\/anjeza-kunder-mozes\/\" \/>\n<meta property=\"og:site_name\" content=\"Lajme nga Ulqini\" \/>\n<meta property=\"article:published_time\" content=\"2009-04-28T07:00:31+00:00\" \/>\n<meta property=\"article:modified_time\" content=\"2009-04-27T21:51:14+00:00\" \/>\n<meta property=\"og:image\" content=\"http:\/\/www.visit-ulcinj.com\/blog\/wp-content\/uploads\/2009\/04\/anjeza-kunder-mozes.jpg\" \/>\n<meta name=\"twitter:label1\" content=\"Written by\" \/>\n\t<meta name=\"twitter:data1\" content=\"ulqini\" \/>\n\t<meta name=\"twitter:label2\" content=\"Est. reading time\" \/>\n\t<meta name=\"twitter:data2\" content=\"2 minutes\" \/>\n<script type=\"application\/ld+json\" class=\"yoast-schema-graph\">{\"@context\":\"https:\/\/schema.org\",\"@graph\":[{\"@type\":\"WebSite\",\"@id\":\"https:\/\/www.visit-ulcinj.com\/blog\/#website\",\"url\":\"https:\/\/www.visit-ulcinj.com\/blog\/\",\"name\":\"Lajme nga Ulqini\",\"description\":\"Lajme,Vijesti,Ulqini,Ulqin,Crna Gora,Mali i Zi\",\"potentialAction\":[{\"@type\":\"SearchAction\",\"target\":{\"@type\":\"EntryPoint\",\"urlTemplate\":\"https:\/\/www.visit-ulcinj.com\/blog\/?s={search_term_string}\"},\"query-input\":\"required name=search_term_string\"}],\"inLanguage\":\"en-US\"},{\"@type\":\"ImageObject\",\"inLanguage\":\"en-US\",\"@id\":\"https:\/\/www.visit-ulcinj.com\/blog\/2009\/04\/28\/anjeza-kunder-mozes\/#primaryimage\",\"url\":\"http:\/\/www.visit-ulcinj.com\/blog\/wp-content\/uploads\/2009\/04\/anjeza-kunder-mozes.jpg\",\"contentUrl\":\"http:\/\/www.visit-ulcinj.com\/blog\/wp-content\/uploads\/2009\/04\/anjeza-kunder-mozes.jpg\"},{\"@type\":\"WebPage\",\"@id\":\"https:\/\/www.visit-ulcinj.com\/blog\/2009\/04\/28\/anjeza-kunder-mozes\/#webpage\",\"url\":\"https:\/\/www.visit-ulcinj.com\/blog\/2009\/04\/28\/anjeza-kunder-mozes\/\",\"name\":\"Anjeza kund\u00c3\u00abr Moz\u00c3\u00abs | Big Brother Albania 2\",\"isPartOf\":{\"@id\":\"https:\/\/www.visit-ulcinj.com\/blog\/#website\"},\"primaryImageOfPage\":{\"@id\":\"https:\/\/www.visit-ulcinj.com\/blog\/2009\/04\/28\/anjeza-kunder-mozes\/#primaryimage\"},\"datePublished\":\"2009-04-28T07:00:31+00:00\",\"dateModified\":\"2009-04-27T21:51:14+00:00\",\"author\":{\"@id\":\"https:\/\/www.visit-ulcinj.com\/blog\/#\/schema\/person\/dcab619c614d3038751c63bc2aadc06d\"},\"description\":\"Big Brother Albania 2 - Moza, Juna dhe Anjeza bisedojn\u00c3\u00ab n\u00c3\u00ab dhom\u00c3\u00abn e gjumit, nd\u00c3\u00abrsa vendosin rregull n\u00c3\u00ab t\u00c3\u00ab. Anjeza e pyet se cfar\u00c3\u00ab mendon ajo se p\u00c3\u00abrse vazhdon t\u00c3\u00ab q\u00c3\u00abndroj\u00c3\u00ab ende n\u00c3\u00ab sht\u00c3\u00abpi prej kaq shum\u00c3\u00ab koh\u00c3\u00absh.\",\"breadcrumb\":{\"@id\":\"https:\/\/www.visit-ulcinj.com\/blog\/2009\/04\/28\/anjeza-kunder-mozes\/#breadcrumb\"},\"inLanguage\":\"en-US\",\"potentialAction\":[{\"@type\":\"ReadAction\",\"target\":[\"https:\/\/www.visit-ulcinj.com\/blog\/2009\/04\/28\/anjeza-kunder-mozes\/\"]}]},{\"@type\":\"BreadcrumbList\",\"@id\":\"https:\/\/www.visit-ulcinj.com\/blog\/2009\/04\/28\/anjeza-kunder-mozes\/#breadcrumb\",\"itemListElement\":[{\"@type\":\"ListItem\",\"position\":1,\"name\":\"Anjeza kund\u00ebr Moz\u00ebs\"}]},{\"@type\":\"Person\",\"@id\":\"https:\/\/www.visit-ulcinj.com\/blog\/#\/schema\/person\/dcab619c614d3038751c63bc2aadc06d\",\"name\":\"ulqini\",\"sameAs\":[\"http:\/\/www.visit-ulcinj.com\"],\"url\":\"https:\/\/www.visit-ulcinj.com\/blog\/author\/admin\/\"}]}<\/script>\n<!-- \/ Yoast SEO plugin. -->","yoast_head_json":{"title":"Anjeza kund\u00c3\u00abr Moz\u00c3\u00abs | Big Brother Albania 2","description":"Big Brother Albania 2 - Moza, Juna dhe Anjeza bisedojn\u00c3\u00ab n\u00c3\u00ab dhom\u00c3\u00abn e gjumit, nd\u00c3\u00abrsa vendosin rregull n\u00c3\u00ab t\u00c3\u00ab. Anjeza e pyet se cfar\u00c3\u00ab mendon ajo se p\u00c3\u00abrse vazhdon t\u00c3\u00ab q\u00c3\u00abndroj\u00c3\u00ab ende n\u00c3\u00ab sht\u00c3\u00abpi prej kaq shum\u00c3\u00ab koh\u00c3\u00absh.","robots":{"index":"index","follow":"follow","max-snippet":"max-snippet:-1","max-image-preview":"max-image-preview:large","max-video-preview":"max-video-preview:-1"},"canonical":"https:\/\/www.visit-ulcinj.com\/blog\/2009\/04\/28\/anjeza-kunder-mozes\/","og_locale":"en_US","og_type":"article","og_title":"Anjeza kund\u00c3\u00abr Moz\u00c3\u00abs | Big Brother Albania 2","og_description":"Big Brother Albania 2 - Moza, Juna dhe Anjeza bisedojn\u00c3\u00ab n\u00c3\u00ab dhom\u00c3\u00abn e gjumit, nd\u00c3\u00abrsa vendosin rregull n\u00c3\u00ab t\u00c3\u00ab. Anjeza e pyet se cfar\u00c3\u00ab mendon ajo se p\u00c3\u00abrse vazhdon t\u00c3\u00ab q\u00c3\u00abndroj\u00c3\u00ab ende n\u00c3\u00ab sht\u00c3\u00abpi prej kaq shum\u00c3\u00ab koh\u00c3\u00absh.","og_url":"https:\/\/www.visit-ulcinj.com\/blog\/2009\/04\/28\/anjeza-kunder-mozes\/","og_site_name":"Lajme nga Ulqini","article_published_time":"2009-04-28T07:00:31+00:00","article_modified_time":"2009-04-27T21:51:14+00:00","og_image":[{"url":"http:\/\/www.visit-ulcinj.com\/blog\/wp-content\/uploads\/2009\/04\/anjeza-kunder-mozes.jpg"}],"twitter_misc":{"Written by":"ulqini","Est. reading time":"2 minutes"},"schema":{"@context":"https:\/\/schema.org","@graph":[{"@type":"WebSite","@id":"https:\/\/www.visit-ulcinj.com\/blog\/#website","url":"https:\/\/www.visit-ulcinj.com\/blog\/","name":"Lajme nga Ulqini","description":"Lajme,Vijesti,Ulqini,Ulqin,Crna Gora,Mali i Zi","potentialAction":[{"@type":"SearchAction","target":{"@type":"EntryPoint","urlTemplate":"https:\/\/www.visit-ulcinj.com\/blog\/?s={search_term_string}"},"query-input":"required name=search_term_string"}],"inLanguage":"en-US"},{"@type":"ImageObject","inLanguage":"en-US","@id":"https:\/\/www.visit-ulcinj.com\/blog\/2009\/04\/28\/anjeza-kunder-mozes\/#primaryimage","url":"http:\/\/www.visit-ulcinj.com\/blog\/wp-content\/uploads\/2009\/04\/anjeza-kunder-mozes.jpg","contentUrl":"http:\/\/www.visit-ulcinj.com\/blog\/wp-content\/uploads\/2009\/04\/anjeza-kunder-mozes.jpg"},{"@type":"WebPage","@id":"https:\/\/www.visit-ulcinj.com\/blog\/2009\/04\/28\/anjeza-kunder-mozes\/#webpage","url":"https:\/\/www.visit-ulcinj.com\/blog\/2009\/04\/28\/anjeza-kunder-mozes\/","name":"Anjeza kund\u00c3\u00abr Moz\u00c3\u00abs | Big Brother Albania 2","isPartOf":{"@id":"https:\/\/www.visit-ulcinj.com\/blog\/#website"},"primaryImageOfPage":{"@id":"https:\/\/www.visit-ulcinj.com\/blog\/2009\/04\/28\/anjeza-kunder-mozes\/#primaryimage"},"datePublished":"2009-04-28T07:00:31+00:00","dateModified":"2009-04-27T21:51:14+00:00","author":{"@id":"https:\/\/www.visit-ulcinj.com\/blog\/#\/schema\/person\/dcab619c614d3038751c63bc2aadc06d"},"description":"Big Brother Albania 2 - Moza, Juna dhe Anjeza bisedojn\u00c3\u00ab n\u00c3\u00ab dhom\u00c3\u00abn e gjumit, nd\u00c3\u00abrsa vendosin rregull n\u00c3\u00ab t\u00c3\u00ab. Anjeza e pyet se cfar\u00c3\u00ab mendon ajo se p\u00c3\u00abrse vazhdon t\u00c3\u00ab q\u00c3\u00abndroj\u00c3\u00ab ende n\u00c3\u00ab sht\u00c3\u00abpi prej kaq shum\u00c3\u00ab koh\u00c3\u00absh.","breadcrumb":{"@id":"https:\/\/www.visit-ulcinj.com\/blog\/2009\/04\/28\/anjeza-kunder-mozes\/#breadcrumb"},"inLanguage":"en-US","potentialAction":[{"@type":"ReadAction","target":["https:\/\/www.visit-ulcinj.com\/blog\/2009\/04\/28\/anjeza-kunder-mozes\/"]}]},{"@type":"BreadcrumbList","@id":"https:\/\/www.visit-ulcinj.com\/blog\/2009\/04\/28\/anjeza-kunder-mozes\/#breadcrumb","itemListElement":[{"@type":"ListItem","position":1,"name":"Anjeza kund\u00ebr Moz\u00ebs"}]},{"@type":"Person","@id":"https:\/\/www.visit-ulcinj.com\/blog\/#\/schema\/person\/dcab619c614d3038751c63bc2aadc06d","name":"ulqini","sameAs":["http:\/\/www.visit-ulcinj.com"],"url":"https:\/\/www.visit-ulcinj.com\/blog\/author\/admin\/"}]}},"jetpack_featured_media_url":"","jetpack_sharing_enabled":true,"jetpack_shortlink":"https:\/\/wp.me\/pe6lTn-537","_links":{"self":[{"href":"https:\/\/www.visit-ulcinj.com\/blog\/wp-json\/wp\/v2\/posts\/19413"}],"collection":[{"href":"https:\/\/www.visit-ulcinj.com\/blog\/wp-json\/wp\/v2\/posts"}],"about":[{"href":"https:\/\/www.visit-ulcinj.com\/blog\/wp-json\/wp\/v2\/types\/post"}],"author":[{"embeddable":true,"href":"https:\/\/www.visit-ulcinj.com\/blog\/wp-json\/wp\/v2\/users\/1"}],"replies":[{"embeddable":true,"href":"https:\/\/www.visit-ulcinj.com\/blog\/wp-json\/wp\/v2\/comments?post=19413"}],"version-history":[{"count":0,"href":"https:\/\/www.visit-ulcinj.com\/blog\/wp-json\/wp\/v2\/posts\/19413\/revisions"}],"wp:attachment":[{"href":"https:\/\/www.visit-ulcinj.com\/blog\/wp-json\/wp\/v2\/media?parent=19413"}],"wp:term":[{"taxonomy":"category","embeddable":true,"href":"https:\/\/www.visit-ulcinj.com\/blog\/wp-json\/wp\/v2\/categories?post=19413"},{"taxonomy":"post_tag","embeddable":true,"href":"https:\/\/www.visit-ulcinj.com\/blog\/wp-json\/wp\/v2\/tags?post=19413"}],"curies":[{"name":"wp","href":"https:\/\/api.w.org\/{rel}","templated":true}]}}