{"id":19417,"date":"2009-04-28T09:00:12","date_gmt":"2009-04-28T07:00:12","guid":{"rendered":"http:\/\/www.visit-ulcinj.com\/blog\/?p=19417"},"modified":"2009-04-27T23:55:09","modified_gmt":"2009-04-27T21:55:09","slug":"adi-do-sqarohem-me-anjezen","status":"publish","type":"post","link":"https:\/\/www.visit-ulcinj.com\/blog\/2009\/04\/28\/adi-do-sqarohem-me-anjezen\/","title":{"rendered":"Adi : Do sqarohem me Anjez\u00ebn"},"content":{"rendered":"<p><em><span class=\"newsdate\"><a href=\"http:\/\/www.visit-ulcinj.com\/blog\/wp-content\/uploads\/2009\/04\/adi-per-anjezen.jpg\"><img loading=\"lazy\" class=\"alignleft size-full wp-image-19418\" title=\"adi-per-anjezen-big-brother-albania-2\" src=\"http:\/\/www.visit-ulcinj.com\/blog\/wp-content\/uploads\/2009\/04\/adi-per-anjezen.jpg\" alt=\"adi-per-anjezen-big-brother-albania-2\" width=\"300\" height=\"205\" \/><\/a>26\/04\/09 16:20<\/span><\/em><\/p>\n<p>Adi dhe Adela diskutojn\u00eb p\u00ebr Anjez\u00ebn. Adi mendon se Ari e ka studiuar m\u00eb mir\u00eb lidhjen e Moz\u00ebs me Polin, sesa Anjeza dhe shprehet se ajo u fut kot n\u00eb bised\u00eb me Moz\u00ebn p\u00ebr k\u00ebt\u00eb tem\u00eb. Ai tregon se u vu n\u00eb siklet kur nominoi Moz\u00ebn p\u00ebr t\u00eb shp\u00ebtuar Anjez\u00ebn, nd\u00ebrkoh\u00eb q\u00eb ajo e kishte nominuar p\u00ebr nj\u00eb arsye q\u00eb nuk ishte e shpjegueshme. Sipas tij, m\u00eb e drejt\u00eb do t\u00eb ishte q\u00eb ajo t\u00eb thoshte se e kishte nominuar prej Arjonit, p\u00ebr faktin q\u00eb Adi e nominoi at\u00eb nj\u00eb jav\u00eb m\u00eb par\u00eb, sesa p\u00ebr nj\u00eb arsye t\u00eb till\u00eb. Ai shton se do ta sqaroj\u00eb k\u00ebt\u00eb c\u00ebshtje me Anjez\u00ebn. Edhe Adela shprehet e habitur se nuk e priste k\u00ebt\u00eb gj\u00eb prej Anjez\u00ebs, q\u00eb ajo t\u00eb nominonte Adin, i cili e kishte mbajtur m\u00eb af\u00ebr nga t\u00eb gjith\u00eb kur ajo hyri n\u00eb sht\u00ebpi, madje m\u00eb shum\u00eb se Arjoni.<\/p>\n","protected":false},"excerpt":{"rendered":"<p>26\/04\/09 16:20 Adi dhe Adela diskutojn\u00eb p\u00ebr Anjez\u00ebn. Adi mendon se Ari e ka studiuar m\u00eb mir\u00eb lidhjen e Moz\u00ebs me Polin, sesa Anjeza dhe shprehet se ajo u fut kot n\u00eb bised\u00eb me Moz\u00ebn p\u00ebr k\u00ebt\u00eb tem\u00eb. Ai tregon se u vu n\u00eb siklet kur nominoi Moz\u00ebn p\u00ebr t\u00eb shp\u00ebtuar Anjez\u00ebn, nd\u00ebrkoh\u00eb q\u00eb ajo [&hellip;]<\/p>\n","protected":false},"author":1,"featured_media":0,"comment_status":"open","ping_status":"closed","sticky":false,"template":"","format":"standard","meta":{"spay_email":"","jetpack_publicize_message":"","jetpack_is_tweetstorm":false,"jetpack_publicize_feature_enabled":true},"categories":[6502],"tags":[1414,8289,6520,6525,6883,9121,6693],"jetpack_publicize_connections":[],"yoast_head":"<!-- This site is optimized with the Yoast SEO plugin v19.1 - https:\/\/yoast.com\/wordpress\/plugins\/seo\/ -->\n<title>Adi : Do sqarohem me Anjez\u00c3\u00abn | Big Brother Albania 2<\/title>\n<meta name=\"description\" content=\"Big Brother Albania 2 - Adi : Do sqarohem me Anjez\u00c3\u00abn\" \/>\n<meta name=\"robots\" content=\"index, follow, max-snippet:-1, max-image-preview:large, max-video-preview:-1\" \/>\n<link rel=\"canonical\" href=\"https:\/\/www.visit-ulcinj.com\/blog\/2009\/04\/28\/adi-do-sqarohem-me-anjezen\/\" \/>\n<meta property=\"og:locale\" content=\"en_US\" \/>\n<meta property=\"og:type\" content=\"article\" \/>\n<meta property=\"og:title\" content=\"Adi : Do sqarohem me Anjez\u00c3\u00abn | Big Brother Albania 2\" \/>\n<meta property=\"og:description\" content=\"Big Brother Albania 2 - Adi : Do sqarohem me Anjez\u00c3\u00abn\" \/>\n<meta property=\"og:url\" content=\"https:\/\/www.visit-ulcinj.com\/blog\/2009\/04\/28\/adi-do-sqarohem-me-anjezen\/\" \/>\n<meta property=\"og:site_name\" content=\"Lajme nga Ulqini\" \/>\n<meta property=\"article:published_time\" content=\"2009-04-28T07:00:12+00:00\" \/>\n<meta property=\"article:modified_time\" content=\"2009-04-27T21:55:09+00:00\" \/>\n<meta property=\"og:image\" content=\"http:\/\/www.visit-ulcinj.com\/blog\/wp-content\/uploads\/2009\/04\/adi-per-anjezen.jpg\" \/>\n<meta name=\"twitter:label1\" content=\"Written by\" \/>\n\t<meta name=\"twitter:data1\" content=\"ulqini\" \/>\n\t<meta name=\"twitter:label2\" content=\"Est. reading time\" \/>\n\t<meta name=\"twitter:data2\" content=\"1 minute\" \/>\n<script type=\"application\/ld+json\" class=\"yoast-schema-graph\">{\"@context\":\"https:\/\/schema.org\",\"@graph\":[{\"@type\":\"WebSite\",\"@id\":\"https:\/\/www.visit-ulcinj.com\/blog\/#website\",\"url\":\"https:\/\/www.visit-ulcinj.com\/blog\/\",\"name\":\"Lajme nga Ulqini\",\"description\":\"Lajme,Vijesti,Ulqini,Ulqin,Crna Gora,Mali i Zi\",\"potentialAction\":[{\"@type\":\"SearchAction\",\"target\":{\"@type\":\"EntryPoint\",\"urlTemplate\":\"https:\/\/www.visit-ulcinj.com\/blog\/?s={search_term_string}\"},\"query-input\":\"required name=search_term_string\"}],\"inLanguage\":\"en-US\"},{\"@type\":\"ImageObject\",\"inLanguage\":\"en-US\",\"@id\":\"https:\/\/www.visit-ulcinj.com\/blog\/2009\/04\/28\/adi-do-sqarohem-me-anjezen\/#primaryimage\",\"url\":\"http:\/\/www.visit-ulcinj.com\/blog\/wp-content\/uploads\/2009\/04\/adi-per-anjezen.jpg\",\"contentUrl\":\"http:\/\/www.visit-ulcinj.com\/blog\/wp-content\/uploads\/2009\/04\/adi-per-anjezen.jpg\"},{\"@type\":\"WebPage\",\"@id\":\"https:\/\/www.visit-ulcinj.com\/blog\/2009\/04\/28\/adi-do-sqarohem-me-anjezen\/#webpage\",\"url\":\"https:\/\/www.visit-ulcinj.com\/blog\/2009\/04\/28\/adi-do-sqarohem-me-anjezen\/\",\"name\":\"Adi : Do sqarohem me Anjez\u00c3\u00abn | Big Brother Albania 2\",\"isPartOf\":{\"@id\":\"https:\/\/www.visit-ulcinj.com\/blog\/#website\"},\"primaryImageOfPage\":{\"@id\":\"https:\/\/www.visit-ulcinj.com\/blog\/2009\/04\/28\/adi-do-sqarohem-me-anjezen\/#primaryimage\"},\"datePublished\":\"2009-04-28T07:00:12+00:00\",\"dateModified\":\"2009-04-27T21:55:09+00:00\",\"author\":{\"@id\":\"https:\/\/www.visit-ulcinj.com\/blog\/#\/schema\/person\/dcab619c614d3038751c63bc2aadc06d\"},\"description\":\"Big Brother Albania 2 - Adi : Do sqarohem me Anjez\u00c3\u00abn\",\"breadcrumb\":{\"@id\":\"https:\/\/www.visit-ulcinj.com\/blog\/2009\/04\/28\/adi-do-sqarohem-me-anjezen\/#breadcrumb\"},\"inLanguage\":\"en-US\",\"potentialAction\":[{\"@type\":\"ReadAction\",\"target\":[\"https:\/\/www.visit-ulcinj.com\/blog\/2009\/04\/28\/adi-do-sqarohem-me-anjezen\/\"]}]},{\"@type\":\"BreadcrumbList\",\"@id\":\"https:\/\/www.visit-ulcinj.com\/blog\/2009\/04\/28\/adi-do-sqarohem-me-anjezen\/#breadcrumb\",\"itemListElement\":[{\"@type\":\"ListItem\",\"position\":1,\"name\":\"Adi : Do sqarohem me Anjez\u00ebn\"}]},{\"@type\":\"Person\",\"@id\":\"https:\/\/www.visit-ulcinj.com\/blog\/#\/schema\/person\/dcab619c614d3038751c63bc2aadc06d\",\"name\":\"ulqini\",\"sameAs\":[\"http:\/\/www.visit-ulcinj.com\"],\"url\":\"https:\/\/www.visit-ulcinj.com\/blog\/author\/admin\/\"}]}<\/script>\n<!-- \/ Yoast SEO plugin. -->","yoast_head_json":{"title":"Adi : Do sqarohem me Anjez\u00c3\u00abn | Big Brother Albania 2","description":"Big Brother Albania 2 - Adi : Do sqarohem me Anjez\u00c3\u00abn","robots":{"index":"index","follow":"follow","max-snippet":"max-snippet:-1","max-image-preview":"max-image-preview:large","max-video-preview":"max-video-preview:-1"},"canonical":"https:\/\/www.visit-ulcinj.com\/blog\/2009\/04\/28\/adi-do-sqarohem-me-anjezen\/","og_locale":"en_US","og_type":"article","og_title":"Adi : Do sqarohem me Anjez\u00c3\u00abn | Big Brother Albania 2","og_description":"Big Brother Albania 2 - Adi : Do sqarohem me Anjez\u00c3\u00abn","og_url":"https:\/\/www.visit-ulcinj.com\/blog\/2009\/04\/28\/adi-do-sqarohem-me-anjezen\/","og_site_name":"Lajme nga Ulqini","article_published_time":"2009-04-28T07:00:12+00:00","article_modified_time":"2009-04-27T21:55:09+00:00","og_image":[{"url":"http:\/\/www.visit-ulcinj.com\/blog\/wp-content\/uploads\/2009\/04\/adi-per-anjezen.jpg"}],"twitter_misc":{"Written by":"ulqini","Est. reading time":"1 minute"},"schema":{"@context":"https:\/\/schema.org","@graph":[{"@type":"WebSite","@id":"https:\/\/www.visit-ulcinj.com\/blog\/#website","url":"https:\/\/www.visit-ulcinj.com\/blog\/","name":"Lajme nga Ulqini","description":"Lajme,Vijesti,Ulqini,Ulqin,Crna Gora,Mali i Zi","potentialAction":[{"@type":"SearchAction","target":{"@type":"EntryPoint","urlTemplate":"https:\/\/www.visit-ulcinj.com\/blog\/?s={search_term_string}"},"query-input":"required name=search_term_string"}],"inLanguage":"en-US"},{"@type":"ImageObject","inLanguage":"en-US","@id":"https:\/\/www.visit-ulcinj.com\/blog\/2009\/04\/28\/adi-do-sqarohem-me-anjezen\/#primaryimage","url":"http:\/\/www.visit-ulcinj.com\/blog\/wp-content\/uploads\/2009\/04\/adi-per-anjezen.jpg","contentUrl":"http:\/\/www.visit-ulcinj.com\/blog\/wp-content\/uploads\/2009\/04\/adi-per-anjezen.jpg"},{"@type":"WebPage","@id":"https:\/\/www.visit-ulcinj.com\/blog\/2009\/04\/28\/adi-do-sqarohem-me-anjezen\/#webpage","url":"https:\/\/www.visit-ulcinj.com\/blog\/2009\/04\/28\/adi-do-sqarohem-me-anjezen\/","name":"Adi : Do sqarohem me Anjez\u00c3\u00abn | Big Brother Albania 2","isPartOf":{"@id":"https:\/\/www.visit-ulcinj.com\/blog\/#website"},"primaryImageOfPage":{"@id":"https:\/\/www.visit-ulcinj.com\/blog\/2009\/04\/28\/adi-do-sqarohem-me-anjezen\/#primaryimage"},"datePublished":"2009-04-28T07:00:12+00:00","dateModified":"2009-04-27T21:55:09+00:00","author":{"@id":"https:\/\/www.visit-ulcinj.com\/blog\/#\/schema\/person\/dcab619c614d3038751c63bc2aadc06d"},"description":"Big Brother Albania 2 - Adi : Do sqarohem me Anjez\u00c3\u00abn","breadcrumb":{"@id":"https:\/\/www.visit-ulcinj.com\/blog\/2009\/04\/28\/adi-do-sqarohem-me-anjezen\/#breadcrumb"},"inLanguage":"en-US","potentialAction":[{"@type":"ReadAction","target":["https:\/\/www.visit-ulcinj.com\/blog\/2009\/04\/28\/adi-do-sqarohem-me-anjezen\/"]}]},{"@type":"BreadcrumbList","@id":"https:\/\/www.visit-ulcinj.com\/blog\/2009\/04\/28\/adi-do-sqarohem-me-anjezen\/#breadcrumb","itemListElement":[{"@type":"ListItem","position":1,"name":"Adi : Do sqarohem me Anjez\u00ebn"}]},{"@type":"Person","@id":"https:\/\/www.visit-ulcinj.com\/blog\/#\/schema\/person\/dcab619c614d3038751c63bc2aadc06d","name":"ulqini","sameAs":["http:\/\/www.visit-ulcinj.com"],"url":"https:\/\/www.visit-ulcinj.com\/blog\/author\/admin\/"}]}},"jetpack_featured_media_url":"","jetpack_sharing_enabled":true,"jetpack_shortlink":"https:\/\/wp.me\/pe6lTn-53b","_links":{"self":[{"href":"https:\/\/www.visit-ulcinj.com\/blog\/wp-json\/wp\/v2\/posts\/19417"}],"collection":[{"href":"https:\/\/www.visit-ulcinj.com\/blog\/wp-json\/wp\/v2\/posts"}],"about":[{"href":"https:\/\/www.visit-ulcinj.com\/blog\/wp-json\/wp\/v2\/types\/post"}],"author":[{"embeddable":true,"href":"https:\/\/www.visit-ulcinj.com\/blog\/wp-json\/wp\/v2\/users\/1"}],"replies":[{"embeddable":true,"href":"https:\/\/www.visit-ulcinj.com\/blog\/wp-json\/wp\/v2\/comments?post=19417"}],"version-history":[{"count":0,"href":"https:\/\/www.visit-ulcinj.com\/blog\/wp-json\/wp\/v2\/posts\/19417\/revisions"}],"wp:attachment":[{"href":"https:\/\/www.visit-ulcinj.com\/blog\/wp-json\/wp\/v2\/media?parent=19417"}],"wp:term":[{"taxonomy":"category","embeddable":true,"href":"https:\/\/www.visit-ulcinj.com\/blog\/wp-json\/wp\/v2\/categories?post=19417"},{"taxonomy":"post_tag","embeddable":true,"href":"https:\/\/www.visit-ulcinj.com\/blog\/wp-json\/wp\/v2\/tags?post=19417"}],"curies":[{"name":"wp","href":"https:\/\/api.w.org\/{rel}","templated":true}]}}