{"id":19421,"date":"2009-04-28T09:00:21","date_gmt":"2009-04-28T07:00:21","guid":{"rendered":"http:\/\/www.visit-ulcinj.com\/blog\/?p=19421"},"modified":"2009-05-05T13:09:07","modified_gmt":"2009-05-05T11:09:07","slug":"anjeza-nuk-me-ka-penguar-arjoni","status":"publish","type":"post","link":"https:\/\/www.visit-ulcinj.com\/blog\/2009\/04\/28\/anjeza-nuk-me-ka-penguar-arjoni\/","title":{"rendered":"Anjeza : Nuk m\u00eb ka penguar Arjoni"},"content":{"rendered":"<p>\u00a0<\/p>\n<div id=\"content\"><em><span class=\"newsdate\"><a href=\"http:\/\/www.visit-ulcinj.com\/blog\/wp-content\/uploads\/2009\/04\/anjeza-26prill.jpg\"><img loading=\"lazy\" class=\"alignleft size-full wp-image-19422\" title=\"anjeza-26prill-big-brother-albania-2\" src=\"http:\/\/www.visit-ulcinj.com\/blog\/wp-content\/uploads\/2009\/04\/anjeza-26prill.jpg\" alt=\"anjeza-26prill-big-brother-albania-2\" width=\"300\" height=\"205\" \/><\/a>26\/04\/09 19:50<\/span><\/em><\/p>\n<p>Z\u00ebnkat nd\u00ebrmjet Anjez\u00ebs dhe Adel\u00ebs vazhdojn\u00eb edhe gjat\u00eb ngr\u00ebnies s\u00eb drek\u00ebs. Ata vazhdojn\u00eb t\u00eb kapen me fjal\u00eb me njera-tjetr\u00ebn, por q\u00eb nxiten edhe nga t\u00eb tjer\u00eb si Ari. Adela e komenton k\u00ebt\u00eb ndryshim tipi t\u00eb Anjez\u00ebs p\u00ebr faktin se ka dal\u00eb n\u00eb nominim, por Anjeza ia kthen se ajo e ka nga gj\u00ebra t\u00eb tjera pasi n\u00eb nominim ka q\u00ebn\u00eb dhe m\u00eb par\u00eb dhe shton se Adela si vajz\u00eb e zgjuar q\u00eb \u00ebsht\u00eb, duhe t\u2019i kuptoj\u00eb mir\u00eb. \u201cMendoi nj\u00ebher\u00eb gj\u00ebrat, pastaj dil n\u00eb konkluzion\u201d- i thot\u00eb ajo Adel\u00ebs. M\u00eb pas, Adela shprehet duke qeshur se n\u00ebse asaj do t\u2019i kishte ikur Bjordi, do t\u00eb q\u00ebndronte vet\u00ebm n\u00eb ndonj\u00eb cep pa folur e duke qar\u00eb. \u201cSe cfar\u00eb kam un\u00eb brenda, nuk e sheh as ti e as asnj\u00eb\u201d- ia kthen Anjeza, por Adela thot\u00eb se ashtu mendon dhe mund t\u00eb thot\u00eb cfar\u00eb i do qejfi. Anjeza vazhdon t\u00eb shprehi se gjendja e saj nuk ka lidhje as me nominimin e as me faktin se Arjoni e paska penguar q\u00eb ajo t\u00eb shprehi veten m\u00eb par\u00eb, sic doli n\u00eb konkluzion Ari me Sorin. Sori sqaron se fakti q\u00eb ajo ka ndenjur m\u00eb shum\u00eb me Arjonin, e ka penguar q\u00eb t\u00eb b\u00ebj\u00eb loj\u00eb individuale. \u201cUn\u00eb kam jetuar at\u00eb q\u00eb m\u00eb p\u00eblqente dhe e lash\u00eb m\u00ebnjan\u00eb loj\u00ebn, edhe pse Arjoni m\u00eb k\u00ebshillonte t\u00eb kund\u00ebrt\u00ebn\u201d- thot\u00eb Anjeza.<\/p><\/div>\n<div><\/div>\n","protected":false},"excerpt":{"rendered":"<p>\u00a0 26\/04\/09 19:50 Z\u00ebnkat nd\u00ebrmjet Anjez\u00ebs dhe Adel\u00ebs vazhdojn\u00eb edhe gjat\u00eb ngr\u00ebnies s\u00eb drek\u00ebs. Ata vazhdojn\u00eb t\u00eb kapen me fjal\u00eb me njera-tjetr\u00ebn, por q\u00eb nxiten edhe nga t\u00eb tjer\u00eb si Ari. Adela e komenton k\u00ebt\u00eb ndryshim tipi t\u00eb Anjez\u00ebs p\u00ebr faktin se ka dal\u00eb n\u00eb nominim, por Anjeza ia kthen se ajo e ka nga [&hellip;]<\/p>\n","protected":false},"author":1,"featured_media":0,"comment_status":"open","ping_status":"closed","sticky":false,"template":"","format":"standard","meta":{"spay_email":"","jetpack_publicize_message":"","jetpack_is_tweetstorm":false,"jetpack_publicize_feature_enabled":true},"categories":[6502],"tags":[6529,8289,6525,5057,6506,6516,6712,7129,6522,1442,6891,6693,6887],"jetpack_publicize_connections":[],"yoast_head":"<!-- This site is optimized with the Yoast SEO plugin v19.1 - https:\/\/yoast.com\/wordpress\/plugins\/seo\/ -->\n<title>Anjeza : Nuk m\u00c3\u00ab ka penguar Arjoni | Big Brother Albania 2<\/title>\n<meta name=\"description\" content=\"Big Brother Albania 2 - Z\u00c3\u00abnkat nd\u00c3\u00abrmjet Anjez\u00c3\u00abs dhe Adel\u00c3\u00abs vazhdojn\u00c3\u00ab edhe gjat\u00c3\u00ab ngr\u00c3\u00abnies s\u00c3\u00ab drek\u00c3\u00abs. Ata vazhdojn\u00c3\u00ab t\u00c3\u00ab kapen me fjal\u00c3\u00ab me njera-tjetr\u00c3\u00abn, por q\u00c3\u00ab nxiten edhe nga t\u00c3\u00ab tjer\u00c3\u00ab si Ari.\" \/>\n<meta name=\"robots\" content=\"index, follow, max-snippet:-1, max-image-preview:large, max-video-preview:-1\" \/>\n<link rel=\"canonical\" href=\"https:\/\/www.visit-ulcinj.com\/blog\/2009\/04\/28\/anjeza-nuk-me-ka-penguar-arjoni\/\" \/>\n<meta property=\"og:locale\" content=\"en_US\" \/>\n<meta property=\"og:type\" content=\"article\" \/>\n<meta property=\"og:title\" content=\"Anjeza : Nuk m\u00c3\u00ab ka penguar Arjoni | Big Brother Albania 2\" \/>\n<meta property=\"og:description\" content=\"Big Brother Albania 2 - Z\u00c3\u00abnkat nd\u00c3\u00abrmjet Anjez\u00c3\u00abs dhe Adel\u00c3\u00abs vazhdojn\u00c3\u00ab edhe gjat\u00c3\u00ab ngr\u00c3\u00abnies s\u00c3\u00ab drek\u00c3\u00abs. Ata vazhdojn\u00c3\u00ab t\u00c3\u00ab kapen me fjal\u00c3\u00ab me njera-tjetr\u00c3\u00abn, por q\u00c3\u00ab nxiten edhe nga t\u00c3\u00ab tjer\u00c3\u00ab si Ari.\" \/>\n<meta property=\"og:url\" content=\"https:\/\/www.visit-ulcinj.com\/blog\/2009\/04\/28\/anjeza-nuk-me-ka-penguar-arjoni\/\" \/>\n<meta property=\"og:site_name\" content=\"Lajme nga Ulqini\" \/>\n<meta property=\"article:published_time\" content=\"2009-04-28T07:00:21+00:00\" \/>\n<meta property=\"article:modified_time\" content=\"2009-05-05T11:09:07+00:00\" \/>\n<meta property=\"og:image\" content=\"http:\/\/www.visit-ulcinj.com\/blog\/wp-content\/uploads\/2009\/04\/anjeza-26prill.jpg\" \/>\n<meta name=\"twitter:label1\" content=\"Written by\" \/>\n\t<meta name=\"twitter:data1\" content=\"ulqini\" \/>\n\t<meta name=\"twitter:label2\" content=\"Est. reading time\" \/>\n\t<meta name=\"twitter:data2\" content=\"1 minute\" \/>\n<script type=\"application\/ld+json\" class=\"yoast-schema-graph\">{\"@context\":\"https:\/\/schema.org\",\"@graph\":[{\"@type\":\"WebSite\",\"@id\":\"https:\/\/www.visit-ulcinj.com\/blog\/#website\",\"url\":\"https:\/\/www.visit-ulcinj.com\/blog\/\",\"name\":\"Lajme nga Ulqini\",\"description\":\"Lajme,Vijesti,Ulqini,Ulqin,Crna Gora,Mali i Zi\",\"potentialAction\":[{\"@type\":\"SearchAction\",\"target\":{\"@type\":\"EntryPoint\",\"urlTemplate\":\"https:\/\/www.visit-ulcinj.com\/blog\/?s={search_term_string}\"},\"query-input\":\"required name=search_term_string\"}],\"inLanguage\":\"en-US\"},{\"@type\":\"ImageObject\",\"inLanguage\":\"en-US\",\"@id\":\"https:\/\/www.visit-ulcinj.com\/blog\/2009\/04\/28\/anjeza-nuk-me-ka-penguar-arjoni\/#primaryimage\",\"url\":\"http:\/\/www.visit-ulcinj.com\/blog\/wp-content\/uploads\/2009\/04\/anjeza-26prill.jpg\",\"contentUrl\":\"http:\/\/www.visit-ulcinj.com\/blog\/wp-content\/uploads\/2009\/04\/anjeza-26prill.jpg\"},{\"@type\":\"WebPage\",\"@id\":\"https:\/\/www.visit-ulcinj.com\/blog\/2009\/04\/28\/anjeza-nuk-me-ka-penguar-arjoni\/#webpage\",\"url\":\"https:\/\/www.visit-ulcinj.com\/blog\/2009\/04\/28\/anjeza-nuk-me-ka-penguar-arjoni\/\",\"name\":\"Anjeza : Nuk m\u00c3\u00ab ka penguar Arjoni | Big Brother Albania 2\",\"isPartOf\":{\"@id\":\"https:\/\/www.visit-ulcinj.com\/blog\/#website\"},\"primaryImageOfPage\":{\"@id\":\"https:\/\/www.visit-ulcinj.com\/blog\/2009\/04\/28\/anjeza-nuk-me-ka-penguar-arjoni\/#primaryimage\"},\"datePublished\":\"2009-04-28T07:00:21+00:00\",\"dateModified\":\"2009-05-05T11:09:07+00:00\",\"author\":{\"@id\":\"https:\/\/www.visit-ulcinj.com\/blog\/#\/schema\/person\/dcab619c614d3038751c63bc2aadc06d\"},\"description\":\"Big Brother Albania 2 - Z\u00c3\u00abnkat nd\u00c3\u00abrmjet Anjez\u00c3\u00abs dhe Adel\u00c3\u00abs vazhdojn\u00c3\u00ab edhe gjat\u00c3\u00ab ngr\u00c3\u00abnies s\u00c3\u00ab drek\u00c3\u00abs. Ata vazhdojn\u00c3\u00ab t\u00c3\u00ab kapen me fjal\u00c3\u00ab me njera-tjetr\u00c3\u00abn, por q\u00c3\u00ab nxiten edhe nga t\u00c3\u00ab tjer\u00c3\u00ab si Ari.\",\"breadcrumb\":{\"@id\":\"https:\/\/www.visit-ulcinj.com\/blog\/2009\/04\/28\/anjeza-nuk-me-ka-penguar-arjoni\/#breadcrumb\"},\"inLanguage\":\"en-US\",\"potentialAction\":[{\"@type\":\"ReadAction\",\"target\":[\"https:\/\/www.visit-ulcinj.com\/blog\/2009\/04\/28\/anjeza-nuk-me-ka-penguar-arjoni\/\"]}]},{\"@type\":\"BreadcrumbList\",\"@id\":\"https:\/\/www.visit-ulcinj.com\/blog\/2009\/04\/28\/anjeza-nuk-me-ka-penguar-arjoni\/#breadcrumb\",\"itemListElement\":[{\"@type\":\"ListItem\",\"position\":1,\"name\":\"Anjeza : Nuk m\u00eb ka penguar Arjoni\"}]},{\"@type\":\"Person\",\"@id\":\"https:\/\/www.visit-ulcinj.com\/blog\/#\/schema\/person\/dcab619c614d3038751c63bc2aadc06d\",\"name\":\"ulqini\",\"sameAs\":[\"http:\/\/www.visit-ulcinj.com\"],\"url\":\"https:\/\/www.visit-ulcinj.com\/blog\/author\/admin\/\"}]}<\/script>\n<!-- \/ Yoast SEO plugin. -->","yoast_head_json":{"title":"Anjeza : Nuk m\u00c3\u00ab ka penguar Arjoni | Big Brother Albania 2","description":"Big Brother Albania 2 - Z\u00c3\u00abnkat nd\u00c3\u00abrmjet Anjez\u00c3\u00abs dhe Adel\u00c3\u00abs vazhdojn\u00c3\u00ab edhe gjat\u00c3\u00ab ngr\u00c3\u00abnies s\u00c3\u00ab drek\u00c3\u00abs. Ata vazhdojn\u00c3\u00ab t\u00c3\u00ab kapen me fjal\u00c3\u00ab me njera-tjetr\u00c3\u00abn, por q\u00c3\u00ab nxiten edhe nga t\u00c3\u00ab tjer\u00c3\u00ab si Ari.","robots":{"index":"index","follow":"follow","max-snippet":"max-snippet:-1","max-image-preview":"max-image-preview:large","max-video-preview":"max-video-preview:-1"},"canonical":"https:\/\/www.visit-ulcinj.com\/blog\/2009\/04\/28\/anjeza-nuk-me-ka-penguar-arjoni\/","og_locale":"en_US","og_type":"article","og_title":"Anjeza : Nuk m\u00c3\u00ab ka penguar Arjoni | Big Brother Albania 2","og_description":"Big Brother Albania 2 - Z\u00c3\u00abnkat nd\u00c3\u00abrmjet Anjez\u00c3\u00abs dhe Adel\u00c3\u00abs vazhdojn\u00c3\u00ab edhe gjat\u00c3\u00ab ngr\u00c3\u00abnies s\u00c3\u00ab drek\u00c3\u00abs. Ata vazhdojn\u00c3\u00ab t\u00c3\u00ab kapen me fjal\u00c3\u00ab me njera-tjetr\u00c3\u00abn, por q\u00c3\u00ab nxiten edhe nga t\u00c3\u00ab tjer\u00c3\u00ab si Ari.","og_url":"https:\/\/www.visit-ulcinj.com\/blog\/2009\/04\/28\/anjeza-nuk-me-ka-penguar-arjoni\/","og_site_name":"Lajme nga Ulqini","article_published_time":"2009-04-28T07:00:21+00:00","article_modified_time":"2009-05-05T11:09:07+00:00","og_image":[{"url":"http:\/\/www.visit-ulcinj.com\/blog\/wp-content\/uploads\/2009\/04\/anjeza-26prill.jpg"}],"twitter_misc":{"Written by":"ulqini","Est. reading time":"1 minute"},"schema":{"@context":"https:\/\/schema.org","@graph":[{"@type":"WebSite","@id":"https:\/\/www.visit-ulcinj.com\/blog\/#website","url":"https:\/\/www.visit-ulcinj.com\/blog\/","name":"Lajme nga Ulqini","description":"Lajme,Vijesti,Ulqini,Ulqin,Crna Gora,Mali i Zi","potentialAction":[{"@type":"SearchAction","target":{"@type":"EntryPoint","urlTemplate":"https:\/\/www.visit-ulcinj.com\/blog\/?s={search_term_string}"},"query-input":"required name=search_term_string"}],"inLanguage":"en-US"},{"@type":"ImageObject","inLanguage":"en-US","@id":"https:\/\/www.visit-ulcinj.com\/blog\/2009\/04\/28\/anjeza-nuk-me-ka-penguar-arjoni\/#primaryimage","url":"http:\/\/www.visit-ulcinj.com\/blog\/wp-content\/uploads\/2009\/04\/anjeza-26prill.jpg","contentUrl":"http:\/\/www.visit-ulcinj.com\/blog\/wp-content\/uploads\/2009\/04\/anjeza-26prill.jpg"},{"@type":"WebPage","@id":"https:\/\/www.visit-ulcinj.com\/blog\/2009\/04\/28\/anjeza-nuk-me-ka-penguar-arjoni\/#webpage","url":"https:\/\/www.visit-ulcinj.com\/blog\/2009\/04\/28\/anjeza-nuk-me-ka-penguar-arjoni\/","name":"Anjeza : Nuk m\u00c3\u00ab ka penguar Arjoni | Big Brother Albania 2","isPartOf":{"@id":"https:\/\/www.visit-ulcinj.com\/blog\/#website"},"primaryImageOfPage":{"@id":"https:\/\/www.visit-ulcinj.com\/blog\/2009\/04\/28\/anjeza-nuk-me-ka-penguar-arjoni\/#primaryimage"},"datePublished":"2009-04-28T07:00:21+00:00","dateModified":"2009-05-05T11:09:07+00:00","author":{"@id":"https:\/\/www.visit-ulcinj.com\/blog\/#\/schema\/person\/dcab619c614d3038751c63bc2aadc06d"},"description":"Big Brother Albania 2 - Z\u00c3\u00abnkat nd\u00c3\u00abrmjet Anjez\u00c3\u00abs dhe Adel\u00c3\u00abs vazhdojn\u00c3\u00ab edhe gjat\u00c3\u00ab ngr\u00c3\u00abnies s\u00c3\u00ab drek\u00c3\u00abs. Ata vazhdojn\u00c3\u00ab t\u00c3\u00ab kapen me fjal\u00c3\u00ab me njera-tjetr\u00c3\u00abn, por q\u00c3\u00ab nxiten edhe nga t\u00c3\u00ab tjer\u00c3\u00ab si Ari.","breadcrumb":{"@id":"https:\/\/www.visit-ulcinj.com\/blog\/2009\/04\/28\/anjeza-nuk-me-ka-penguar-arjoni\/#breadcrumb"},"inLanguage":"en-US","potentialAction":[{"@type":"ReadAction","target":["https:\/\/www.visit-ulcinj.com\/blog\/2009\/04\/28\/anjeza-nuk-me-ka-penguar-arjoni\/"]}]},{"@type":"BreadcrumbList","@id":"https:\/\/www.visit-ulcinj.com\/blog\/2009\/04\/28\/anjeza-nuk-me-ka-penguar-arjoni\/#breadcrumb","itemListElement":[{"@type":"ListItem","position":1,"name":"Anjeza : Nuk m\u00eb ka penguar Arjoni"}]},{"@type":"Person","@id":"https:\/\/www.visit-ulcinj.com\/blog\/#\/schema\/person\/dcab619c614d3038751c63bc2aadc06d","name":"ulqini","sameAs":["http:\/\/www.visit-ulcinj.com"],"url":"https:\/\/www.visit-ulcinj.com\/blog\/author\/admin\/"}]}},"jetpack_featured_media_url":"","jetpack_sharing_enabled":true,"jetpack_shortlink":"https:\/\/wp.me\/pe6lTn-53f","_links":{"self":[{"href":"https:\/\/www.visit-ulcinj.com\/blog\/wp-json\/wp\/v2\/posts\/19421"}],"collection":[{"href":"https:\/\/www.visit-ulcinj.com\/blog\/wp-json\/wp\/v2\/posts"}],"about":[{"href":"https:\/\/www.visit-ulcinj.com\/blog\/wp-json\/wp\/v2\/types\/post"}],"author":[{"embeddable":true,"href":"https:\/\/www.visit-ulcinj.com\/blog\/wp-json\/wp\/v2\/users\/1"}],"replies":[{"embeddable":true,"href":"https:\/\/www.visit-ulcinj.com\/blog\/wp-json\/wp\/v2\/comments?post=19421"}],"version-history":[{"count":0,"href":"https:\/\/www.visit-ulcinj.com\/blog\/wp-json\/wp\/v2\/posts\/19421\/revisions"}],"wp:attachment":[{"href":"https:\/\/www.visit-ulcinj.com\/blog\/wp-json\/wp\/v2\/media?parent=19421"}],"wp:term":[{"taxonomy":"category","embeddable":true,"href":"https:\/\/www.visit-ulcinj.com\/blog\/wp-json\/wp\/v2\/categories?post=19421"},{"taxonomy":"post_tag","embeddable":true,"href":"https:\/\/www.visit-ulcinj.com\/blog\/wp-json\/wp\/v2\/tags?post=19421"}],"curies":[{"name":"wp","href":"https:\/\/api.w.org\/{rel}","templated":true}]}}