{"id":19424,"date":"2009-04-28T12:00:02","date_gmt":"2009-04-28T10:00:02","guid":{"rendered":"http:\/\/www.visit-ulcinj.com\/blog\/?p=19424"},"modified":"2009-04-28T00:00:23","modified_gmt":"2009-04-27T22:00:23","slug":"mimoza-do-takohemi-pas-dy-javesh","status":"publish","type":"post","link":"https:\/\/www.visit-ulcinj.com\/blog\/2009\/04\/28\/mimoza-do-takohemi-pas-dy-javesh\/","title":{"rendered":"Mimoza : Do takohemi pas dy jav\u00ebsh"},"content":{"rendered":"<p><em><span class=\"newsdate\"><a href=\"http:\/\/www.visit-ulcinj.com\/blog\/wp-content\/uploads\/2009\/04\/moza-per-pas-dy-javesh.jpg\"><img loading=\"lazy\" class=\"alignleft size-full wp-image-19425\" title=\"moza-per-pas-dy-javesh-big-brother-albania2\" src=\"http:\/\/www.visit-ulcinj.com\/blog\/wp-content\/uploads\/2009\/04\/moza-per-pas-dy-javesh.jpg\" alt=\"moza-per-pas-dy-javesh-big-brother-albania2\" width=\"300\" height=\"205\" \/><\/a>27\/04\/09 00:10<\/span><\/em><\/p>\n<p>Adela, duke biseduar p\u00ebr vazhdimin e jav\u00ebs, i thot\u00eb Moz\u00ebs se kushdo q\u00eb t\u00eb dali prej tyre t\u00eb shtun\u00ebn, t\u00eb mos m\u00ebrziten sepse p\u00ebr dy jav\u00eb do t\u00eb shihen prap\u00eb. Sipas saj, k\u00ebto dy jav\u00eb kalojn\u00eb shpejt dhe nuk do u duhet t\u00eb presin gjat\u00eb p\u00ebr t\u2019u takuar s\u00ebrish. Ajo shprehet se ndjehet pak n\u00eb siklet p\u00ebr k\u00ebt\u00eb situat\u00eb, por kushdo q\u00eb t\u00eb dal\u00eb nga to, duhet ta p\u00ebrjetoj\u00eb mir\u00eb. Adela k\u00ebrkon dhe merr aprovimin nga Moza, e cila nuk e komenton shum\u00eb k\u00ebt\u00eb tem\u00eb.<\/p>\n","protected":false},"excerpt":{"rendered":"<p>27\/04\/09 00:10 Adela, duke biseduar p\u00ebr vazhdimin e jav\u00ebs, i thot\u00eb Moz\u00ebs se kushdo q\u00eb t\u00eb dali prej tyre t\u00eb shtun\u00ebn, t\u00eb mos m\u00ebrziten sepse p\u00ebr dy jav\u00eb do t\u00eb shihen prap\u00eb. Sipas saj, k\u00ebto dy jav\u00eb kalojn\u00eb shpejt dhe nuk do u duhet t\u00eb presin gjat\u00eb p\u00ebr t\u2019u takuar s\u00ebrish. Ajo shprehet se ndjehet [&hellip;]<\/p>\n","protected":false},"author":1,"featured_media":0,"comment_status":"open","ping_status":"closed","sticky":false,"template":"","format":"standard","meta":{"spay_email":"","jetpack_publicize_message":"","jetpack_is_tweetstorm":false,"jetpack_publicize_feature_enabled":true},"categories":[6502],"tags":[6529,8289,6883,9121,6544,6693],"jetpack_publicize_connections":[],"yoast_head":"<!-- This site is optimized with the Yoast SEO plugin v19.1 - https:\/\/yoast.com\/wordpress\/plugins\/seo\/ -->\n<title>Mimoza : Do takohemi pas dy jav\u00c3\u00absh | Big Brother Albania 2<\/title>\n<meta name=\"description\" content=\"Big Brother Albania 2 - Adela, duke biseduar p\u00c3\u00abr vazhdimin e jav\u00c3\u00abs, i thot\u00c3\u00ab Moz\u00c3\u00abs se kushdo q\u00c3\u00ab t\u00c3\u00ab dali prej tyre t\u00c3\u00ab shtun\u00c3\u00abn\" \/>\n<meta name=\"robots\" content=\"index, follow, max-snippet:-1, max-image-preview:large, max-video-preview:-1\" \/>\n<link rel=\"canonical\" href=\"https:\/\/www.visit-ulcinj.com\/blog\/2009\/04\/28\/mimoza-do-takohemi-pas-dy-javesh\/\" \/>\n<meta property=\"og:locale\" content=\"en_US\" \/>\n<meta property=\"og:type\" content=\"article\" \/>\n<meta property=\"og:title\" content=\"Mimoza : Do takohemi pas dy jav\u00c3\u00absh | Big Brother Albania 2\" \/>\n<meta property=\"og:description\" content=\"Big Brother Albania 2 - Adela, duke biseduar p\u00c3\u00abr vazhdimin e jav\u00c3\u00abs, i thot\u00c3\u00ab Moz\u00c3\u00abs se kushdo q\u00c3\u00ab t\u00c3\u00ab dali prej tyre t\u00c3\u00ab shtun\u00c3\u00abn\" \/>\n<meta property=\"og:url\" content=\"https:\/\/www.visit-ulcinj.com\/blog\/2009\/04\/28\/mimoza-do-takohemi-pas-dy-javesh\/\" \/>\n<meta property=\"og:site_name\" content=\"Lajme nga Ulqini\" \/>\n<meta property=\"article:published_time\" content=\"2009-04-28T10:00:02+00:00\" \/>\n<meta property=\"article:modified_time\" content=\"2009-04-27T22:00:23+00:00\" \/>\n<meta property=\"og:image\" content=\"http:\/\/www.visit-ulcinj.com\/blog\/wp-content\/uploads\/2009\/04\/moza-per-pas-dy-javesh.jpg\" \/>\n<meta name=\"twitter:label1\" content=\"Written by\" \/>\n\t<meta name=\"twitter:data1\" content=\"ulqini\" \/>\n\t<meta name=\"twitter:label2\" content=\"Est. reading time\" \/>\n\t<meta name=\"twitter:data2\" content=\"1 minute\" \/>\n<script type=\"application\/ld+json\" class=\"yoast-schema-graph\">{\"@context\":\"https:\/\/schema.org\",\"@graph\":[{\"@type\":\"WebSite\",\"@id\":\"https:\/\/www.visit-ulcinj.com\/blog\/#website\",\"url\":\"https:\/\/www.visit-ulcinj.com\/blog\/\",\"name\":\"Lajme nga Ulqini\",\"description\":\"Lajme,Vijesti,Ulqini,Ulqin,Crna Gora,Mali i Zi\",\"potentialAction\":[{\"@type\":\"SearchAction\",\"target\":{\"@type\":\"EntryPoint\",\"urlTemplate\":\"https:\/\/www.visit-ulcinj.com\/blog\/?s={search_term_string}\"},\"query-input\":\"required name=search_term_string\"}],\"inLanguage\":\"en-US\"},{\"@type\":\"ImageObject\",\"inLanguage\":\"en-US\",\"@id\":\"https:\/\/www.visit-ulcinj.com\/blog\/2009\/04\/28\/mimoza-do-takohemi-pas-dy-javesh\/#primaryimage\",\"url\":\"http:\/\/www.visit-ulcinj.com\/blog\/wp-content\/uploads\/2009\/04\/moza-per-pas-dy-javesh.jpg\",\"contentUrl\":\"http:\/\/www.visit-ulcinj.com\/blog\/wp-content\/uploads\/2009\/04\/moza-per-pas-dy-javesh.jpg\"},{\"@type\":\"WebPage\",\"@id\":\"https:\/\/www.visit-ulcinj.com\/blog\/2009\/04\/28\/mimoza-do-takohemi-pas-dy-javesh\/#webpage\",\"url\":\"https:\/\/www.visit-ulcinj.com\/blog\/2009\/04\/28\/mimoza-do-takohemi-pas-dy-javesh\/\",\"name\":\"Mimoza : Do takohemi pas dy jav\u00c3\u00absh | Big Brother Albania 2\",\"isPartOf\":{\"@id\":\"https:\/\/www.visit-ulcinj.com\/blog\/#website\"},\"primaryImageOfPage\":{\"@id\":\"https:\/\/www.visit-ulcinj.com\/blog\/2009\/04\/28\/mimoza-do-takohemi-pas-dy-javesh\/#primaryimage\"},\"datePublished\":\"2009-04-28T10:00:02+00:00\",\"dateModified\":\"2009-04-27T22:00:23+00:00\",\"author\":{\"@id\":\"https:\/\/www.visit-ulcinj.com\/blog\/#\/schema\/person\/dcab619c614d3038751c63bc2aadc06d\"},\"description\":\"Big Brother Albania 2 - Adela, duke biseduar p\u00c3\u00abr vazhdimin e jav\u00c3\u00abs, i thot\u00c3\u00ab Moz\u00c3\u00abs se kushdo q\u00c3\u00ab t\u00c3\u00ab dali prej tyre t\u00c3\u00ab shtun\u00c3\u00abn\",\"breadcrumb\":{\"@id\":\"https:\/\/www.visit-ulcinj.com\/blog\/2009\/04\/28\/mimoza-do-takohemi-pas-dy-javesh\/#breadcrumb\"},\"inLanguage\":\"en-US\",\"potentialAction\":[{\"@type\":\"ReadAction\",\"target\":[\"https:\/\/www.visit-ulcinj.com\/blog\/2009\/04\/28\/mimoza-do-takohemi-pas-dy-javesh\/\"]}]},{\"@type\":\"BreadcrumbList\",\"@id\":\"https:\/\/www.visit-ulcinj.com\/blog\/2009\/04\/28\/mimoza-do-takohemi-pas-dy-javesh\/#breadcrumb\",\"itemListElement\":[{\"@type\":\"ListItem\",\"position\":1,\"name\":\"Mimoza : Do takohemi pas dy jav\u00ebsh\"}]},{\"@type\":\"Person\",\"@id\":\"https:\/\/www.visit-ulcinj.com\/blog\/#\/schema\/person\/dcab619c614d3038751c63bc2aadc06d\",\"name\":\"ulqini\",\"sameAs\":[\"http:\/\/www.visit-ulcinj.com\"],\"url\":\"https:\/\/www.visit-ulcinj.com\/blog\/author\/admin\/\"}]}<\/script>\n<!-- \/ Yoast SEO plugin. -->","yoast_head_json":{"title":"Mimoza : Do takohemi pas dy jav\u00c3\u00absh | Big Brother Albania 2","description":"Big Brother Albania 2 - Adela, duke biseduar p\u00c3\u00abr vazhdimin e jav\u00c3\u00abs, i thot\u00c3\u00ab Moz\u00c3\u00abs se kushdo q\u00c3\u00ab t\u00c3\u00ab dali prej tyre t\u00c3\u00ab shtun\u00c3\u00abn","robots":{"index":"index","follow":"follow","max-snippet":"max-snippet:-1","max-image-preview":"max-image-preview:large","max-video-preview":"max-video-preview:-1"},"canonical":"https:\/\/www.visit-ulcinj.com\/blog\/2009\/04\/28\/mimoza-do-takohemi-pas-dy-javesh\/","og_locale":"en_US","og_type":"article","og_title":"Mimoza : Do takohemi pas dy jav\u00c3\u00absh | Big Brother Albania 2","og_description":"Big Brother Albania 2 - Adela, duke biseduar p\u00c3\u00abr vazhdimin e jav\u00c3\u00abs, i thot\u00c3\u00ab Moz\u00c3\u00abs se kushdo q\u00c3\u00ab t\u00c3\u00ab dali prej tyre t\u00c3\u00ab shtun\u00c3\u00abn","og_url":"https:\/\/www.visit-ulcinj.com\/blog\/2009\/04\/28\/mimoza-do-takohemi-pas-dy-javesh\/","og_site_name":"Lajme nga Ulqini","article_published_time":"2009-04-28T10:00:02+00:00","article_modified_time":"2009-04-27T22:00:23+00:00","og_image":[{"url":"http:\/\/www.visit-ulcinj.com\/blog\/wp-content\/uploads\/2009\/04\/moza-per-pas-dy-javesh.jpg"}],"twitter_misc":{"Written by":"ulqini","Est. reading time":"1 minute"},"schema":{"@context":"https:\/\/schema.org","@graph":[{"@type":"WebSite","@id":"https:\/\/www.visit-ulcinj.com\/blog\/#website","url":"https:\/\/www.visit-ulcinj.com\/blog\/","name":"Lajme nga Ulqini","description":"Lajme,Vijesti,Ulqini,Ulqin,Crna Gora,Mali i Zi","potentialAction":[{"@type":"SearchAction","target":{"@type":"EntryPoint","urlTemplate":"https:\/\/www.visit-ulcinj.com\/blog\/?s={search_term_string}"},"query-input":"required name=search_term_string"}],"inLanguage":"en-US"},{"@type":"ImageObject","inLanguage":"en-US","@id":"https:\/\/www.visit-ulcinj.com\/blog\/2009\/04\/28\/mimoza-do-takohemi-pas-dy-javesh\/#primaryimage","url":"http:\/\/www.visit-ulcinj.com\/blog\/wp-content\/uploads\/2009\/04\/moza-per-pas-dy-javesh.jpg","contentUrl":"http:\/\/www.visit-ulcinj.com\/blog\/wp-content\/uploads\/2009\/04\/moza-per-pas-dy-javesh.jpg"},{"@type":"WebPage","@id":"https:\/\/www.visit-ulcinj.com\/blog\/2009\/04\/28\/mimoza-do-takohemi-pas-dy-javesh\/#webpage","url":"https:\/\/www.visit-ulcinj.com\/blog\/2009\/04\/28\/mimoza-do-takohemi-pas-dy-javesh\/","name":"Mimoza : Do takohemi pas dy jav\u00c3\u00absh | Big Brother Albania 2","isPartOf":{"@id":"https:\/\/www.visit-ulcinj.com\/blog\/#website"},"primaryImageOfPage":{"@id":"https:\/\/www.visit-ulcinj.com\/blog\/2009\/04\/28\/mimoza-do-takohemi-pas-dy-javesh\/#primaryimage"},"datePublished":"2009-04-28T10:00:02+00:00","dateModified":"2009-04-27T22:00:23+00:00","author":{"@id":"https:\/\/www.visit-ulcinj.com\/blog\/#\/schema\/person\/dcab619c614d3038751c63bc2aadc06d"},"description":"Big Brother Albania 2 - Adela, duke biseduar p\u00c3\u00abr vazhdimin e jav\u00c3\u00abs, i thot\u00c3\u00ab Moz\u00c3\u00abs se kushdo q\u00c3\u00ab t\u00c3\u00ab dali prej tyre t\u00c3\u00ab shtun\u00c3\u00abn","breadcrumb":{"@id":"https:\/\/www.visit-ulcinj.com\/blog\/2009\/04\/28\/mimoza-do-takohemi-pas-dy-javesh\/#breadcrumb"},"inLanguage":"en-US","potentialAction":[{"@type":"ReadAction","target":["https:\/\/www.visit-ulcinj.com\/blog\/2009\/04\/28\/mimoza-do-takohemi-pas-dy-javesh\/"]}]},{"@type":"BreadcrumbList","@id":"https:\/\/www.visit-ulcinj.com\/blog\/2009\/04\/28\/mimoza-do-takohemi-pas-dy-javesh\/#breadcrumb","itemListElement":[{"@type":"ListItem","position":1,"name":"Mimoza : Do takohemi pas dy jav\u00ebsh"}]},{"@type":"Person","@id":"https:\/\/www.visit-ulcinj.com\/blog\/#\/schema\/person\/dcab619c614d3038751c63bc2aadc06d","name":"ulqini","sameAs":["http:\/\/www.visit-ulcinj.com"],"url":"https:\/\/www.visit-ulcinj.com\/blog\/author\/admin\/"}]}},"jetpack_featured_media_url":"","jetpack_sharing_enabled":true,"jetpack_shortlink":"https:\/\/wp.me\/pe6lTn-53i","_links":{"self":[{"href":"https:\/\/www.visit-ulcinj.com\/blog\/wp-json\/wp\/v2\/posts\/19424"}],"collection":[{"href":"https:\/\/www.visit-ulcinj.com\/blog\/wp-json\/wp\/v2\/posts"}],"about":[{"href":"https:\/\/www.visit-ulcinj.com\/blog\/wp-json\/wp\/v2\/types\/post"}],"author":[{"embeddable":true,"href":"https:\/\/www.visit-ulcinj.com\/blog\/wp-json\/wp\/v2\/users\/1"}],"replies":[{"embeddable":true,"href":"https:\/\/www.visit-ulcinj.com\/blog\/wp-json\/wp\/v2\/comments?post=19424"}],"version-history":[{"count":0,"href":"https:\/\/www.visit-ulcinj.com\/blog\/wp-json\/wp\/v2\/posts\/19424\/revisions"}],"wp:attachment":[{"href":"https:\/\/www.visit-ulcinj.com\/blog\/wp-json\/wp\/v2\/media?parent=19424"}],"wp:term":[{"taxonomy":"category","embeddable":true,"href":"https:\/\/www.visit-ulcinj.com\/blog\/wp-json\/wp\/v2\/categories?post=19424"},{"taxonomy":"post_tag","embeddable":true,"href":"https:\/\/www.visit-ulcinj.com\/blog\/wp-json\/wp\/v2\/tags?post=19424"}],"curies":[{"name":"wp","href":"https:\/\/api.w.org\/{rel}","templated":true}]}}