{"id":19428,"date":"2009-04-28T12:00:54","date_gmt":"2009-04-28T10:00:54","guid":{"rendered":"http:\/\/www.visit-ulcinj.com\/blog\/?p=19428"},"modified":"2009-04-28T00:02:56","modified_gmt":"2009-04-27T22:02:56","slug":"anjeza-dhe-juna-eshte-mes-meje-dhe-mozes","status":"publish","type":"post","link":"https:\/\/www.visit-ulcinj.com\/blog\/2009\/04\/28\/anjeza-dhe-juna-eshte-mes-meje-dhe-mozes\/","title":{"rendered":"Anjeza dhe Juna : \u00cbsht\u00eb mes meje dhe Moz\u00ebs"},"content":{"rendered":"<p><em><span class=\"newsdate\"><a href=\"http:\/\/www.visit-ulcinj.com\/blog\/wp-content\/uploads\/2009\/04\/juna-anjeza-per-largimin.jpg\"><img loading=\"lazy\" class=\"alignleft size-full wp-image-19429\" title=\"juna-anjeza-per-largimin-big-brother-albania-2\" src=\"http:\/\/www.visit-ulcinj.com\/blog\/wp-content\/uploads\/2009\/04\/juna-anjeza-per-largimin.jpg\" alt=\"juna-anjeza-per-largimin-big-brother-albania-2\" width=\"300\" height=\"205\" \/><\/a>27\/04\/09 01:36<\/span><\/em><\/p>\n<p>Anjeza dhe Juna vazhdojn\u00eb t\u00eb bisedojn\u00eb edhe p\u00ebr banor\u00ebt e nominuar k\u00ebt\u00eb jav\u00eb, ku b\u00ebjn\u00eb pjes\u00eb edhe ato. Anjeza tregon se n\u00eb nominimin e par\u00eb t\u00eb saj, ishte n\u00eb pozita pak m\u00eb t\u00eb v\u00ebshtira sepse ishte fillimi i bashk\u00ebjetes\u00ebs n\u00eb sht\u00ebpi me banor\u00ebt e tjer\u00eb dhe se ishin gjasht\u00eb banor\u00eb t\u00eb nominuar, ku nj\u00eb pjes\u00eb e mir\u00eb e tyre pretendohej q\u00eb nuk do dilnin. P\u00ebr nominimin e k\u00ebsaj here, ajo shprehet se i duket i bukur dhe i fort\u00eb. Anjeza mendon se loja m\u00eb shum\u00eb ka p\u00ebr t\u2019u zhvilluar nd\u00ebrmjet saj dhe Moz\u00ebs dhe nj\u00ebra prej tyre do t\u00eb largohet.<\/p>\n","protected":false},"excerpt":{"rendered":"<p>27\/04\/09 01:36 Anjeza dhe Juna vazhdojn\u00eb t\u00eb bisedojn\u00eb edhe p\u00ebr banor\u00ebt e nominuar k\u00ebt\u00eb jav\u00eb, ku b\u00ebjn\u00eb pjes\u00eb edhe ato. Anjeza tregon se n\u00eb nominimin e par\u00eb t\u00eb saj, ishte n\u00eb pozita pak m\u00eb t\u00eb v\u00ebshtira sepse ishte fillimi i bashk\u00ebjetes\u00ebs n\u00eb sht\u00ebpi me banor\u00ebt e tjer\u00eb dhe se ishin gjasht\u00eb banor\u00eb t\u00eb nominuar, ku [&hellip;]<\/p>\n","protected":false},"author":1,"featured_media":0,"comment_status":"open","ping_status":"closed","sticky":false,"template":"","format":"standard","meta":{"spay_email":"","jetpack_publicize_message":"","jetpack_is_tweetstorm":false,"jetpack_publicize_feature_enabled":true},"categories":[6502],"tags":[8289,6883,9121,1442,9693,9011,6544,6693],"jetpack_publicize_connections":[],"yoast_head":"<!-- This site is optimized with the Yoast SEO plugin v19.1 - https:\/\/yoast.com\/wordpress\/plugins\/seo\/ -->\n<title>Anjeza dhe Juna : \u00c3\u2039sht\u00c3\u00ab mes meje dhe Moz\u00c3\u00abs | Big Brother Albania 2<\/title>\n<meta name=\"description\" content=\"Big Brother Albania 2 - Anjeza dhe Juna vazhdojn\u00c3\u00ab t\u00c3\u00ab bisedojn\u00c3\u00ab edhe p\u00c3\u00abr banor\u00c3\u00abt e nominuar k\u00c3\u00abt\u00c3\u00ab jav\u00c3\u00ab, ku b\u00c3\u00abjn\u00c3\u00ab pjes\u00c3\u00ab edhe ato. Anjeza tregon se n\u00c3\u00ab nominimin e par\u00c3\u00ab t\u00c3\u00ab saj\" \/>\n<meta name=\"robots\" content=\"index, follow, max-snippet:-1, max-image-preview:large, max-video-preview:-1\" \/>\n<link rel=\"canonical\" href=\"https:\/\/www.visit-ulcinj.com\/blog\/2009\/04\/28\/anjeza-dhe-juna-eshte-mes-meje-dhe-mozes\/\" \/>\n<meta property=\"og:locale\" content=\"en_US\" \/>\n<meta property=\"og:type\" content=\"article\" \/>\n<meta property=\"og:title\" content=\"Anjeza dhe Juna : \u00c3\u2039sht\u00c3\u00ab mes meje dhe Moz\u00c3\u00abs | Big Brother Albania 2\" \/>\n<meta property=\"og:description\" content=\"Big Brother Albania 2 - Anjeza dhe Juna vazhdojn\u00c3\u00ab t\u00c3\u00ab bisedojn\u00c3\u00ab edhe p\u00c3\u00abr banor\u00c3\u00abt e nominuar k\u00c3\u00abt\u00c3\u00ab jav\u00c3\u00ab, ku b\u00c3\u00abjn\u00c3\u00ab pjes\u00c3\u00ab edhe ato. Anjeza tregon se n\u00c3\u00ab nominimin e par\u00c3\u00ab t\u00c3\u00ab saj\" \/>\n<meta property=\"og:url\" content=\"https:\/\/www.visit-ulcinj.com\/blog\/2009\/04\/28\/anjeza-dhe-juna-eshte-mes-meje-dhe-mozes\/\" \/>\n<meta property=\"og:site_name\" content=\"Lajme nga Ulqini\" \/>\n<meta property=\"article:published_time\" content=\"2009-04-28T10:00:54+00:00\" \/>\n<meta property=\"article:modified_time\" content=\"2009-04-27T22:02:56+00:00\" \/>\n<meta property=\"og:image\" content=\"http:\/\/www.visit-ulcinj.com\/blog\/wp-content\/uploads\/2009\/04\/juna-anjeza-per-largimin.jpg\" \/>\n<meta name=\"twitter:label1\" content=\"Written by\" \/>\n\t<meta name=\"twitter:data1\" content=\"ulqini\" \/>\n\t<meta name=\"twitter:label2\" content=\"Est. reading time\" \/>\n\t<meta name=\"twitter:data2\" content=\"1 minute\" \/>\n<script type=\"application\/ld+json\" class=\"yoast-schema-graph\">{\"@context\":\"https:\/\/schema.org\",\"@graph\":[{\"@type\":\"WebSite\",\"@id\":\"https:\/\/www.visit-ulcinj.com\/blog\/#website\",\"url\":\"https:\/\/www.visit-ulcinj.com\/blog\/\",\"name\":\"Lajme nga Ulqini\",\"description\":\"Lajme,Vijesti,Ulqini,Ulqin,Crna Gora,Mali i Zi\",\"potentialAction\":[{\"@type\":\"SearchAction\",\"target\":{\"@type\":\"EntryPoint\",\"urlTemplate\":\"https:\/\/www.visit-ulcinj.com\/blog\/?s={search_term_string}\"},\"query-input\":\"required name=search_term_string\"}],\"inLanguage\":\"en-US\"},{\"@type\":\"ImageObject\",\"inLanguage\":\"en-US\",\"@id\":\"https:\/\/www.visit-ulcinj.com\/blog\/2009\/04\/28\/anjeza-dhe-juna-eshte-mes-meje-dhe-mozes\/#primaryimage\",\"url\":\"http:\/\/www.visit-ulcinj.com\/blog\/wp-content\/uploads\/2009\/04\/juna-anjeza-per-largimin.jpg\",\"contentUrl\":\"http:\/\/www.visit-ulcinj.com\/blog\/wp-content\/uploads\/2009\/04\/juna-anjeza-per-largimin.jpg\"},{\"@type\":\"WebPage\",\"@id\":\"https:\/\/www.visit-ulcinj.com\/blog\/2009\/04\/28\/anjeza-dhe-juna-eshte-mes-meje-dhe-mozes\/#webpage\",\"url\":\"https:\/\/www.visit-ulcinj.com\/blog\/2009\/04\/28\/anjeza-dhe-juna-eshte-mes-meje-dhe-mozes\/\",\"name\":\"Anjeza dhe Juna : \u00c3\u2039sht\u00c3\u00ab mes meje dhe Moz\u00c3\u00abs | Big Brother Albania 2\",\"isPartOf\":{\"@id\":\"https:\/\/www.visit-ulcinj.com\/blog\/#website\"},\"primaryImageOfPage\":{\"@id\":\"https:\/\/www.visit-ulcinj.com\/blog\/2009\/04\/28\/anjeza-dhe-juna-eshte-mes-meje-dhe-mozes\/#primaryimage\"},\"datePublished\":\"2009-04-28T10:00:54+00:00\",\"dateModified\":\"2009-04-27T22:02:56+00:00\",\"author\":{\"@id\":\"https:\/\/www.visit-ulcinj.com\/blog\/#\/schema\/person\/dcab619c614d3038751c63bc2aadc06d\"},\"description\":\"Big Brother Albania 2 - Anjeza dhe Juna vazhdojn\u00c3\u00ab t\u00c3\u00ab bisedojn\u00c3\u00ab edhe p\u00c3\u00abr banor\u00c3\u00abt e nominuar k\u00c3\u00abt\u00c3\u00ab jav\u00c3\u00ab, ku b\u00c3\u00abjn\u00c3\u00ab pjes\u00c3\u00ab edhe ato. Anjeza tregon se n\u00c3\u00ab nominimin e par\u00c3\u00ab t\u00c3\u00ab saj\",\"breadcrumb\":{\"@id\":\"https:\/\/www.visit-ulcinj.com\/blog\/2009\/04\/28\/anjeza-dhe-juna-eshte-mes-meje-dhe-mozes\/#breadcrumb\"},\"inLanguage\":\"en-US\",\"potentialAction\":[{\"@type\":\"ReadAction\",\"target\":[\"https:\/\/www.visit-ulcinj.com\/blog\/2009\/04\/28\/anjeza-dhe-juna-eshte-mes-meje-dhe-mozes\/\"]}]},{\"@type\":\"BreadcrumbList\",\"@id\":\"https:\/\/www.visit-ulcinj.com\/blog\/2009\/04\/28\/anjeza-dhe-juna-eshte-mes-meje-dhe-mozes\/#breadcrumb\",\"itemListElement\":[{\"@type\":\"ListItem\",\"position\":1,\"name\":\"Anjeza dhe Juna : \u00cbsht\u00eb mes meje dhe Moz\u00ebs\"}]},{\"@type\":\"Person\",\"@id\":\"https:\/\/www.visit-ulcinj.com\/blog\/#\/schema\/person\/dcab619c614d3038751c63bc2aadc06d\",\"name\":\"ulqini\",\"sameAs\":[\"http:\/\/www.visit-ulcinj.com\"],\"url\":\"https:\/\/www.visit-ulcinj.com\/blog\/author\/admin\/\"}]}<\/script>\n<!-- \/ Yoast SEO plugin. -->","yoast_head_json":{"title":"Anjeza dhe Juna : \u00c3\u2039sht\u00c3\u00ab mes meje dhe Moz\u00c3\u00abs | Big Brother Albania 2","description":"Big Brother Albania 2 - Anjeza dhe Juna vazhdojn\u00c3\u00ab t\u00c3\u00ab bisedojn\u00c3\u00ab edhe p\u00c3\u00abr banor\u00c3\u00abt e nominuar k\u00c3\u00abt\u00c3\u00ab jav\u00c3\u00ab, ku b\u00c3\u00abjn\u00c3\u00ab pjes\u00c3\u00ab edhe ato. Anjeza tregon se n\u00c3\u00ab nominimin e par\u00c3\u00ab t\u00c3\u00ab saj","robots":{"index":"index","follow":"follow","max-snippet":"max-snippet:-1","max-image-preview":"max-image-preview:large","max-video-preview":"max-video-preview:-1"},"canonical":"https:\/\/www.visit-ulcinj.com\/blog\/2009\/04\/28\/anjeza-dhe-juna-eshte-mes-meje-dhe-mozes\/","og_locale":"en_US","og_type":"article","og_title":"Anjeza dhe Juna : \u00c3\u2039sht\u00c3\u00ab mes meje dhe Moz\u00c3\u00abs | Big Brother Albania 2","og_description":"Big Brother Albania 2 - Anjeza dhe Juna vazhdojn\u00c3\u00ab t\u00c3\u00ab bisedojn\u00c3\u00ab edhe p\u00c3\u00abr banor\u00c3\u00abt e nominuar k\u00c3\u00abt\u00c3\u00ab jav\u00c3\u00ab, ku b\u00c3\u00abjn\u00c3\u00ab pjes\u00c3\u00ab edhe ato. Anjeza tregon se n\u00c3\u00ab nominimin e par\u00c3\u00ab t\u00c3\u00ab saj","og_url":"https:\/\/www.visit-ulcinj.com\/blog\/2009\/04\/28\/anjeza-dhe-juna-eshte-mes-meje-dhe-mozes\/","og_site_name":"Lajme nga Ulqini","article_published_time":"2009-04-28T10:00:54+00:00","article_modified_time":"2009-04-27T22:02:56+00:00","og_image":[{"url":"http:\/\/www.visit-ulcinj.com\/blog\/wp-content\/uploads\/2009\/04\/juna-anjeza-per-largimin.jpg"}],"twitter_misc":{"Written by":"ulqini","Est. reading time":"1 minute"},"schema":{"@context":"https:\/\/schema.org","@graph":[{"@type":"WebSite","@id":"https:\/\/www.visit-ulcinj.com\/blog\/#website","url":"https:\/\/www.visit-ulcinj.com\/blog\/","name":"Lajme nga Ulqini","description":"Lajme,Vijesti,Ulqini,Ulqin,Crna Gora,Mali i Zi","potentialAction":[{"@type":"SearchAction","target":{"@type":"EntryPoint","urlTemplate":"https:\/\/www.visit-ulcinj.com\/blog\/?s={search_term_string}"},"query-input":"required name=search_term_string"}],"inLanguage":"en-US"},{"@type":"ImageObject","inLanguage":"en-US","@id":"https:\/\/www.visit-ulcinj.com\/blog\/2009\/04\/28\/anjeza-dhe-juna-eshte-mes-meje-dhe-mozes\/#primaryimage","url":"http:\/\/www.visit-ulcinj.com\/blog\/wp-content\/uploads\/2009\/04\/juna-anjeza-per-largimin.jpg","contentUrl":"http:\/\/www.visit-ulcinj.com\/blog\/wp-content\/uploads\/2009\/04\/juna-anjeza-per-largimin.jpg"},{"@type":"WebPage","@id":"https:\/\/www.visit-ulcinj.com\/blog\/2009\/04\/28\/anjeza-dhe-juna-eshte-mes-meje-dhe-mozes\/#webpage","url":"https:\/\/www.visit-ulcinj.com\/blog\/2009\/04\/28\/anjeza-dhe-juna-eshte-mes-meje-dhe-mozes\/","name":"Anjeza dhe Juna : \u00c3\u2039sht\u00c3\u00ab mes meje dhe Moz\u00c3\u00abs | Big Brother Albania 2","isPartOf":{"@id":"https:\/\/www.visit-ulcinj.com\/blog\/#website"},"primaryImageOfPage":{"@id":"https:\/\/www.visit-ulcinj.com\/blog\/2009\/04\/28\/anjeza-dhe-juna-eshte-mes-meje-dhe-mozes\/#primaryimage"},"datePublished":"2009-04-28T10:00:54+00:00","dateModified":"2009-04-27T22:02:56+00:00","author":{"@id":"https:\/\/www.visit-ulcinj.com\/blog\/#\/schema\/person\/dcab619c614d3038751c63bc2aadc06d"},"description":"Big Brother Albania 2 - Anjeza dhe Juna vazhdojn\u00c3\u00ab t\u00c3\u00ab bisedojn\u00c3\u00ab edhe p\u00c3\u00abr banor\u00c3\u00abt e nominuar k\u00c3\u00abt\u00c3\u00ab jav\u00c3\u00ab, ku b\u00c3\u00abjn\u00c3\u00ab pjes\u00c3\u00ab edhe ato. Anjeza tregon se n\u00c3\u00ab nominimin e par\u00c3\u00ab t\u00c3\u00ab saj","breadcrumb":{"@id":"https:\/\/www.visit-ulcinj.com\/blog\/2009\/04\/28\/anjeza-dhe-juna-eshte-mes-meje-dhe-mozes\/#breadcrumb"},"inLanguage":"en-US","potentialAction":[{"@type":"ReadAction","target":["https:\/\/www.visit-ulcinj.com\/blog\/2009\/04\/28\/anjeza-dhe-juna-eshte-mes-meje-dhe-mozes\/"]}]},{"@type":"BreadcrumbList","@id":"https:\/\/www.visit-ulcinj.com\/blog\/2009\/04\/28\/anjeza-dhe-juna-eshte-mes-meje-dhe-mozes\/#breadcrumb","itemListElement":[{"@type":"ListItem","position":1,"name":"Anjeza dhe Juna : \u00cbsht\u00eb mes meje dhe Moz\u00ebs"}]},{"@type":"Person","@id":"https:\/\/www.visit-ulcinj.com\/blog\/#\/schema\/person\/dcab619c614d3038751c63bc2aadc06d","name":"ulqini","sameAs":["http:\/\/www.visit-ulcinj.com"],"url":"https:\/\/www.visit-ulcinj.com\/blog\/author\/admin\/"}]}},"jetpack_featured_media_url":"","jetpack_sharing_enabled":true,"jetpack_shortlink":"https:\/\/wp.me\/pe6lTn-53m","_links":{"self":[{"href":"https:\/\/www.visit-ulcinj.com\/blog\/wp-json\/wp\/v2\/posts\/19428"}],"collection":[{"href":"https:\/\/www.visit-ulcinj.com\/blog\/wp-json\/wp\/v2\/posts"}],"about":[{"href":"https:\/\/www.visit-ulcinj.com\/blog\/wp-json\/wp\/v2\/types\/post"}],"author":[{"embeddable":true,"href":"https:\/\/www.visit-ulcinj.com\/blog\/wp-json\/wp\/v2\/users\/1"}],"replies":[{"embeddable":true,"href":"https:\/\/www.visit-ulcinj.com\/blog\/wp-json\/wp\/v2\/comments?post=19428"}],"version-history":[{"count":0,"href":"https:\/\/www.visit-ulcinj.com\/blog\/wp-json\/wp\/v2\/posts\/19428\/revisions"}],"wp:attachment":[{"href":"https:\/\/www.visit-ulcinj.com\/blog\/wp-json\/wp\/v2\/media?parent=19428"}],"wp:term":[{"taxonomy":"category","embeddable":true,"href":"https:\/\/www.visit-ulcinj.com\/blog\/wp-json\/wp\/v2\/categories?post=19428"},{"taxonomy":"post_tag","embeddable":true,"href":"https:\/\/www.visit-ulcinj.com\/blog\/wp-json\/wp\/v2\/tags?post=19428"}],"curies":[{"name":"wp","href":"https:\/\/api.w.org\/{rel}","templated":true}]}}