{"id":19431,"date":"2009-04-28T12:03:04","date_gmt":"2009-04-28T10:03:04","guid":{"rendered":"http:\/\/www.visit-ulcinj.com\/blog\/?p=19431"},"modified":"2009-04-28T00:07:24","modified_gmt":"2009-04-27T22:07:24","slug":"vizatimi-i-mozes-fat-per-adin","status":"publish","type":"post","link":"https:\/\/www.visit-ulcinj.com\/blog\/2009\/04\/28\/vizatimi-i-mozes-fat-per-adin\/","title":{"rendered":"Vizatimi i Moz\u00ebs, fat p\u00ebr Adin"},"content":{"rendered":"<p><em><span class=\"newsdate\"><a href=\"http:\/\/www.visit-ulcinj.com\/blog\/wp-content\/uploads\/2009\/04\/vizatimi-mozes.jpg\"><img loading=\"lazy\" class=\"alignleft size-full wp-image-19432\" title=\"vizatimi-mozes-big-brother-albania-2\" src=\"http:\/\/www.visit-ulcinj.com\/blog\/wp-content\/uploads\/2009\/04\/vizatimi-mozes.jpg\" alt=\"vizatimi-mozes-big-brother-albania-2\" width=\"300\" height=\"205\" \/><\/a>27\/04\/09 02:00<\/span><\/em><\/p>\n<p>Banor\u00ebt, t\u00eb mbledhur n\u00eb dhom\u00ebn e gjumit, bisedojn\u00eb p\u00ebr banor\u00ebt e tjer\u00eb t\u00eb larguar. Ata ngacmojn\u00eb Moz\u00ebn p\u00ebr vizatimin e saj ku ka b\u00ebr\u00eb portretet e banor\u00ebve aktual\u00eb dhe t\u00eb Arjonit e Eltonit. Ari i thot\u00eb Moz\u00ebs me shaka se k\u00ebt\u00eb jav\u00eb i takon asaj t\u00eb dal\u00eb, bazuar tek vizatimi isaj ku i fundit ishte Arjoni i cili doli. Pas Arjonit, \u00ebsht\u00eb portreti i Moz\u00ebs, m\u00eb pas i Sorit, Anjez\u00ebs e me radh\u00eb, nd\u00ebrsa i pari \u00ebsht\u00eb Adi. Sori shprehet se ndoshta kjo mund t\u00eb jet\u00eb nj\u00eb shenj\u00eb fati p\u00ebr Adin. Moza, t\u00eb cil\u00ebs nuk i p\u00eblqen ajo q\u00eb i thon\u00eb, shprehet se do ta g\u00ebrris\u00eb vizatimin, q\u00eb t\u00eb mos dalin k\u00ebto \u201cparashikime\u201d. Edhe Sori \u00ebsht\u00eb dakord q\u00eb ajo ta g\u00ebrris\u00eb, nd\u00ebrsa Anjeza mendon se sipas k\u00ebtij parashikimi, \u00ebsht\u00eb n\u00eb finale. Ajo shprehet se kjo jav\u00eb \u00ebsht\u00eb shum\u00eb e fort\u00eb p\u00ebr t\u00eb dhe se p\u00ebr t\u00eb do t\u00eb thot\u00eb shum\u00eb, me shum\u00eb shpjegime pasi po afrohet fundi. \u201cT\u00eb b\u00ebhet c\u2019t\u00eb b\u00ebhet, mjafton t\u00eb jemi mir\u00eb\u201d- p\u00ebrfundon Moza bised\u00ebn.<\/p>\n","protected":false},"excerpt":{"rendered":"<p>27\/04\/09 02:00 Banor\u00ebt, t\u00eb mbledhur n\u00eb dhom\u00ebn e gjumit, bisedojn\u00eb p\u00ebr banor\u00ebt e tjer\u00eb t\u00eb larguar. Ata ngacmojn\u00eb Moz\u00ebn p\u00ebr vizatimin e saj ku ka b\u00ebr\u00eb portretet e banor\u00ebve aktual\u00eb dhe t\u00eb Arjonit e Eltonit. Ari i thot\u00eb Moz\u00ebs me shaka se k\u00ebt\u00eb jav\u00eb i takon asaj t\u00eb dal\u00eb, bazuar tek vizatimi isaj ku i [&hellip;]<\/p>\n","protected":false},"author":1,"featured_media":0,"comment_status":"open","ping_status":"closed","sticky":false,"template":"","format":"standard","meta":{"spay_email":"","jetpack_publicize_message":"","jetpack_is_tweetstorm":false,"jetpack_publicize_feature_enabled":true},"categories":[6502],"tags":[1414,6520,8934,9121,6522,6544,6693],"jetpack_publicize_connections":[],"yoast_head":"<!-- This site is optimized with the Yoast SEO plugin v19.1 - https:\/\/yoast.com\/wordpress\/plugins\/seo\/ -->\n<title>Vizatimi i Moz\u00c3\u00abs, fat p\u00c3\u00abr Adin | Big Brother Albania 2<\/title>\n<meta name=\"description\" content=\"Big Brother Albania 2 - Banor\u00c3\u00abt, t\u00c3\u00ab mbledhur n\u00c3\u00ab dhom\u00c3\u00abn e gjumit, bisedojn\u00c3\u00ab p\u00c3\u00abr banor\u00c3\u00abt e tjer\u00c3\u00ab t\u00c3\u00ab larguar. Ata ngacmojn\u00c3\u00ab Moz\u00c3\u00abn p\u00c3\u00abr vizatimin e saj ku ka b\u00c3\u00abr\u00c3\u00ab portretet e banor\u00c3\u00abve aktual\u00c3\u00ab dhe t\u00c3\u00ab Arjonit e Eltonit.\" \/>\n<meta name=\"robots\" content=\"index, follow, max-snippet:-1, max-image-preview:large, max-video-preview:-1\" \/>\n<link rel=\"canonical\" href=\"https:\/\/www.visit-ulcinj.com\/blog\/2009\/04\/28\/vizatimi-i-mozes-fat-per-adin\/\" \/>\n<meta property=\"og:locale\" content=\"en_US\" \/>\n<meta property=\"og:type\" content=\"article\" \/>\n<meta property=\"og:title\" content=\"Vizatimi i Moz\u00c3\u00abs, fat p\u00c3\u00abr Adin | Big Brother Albania 2\" \/>\n<meta property=\"og:description\" content=\"Big Brother Albania 2 - Banor\u00c3\u00abt, t\u00c3\u00ab mbledhur n\u00c3\u00ab dhom\u00c3\u00abn e gjumit, bisedojn\u00c3\u00ab p\u00c3\u00abr banor\u00c3\u00abt e tjer\u00c3\u00ab t\u00c3\u00ab larguar. Ata ngacmojn\u00c3\u00ab Moz\u00c3\u00abn p\u00c3\u00abr vizatimin e saj ku ka b\u00c3\u00abr\u00c3\u00ab portretet e banor\u00c3\u00abve aktual\u00c3\u00ab dhe t\u00c3\u00ab Arjonit e Eltonit.\" \/>\n<meta property=\"og:url\" content=\"https:\/\/www.visit-ulcinj.com\/blog\/2009\/04\/28\/vizatimi-i-mozes-fat-per-adin\/\" \/>\n<meta property=\"og:site_name\" content=\"Lajme nga Ulqini\" \/>\n<meta property=\"article:published_time\" content=\"2009-04-28T10:03:04+00:00\" \/>\n<meta property=\"article:modified_time\" content=\"2009-04-27T22:07:24+00:00\" \/>\n<meta property=\"og:image\" content=\"http:\/\/www.visit-ulcinj.com\/blog\/wp-content\/uploads\/2009\/04\/vizatimi-mozes.jpg\" \/>\n<meta name=\"twitter:label1\" content=\"Written by\" \/>\n\t<meta name=\"twitter:data1\" content=\"ulqini\" \/>\n\t<meta name=\"twitter:label2\" content=\"Est. reading time\" \/>\n\t<meta name=\"twitter:data2\" content=\"1 minute\" \/>\n<script type=\"application\/ld+json\" class=\"yoast-schema-graph\">{\"@context\":\"https:\/\/schema.org\",\"@graph\":[{\"@type\":\"WebSite\",\"@id\":\"https:\/\/www.visit-ulcinj.com\/blog\/#website\",\"url\":\"https:\/\/www.visit-ulcinj.com\/blog\/\",\"name\":\"Lajme nga Ulqini\",\"description\":\"Lajme,Vijesti,Ulqini,Ulqin,Crna Gora,Mali i Zi\",\"potentialAction\":[{\"@type\":\"SearchAction\",\"target\":{\"@type\":\"EntryPoint\",\"urlTemplate\":\"https:\/\/www.visit-ulcinj.com\/blog\/?s={search_term_string}\"},\"query-input\":\"required name=search_term_string\"}],\"inLanguage\":\"en-US\"},{\"@type\":\"ImageObject\",\"inLanguage\":\"en-US\",\"@id\":\"https:\/\/www.visit-ulcinj.com\/blog\/2009\/04\/28\/vizatimi-i-mozes-fat-per-adin\/#primaryimage\",\"url\":\"http:\/\/www.visit-ulcinj.com\/blog\/wp-content\/uploads\/2009\/04\/vizatimi-mozes.jpg\",\"contentUrl\":\"http:\/\/www.visit-ulcinj.com\/blog\/wp-content\/uploads\/2009\/04\/vizatimi-mozes.jpg\"},{\"@type\":\"WebPage\",\"@id\":\"https:\/\/www.visit-ulcinj.com\/blog\/2009\/04\/28\/vizatimi-i-mozes-fat-per-adin\/#webpage\",\"url\":\"https:\/\/www.visit-ulcinj.com\/blog\/2009\/04\/28\/vizatimi-i-mozes-fat-per-adin\/\",\"name\":\"Vizatimi i Moz\u00c3\u00abs, fat p\u00c3\u00abr Adin | Big Brother Albania 2\",\"isPartOf\":{\"@id\":\"https:\/\/www.visit-ulcinj.com\/blog\/#website\"},\"primaryImageOfPage\":{\"@id\":\"https:\/\/www.visit-ulcinj.com\/blog\/2009\/04\/28\/vizatimi-i-mozes-fat-per-adin\/#primaryimage\"},\"datePublished\":\"2009-04-28T10:03:04+00:00\",\"dateModified\":\"2009-04-27T22:07:24+00:00\",\"author\":{\"@id\":\"https:\/\/www.visit-ulcinj.com\/blog\/#\/schema\/person\/dcab619c614d3038751c63bc2aadc06d\"},\"description\":\"Big Brother Albania 2 - Banor\u00c3\u00abt, t\u00c3\u00ab mbledhur n\u00c3\u00ab dhom\u00c3\u00abn e gjumit, bisedojn\u00c3\u00ab p\u00c3\u00abr banor\u00c3\u00abt e tjer\u00c3\u00ab t\u00c3\u00ab larguar. Ata ngacmojn\u00c3\u00ab Moz\u00c3\u00abn p\u00c3\u00abr vizatimin e saj ku ka b\u00c3\u00abr\u00c3\u00ab portretet e banor\u00c3\u00abve aktual\u00c3\u00ab dhe t\u00c3\u00ab Arjonit e Eltonit.\",\"breadcrumb\":{\"@id\":\"https:\/\/www.visit-ulcinj.com\/blog\/2009\/04\/28\/vizatimi-i-mozes-fat-per-adin\/#breadcrumb\"},\"inLanguage\":\"en-US\",\"potentialAction\":[{\"@type\":\"ReadAction\",\"target\":[\"https:\/\/www.visit-ulcinj.com\/blog\/2009\/04\/28\/vizatimi-i-mozes-fat-per-adin\/\"]}]},{\"@type\":\"BreadcrumbList\",\"@id\":\"https:\/\/www.visit-ulcinj.com\/blog\/2009\/04\/28\/vizatimi-i-mozes-fat-per-adin\/#breadcrumb\",\"itemListElement\":[{\"@type\":\"ListItem\",\"position\":1,\"name\":\"Vizatimi i Moz\u00ebs, fat p\u00ebr Adin\"}]},{\"@type\":\"Person\",\"@id\":\"https:\/\/www.visit-ulcinj.com\/blog\/#\/schema\/person\/dcab619c614d3038751c63bc2aadc06d\",\"name\":\"ulqini\",\"sameAs\":[\"http:\/\/www.visit-ulcinj.com\"],\"url\":\"https:\/\/www.visit-ulcinj.com\/blog\/author\/admin\/\"}]}<\/script>\n<!-- \/ Yoast SEO plugin. -->","yoast_head_json":{"title":"Vizatimi i Moz\u00c3\u00abs, fat p\u00c3\u00abr Adin | Big Brother Albania 2","description":"Big Brother Albania 2 - Banor\u00c3\u00abt, t\u00c3\u00ab mbledhur n\u00c3\u00ab dhom\u00c3\u00abn e gjumit, bisedojn\u00c3\u00ab p\u00c3\u00abr banor\u00c3\u00abt e tjer\u00c3\u00ab t\u00c3\u00ab larguar. Ata ngacmojn\u00c3\u00ab Moz\u00c3\u00abn p\u00c3\u00abr vizatimin e saj ku ka b\u00c3\u00abr\u00c3\u00ab portretet e banor\u00c3\u00abve aktual\u00c3\u00ab dhe t\u00c3\u00ab Arjonit e Eltonit.","robots":{"index":"index","follow":"follow","max-snippet":"max-snippet:-1","max-image-preview":"max-image-preview:large","max-video-preview":"max-video-preview:-1"},"canonical":"https:\/\/www.visit-ulcinj.com\/blog\/2009\/04\/28\/vizatimi-i-mozes-fat-per-adin\/","og_locale":"en_US","og_type":"article","og_title":"Vizatimi i Moz\u00c3\u00abs, fat p\u00c3\u00abr Adin | Big Brother Albania 2","og_description":"Big Brother Albania 2 - Banor\u00c3\u00abt, t\u00c3\u00ab mbledhur n\u00c3\u00ab dhom\u00c3\u00abn e gjumit, bisedojn\u00c3\u00ab p\u00c3\u00abr banor\u00c3\u00abt e tjer\u00c3\u00ab t\u00c3\u00ab larguar. Ata ngacmojn\u00c3\u00ab Moz\u00c3\u00abn p\u00c3\u00abr vizatimin e saj ku ka b\u00c3\u00abr\u00c3\u00ab portretet e banor\u00c3\u00abve aktual\u00c3\u00ab dhe t\u00c3\u00ab Arjonit e Eltonit.","og_url":"https:\/\/www.visit-ulcinj.com\/blog\/2009\/04\/28\/vizatimi-i-mozes-fat-per-adin\/","og_site_name":"Lajme nga Ulqini","article_published_time":"2009-04-28T10:03:04+00:00","article_modified_time":"2009-04-27T22:07:24+00:00","og_image":[{"url":"http:\/\/www.visit-ulcinj.com\/blog\/wp-content\/uploads\/2009\/04\/vizatimi-mozes.jpg"}],"twitter_misc":{"Written by":"ulqini","Est. reading time":"1 minute"},"schema":{"@context":"https:\/\/schema.org","@graph":[{"@type":"WebSite","@id":"https:\/\/www.visit-ulcinj.com\/blog\/#website","url":"https:\/\/www.visit-ulcinj.com\/blog\/","name":"Lajme nga Ulqini","description":"Lajme,Vijesti,Ulqini,Ulqin,Crna Gora,Mali i Zi","potentialAction":[{"@type":"SearchAction","target":{"@type":"EntryPoint","urlTemplate":"https:\/\/www.visit-ulcinj.com\/blog\/?s={search_term_string}"},"query-input":"required name=search_term_string"}],"inLanguage":"en-US"},{"@type":"ImageObject","inLanguage":"en-US","@id":"https:\/\/www.visit-ulcinj.com\/blog\/2009\/04\/28\/vizatimi-i-mozes-fat-per-adin\/#primaryimage","url":"http:\/\/www.visit-ulcinj.com\/blog\/wp-content\/uploads\/2009\/04\/vizatimi-mozes.jpg","contentUrl":"http:\/\/www.visit-ulcinj.com\/blog\/wp-content\/uploads\/2009\/04\/vizatimi-mozes.jpg"},{"@type":"WebPage","@id":"https:\/\/www.visit-ulcinj.com\/blog\/2009\/04\/28\/vizatimi-i-mozes-fat-per-adin\/#webpage","url":"https:\/\/www.visit-ulcinj.com\/blog\/2009\/04\/28\/vizatimi-i-mozes-fat-per-adin\/","name":"Vizatimi i Moz\u00c3\u00abs, fat p\u00c3\u00abr Adin | Big Brother Albania 2","isPartOf":{"@id":"https:\/\/www.visit-ulcinj.com\/blog\/#website"},"primaryImageOfPage":{"@id":"https:\/\/www.visit-ulcinj.com\/blog\/2009\/04\/28\/vizatimi-i-mozes-fat-per-adin\/#primaryimage"},"datePublished":"2009-04-28T10:03:04+00:00","dateModified":"2009-04-27T22:07:24+00:00","author":{"@id":"https:\/\/www.visit-ulcinj.com\/blog\/#\/schema\/person\/dcab619c614d3038751c63bc2aadc06d"},"description":"Big Brother Albania 2 - Banor\u00c3\u00abt, t\u00c3\u00ab mbledhur n\u00c3\u00ab dhom\u00c3\u00abn e gjumit, bisedojn\u00c3\u00ab p\u00c3\u00abr banor\u00c3\u00abt e tjer\u00c3\u00ab t\u00c3\u00ab larguar. Ata ngacmojn\u00c3\u00ab Moz\u00c3\u00abn p\u00c3\u00abr vizatimin e saj ku ka b\u00c3\u00abr\u00c3\u00ab portretet e banor\u00c3\u00abve aktual\u00c3\u00ab dhe t\u00c3\u00ab Arjonit e Eltonit.","breadcrumb":{"@id":"https:\/\/www.visit-ulcinj.com\/blog\/2009\/04\/28\/vizatimi-i-mozes-fat-per-adin\/#breadcrumb"},"inLanguage":"en-US","potentialAction":[{"@type":"ReadAction","target":["https:\/\/www.visit-ulcinj.com\/blog\/2009\/04\/28\/vizatimi-i-mozes-fat-per-adin\/"]}]},{"@type":"BreadcrumbList","@id":"https:\/\/www.visit-ulcinj.com\/blog\/2009\/04\/28\/vizatimi-i-mozes-fat-per-adin\/#breadcrumb","itemListElement":[{"@type":"ListItem","position":1,"name":"Vizatimi i Moz\u00ebs, fat p\u00ebr Adin"}]},{"@type":"Person","@id":"https:\/\/www.visit-ulcinj.com\/blog\/#\/schema\/person\/dcab619c614d3038751c63bc2aadc06d","name":"ulqini","sameAs":["http:\/\/www.visit-ulcinj.com"],"url":"https:\/\/www.visit-ulcinj.com\/blog\/author\/admin\/"}]}},"jetpack_featured_media_url":"","jetpack_sharing_enabled":true,"jetpack_shortlink":"https:\/\/wp.me\/pe6lTn-53p","_links":{"self":[{"href":"https:\/\/www.visit-ulcinj.com\/blog\/wp-json\/wp\/v2\/posts\/19431"}],"collection":[{"href":"https:\/\/www.visit-ulcinj.com\/blog\/wp-json\/wp\/v2\/posts"}],"about":[{"href":"https:\/\/www.visit-ulcinj.com\/blog\/wp-json\/wp\/v2\/types\/post"}],"author":[{"embeddable":true,"href":"https:\/\/www.visit-ulcinj.com\/blog\/wp-json\/wp\/v2\/users\/1"}],"replies":[{"embeddable":true,"href":"https:\/\/www.visit-ulcinj.com\/blog\/wp-json\/wp\/v2\/comments?post=19431"}],"version-history":[{"count":0,"href":"https:\/\/www.visit-ulcinj.com\/blog\/wp-json\/wp\/v2\/posts\/19431\/revisions"}],"wp:attachment":[{"href":"https:\/\/www.visit-ulcinj.com\/blog\/wp-json\/wp\/v2\/media?parent=19431"}],"wp:term":[{"taxonomy":"category","embeddable":true,"href":"https:\/\/www.visit-ulcinj.com\/blog\/wp-json\/wp\/v2\/categories?post=19431"},{"taxonomy":"post_tag","embeddable":true,"href":"https:\/\/www.visit-ulcinj.com\/blog\/wp-json\/wp\/v2\/tags?post=19431"}],"curies":[{"name":"wp","href":"https:\/\/api.w.org\/{rel}","templated":true}]}}