{"id":19437,"date":"2009-04-28T12:00:41","date_gmt":"2009-04-28T10:00:41","guid":{"rendered":"http:\/\/www.visit-ulcinj.com\/blog\/?p=19437"},"modified":"2009-04-28T00:13:27","modified_gmt":"2009-04-27T22:13:27","slug":"mimoza-po-ndryshoj-mendim-per-bjordin","status":"publish","type":"post","link":"https:\/\/www.visit-ulcinj.com\/blog\/2009\/04\/28\/mimoza-po-ndryshoj-mendim-per-bjordin\/","title":{"rendered":"Mimoza : Po ndryshoj mendim p\u00ebr Bjordin"},"content":{"rendered":"<p><em><span class=\"newsdate\"><a href=\"http:\/\/www.visit-ulcinj.com\/blog\/wp-content\/uploads\/2009\/04\/moza-per-bjordin1.jpg\"><img loading=\"lazy\" class=\"alignleft size-full wp-image-19438\" title=\"moza-per-bjordin-big-brother-albania-2\" src=\"http:\/\/www.visit-ulcinj.com\/blog\/wp-content\/uploads\/2009\/04\/moza-per-bjordin1.jpg\" alt=\"moza-per-bjordin-big-brother-albania-2\" width=\"300\" height=\"205\" \/><\/a>27\/04\/09 02:40<\/span><\/em><\/p>\n<p>Moza dhe Bjordi ngacmojn\u00eb njeri-tjetrin. Moza shprehet se kur e ngacmon ai, m\u00eb pas vjen e puth dhe i thot\u00eb se b\u00ebri shaka, nd\u00ebrsa kur e ngacmon ajo at\u00eb, bjordi nuk i pranon dhe i thot\u00eb t\u2019i mendoj\u00eb mir\u00eb gj\u00ebrat, duke i marr\u00eb shum\u00eb seriozisht. Ajo thot\u00eb se ai po e befason koh\u00ebt e fundit dhe k\u00ebshtu po ia njeh m\u00eb mir\u00eb tipin, gj\u00eb q\u00eb po e b\u00ebn t\u00eb ndryshoj\u00eb mendim p\u00ebr t\u00eb. Adela hidhet n\u00eb mbrojtje t\u00eb Bjordit dhe i thot\u00eb Moz\u00ebs q\u00eb t\u00eb mos e ekzagjeroj\u00eb bised\u00ebn. Moza ia spjegon dhe nj\u00ebher\u00eb se cfar\u00eb nuk po i p\u00eblqen tek Bjordi, q\u00eb ai i merr shum\u00eb seriozisht bisedat. Bjordi ia kthen seriozisht se me k\u00ebto q\u00eb po thot\u00eb po e acaron dhe i k\u00ebrkon t\u00eb mos e coj\u00eb m\u00eb tej bised\u00ebn, por ajo vazhdon n\u00eb t\u00eb saj\u00ebn.<\/p>\n","protected":false},"excerpt":{"rendered":"<p>27\/04\/09 02:40 Moza dhe Bjordi ngacmojn\u00eb njeri-tjetrin. Moza shprehet se kur e ngacmon ai, m\u00eb pas vjen e puth dhe i thot\u00eb se b\u00ebri shaka, nd\u00ebrsa kur e ngacmon ajo at\u00eb, bjordi nuk i pranon dhe i thot\u00eb t\u2019i mendoj\u00eb mir\u00eb gj\u00ebrat, duke i marr\u00eb shum\u00eb seriozisht. Ajo thot\u00eb se ai po e befason koh\u00ebt [&hellip;]<\/p>\n","protected":false},"author":1,"featured_media":0,"comment_status":"open","ping_status":"closed","sticky":false,"template":"","format":"standard","meta":{"spay_email":"","jetpack_publicize_message":"","jetpack_is_tweetstorm":false,"jetpack_publicize_feature_enabled":true},"categories":[6502],"tags":[6529,6883,9121,6522,6544,9694,6693],"jetpack_publicize_connections":[],"yoast_head":"<!-- This site is optimized with the Yoast SEO plugin v19.1 - https:\/\/yoast.com\/wordpress\/plugins\/seo\/ -->\n<title>Mimoza : Po ndryshoj mendim p\u00c3\u00abr Bjordin | Big Brother Albania 2<\/title>\n<meta name=\"description\" content=\"Big Brother Albania 2 - Moza dhe Bjordi ngacmojn\u00c3\u00ab njeri-tjetrin. Moza shprehet se kur e ngacmon ai, m\u00c3\u00ab pas vjen e puth dhe i thot\u00c3\u00ab se b\u00c3\u00abri shaka\" \/>\n<meta name=\"robots\" content=\"index, follow, max-snippet:-1, max-image-preview:large, max-video-preview:-1\" \/>\n<link rel=\"canonical\" href=\"https:\/\/www.visit-ulcinj.com\/blog\/2009\/04\/28\/mimoza-po-ndryshoj-mendim-per-bjordin\/\" \/>\n<meta property=\"og:locale\" content=\"en_US\" \/>\n<meta property=\"og:type\" content=\"article\" \/>\n<meta property=\"og:title\" content=\"Mimoza : Po ndryshoj mendim p\u00c3\u00abr Bjordin | Big Brother Albania 2\" \/>\n<meta property=\"og:description\" content=\"Big Brother Albania 2 - Moza dhe Bjordi ngacmojn\u00c3\u00ab njeri-tjetrin. Moza shprehet se kur e ngacmon ai, m\u00c3\u00ab pas vjen e puth dhe i thot\u00c3\u00ab se b\u00c3\u00abri shaka\" \/>\n<meta property=\"og:url\" content=\"https:\/\/www.visit-ulcinj.com\/blog\/2009\/04\/28\/mimoza-po-ndryshoj-mendim-per-bjordin\/\" \/>\n<meta property=\"og:site_name\" content=\"Lajme nga Ulqini\" \/>\n<meta property=\"article:published_time\" content=\"2009-04-28T10:00:41+00:00\" \/>\n<meta property=\"article:modified_time\" content=\"2009-04-27T22:13:27+00:00\" \/>\n<meta property=\"og:image\" content=\"http:\/\/www.visit-ulcinj.com\/blog\/wp-content\/uploads\/2009\/04\/moza-per-bjordin1.jpg\" \/>\n<meta name=\"twitter:label1\" content=\"Written by\" \/>\n\t<meta name=\"twitter:data1\" content=\"ulqini\" \/>\n\t<meta name=\"twitter:label2\" content=\"Est. reading time\" \/>\n\t<meta name=\"twitter:data2\" content=\"1 minute\" \/>\n<script type=\"application\/ld+json\" class=\"yoast-schema-graph\">{\"@context\":\"https:\/\/schema.org\",\"@graph\":[{\"@type\":\"WebSite\",\"@id\":\"https:\/\/www.visit-ulcinj.com\/blog\/#website\",\"url\":\"https:\/\/www.visit-ulcinj.com\/blog\/\",\"name\":\"Lajme nga Ulqini\",\"description\":\"Lajme,Vijesti,Ulqini,Ulqin,Crna Gora,Mali i Zi\",\"potentialAction\":[{\"@type\":\"SearchAction\",\"target\":{\"@type\":\"EntryPoint\",\"urlTemplate\":\"https:\/\/www.visit-ulcinj.com\/blog\/?s={search_term_string}\"},\"query-input\":\"required name=search_term_string\"}],\"inLanguage\":\"en-US\"},{\"@type\":\"ImageObject\",\"inLanguage\":\"en-US\",\"@id\":\"https:\/\/www.visit-ulcinj.com\/blog\/2009\/04\/28\/mimoza-po-ndryshoj-mendim-per-bjordin\/#primaryimage\",\"url\":\"http:\/\/www.visit-ulcinj.com\/blog\/wp-content\/uploads\/2009\/04\/moza-per-bjordin1.jpg\",\"contentUrl\":\"http:\/\/www.visit-ulcinj.com\/blog\/wp-content\/uploads\/2009\/04\/moza-per-bjordin1.jpg\"},{\"@type\":\"WebPage\",\"@id\":\"https:\/\/www.visit-ulcinj.com\/blog\/2009\/04\/28\/mimoza-po-ndryshoj-mendim-per-bjordin\/#webpage\",\"url\":\"https:\/\/www.visit-ulcinj.com\/blog\/2009\/04\/28\/mimoza-po-ndryshoj-mendim-per-bjordin\/\",\"name\":\"Mimoza : Po ndryshoj mendim p\u00c3\u00abr Bjordin | Big Brother Albania 2\",\"isPartOf\":{\"@id\":\"https:\/\/www.visit-ulcinj.com\/blog\/#website\"},\"primaryImageOfPage\":{\"@id\":\"https:\/\/www.visit-ulcinj.com\/blog\/2009\/04\/28\/mimoza-po-ndryshoj-mendim-per-bjordin\/#primaryimage\"},\"datePublished\":\"2009-04-28T10:00:41+00:00\",\"dateModified\":\"2009-04-27T22:13:27+00:00\",\"author\":{\"@id\":\"https:\/\/www.visit-ulcinj.com\/blog\/#\/schema\/person\/dcab619c614d3038751c63bc2aadc06d\"},\"description\":\"Big Brother Albania 2 - Moza dhe Bjordi ngacmojn\u00c3\u00ab njeri-tjetrin. Moza shprehet se kur e ngacmon ai, m\u00c3\u00ab pas vjen e puth dhe i thot\u00c3\u00ab se b\u00c3\u00abri shaka\",\"breadcrumb\":{\"@id\":\"https:\/\/www.visit-ulcinj.com\/blog\/2009\/04\/28\/mimoza-po-ndryshoj-mendim-per-bjordin\/#breadcrumb\"},\"inLanguage\":\"en-US\",\"potentialAction\":[{\"@type\":\"ReadAction\",\"target\":[\"https:\/\/www.visit-ulcinj.com\/blog\/2009\/04\/28\/mimoza-po-ndryshoj-mendim-per-bjordin\/\"]}]},{\"@type\":\"BreadcrumbList\",\"@id\":\"https:\/\/www.visit-ulcinj.com\/blog\/2009\/04\/28\/mimoza-po-ndryshoj-mendim-per-bjordin\/#breadcrumb\",\"itemListElement\":[{\"@type\":\"ListItem\",\"position\":1,\"name\":\"Mimoza : Po ndryshoj mendim p\u00ebr Bjordin\"}]},{\"@type\":\"Person\",\"@id\":\"https:\/\/www.visit-ulcinj.com\/blog\/#\/schema\/person\/dcab619c614d3038751c63bc2aadc06d\",\"name\":\"ulqini\",\"sameAs\":[\"http:\/\/www.visit-ulcinj.com\"],\"url\":\"https:\/\/www.visit-ulcinj.com\/blog\/author\/admin\/\"}]}<\/script>\n<!-- \/ Yoast SEO plugin. -->","yoast_head_json":{"title":"Mimoza : Po ndryshoj mendim p\u00c3\u00abr Bjordin | Big Brother Albania 2","description":"Big Brother Albania 2 - Moza dhe Bjordi ngacmojn\u00c3\u00ab njeri-tjetrin. Moza shprehet se kur e ngacmon ai, m\u00c3\u00ab pas vjen e puth dhe i thot\u00c3\u00ab se b\u00c3\u00abri shaka","robots":{"index":"index","follow":"follow","max-snippet":"max-snippet:-1","max-image-preview":"max-image-preview:large","max-video-preview":"max-video-preview:-1"},"canonical":"https:\/\/www.visit-ulcinj.com\/blog\/2009\/04\/28\/mimoza-po-ndryshoj-mendim-per-bjordin\/","og_locale":"en_US","og_type":"article","og_title":"Mimoza : Po ndryshoj mendim p\u00c3\u00abr Bjordin | Big Brother Albania 2","og_description":"Big Brother Albania 2 - Moza dhe Bjordi ngacmojn\u00c3\u00ab njeri-tjetrin. Moza shprehet se kur e ngacmon ai, m\u00c3\u00ab pas vjen e puth dhe i thot\u00c3\u00ab se b\u00c3\u00abri shaka","og_url":"https:\/\/www.visit-ulcinj.com\/blog\/2009\/04\/28\/mimoza-po-ndryshoj-mendim-per-bjordin\/","og_site_name":"Lajme nga Ulqini","article_published_time":"2009-04-28T10:00:41+00:00","article_modified_time":"2009-04-27T22:13:27+00:00","og_image":[{"url":"http:\/\/www.visit-ulcinj.com\/blog\/wp-content\/uploads\/2009\/04\/moza-per-bjordin1.jpg"}],"twitter_misc":{"Written by":"ulqini","Est. reading time":"1 minute"},"schema":{"@context":"https:\/\/schema.org","@graph":[{"@type":"WebSite","@id":"https:\/\/www.visit-ulcinj.com\/blog\/#website","url":"https:\/\/www.visit-ulcinj.com\/blog\/","name":"Lajme nga Ulqini","description":"Lajme,Vijesti,Ulqini,Ulqin,Crna Gora,Mali i Zi","potentialAction":[{"@type":"SearchAction","target":{"@type":"EntryPoint","urlTemplate":"https:\/\/www.visit-ulcinj.com\/blog\/?s={search_term_string}"},"query-input":"required name=search_term_string"}],"inLanguage":"en-US"},{"@type":"ImageObject","inLanguage":"en-US","@id":"https:\/\/www.visit-ulcinj.com\/blog\/2009\/04\/28\/mimoza-po-ndryshoj-mendim-per-bjordin\/#primaryimage","url":"http:\/\/www.visit-ulcinj.com\/blog\/wp-content\/uploads\/2009\/04\/moza-per-bjordin1.jpg","contentUrl":"http:\/\/www.visit-ulcinj.com\/blog\/wp-content\/uploads\/2009\/04\/moza-per-bjordin1.jpg"},{"@type":"WebPage","@id":"https:\/\/www.visit-ulcinj.com\/blog\/2009\/04\/28\/mimoza-po-ndryshoj-mendim-per-bjordin\/#webpage","url":"https:\/\/www.visit-ulcinj.com\/blog\/2009\/04\/28\/mimoza-po-ndryshoj-mendim-per-bjordin\/","name":"Mimoza : Po ndryshoj mendim p\u00c3\u00abr Bjordin | Big Brother Albania 2","isPartOf":{"@id":"https:\/\/www.visit-ulcinj.com\/blog\/#website"},"primaryImageOfPage":{"@id":"https:\/\/www.visit-ulcinj.com\/blog\/2009\/04\/28\/mimoza-po-ndryshoj-mendim-per-bjordin\/#primaryimage"},"datePublished":"2009-04-28T10:00:41+00:00","dateModified":"2009-04-27T22:13:27+00:00","author":{"@id":"https:\/\/www.visit-ulcinj.com\/blog\/#\/schema\/person\/dcab619c614d3038751c63bc2aadc06d"},"description":"Big Brother Albania 2 - Moza dhe Bjordi ngacmojn\u00c3\u00ab njeri-tjetrin. Moza shprehet se kur e ngacmon ai, m\u00c3\u00ab pas vjen e puth dhe i thot\u00c3\u00ab se b\u00c3\u00abri shaka","breadcrumb":{"@id":"https:\/\/www.visit-ulcinj.com\/blog\/2009\/04\/28\/mimoza-po-ndryshoj-mendim-per-bjordin\/#breadcrumb"},"inLanguage":"en-US","potentialAction":[{"@type":"ReadAction","target":["https:\/\/www.visit-ulcinj.com\/blog\/2009\/04\/28\/mimoza-po-ndryshoj-mendim-per-bjordin\/"]}]},{"@type":"BreadcrumbList","@id":"https:\/\/www.visit-ulcinj.com\/blog\/2009\/04\/28\/mimoza-po-ndryshoj-mendim-per-bjordin\/#breadcrumb","itemListElement":[{"@type":"ListItem","position":1,"name":"Mimoza : Po ndryshoj mendim p\u00ebr Bjordin"}]},{"@type":"Person","@id":"https:\/\/www.visit-ulcinj.com\/blog\/#\/schema\/person\/dcab619c614d3038751c63bc2aadc06d","name":"ulqini","sameAs":["http:\/\/www.visit-ulcinj.com"],"url":"https:\/\/www.visit-ulcinj.com\/blog\/author\/admin\/"}]}},"jetpack_featured_media_url":"","jetpack_sharing_enabled":true,"jetpack_shortlink":"https:\/\/wp.me\/pe6lTn-53v","_links":{"self":[{"href":"https:\/\/www.visit-ulcinj.com\/blog\/wp-json\/wp\/v2\/posts\/19437"}],"collection":[{"href":"https:\/\/www.visit-ulcinj.com\/blog\/wp-json\/wp\/v2\/posts"}],"about":[{"href":"https:\/\/www.visit-ulcinj.com\/blog\/wp-json\/wp\/v2\/types\/post"}],"author":[{"embeddable":true,"href":"https:\/\/www.visit-ulcinj.com\/blog\/wp-json\/wp\/v2\/users\/1"}],"replies":[{"embeddable":true,"href":"https:\/\/www.visit-ulcinj.com\/blog\/wp-json\/wp\/v2\/comments?post=19437"}],"version-history":[{"count":0,"href":"https:\/\/www.visit-ulcinj.com\/blog\/wp-json\/wp\/v2\/posts\/19437\/revisions"}],"wp:attachment":[{"href":"https:\/\/www.visit-ulcinj.com\/blog\/wp-json\/wp\/v2\/media?parent=19437"}],"wp:term":[{"taxonomy":"category","embeddable":true,"href":"https:\/\/www.visit-ulcinj.com\/blog\/wp-json\/wp\/v2\/categories?post=19437"},{"taxonomy":"post_tag","embeddable":true,"href":"https:\/\/www.visit-ulcinj.com\/blog\/wp-json\/wp\/v2\/tags?post=19437"}],"curies":[{"name":"wp","href":"https:\/\/api.w.org\/{rel}","templated":true}]}}