{"id":19452,"date":"2009-04-28T15:00:21","date_gmt":"2009-04-28T13:00:21","guid":{"rendered":"http:\/\/www.visit-ulcinj.com\/blog\/?p=19452"},"modified":"2009-04-28T00:27:23","modified_gmt":"2009-04-27T22:27:23","slug":"bjordi-jemi-ne-siklet-kur-nominojme","status":"publish","type":"post","link":"https:\/\/www.visit-ulcinj.com\/blog\/2009\/04\/28\/bjordi-jemi-ne-siklet-kur-nominojme\/","title":{"rendered":"Bjordi : Jemi n\u00eb siklet kur nominojm\u00eb"},"content":{"rendered":"<p><em><span class=\"newsdate\"><a href=\"http:\/\/www.visit-ulcinj.com\/blog\/wp-content\/uploads\/2009\/04\/loja-pas-bjordit.jpg\"><img loading=\"lazy\" class=\"alignleft size-full wp-image-19453\" title=\"loja-pas-bjordit-big-brother-albania-2\" src=\"http:\/\/www.visit-ulcinj.com\/blog\/wp-content\/uploads\/2009\/04\/loja-pas-bjordit.jpg\" alt=\"loja-pas-bjordit-big-brother-albania-2\" width=\"300\" height=\"205\" \/><\/a>27\/04\/09 22:37<\/span><\/em><\/p>\n<p>Arjani, Adi dhe Bjordi q\u00ebndrojn\u00eb n\u00eb kop\u00ebsht duke diskutuar p\u00ebr nominimet. Ari \u00ebsht\u00eb i mendimit q\u00eb te k\u00ebt\u00eb debate brenda n\u00eb sht\u00ebpi, pasi kan\u00eb r\u00ebn\u00eb n\u00eb monotoni. Ato diskutojn\u00eb p\u00ebr finalen. Bjordi thot\u00eb q\u00eb kan\u00eb arritur n\u00eb nj\u00eb pik\u00eb ku jan\u00eb n\u00eb siklet kur nominojn\u00eb nj\u00ebri-tjetrin. Ai mendon q\u00eb k\u00ebt\u00eb jav\u00eb do eleminohet nj\u00eb banor, nd\u00ebrsa jav\u00ebn tjet\u00ebr dy.Adi mendon q\u00eb \u00ebsht\u00eb e v\u00ebshtir\u00eb. Ai vazhdon duke th\u00ebn\u00eb q\u00eb banor\u00ebt duhet t\u00eb zgjedhin vet\u00eb , dhe shton:-\u201cUn\u00eb nuk dua t\u00eb ndikoj tek asnjeri!\u201d<\/p>\n","protected":false},"excerpt":{"rendered":"<p>27\/04\/09 22:37 Arjani, Adi dhe Bjordi q\u00ebndrojn\u00eb n\u00eb kop\u00ebsht duke diskutuar p\u00ebr nominimet. Ari \u00ebsht\u00eb i mendimit q\u00eb te k\u00ebt\u00eb debate brenda n\u00eb sht\u00ebpi, pasi kan\u00eb r\u00ebn\u00eb n\u00eb monotoni. Ato diskutojn\u00eb p\u00ebr finalen. Bjordi thot\u00eb q\u00eb kan\u00eb arritur n\u00eb nj\u00eb pik\u00eb ku jan\u00eb n\u00eb siklet kur nominojn\u00eb nj\u00ebri-tjetrin. Ai mendon q\u00eb k\u00ebt\u00eb jav\u00eb do eleminohet [&hellip;]<\/p>\n","protected":false},"author":1,"featured_media":0,"comment_status":"open","ping_status":"closed","sticky":false,"template":"","format":"standard","meta":{"spay_email":"","jetpack_publicize_message":"","jetpack_is_tweetstorm":false,"jetpack_publicize_feature_enabled":true},"categories":[6502],"tags":[6529,1414,6520,8934,9121,6522,6757,6693],"jetpack_publicize_connections":[],"yoast_head":"<!-- This site is optimized with the Yoast SEO plugin v19.1 - https:\/\/yoast.com\/wordpress\/plugins\/seo\/ -->\n<title>Bjordi : Jemi n\u00c3\u00ab siklet kur nominojm\u00c3\u00ab | Big Brother Albania 2<\/title>\n<meta name=\"description\" content=\"Big Brother Albania 2 - Arjani, Adi dhe Bjordi q\u00c3\u00abndrojn\u00c3\u00ab n\u00c3\u00ab kop\u00c3\u00absht duke diskutuar p\u00c3\u00abr nominimet\" \/>\n<meta name=\"robots\" content=\"index, follow, max-snippet:-1, max-image-preview:large, max-video-preview:-1\" \/>\n<link rel=\"canonical\" href=\"https:\/\/www.visit-ulcinj.com\/blog\/2009\/04\/28\/bjordi-jemi-ne-siklet-kur-nominojme\/\" \/>\n<meta property=\"og:locale\" content=\"en_US\" \/>\n<meta property=\"og:type\" content=\"article\" \/>\n<meta property=\"og:title\" content=\"Bjordi : Jemi n\u00c3\u00ab siklet kur nominojm\u00c3\u00ab | Big Brother Albania 2\" \/>\n<meta property=\"og:description\" content=\"Big Brother Albania 2 - Arjani, Adi dhe Bjordi q\u00c3\u00abndrojn\u00c3\u00ab n\u00c3\u00ab kop\u00c3\u00absht duke diskutuar p\u00c3\u00abr nominimet\" \/>\n<meta property=\"og:url\" content=\"https:\/\/www.visit-ulcinj.com\/blog\/2009\/04\/28\/bjordi-jemi-ne-siklet-kur-nominojme\/\" \/>\n<meta property=\"og:site_name\" content=\"Lajme nga Ulqini\" \/>\n<meta property=\"article:published_time\" content=\"2009-04-28T13:00:21+00:00\" \/>\n<meta property=\"article:modified_time\" content=\"2009-04-27T22:27:23+00:00\" \/>\n<meta property=\"og:image\" content=\"http:\/\/www.visit-ulcinj.com\/blog\/wp-content\/uploads\/2009\/04\/loja-pas-bjordit.jpg\" \/>\n<meta name=\"twitter:label1\" content=\"Written by\" \/>\n\t<meta name=\"twitter:data1\" content=\"ulqini\" \/>\n\t<meta name=\"twitter:label2\" content=\"Est. reading time\" \/>\n\t<meta name=\"twitter:data2\" content=\"1 minute\" \/>\n<script type=\"application\/ld+json\" class=\"yoast-schema-graph\">{\"@context\":\"https:\/\/schema.org\",\"@graph\":[{\"@type\":\"WebSite\",\"@id\":\"https:\/\/www.visit-ulcinj.com\/blog\/#website\",\"url\":\"https:\/\/www.visit-ulcinj.com\/blog\/\",\"name\":\"Lajme nga Ulqini\",\"description\":\"Lajme,Vijesti,Ulqini,Ulqin,Crna Gora,Mali i Zi\",\"potentialAction\":[{\"@type\":\"SearchAction\",\"target\":{\"@type\":\"EntryPoint\",\"urlTemplate\":\"https:\/\/www.visit-ulcinj.com\/blog\/?s={search_term_string}\"},\"query-input\":\"required name=search_term_string\"}],\"inLanguage\":\"en-US\"},{\"@type\":\"ImageObject\",\"inLanguage\":\"en-US\",\"@id\":\"https:\/\/www.visit-ulcinj.com\/blog\/2009\/04\/28\/bjordi-jemi-ne-siklet-kur-nominojme\/#primaryimage\",\"url\":\"http:\/\/www.visit-ulcinj.com\/blog\/wp-content\/uploads\/2009\/04\/loja-pas-bjordit.jpg\",\"contentUrl\":\"http:\/\/www.visit-ulcinj.com\/blog\/wp-content\/uploads\/2009\/04\/loja-pas-bjordit.jpg\"},{\"@type\":\"WebPage\",\"@id\":\"https:\/\/www.visit-ulcinj.com\/blog\/2009\/04\/28\/bjordi-jemi-ne-siklet-kur-nominojme\/#webpage\",\"url\":\"https:\/\/www.visit-ulcinj.com\/blog\/2009\/04\/28\/bjordi-jemi-ne-siklet-kur-nominojme\/\",\"name\":\"Bjordi : Jemi n\u00c3\u00ab siklet kur nominojm\u00c3\u00ab | Big Brother Albania 2\",\"isPartOf\":{\"@id\":\"https:\/\/www.visit-ulcinj.com\/blog\/#website\"},\"primaryImageOfPage\":{\"@id\":\"https:\/\/www.visit-ulcinj.com\/blog\/2009\/04\/28\/bjordi-jemi-ne-siklet-kur-nominojme\/#primaryimage\"},\"datePublished\":\"2009-04-28T13:00:21+00:00\",\"dateModified\":\"2009-04-27T22:27:23+00:00\",\"author\":{\"@id\":\"https:\/\/www.visit-ulcinj.com\/blog\/#\/schema\/person\/dcab619c614d3038751c63bc2aadc06d\"},\"description\":\"Big Brother Albania 2 - Arjani, Adi dhe Bjordi q\u00c3\u00abndrojn\u00c3\u00ab n\u00c3\u00ab kop\u00c3\u00absht duke diskutuar p\u00c3\u00abr nominimet\",\"breadcrumb\":{\"@id\":\"https:\/\/www.visit-ulcinj.com\/blog\/2009\/04\/28\/bjordi-jemi-ne-siklet-kur-nominojme\/#breadcrumb\"},\"inLanguage\":\"en-US\",\"potentialAction\":[{\"@type\":\"ReadAction\",\"target\":[\"https:\/\/www.visit-ulcinj.com\/blog\/2009\/04\/28\/bjordi-jemi-ne-siklet-kur-nominojme\/\"]}]},{\"@type\":\"BreadcrumbList\",\"@id\":\"https:\/\/www.visit-ulcinj.com\/blog\/2009\/04\/28\/bjordi-jemi-ne-siklet-kur-nominojme\/#breadcrumb\",\"itemListElement\":[{\"@type\":\"ListItem\",\"position\":1,\"name\":\"Bjordi : Jemi n\u00eb siklet kur nominojm\u00eb\"}]},{\"@type\":\"Person\",\"@id\":\"https:\/\/www.visit-ulcinj.com\/blog\/#\/schema\/person\/dcab619c614d3038751c63bc2aadc06d\",\"name\":\"ulqini\",\"sameAs\":[\"http:\/\/www.visit-ulcinj.com\"],\"url\":\"https:\/\/www.visit-ulcinj.com\/blog\/author\/admin\/\"}]}<\/script>\n<!-- \/ Yoast SEO plugin. -->","yoast_head_json":{"title":"Bjordi : Jemi n\u00c3\u00ab siklet kur nominojm\u00c3\u00ab | Big Brother Albania 2","description":"Big Brother Albania 2 - Arjani, Adi dhe Bjordi q\u00c3\u00abndrojn\u00c3\u00ab n\u00c3\u00ab kop\u00c3\u00absht duke diskutuar p\u00c3\u00abr nominimet","robots":{"index":"index","follow":"follow","max-snippet":"max-snippet:-1","max-image-preview":"max-image-preview:large","max-video-preview":"max-video-preview:-1"},"canonical":"https:\/\/www.visit-ulcinj.com\/blog\/2009\/04\/28\/bjordi-jemi-ne-siklet-kur-nominojme\/","og_locale":"en_US","og_type":"article","og_title":"Bjordi : Jemi n\u00c3\u00ab siklet kur nominojm\u00c3\u00ab | Big Brother Albania 2","og_description":"Big Brother Albania 2 - Arjani, Adi dhe Bjordi q\u00c3\u00abndrojn\u00c3\u00ab n\u00c3\u00ab kop\u00c3\u00absht duke diskutuar p\u00c3\u00abr nominimet","og_url":"https:\/\/www.visit-ulcinj.com\/blog\/2009\/04\/28\/bjordi-jemi-ne-siklet-kur-nominojme\/","og_site_name":"Lajme nga Ulqini","article_published_time":"2009-04-28T13:00:21+00:00","article_modified_time":"2009-04-27T22:27:23+00:00","og_image":[{"url":"http:\/\/www.visit-ulcinj.com\/blog\/wp-content\/uploads\/2009\/04\/loja-pas-bjordit.jpg"}],"twitter_misc":{"Written by":"ulqini","Est. reading time":"1 minute"},"schema":{"@context":"https:\/\/schema.org","@graph":[{"@type":"WebSite","@id":"https:\/\/www.visit-ulcinj.com\/blog\/#website","url":"https:\/\/www.visit-ulcinj.com\/blog\/","name":"Lajme nga Ulqini","description":"Lajme,Vijesti,Ulqini,Ulqin,Crna Gora,Mali i Zi","potentialAction":[{"@type":"SearchAction","target":{"@type":"EntryPoint","urlTemplate":"https:\/\/www.visit-ulcinj.com\/blog\/?s={search_term_string}"},"query-input":"required name=search_term_string"}],"inLanguage":"en-US"},{"@type":"ImageObject","inLanguage":"en-US","@id":"https:\/\/www.visit-ulcinj.com\/blog\/2009\/04\/28\/bjordi-jemi-ne-siklet-kur-nominojme\/#primaryimage","url":"http:\/\/www.visit-ulcinj.com\/blog\/wp-content\/uploads\/2009\/04\/loja-pas-bjordit.jpg","contentUrl":"http:\/\/www.visit-ulcinj.com\/blog\/wp-content\/uploads\/2009\/04\/loja-pas-bjordit.jpg"},{"@type":"WebPage","@id":"https:\/\/www.visit-ulcinj.com\/blog\/2009\/04\/28\/bjordi-jemi-ne-siklet-kur-nominojme\/#webpage","url":"https:\/\/www.visit-ulcinj.com\/blog\/2009\/04\/28\/bjordi-jemi-ne-siklet-kur-nominojme\/","name":"Bjordi : Jemi n\u00c3\u00ab siklet kur nominojm\u00c3\u00ab | Big Brother Albania 2","isPartOf":{"@id":"https:\/\/www.visit-ulcinj.com\/blog\/#website"},"primaryImageOfPage":{"@id":"https:\/\/www.visit-ulcinj.com\/blog\/2009\/04\/28\/bjordi-jemi-ne-siklet-kur-nominojme\/#primaryimage"},"datePublished":"2009-04-28T13:00:21+00:00","dateModified":"2009-04-27T22:27:23+00:00","author":{"@id":"https:\/\/www.visit-ulcinj.com\/blog\/#\/schema\/person\/dcab619c614d3038751c63bc2aadc06d"},"description":"Big Brother Albania 2 - Arjani, Adi dhe Bjordi q\u00c3\u00abndrojn\u00c3\u00ab n\u00c3\u00ab kop\u00c3\u00absht duke diskutuar p\u00c3\u00abr nominimet","breadcrumb":{"@id":"https:\/\/www.visit-ulcinj.com\/blog\/2009\/04\/28\/bjordi-jemi-ne-siklet-kur-nominojme\/#breadcrumb"},"inLanguage":"en-US","potentialAction":[{"@type":"ReadAction","target":["https:\/\/www.visit-ulcinj.com\/blog\/2009\/04\/28\/bjordi-jemi-ne-siklet-kur-nominojme\/"]}]},{"@type":"BreadcrumbList","@id":"https:\/\/www.visit-ulcinj.com\/blog\/2009\/04\/28\/bjordi-jemi-ne-siklet-kur-nominojme\/#breadcrumb","itemListElement":[{"@type":"ListItem","position":1,"name":"Bjordi : Jemi n\u00eb siklet kur nominojm\u00eb"}]},{"@type":"Person","@id":"https:\/\/www.visit-ulcinj.com\/blog\/#\/schema\/person\/dcab619c614d3038751c63bc2aadc06d","name":"ulqini","sameAs":["http:\/\/www.visit-ulcinj.com"],"url":"https:\/\/www.visit-ulcinj.com\/blog\/author\/admin\/"}]}},"jetpack_featured_media_url":"","jetpack_sharing_enabled":true,"jetpack_shortlink":"https:\/\/wp.me\/pe6lTn-53K","_links":{"self":[{"href":"https:\/\/www.visit-ulcinj.com\/blog\/wp-json\/wp\/v2\/posts\/19452"}],"collection":[{"href":"https:\/\/www.visit-ulcinj.com\/blog\/wp-json\/wp\/v2\/posts"}],"about":[{"href":"https:\/\/www.visit-ulcinj.com\/blog\/wp-json\/wp\/v2\/types\/post"}],"author":[{"embeddable":true,"href":"https:\/\/www.visit-ulcinj.com\/blog\/wp-json\/wp\/v2\/users\/1"}],"replies":[{"embeddable":true,"href":"https:\/\/www.visit-ulcinj.com\/blog\/wp-json\/wp\/v2\/comments?post=19452"}],"version-history":[{"count":0,"href":"https:\/\/www.visit-ulcinj.com\/blog\/wp-json\/wp\/v2\/posts\/19452\/revisions"}],"wp:attachment":[{"href":"https:\/\/www.visit-ulcinj.com\/blog\/wp-json\/wp\/v2\/media?parent=19452"}],"wp:term":[{"taxonomy":"category","embeddable":true,"href":"https:\/\/www.visit-ulcinj.com\/blog\/wp-json\/wp\/v2\/categories?post=19452"},{"taxonomy":"post_tag","embeddable":true,"href":"https:\/\/www.visit-ulcinj.com\/blog\/wp-json\/wp\/v2\/tags?post=19452"}],"curies":[{"name":"wp","href":"https:\/\/api.w.org\/{rel}","templated":true}]}}