{"id":19467,"date":"2009-04-28T16:34:20","date_gmt":"2009-04-28T14:34:20","guid":{"rendered":"http:\/\/www.visit-ulcinj.com\/blog\/?p=19467"},"modified":"2009-05-13T20:49:37","modified_gmt":"2009-05-13T18:49:37","slug":"kkulqiniblerta-tahiri-dhe-dardan-ceka-me-te-miret-e-turneut","status":"publish","type":"post","link":"https:\/\/www.visit-ulcinj.com\/blog\/2009\/04\/28\/kkulqiniblerta-tahiri-dhe-dardan-ceka-me-te-miret-e-turneut\/","title":{"rendered":"KK&#8221;Ulqini&#8221;Blerta Tahiri dhe Dardan Ceka m\u00eb t\u00eb mir\u00ebt e turneut"},"content":{"rendered":"<p><strong><a href=\"http:\/\/www.visit-ulcinj.com\/blog\/wp-content\/uploads\/2009\/04\/karate-klub-ulqini_kurorzimi-ne-turneun-_seiken-2009.jpg\"><img loading=\"lazy\" class=\"alignleft size-full wp-image-19470\" title=\"karate-klub-ulqini_kurorzimi-ne-turneun-_seiken-2009\" src=\"http:\/\/www.visit-ulcinj.com\/blog\/wp-content\/uploads\/2009\/04\/karate-klub-ulqini_kurorzimi-ne-turneun-_seiken-2009.jpg\" alt=\"karate-klub-ulqini_kurorzimi-ne-turneun-_seiken-2009\" width=\"570\" height=\"400\" \/><\/a>Klubi i karates\u00eb \u201cUlqini\u201d i pari n\u00eb renditjen e p\u00ebrgjithshme n\u00eb turneun internacional t\u00eb karates\u00eb \u201cSeiken 2009\u201d <\/strong><br \/>\nT\u00eb diel\u00ebn, m\u00eb 26 prill 2009 n\u00eb Podgoric\u00eb u mbajt Turneu i 2-t\u00eb internacional i karates\u00eb \u201cSeiken 2009\u201d, n\u00eb t\u00eb cilin klubi i karates\u00eb \u201cUlqini\u201d arriti nj\u00eb sukses t\u00eb shk\u00eblqyesh\u00ebm, duke marr\u00eb t\u00eb tre titujt m\u00eb t\u00eb lart\u00eb t\u00eb gar\u00ebs.<br \/>\n<a href=\"http:\/\/www.visit-ulcinj.com\/blog\/wp-content\/uploads\/2009\/04\/blerta-tahiri_dardan-ceka_kk_ulqini_kurorzimi_seiken-2009.jpg\"><img loading=\"lazy\" class=\"alignleft size-medium wp-image-19469\" title=\"blerta-tahiri_dardan-ceka_kk_ulqini_kurorzimi_seiken-2009\" src=\"http:\/\/www.visit-ulcinj.com\/blog\/wp-content\/uploads\/2009\/04\/blerta-tahiri_dardan-ceka_kk_ulqini_kurorzimi_seiken-2009-224x300.jpg\" alt=\"blerta-tahiri_dardan-ceka_kk_ulqini_kurorzimi_seiken-2009\" width=\"224\" height=\"300\" srcset=\"https:\/\/www.visit-ulcinj.com\/blog\/wp-content\/uploads\/2009\/04\/blerta-tahiri_dardan-ceka_kk_ulqini_kurorzimi_seiken-2009-224x300.jpg 224w, https:\/\/www.visit-ulcinj.com\/blog\/wp-content\/uploads\/2009\/04\/blerta-tahiri_dardan-ceka_kk_ulqini_kurorzimi_seiken-2009-767x1024.jpg 767w, https:\/\/www.visit-ulcinj.com\/blog\/wp-content\/uploads\/2009\/04\/blerta-tahiri_dardan-ceka_kk_ulqini_kurorzimi_seiken-2009.jpg 960w\" sizes=\"(max-width: 224px) 100vw, 224px\" \/><\/a>Klubi i karates\u00eb \u201cUlqini\u201d u rendit i pari n\u00eb renditjen e p\u00ebrgjithshme dhe u shpall klubi m\u00eb i mir\u00eb i turneut, nd\u00ebrsa dy garuesit e KK \u201cUlqini\u201d u shpall\u00ebn garuesit m\u00eb t\u00eb mir\u00eb t\u00eb gar\u00ebs: Blerta Tahiri, e cila u kuror\u00ebzua me 3 medalje t\u00eb arta dhe 2 t\u00eb argjendta dhe Dardan Ceka, i cili fitoi 5 medalje t\u00eb arta.<br \/>\nGaruesit e KK \u201cUlqini\u201d arrit\u00ebn t\u00eb fitojn\u00eb plot 114 medalje: 43 medalje t\u00eb arta, 37 t\u00eb argjendta, 34 t\u00eb bronzta dhe 3 kupa &#8211; p\u00ebr vendin e par\u00eb n\u00eb plasmanin gjeneral dhe p\u00ebr garuesin dhe garuesen m\u00eb t\u00eb mir\u00eb.<br \/>\nN\u00eb k\u00ebt\u00eb turne, n\u00eb t\u00eb cilin mor\u00ebn pjes\u00eb 22 klube me mbi 500 garues, KK \u201cUlqini\u201d u paraqit me 65 garues duke i p\u00ebrfshir\u00eb t\u00eb gjitha gjeneratat. KK \u201cUlqini\u201d ishte duksh\u00ebm m\u00eb i suksessh\u00ebm se sa klubet e tjera pjes\u00ebmarr\u00ebse. Ai arriti t\u00eb fitoj\u00eb 266 pik\u00eb dhe me k\u00ebt\u00eb i takoi vendi i par\u00eb n\u00eb plasman gjeneral. Vendi i dyt\u00eb i takoi KK \u201cRis\u201d nga Plevla, i cili fitoi 154 pik\u00eb, nd\u00ebrsa n\u00eb vend t\u00eb tret\u00eb u rendit KK \u201cOnogosht\u201d i Nikshiqit, i cili grumbulloi 138 pik\u00eb.<br \/>\nNga Klubi i karates\u00eb \u201cUlqini\u201d n\u00eb k\u00ebt\u00eb Turne me medalje t\u00eb arta u shp\u00ebrblyen k\u00ebta garues: Dardan Ceka \u2013 pes\u00eb medalje t\u00eb arta, Viktor Curoviq &#8211; kat\u00ebr t\u00eb arta, me nga tri t\u00eb arta u kuror\u00ebzuan Blerta Tahiri, Seida Suma dhe Radica Dashiq, me nga dy medalje t\u00eb arta u kuror\u00ebzuan Dorian Veliq, Mehmet Gjeka, Liridon Elezi dhe Lumdita Paleviq, nd\u00ebrsa nga nj\u00eb t\u00eb art\u00eb fituan Petar Barlloviq, Ronald Jacoviq, Gabriel Byty\u00e7i, Diell\u00ebza Rama, Jehona Musliq, Albion Duraku, Gentian Kaleziq, Ensar Marshiq, Katarina Marnikoviq, Xheneta Gjeka, Jeton Luka, Lulzim Suma, Angjella Marnikoviq, Ramazan Gjeka, Gentiana Kuqi, Petar Maroviq dhe Blerim Sukaliq.<a href=\"http:\/\/www.visit-ulcinj.com\/blog\/wp-content\/uploads\/2009\/04\/karate-klub-ulqini_kurorzimi-ne-turneun-_seiken-2009_podgoric.jpg\"><img loading=\"lazy\" class=\"alignright size-medium wp-image-19471\" title=\"karate-klub-ulqini_kurorzimi-ne-turneun-_seiken-2009_podgoric\" src=\"http:\/\/www.visit-ulcinj.com\/blog\/wp-content\/uploads\/2009\/04\/karate-klub-ulqini_kurorzimi-ne-turneun-_seiken-2009_podgoric-300x224.jpg\" alt=\"karate-klub-ulqini_kurorzimi-ne-turneun-_seiken-2009_podgoric\" width=\"300\" height=\"224\" srcset=\"https:\/\/www.visit-ulcinj.com\/blog\/wp-content\/uploads\/2009\/04\/karate-klub-ulqini_kurorzimi-ne-turneun-_seiken-2009_podgoric-300x224.jpg 300w, https:\/\/www.visit-ulcinj.com\/blog\/wp-content\/uploads\/2009\/04\/karate-klub-ulqini_kurorzimi-ne-turneun-_seiken-2009_podgoric-1024x767.jpg 1024w, https:\/\/www.visit-ulcinj.com\/blog\/wp-content\/uploads\/2009\/04\/karate-klub-ulqini_kurorzimi-ne-turneun-_seiken-2009_podgoric.jpg 1111w\" sizes=\"(max-width: 300px) 100vw, 300px\" \/><\/a><br \/>\nP\u00ebrve\u00e7 k\u00ebtyre medaljeve k\u00ebta garues u kuror\u00ebzuan edhe me medalje t\u00eb tjera.<br \/>\nMe nga disa medalje t\u00eb tjera u shp\u00ebrblyen edhe k\u00ebta garues: Aleksandar Jevriq, Adnan Kuqi, David Simoni, Bledar Seferi, Enis Rexha, Blendar Kabashi, Ardit Boleviq, Mark Daboviq, Ibrahim Zogaj, Shp\u00ebtim Gjeka, Izabela Ivanoviq, Andrea Llukiq, Nderim Cuca, Admir Luka, Edmond Aliq, Granit Rexha, Diamant Rexha, Gabriella Junkoviq, Arbenita \u00c7obi, Nermin Suma, Enis Shaba, Teufik Shurdha, Darko Dashiq, Adnan Kurmemi, Ardit Gjeka, Pavle Pecoviq, Xhemale Elezi, Antigona Rama, Ilir Muja, Liridon Tula, Dragolub Dashiq, Sandro Pecoviq dhe Blerim Veliq.<br \/>\n<strong><br \/>\nSH\u00cbRBIMI P\u00cbR MARR\u00cbDH\u00cbNIE ME PUBLIKUN<br \/>\nI KLUBIT T\u00cb KARATES\u00cb &#8220;ULQINI&#8221;<\/strong><\/p>\n\n\t\t<style type=\"text\/css\">\n\t\t\t#gallery-1 {\n\t\t\t\tmargin: auto;\n\t\t\t}\n\t\t\t#gallery-1 .gallery-item {\n\t\t\t\tfloat: left;\n\t\t\t\tmargin-top: 10px;\n\t\t\t\ttext-align: center;\n\t\t\t\twidth: 33%;\n\t\t\t}\n\t\t\t#gallery-1 img {\n\t\t\t\tborder: 2px solid #cfcfcf;\n\t\t\t}\n\t\t\t#gallery-1 .gallery-caption {\n\t\t\t\tmargin-left: 0;\n\t\t\t}\n\t\t\t\/* see gallery_shortcode() in wp-includes\/media.php *\/\n\t\t<\/style>\n\t\t<div id='gallery-1' class='gallery galleryid-19467 gallery-columns-3 gallery-size-thumbnail'><dl class='gallery-item'>\n\t\t\t<dt class='gallery-icon portrait'>\n\t\t\t\t<a href='https:\/\/www.visit-ulcinj.com\/blog\/2009\/04\/28\/kkulqiniblerta-tahiri-dhe-dardan-ceka-me-te-miret-e-turneut\/blerta-tahiri_dardan-ceka_kk_ulqini_kurorzimi_seiken-2009\/'><img width=\"150\" height=\"150\" src=\"https:\/\/www.visit-ulcinj.com\/blog\/wp-content\/uploads\/2009\/04\/blerta-tahiri_dardan-ceka_kk_ulqini_kurorzimi_seiken-2009-150x150.jpg\" class=\"attachment-thumbnail size-thumbnail\" alt=\"\" loading=\"lazy\" \/><\/a>\n\t\t\t<\/dt><\/dl><dl class='gallery-item'>\n\t\t\t<dt class='gallery-icon landscape'>\n\t\t\t\t<a href='https:\/\/www.visit-ulcinj.com\/blog\/2009\/04\/28\/kkulqiniblerta-tahiri-dhe-dardan-ceka-me-te-miret-e-turneut\/karate-klub-ulqini_kurorzimi-ne-turneun-_seiken-2009\/'><img width=\"150\" height=\"150\" src=\"https:\/\/www.visit-ulcinj.com\/blog\/wp-content\/uploads\/2009\/04\/karate-klub-ulqini_kurorzimi-ne-turneun-_seiken-2009-150x150.jpg\" class=\"attachment-thumbnail size-thumbnail\" alt=\"\" loading=\"lazy\" \/><\/a>\n\t\t\t<\/dt><\/dl><dl class='gallery-item'>\n\t\t\t<dt class='gallery-icon landscape'>\n\t\t\t\t<a href='https:\/\/www.visit-ulcinj.com\/blog\/2009\/04\/28\/kkulqiniblerta-tahiri-dhe-dardan-ceka-me-te-miret-e-turneut\/karate-klub-ulqini_kurorzimi-ne-turneun-_seiken-2009_podgoric\/'><img width=\"150\" height=\"150\" src=\"https:\/\/www.visit-ulcinj.com\/blog\/wp-content\/uploads\/2009\/04\/karate-klub-ulqini_kurorzimi-ne-turneun-_seiken-2009_podgoric-150x150.jpg\" class=\"attachment-thumbnail size-thumbnail\" alt=\"\" loading=\"lazy\" \/><\/a>\n\t\t\t<\/dt><\/dl><br style=\"clear: both\" \/>\n\t\t<\/div>\n\n<p><strong>Video\u00a0 m\u00eb 26 prill 2009 n\u00eb Podgoric\u00eb\u00a0 nga Turneu i 2-t\u00eb internacional i karates\u00eb \u201cSeiken 2009\u201d<\/strong><\/p>\n<!--YouTube Error: bad URL entered-->\n<p style=\"text-align: center;\"><a class=\"aligncenter\" title=\"???? ????,?????,Ulcinj,Montenegru,??????????,?ernoqoriya,Besplatni internet oglasi,Besplatni oglasi,besplatni mali oglasi,besplatni turisti\u00e8ki oglasi,oglasi, usluge, turizam,Turisti\u00e8ke usluge,Doma?i turizam,Besplatni Oglasnik,Brzi Oglasi Besplatno,Besplatno OglasavanjeTurizam,besplatni oglasi sa slikom,Turisticki informator besplatni,li\u00e8ni-oglasi,BESPLATNI Turisticki OGLASI SA SLIKAMA,BESPLATNI Turisticki Oglasi saVideom,turisticki smestaj oglasi,Turisti\u00e8ki vodi\u00e8 balkana,BESPLATNA REZERVACIJA SMESTAJA,Postavite besplatno Vas oglas,FREE TOURIST GUIDES,Izdavanje-Turizam oglasi,Balkan Turisticki vodic,shpallje turistike falas,Shpallje Falas,Shpallje falas per Komplekse Turistike,Lajmerime,Njoftime,shpallje shqip per shqiptaret ne shqiperi kosova maqedoni,mal te zi,???????????,Montenegiro,?ern? Hora,??????????,Cz\u00f4rnog?ra,Cz\u00f4rn\u00f4 G?ra,Carna G?ra,T?ernogooria,?ernogoriya,Montain\u00e9agr?,Montenegwo,?orna Hora,Montenegr?,M?ntenigro,Chernogoriya ,\u00c7\u00earnogor\u00ee ,?????????,????????? ,??????? ,Montes Nigrae,Mons Niger,M\u00f4ntenegr\u00f4,Muntenegru,??????????,Czarnog?ra,Muntinigru,Muntenegro,&lt;br &gt;&lt;\/a&gt; Muntenegru,\t?ierna Hora,Cxerngora,????????,?rna gora,Moontineegro,?ornog\u00f9ra,?ernogori?a,Chernogoriya,Mont\u00f5negro,????? ???? ,?r?na Gora,?r?nogorije,?ernogorija,?arnahoryja,??????????,???????????????????? ,?ern\u00f4g\u00f4riy\u00e2,M\u00fbnt\u00een\u00ee?r\u00fb,????? ?????? ,????????,??????????,???????????,M\u00e2nten\u00eegro,???? ????? ,????????,M\u00f4ntenegr\u00f4,????????????,???????????,????????????, ??????????? ,????????????,??????????? ,\u008d\u2022?R\/?K?R ,\u0192\u201a\u0192\u201c\u0192e\u0192l\u0192O\u0192\u008d,\u00b8???\u00b3?\u00b1?\u2022? ,Muntenegru, ????? ????, Montenegr?,chambres ? louer ? ulcinj, location de vacance, location saisonni?res, louer villa,location de vacance, Locations vacance, h?bergements vacances, locations villa, logements de vacances, location maison avec piscine, Location vacance, locations de vacance, h?bergements de vacances, location villa, locations entre particulier, logements vacance, vacances ? Mont?n?gro - location ? Ulcinj ,location  de bigorre,Urlaub in Ulcinj -Montenegro,Hotelbewertungen Ulcinj,Reisen Ulcinj, Urlaub Ulcinj,Hotel in Serbien und Montenegro von Urlaubern bewertet,Billig Urlaub in Ulcinj,ferienh?user,ferienwohnung,Billige Ferienh?user,Ferienwohnung ULCINJ,Ferien an der Adria,Urlaub im Ferienhaus ulcinjBilligreisen Ulcinj,Pauschalreisen,FKK Strand Ada Bojana ulcinj,Last Minute Angebote ulcinj,Preise f?r Lastminute,Kleinanzeigen gratis,Ausflug nach Ulcinj,FKK-Reisen ada bojana,FKK-Urlaub ulcinj,Privatni smje?taj,rezervacija smje?taja,apartmani,sobe,ku?e,odmor,sobe za odmor ulcinj,Pretra?ivanje privatnog smje?taja,rooms rent accommodation ulcinj, rentail private accommodation ulcinj,?elite rezervirati privatni smje?taj,Private accommodation,Smje?taj ulcinj,Pushime Verore ulqin,pushime t? lira n? ulqin,Pushime ne plazh,Pushime te kendshme,dhoma per pushime ulqin,dhoma me qera ulqin,dhoma te lira ulqin,pushime te lira ulqin,mali i zi,kosova,maqedoni,shqiperi,Pushime ne det te ulqinit,godi?nji odmor u ulcinj,odmor u ulcinj,Ku?a za odmor,kuda na odmor,ljetovanje u ulcinj,slobodne sobe,dhoma te lira,ku?a uz more,turisti?ka ponuda,odmor i zabava,povolne cene,sobe,usluge,Mjesto za Va? odmor , Place for Your holiday,Odmor portal,putovanaja,Iznajmljivanje soba ulcinj,odmor ulcinj info,Va?e mjesto za odmor ulcinj,nudisticka plaza ada bojana,smjestaj ponuda ulcinj,lokacioni i dhomave ulqin,deti,plazhet e bukura,diskoteka,zbavitja,.\" href=\"http:\/\/www.visit-ulcinj.com\/tourism\/\" target=\"_blank\"><img loading=\"lazy\" class=\"aligncenter\" title=\"SHPALLJE TURISTIKE FALAS,FREE TOURIST GUIDES,BESPLATNI TURISTI?KI OGLASI,balkan holiday rentals,ALBANIJA,ALBANIA,SHQIPERIJA,CRNA GORA,HRVATSKA,KROACIA,SLOVENIJA,MAKEDONIJA,MAKEDONIA,SRBIJA,MONTENEGRO,MALI I ZI,\" src=\"http:\/\/www.visit-ulcinj.com\/blog\/wp-content\/uploads\/2008\/09\/balkanholidayrentals.gif\" alt=\"Apatin,  Aran?elovac,  ?uprija,  ?a?ak,  ?apljina,  ?itluk,  ?abac,  ?ipovo,  ?iroki Brijeg,  ?ep?e,  ?ivinice,  Ba?ka Palanka,  Banja Luka,  Banovi?i,  Be?ej,  beograd,  Biha?,  Bijeljina,  Bor,  Bor?a,  Bosanska Gradi?ka,  Bosanska Krupa,  Bosanski ?amac,  Bosanski Brod,  Bosanski Novi,  Br?ko,  Bu?im,  Bugojno,  Cazin,  Crna Gora,  Derventa,  Doboj,  Donji Vakuf,  Drvar,  Dubrovnik,  Fo?a,  Fojnica,  Glamo?,  Gora?de,  Gornji Milanovac,  Gornji Vakuf,  gostivar,  Gra?anica,  Grada?ac,  Gradiska,  Grahovo,  Had?i?i,  Ilid?a,  In?ija,  Jablanica,  Jagodina,  Jajce,  Kakanj,  Kalu?erica,  Kikinda,  Klju?,  Konjic,  Kotor Varo?,  Kragujevac,  Kraljevo,  Kru?evac,  Kula,  Kupres,  Lakta?i,  Lazarevac,  Leskovac,  Livno,  Ljubinje,  ljublana,  Ljubu?ki,  Loznica,  Lukavac,  Maglaj,  Mladenovac,  Modri?a,  montenegro erlajnz,  mostar,  Mrkonji? Grad,  Neum,  Ni?,  Novi Pazar,  Novi Sad,  Novi Travnik,  Obrenovac,  Od?ak,  ohrid,  Ora?je,  Pale,  Pan?evo,  Para?in,  Pirot,  Po?arevac,  Podgorica,  Priboj,  Prijedor,  Prokuplje,  Prozor,  pula,  rijeka,  Ruma,  Sanski Most,  Sarajevo,  Senta,  serbija,  sibenik,  skopje,  Smederevo,  Smederevska Palanka,  Sokolac,  Sombor,  split,  Srebrenica,  Srebrenik,  Sremska Mitrovica,  Stolac,  Struga,  Subotica,  Temerin,  Tesli?,  tetovo,  Travnik,  Trebinje,  tuzla,  U?ice,  ulcinj,  Valjevo,  Velika Kladu?a,  Vi?egrad,  Visoko,  Vitez,  Vogo??a,  vojvodina,  Vranje,  Vr?ac,  Vrbas,  zadar,  Zagreb,  Zaje?ar,  Zavidovi?i,  Zenica,  Zrenjanin,  Zvornik,copacabana ulcinj,  h?tels,  hotel ulqin,  Kosova,  Mali i Zi,  Maqedonija,  Montenegro,  montenegro tourisme plage,  montenegro ulcinj,  Shpallje Falas,  Shpallje Falas per shitjen e shtepis se juaj,  Shpallje Falas per villat e juaj,  Shpallje Falas Real Estate,  Shpallje Falas turistike,  shqiperija,  tourisme,  Ulci?,  ulcinj,  ulqin,  ulqin hotel,  ulqini,  ulqini 2007,Ada Bojana,  Alba?czyk,  Cita di Dolcino,  Copacabana,  Czarnog?ra,  Czarnog?rzec,  Don Kichota,  Ma\u00b3a Pla?a,  Mandra,  MIGUEL DE SERVANTES,  p?\u00b3wyspy Marjan,  Pla?a Valdanos,  Rzeka Bojana,  Shas \/ ?as \/ Sva?,  Ulci?,  Ulcinjsk\u00b9 Riwier?,  Wielka Pla?a,  Wyspa Bojana,GORA,??????????,???????,??????????, ?ern? Hora,TO ULCINJ \/ ULQIN,MONTENEGRO, Czarnog?ra, Muntenegru, ????? ????, Montenegr?,villa ? louer ? ulcinj, location de vacance, location saisonni?res, louer chambres,location de vacance, Locations vacance, h?bergements vacances, locations villa, logements de vacances, location maison avec piscine, Location vacance, locations de vacance, h?bergements de vacances, location, locations entre particulier, logements vacance, vacances ? Mont?n?gro - location ? Ulcinj ,location  de bigorre,Albaniku,  Artana,  Bujanoci,  Burimi,  Dardana,  Dardan?,  De?an,  Dibra,  Drenas,  Drenasi,  Ferizaj,  Ferizaji,  Fush? Kosova,Besplatni internet oglasi,Besplatni oglasi,besplatni mali oglasi,besplatni turisti?ki oglasi,oglasi, usluge, turizam,Turisti?ke usluge,Doma?i turizam,Besplatni Oglasnik,Brzi Oglasi Besplatno,Besplatno OglasavanjeTurizam,besplatni oglasi sa slikom,Turisticki informator besplatni,li?ni-oglasi,BESPLATNI Turisticki OGLASI SA SLIKAMA,BESPLATNI Turisticki Oglasi saVideom,turisticki smestaj oglasi,Turisti?ki vodi? balkana,BESPLATNA REZERVACIJA SMESTAJA,Postavite besplatno Vas oglas,FREE TOURIST GUIDES,Izdavanje-Turizam oglasi,Balkan Turisticki vodic,shpallje turistike falas,Shpallje Falas,Shpallje falas per Komplekse Turistike,Lajmerime,Njoftime,shpallje shqip per shqiptaret ne shqiperi kosova maqedoni,mal te zi,Fush? Kosov?,  Gjakova,  Gjakov?,  Gjilan,  Gjilani,  Gostivari,  Istog,  Istog\u2022,  Ka?anik,  Ka?aniku,  Kastrioti,  K?r?ova,  Klina,  Klin?,  Kumanova,  Leposaviq,  Leskovci,  Likova,  Lipjan,  Lipjani,  Malisheva,  Malishev?,  Manastiri,  Medvegja,  Mitrovica,  Mitrovic?,  Novob?rd?,  Obiliq\u2022 Rahovec,  Ohri,  Peja,  Pej?,  Podujeva,  Podujev?,  Presheva,  Prishtina,  Prishtin?,  Prizren,  Prizreni,  Rahoveci,  Sharri,  Sharri (Kosov?),  Shkupi,  Sht?rpca,  Sht?rpc?,  Shtime,  Sk?nderaj,  Struga,  Tetova,  Theranda,  Therand?,  Triumf Riza,  Veleshta,  Viti,  Vitia,  Vushtrri,  Vushtrria,  Zubin Potok,  Zubin Potoku,  Zvecan,  Zve?ani,Struga,Gostivari,Gostivar,Ker?ova,Tirana,Durr?si,Elbasani,Shkodra,Tuzi,Vlora, Kor?a,Fieri,Berati,Lushnja ,Kavaja,Pogradeci,La?i,Gjirokastra,Patosi,Kruja,Ku?ova,Kuk?si,Lezha,Saranda,Peshkopia,Burreli,C?rriku,?orovoda,Shijaku,Librazhdi,Tepelena,Gramshi,Poli?ani,Bulqiza,P?rmeti,Fush?Kruja,Kamza,Rr?sheni,Ballshi,Mamurrasi,BajramCurri,Erseka,Peqini,Divjaka,Selenica,Bilishti,Roskoveci,Puka,Memaliaj,Rrogozhina,Ura Vajgurore,Himara,Delvina,Vora,Kopliku,Maliqi,P?rrenjasi,Kruma, Libohova,Orikumi,Fush?-Arr?za,Sh?ngjini,Rubiku,Miloti, Leskoviku,Konispoli,K?lcyra,Krasta,K?rraba,Manastiri,Hara?ina,Likova,Prilepi,Zajazi,Vrap?ishti,Bogovin?,\" width=\"520\" height=\"120\" \/><\/a><\/p>\n","protected":false},"excerpt":{"rendered":"<p>Klubi i karates\u00eb \u201cUlqini\u201d i pari n\u00eb renditjen e p\u00ebrgjithshme n\u00eb turneun internacional t\u00eb karates\u00eb \u201cSeiken 2009\u201d T\u00eb diel\u00ebn, m\u00eb 26 prill 2009 n\u00eb Podgoric\u00eb u mbajt Turneu i 2-t\u00eb internacional i karates\u00eb \u201cSeiken 2009\u201d, n\u00eb t\u00eb cilin klubi i karates\u00eb \u201cUlqini\u201d arriti nj\u00eb sukses t\u00eb shk\u00eblqyesh\u00ebm, duke marr\u00eb t\u00eb tre titujt m\u00eb t\u00eb lart\u00eb [&hellip;]<\/p>\n","protected":false},"author":1,"featured_media":0,"comment_status":"open","ping_status":"closed","sticky":false,"template":"","format":"standard","meta":{"spay_email":"","jetpack_publicize_message":"","jetpack_is_tweetstorm":false,"jetpack_publicize_feature_enabled":true},"categories":[3],"tags":[5848,5834,9707,2906,5844,5829,2065,7330,5839,9708,5836,9705,9711,2624,5821,7322,5835,2074,5831,9709,5853,5838,5827,2917,5823,8984,7328,5828,2063,9712,5840,2921,5843,2067,5845,5841,9713,9714,9702,7333,2934,2929,9701,7329,5846,9703,2915,7320,9704,2922,5822,9710,9700,2928,9706,9715,2621,2066,2913],"jetpack_publicize_connections":[],"yoast_head":"<!-- This site is optimized with the Yoast SEO plugin v19.1 - https:\/\/yoast.com\/wordpress\/plugins\/seo\/ -->\n<title>KK&quot;Ulqini&quot;Blerta Tahiri dhe Dardan Ceka m\u00eb t\u00eb mir\u00ebt e turneut - Lajme nga Ulqini<\/title>\n<meta name=\"description\" content=\"Klubi i karates\u00eb \u201cUlqini\u201d i pari n\u00eb renditjen e p\u00ebrgjithshme n\u00eb turneun internacional t\u00eb karates\u00eb \u201cSeiken 2009\u201d T\u00eb diel\u00ebn, m\u00eb 26 prill 2009 n\u00eb Podgoric\u00eb u\" \/>\n<meta name=\"robots\" content=\"index, follow, max-snippet:-1, max-image-preview:large, max-video-preview:-1\" \/>\n<link rel=\"canonical\" href=\"https:\/\/www.visit-ulcinj.com\/blog\/2009\/04\/28\/kkulqiniblerta-tahiri-dhe-dardan-ceka-me-te-miret-e-turneut\/\" \/>\n<meta property=\"og:locale\" content=\"en_US\" \/>\n<meta property=\"og:type\" content=\"article\" \/>\n<meta property=\"og:title\" content=\"KK&quot;Ulqini&quot;Blerta Tahiri dhe Dardan Ceka m\u00eb t\u00eb mir\u00ebt e turneut - Lajme nga Ulqini\" \/>\n<meta property=\"og:description\" content=\"Klubi i karates\u00eb \u201cUlqini\u201d i pari n\u00eb renditjen e p\u00ebrgjithshme n\u00eb turneun internacional t\u00eb karates\u00eb \u201cSeiken 2009\u201d T\u00eb diel\u00ebn, m\u00eb 26 prill 2009 n\u00eb Podgoric\u00eb u\" \/>\n<meta property=\"og:url\" content=\"https:\/\/www.visit-ulcinj.com\/blog\/2009\/04\/28\/kkulqiniblerta-tahiri-dhe-dardan-ceka-me-te-miret-e-turneut\/\" \/>\n<meta property=\"og:site_name\" content=\"Lajme nga Ulqini\" \/>\n<meta property=\"article:published_time\" content=\"2009-04-28T14:34:20+00:00\" \/>\n<meta property=\"article:modified_time\" content=\"2009-05-13T18:49:37+00:00\" \/>\n<meta property=\"og:image\" content=\"https:\/\/www.visit-ulcinj.com\/blog\/wp-content\/uploads\/2009\/04\/blerta-tahiri_dardan-ceka_kk_ulqini_kurorzimi_seiken-2009-150x150.jpg\" \/>\n<meta name=\"twitter:label1\" content=\"Written by\" \/>\n\t<meta name=\"twitter:data1\" content=\"ulqini\" \/>\n\t<meta name=\"twitter:label2\" content=\"Est. reading time\" \/>\n\t<meta name=\"twitter:data2\" content=\"2 minutes\" \/>\n<script type=\"application\/ld+json\" class=\"yoast-schema-graph\">{\"@context\":\"https:\/\/schema.org\",\"@graph\":[{\"@type\":\"WebSite\",\"@id\":\"https:\/\/www.visit-ulcinj.com\/blog\/#website\",\"url\":\"https:\/\/www.visit-ulcinj.com\/blog\/\",\"name\":\"Lajme nga Ulqini\",\"description\":\"Lajme,Vijesti,Ulqini,Ulqin,Crna Gora,Mali i Zi\",\"potentialAction\":[{\"@type\":\"SearchAction\",\"target\":{\"@type\":\"EntryPoint\",\"urlTemplate\":\"https:\/\/www.visit-ulcinj.com\/blog\/?s={search_term_string}\"},\"query-input\":\"required name=search_term_string\"}],\"inLanguage\":\"en-US\"},{\"@type\":\"ImageObject\",\"inLanguage\":\"en-US\",\"@id\":\"https:\/\/www.visit-ulcinj.com\/blog\/2009\/04\/28\/kkulqiniblerta-tahiri-dhe-dardan-ceka-me-te-miret-e-turneut\/#primaryimage\",\"url\":\"https:\/\/www.visit-ulcinj.com\/blog\/wp-content\/uploads\/2009\/04\/karate-klub-ulqini_kurorzimi-ne-turneun-_seiken-2009.jpg\",\"contentUrl\":\"https:\/\/www.visit-ulcinj.com\/blog\/wp-content\/uploads\/2009\/04\/karate-klub-ulqini_kurorzimi-ne-turneun-_seiken-2009.jpg\",\"width\":\"1010\",\"height\":\"757\"},{\"@type\":\"WebPage\",\"@id\":\"https:\/\/www.visit-ulcinj.com\/blog\/2009\/04\/28\/kkulqiniblerta-tahiri-dhe-dardan-ceka-me-te-miret-e-turneut\/#webpage\",\"url\":\"https:\/\/www.visit-ulcinj.com\/blog\/2009\/04\/28\/kkulqiniblerta-tahiri-dhe-dardan-ceka-me-te-miret-e-turneut\/\",\"name\":\"KK\\\"Ulqini\\\"Blerta Tahiri dhe Dardan Ceka m\u00eb t\u00eb mir\u00ebt e turneut - Lajme nga Ulqini\",\"isPartOf\":{\"@id\":\"https:\/\/www.visit-ulcinj.com\/blog\/#website\"},\"primaryImageOfPage\":{\"@id\":\"https:\/\/www.visit-ulcinj.com\/blog\/2009\/04\/28\/kkulqiniblerta-tahiri-dhe-dardan-ceka-me-te-miret-e-turneut\/#primaryimage\"},\"datePublished\":\"2009-04-28T14:34:20+00:00\",\"dateModified\":\"2009-05-13T18:49:37+00:00\",\"author\":{\"@id\":\"https:\/\/www.visit-ulcinj.com\/blog\/#\/schema\/person\/dcab619c614d3038751c63bc2aadc06d\"},\"description\":\"Klubi i karates\u00eb \u201cUlqini\u201d i pari n\u00eb renditjen e p\u00ebrgjithshme n\u00eb turneun internacional t\u00eb karates\u00eb \u201cSeiken 2009\u201d T\u00eb diel\u00ebn, m\u00eb 26 prill 2009 n\u00eb Podgoric\u00eb u\",\"breadcrumb\":{\"@id\":\"https:\/\/www.visit-ulcinj.com\/blog\/2009\/04\/28\/kkulqiniblerta-tahiri-dhe-dardan-ceka-me-te-miret-e-turneut\/#breadcrumb\"},\"inLanguage\":\"en-US\",\"potentialAction\":[{\"@type\":\"ReadAction\",\"target\":[\"https:\/\/www.visit-ulcinj.com\/blog\/2009\/04\/28\/kkulqiniblerta-tahiri-dhe-dardan-ceka-me-te-miret-e-turneut\/\"]}]},{\"@type\":\"BreadcrumbList\",\"@id\":\"https:\/\/www.visit-ulcinj.com\/blog\/2009\/04\/28\/kkulqiniblerta-tahiri-dhe-dardan-ceka-me-te-miret-e-turneut\/#breadcrumb\",\"itemListElement\":[{\"@type\":\"ListItem\",\"position\":1,\"name\":\"KK&#8221;Ulqini&#8221;Blerta Tahiri dhe Dardan Ceka m\u00eb t\u00eb mir\u00ebt e turneut\"}]},{\"@type\":\"Person\",\"@id\":\"https:\/\/www.visit-ulcinj.com\/blog\/#\/schema\/person\/dcab619c614d3038751c63bc2aadc06d\",\"name\":\"ulqini\",\"sameAs\":[\"http:\/\/www.visit-ulcinj.com\"],\"url\":\"https:\/\/www.visit-ulcinj.com\/blog\/author\/admin\/\"}]}<\/script>\n<!-- \/ Yoast SEO plugin. -->","yoast_head_json":{"title":"KK\"Ulqini\"Blerta Tahiri dhe Dardan Ceka m\u00eb t\u00eb mir\u00ebt e turneut - Lajme nga Ulqini","description":"Klubi i karates\u00eb \u201cUlqini\u201d i pari n\u00eb renditjen e p\u00ebrgjithshme n\u00eb turneun internacional t\u00eb karates\u00eb \u201cSeiken 2009\u201d T\u00eb diel\u00ebn, m\u00eb 26 prill 2009 n\u00eb Podgoric\u00eb u","robots":{"index":"index","follow":"follow","max-snippet":"max-snippet:-1","max-image-preview":"max-image-preview:large","max-video-preview":"max-video-preview:-1"},"canonical":"https:\/\/www.visit-ulcinj.com\/blog\/2009\/04\/28\/kkulqiniblerta-tahiri-dhe-dardan-ceka-me-te-miret-e-turneut\/","og_locale":"en_US","og_type":"article","og_title":"KK\"Ulqini\"Blerta Tahiri dhe Dardan Ceka m\u00eb t\u00eb mir\u00ebt e turneut - Lajme nga Ulqini","og_description":"Klubi i karates\u00eb \u201cUlqini\u201d i pari n\u00eb renditjen e p\u00ebrgjithshme n\u00eb turneun internacional t\u00eb karates\u00eb \u201cSeiken 2009\u201d T\u00eb diel\u00ebn, m\u00eb 26 prill 2009 n\u00eb Podgoric\u00eb u","og_url":"https:\/\/www.visit-ulcinj.com\/blog\/2009\/04\/28\/kkulqiniblerta-tahiri-dhe-dardan-ceka-me-te-miret-e-turneut\/","og_site_name":"Lajme nga Ulqini","article_published_time":"2009-04-28T14:34:20+00:00","article_modified_time":"2009-05-13T18:49:37+00:00","og_image":[{"url":"https:\/\/www.visit-ulcinj.com\/blog\/wp-content\/uploads\/2009\/04\/blerta-tahiri_dardan-ceka_kk_ulqini_kurorzimi_seiken-2009-150x150.jpg"}],"twitter_misc":{"Written by":"ulqini","Est. reading time":"2 minutes"},"schema":{"@context":"https:\/\/schema.org","@graph":[{"@type":"WebSite","@id":"https:\/\/www.visit-ulcinj.com\/blog\/#website","url":"https:\/\/www.visit-ulcinj.com\/blog\/","name":"Lajme nga Ulqini","description":"Lajme,Vijesti,Ulqini,Ulqin,Crna Gora,Mali i Zi","potentialAction":[{"@type":"SearchAction","target":{"@type":"EntryPoint","urlTemplate":"https:\/\/www.visit-ulcinj.com\/blog\/?s={search_term_string}"},"query-input":"required name=search_term_string"}],"inLanguage":"en-US"},{"@type":"ImageObject","inLanguage":"en-US","@id":"https:\/\/www.visit-ulcinj.com\/blog\/2009\/04\/28\/kkulqiniblerta-tahiri-dhe-dardan-ceka-me-te-miret-e-turneut\/#primaryimage","url":"https:\/\/www.visit-ulcinj.com\/blog\/wp-content\/uploads\/2009\/04\/karate-klub-ulqini_kurorzimi-ne-turneun-_seiken-2009.jpg","contentUrl":"https:\/\/www.visit-ulcinj.com\/blog\/wp-content\/uploads\/2009\/04\/karate-klub-ulqini_kurorzimi-ne-turneun-_seiken-2009.jpg","width":"1010","height":"757"},{"@type":"WebPage","@id":"https:\/\/www.visit-ulcinj.com\/blog\/2009\/04\/28\/kkulqiniblerta-tahiri-dhe-dardan-ceka-me-te-miret-e-turneut\/#webpage","url":"https:\/\/www.visit-ulcinj.com\/blog\/2009\/04\/28\/kkulqiniblerta-tahiri-dhe-dardan-ceka-me-te-miret-e-turneut\/","name":"KK\"Ulqini\"Blerta Tahiri dhe Dardan Ceka m\u00eb t\u00eb mir\u00ebt e turneut - Lajme nga Ulqini","isPartOf":{"@id":"https:\/\/www.visit-ulcinj.com\/blog\/#website"},"primaryImageOfPage":{"@id":"https:\/\/www.visit-ulcinj.com\/blog\/2009\/04\/28\/kkulqiniblerta-tahiri-dhe-dardan-ceka-me-te-miret-e-turneut\/#primaryimage"},"datePublished":"2009-04-28T14:34:20+00:00","dateModified":"2009-05-13T18:49:37+00:00","author":{"@id":"https:\/\/www.visit-ulcinj.com\/blog\/#\/schema\/person\/dcab619c614d3038751c63bc2aadc06d"},"description":"Klubi i karates\u00eb \u201cUlqini\u201d i pari n\u00eb renditjen e p\u00ebrgjithshme n\u00eb turneun internacional t\u00eb karates\u00eb \u201cSeiken 2009\u201d T\u00eb diel\u00ebn, m\u00eb 26 prill 2009 n\u00eb Podgoric\u00eb u","breadcrumb":{"@id":"https:\/\/www.visit-ulcinj.com\/blog\/2009\/04\/28\/kkulqiniblerta-tahiri-dhe-dardan-ceka-me-te-miret-e-turneut\/#breadcrumb"},"inLanguage":"en-US","potentialAction":[{"@type":"ReadAction","target":["https:\/\/www.visit-ulcinj.com\/blog\/2009\/04\/28\/kkulqiniblerta-tahiri-dhe-dardan-ceka-me-te-miret-e-turneut\/"]}]},{"@type":"BreadcrumbList","@id":"https:\/\/www.visit-ulcinj.com\/blog\/2009\/04\/28\/kkulqiniblerta-tahiri-dhe-dardan-ceka-me-te-miret-e-turneut\/#breadcrumb","itemListElement":[{"@type":"ListItem","position":1,"name":"KK&#8221;Ulqini&#8221;Blerta Tahiri dhe Dardan Ceka m\u00eb t\u00eb mir\u00ebt e turneut"}]},{"@type":"Person","@id":"https:\/\/www.visit-ulcinj.com\/blog\/#\/schema\/person\/dcab619c614d3038751c63bc2aadc06d","name":"ulqini","sameAs":["http:\/\/www.visit-ulcinj.com"],"url":"https:\/\/www.visit-ulcinj.com\/blog\/author\/admin\/"}]}},"jetpack_featured_media_url":"","jetpack_sharing_enabled":true,"jetpack_shortlink":"https:\/\/wp.me\/pe6lTn-53Z","_links":{"self":[{"href":"https:\/\/www.visit-ulcinj.com\/blog\/wp-json\/wp\/v2\/posts\/19467"}],"collection":[{"href":"https:\/\/www.visit-ulcinj.com\/blog\/wp-json\/wp\/v2\/posts"}],"about":[{"href":"https:\/\/www.visit-ulcinj.com\/blog\/wp-json\/wp\/v2\/types\/post"}],"author":[{"embeddable":true,"href":"https:\/\/www.visit-ulcinj.com\/blog\/wp-json\/wp\/v2\/users\/1"}],"replies":[{"embeddable":true,"href":"https:\/\/www.visit-ulcinj.com\/blog\/wp-json\/wp\/v2\/comments?post=19467"}],"version-history":[{"count":0,"href":"https:\/\/www.visit-ulcinj.com\/blog\/wp-json\/wp\/v2\/posts\/19467\/revisions"}],"wp:attachment":[{"href":"https:\/\/www.visit-ulcinj.com\/blog\/wp-json\/wp\/v2\/media?parent=19467"}],"wp:term":[{"taxonomy":"category","embeddable":true,"href":"https:\/\/www.visit-ulcinj.com\/blog\/wp-json\/wp\/v2\/categories?post=19467"},{"taxonomy":"post_tag","embeddable":true,"href":"https:\/\/www.visit-ulcinj.com\/blog\/wp-json\/wp\/v2\/tags?post=19467"}],"curies":[{"name":"wp","href":"https:\/\/api.w.org\/{rel}","templated":true}]}}