{"id":19478,"date":"2009-04-28T18:26:18","date_gmt":"2009-04-28T16:26:18","guid":{"rendered":"http:\/\/www.visit-ulcinj.com\/blog\/?p=19478"},"modified":"2009-04-28T18:40:42","modified_gmt":"2009-04-28T16:40:42","slug":"inaugurimi-i-kalldremimit-te-qendres-se-qytetit-te-ulqinit","status":"publish","type":"post","link":"https:\/\/www.visit-ulcinj.com\/blog\/2009\/04\/28\/inaugurimi-i-kalldremimit-te-qendres-se-qytetit-te-ulqinit\/","title":{"rendered":"Inaugurimi i kalldremimit t\u00eb qendr\u00ebs s\u00eb qytetit t\u00eb Ulqinit"},"content":{"rendered":"<p><strong><a href=\"http:\/\/www.visit-ulcinj.com\/blog\/wp-content\/uploads\/2009\/04\/inaugurimi-i-kalldremimit-te-qendres-se-qytetit-te-ulqinit.jpg\"><img loading=\"lazy\" class=\"alignleft size-full wp-image-19479\" title=\"inaugurimi-i-kalldremimit-te-qendres-se-qytetit-te-ulqinit\" src=\"http:\/\/www.visit-ulcinj.com\/blog\/wp-content\/uploads\/2009\/04\/inaugurimi-i-kalldremimit-te-qendres-se-qytetit-te-ulqinit.jpg\" alt=\"inaugurimi-i-kalldremimit-te-qendres-se-qytetit-te-ulqinit\" width=\"570\" height=\"400\" \/><\/a>T\u00eb nderuar qytetar\u00eb, <\/strong><\/p>\n<p>Ruajtja dhe valorizimi i trash\u00ebgimis\u00eb kulturore dhe historike \u00ebsht\u00eb preokupimi yn\u00eb i vazhduesh\u00ebm.<\/p>\n<p>Pas nj\u00eb pune intensive nga ana e ekspert\u00ebve me k\u00ebnaq\u00ebsi konstatojm\u00eb se punimet ne kalldremimin e qendr\u00ebs s\u00eb qytetit dhe n\u00eb kronin me shkalla jane drejt\u00eb p\u00ebrfundimit.<\/p>\n<p><strong>Inaugurimi i tyre do t\u00eb b\u00ebhet me dat\u00ebn 30 prill t\u00eb enjten ora l8.30.<\/strong><\/p>\n<p>Me k\u00ebt\u00eb rast \u00ebsht\u00eb parapar\u00eb nj\u00eb program i begat\u00eb kulturo artistik, ku artist\u00eb t\u00eb njohur, ansamble dhe valltar\u00eb do t\u00eb angazhohen p\u00ebr arg\u00ebtimin tuaj.<\/p>\n<p>Nd\u00ebrkoh\u00eb q\u00eb mjeshtrit e kuzhin\u00ebs s\u00eb restoranteve t\u00eb qytetit ton\u00eb do t\u00eb ven\u00eb n\u00eb dispozicion specialitete t\u00eb llojllojshme.<\/p>\n<p><strong>Kjo nuk \u00ebsht\u00eb e t\u00ebra!<\/strong><\/p>\n<p>N\u00eb or\u00ebn 21.00 n\u00eb Ran\u00eb do t\u00eb mbahet koncerti i madh i Severin\u00ebs.<\/p>\n<p>Ju ftojm\u00eb q\u00eb t\u00eb gjith\u00eb s\u00ebbashku t\u00eb arg\u00ebtohemi dhe zyrtarisht t\u00eb sh\u00ebnojm\u00eb fillimin e sezonit turistik 2009.<\/p>\n<p><strong><\/strong><\/p>\n<p><strong>Komuna e Ulqinit, Kabineti i Kryetarit <\/strong><\/p>\n<p><strong>Municipality of Ulcinj \/ Ulqin -Montenegro<\/strong><\/p>\n<p><strong>Arsllan Hajdinaga<\/strong><\/p>\n<p><!--YouTube Error: bad URL entered--><strong><br \/>\n<\/strong><\/p>\n","protected":false},"excerpt":{"rendered":"<p>T\u00eb nderuar qytetar\u00eb, Ruajtja dhe valorizimi i trash\u00ebgimis\u00eb kulturore dhe historike \u00ebsht\u00eb preokupimi yn\u00eb i vazhduesh\u00ebm. Pas nj\u00eb pune intensive nga ana e ekspert\u00ebve me k\u00ebnaq\u00ebsi konstatojm\u00eb se punimet ne kalldremimin e qendr\u00ebs s\u00eb qytetit dhe n\u00eb kronin me shkalla jane drejt\u00eb p\u00ebrfundimit. Inaugurimi i tyre do t\u00eb b\u00ebhet me dat\u00ebn 30 prill t\u00eb enjten [&hellip;]<\/p>\n","protected":false},"author":1,"featured_media":0,"comment_status":"open","ping_status":"closed","sticky":false,"template":"","format":"standard","meta":{"spay_email":"","jetpack_publicize_message":"","jetpack_is_tweetstorm":false,"jetpack_publicize_feature_enabled":true},"categories":[11],"tags":[7630,9716,9717,297,9718,9719],"jetpack_publicize_connections":[],"yoast_head":"<!-- This site is optimized with the Yoast SEO plugin v19.1 - https:\/\/yoast.com\/wordpress\/plugins\/seo\/ -->\n<title>Inaugurimi i kalldremimit t\u00eb qendr\u00ebs s\u00eb qytetit t\u00eb Ulqinit - Lajme nga Ulqini<\/title>\n<meta name=\"description\" content=\"T\u00eb nderuar qytetar\u00eb, Ruajtja dhe valorizimi i trash\u00ebgimis\u00eb kulturore dhe historike \u00ebsht\u00eb preokupimi yn\u00eb i vazhduesh\u00ebm. Pas nj\u00eb pune intensive nga ana e\" \/>\n<meta name=\"robots\" content=\"index, follow, max-snippet:-1, max-image-preview:large, max-video-preview:-1\" \/>\n<link rel=\"canonical\" href=\"https:\/\/www.visit-ulcinj.com\/blog\/2009\/04\/28\/inaugurimi-i-kalldremimit-te-qendres-se-qytetit-te-ulqinit\/\" \/>\n<meta property=\"og:locale\" content=\"en_US\" \/>\n<meta property=\"og:type\" content=\"article\" \/>\n<meta property=\"og:title\" content=\"Inaugurimi i kalldremimit t\u00eb qendr\u00ebs s\u00eb qytetit t\u00eb Ulqinit - Lajme nga Ulqini\" \/>\n<meta property=\"og:description\" content=\"T\u00eb nderuar qytetar\u00eb, Ruajtja dhe valorizimi i trash\u00ebgimis\u00eb kulturore dhe historike \u00ebsht\u00eb preokupimi yn\u00eb i vazhduesh\u00ebm. Pas nj\u00eb pune intensive nga ana e\" \/>\n<meta property=\"og:url\" content=\"https:\/\/www.visit-ulcinj.com\/blog\/2009\/04\/28\/inaugurimi-i-kalldremimit-te-qendres-se-qytetit-te-ulqinit\/\" \/>\n<meta property=\"og:site_name\" content=\"Lajme nga Ulqini\" \/>\n<meta property=\"article:published_time\" content=\"2009-04-28T16:26:18+00:00\" \/>\n<meta property=\"article:modified_time\" content=\"2009-04-28T16:40:42+00:00\" \/>\n<meta property=\"og:image\" content=\"http:\/\/www.visit-ulcinj.com\/blog\/wp-content\/uploads\/2009\/04\/inaugurimi-i-kalldremimit-te-qendres-se-qytetit-te-ulqinit.jpg\" \/>\n<meta name=\"twitter:label1\" content=\"Written by\" \/>\n\t<meta name=\"twitter:data1\" content=\"ulqini\" \/>\n\t<meta name=\"twitter:label2\" content=\"Est. reading time\" \/>\n\t<meta name=\"twitter:data2\" content=\"1 minute\" \/>\n<script type=\"application\/ld+json\" class=\"yoast-schema-graph\">{\"@context\":\"https:\/\/schema.org\",\"@graph\":[{\"@type\":\"WebSite\",\"@id\":\"https:\/\/www.visit-ulcinj.com\/blog\/#website\",\"url\":\"https:\/\/www.visit-ulcinj.com\/blog\/\",\"name\":\"Lajme nga Ulqini\",\"description\":\"Lajme,Vijesti,Ulqini,Ulqin,Crna Gora,Mali i Zi\",\"potentialAction\":[{\"@type\":\"SearchAction\",\"target\":{\"@type\":\"EntryPoint\",\"urlTemplate\":\"https:\/\/www.visit-ulcinj.com\/blog\/?s={search_term_string}\"},\"query-input\":\"required name=search_term_string\"}],\"inLanguage\":\"en-US\"},{\"@type\":\"ImageObject\",\"inLanguage\":\"en-US\",\"@id\":\"https:\/\/www.visit-ulcinj.com\/blog\/2009\/04\/28\/inaugurimi-i-kalldremimit-te-qendres-se-qytetit-te-ulqinit\/#primaryimage\",\"url\":\"https:\/\/www.visit-ulcinj.com\/blog\/wp-content\/uploads\/2009\/04\/inaugurimi-i-kalldremimit-te-qendres-se-qytetit-te-ulqinit.jpg\",\"contentUrl\":\"https:\/\/www.visit-ulcinj.com\/blog\/wp-content\/uploads\/2009\/04\/inaugurimi-i-kalldremimit-te-qendres-se-qytetit-te-ulqinit.jpg\",\"width\":\"1200\",\"height\":\"801\"},{\"@type\":\"WebPage\",\"@id\":\"https:\/\/www.visit-ulcinj.com\/blog\/2009\/04\/28\/inaugurimi-i-kalldremimit-te-qendres-se-qytetit-te-ulqinit\/#webpage\",\"url\":\"https:\/\/www.visit-ulcinj.com\/blog\/2009\/04\/28\/inaugurimi-i-kalldremimit-te-qendres-se-qytetit-te-ulqinit\/\",\"name\":\"Inaugurimi i kalldremimit t\u00eb qendr\u00ebs s\u00eb qytetit t\u00eb Ulqinit - Lajme nga Ulqini\",\"isPartOf\":{\"@id\":\"https:\/\/www.visit-ulcinj.com\/blog\/#website\"},\"primaryImageOfPage\":{\"@id\":\"https:\/\/www.visit-ulcinj.com\/blog\/2009\/04\/28\/inaugurimi-i-kalldremimit-te-qendres-se-qytetit-te-ulqinit\/#primaryimage\"},\"datePublished\":\"2009-04-28T16:26:18+00:00\",\"dateModified\":\"2009-04-28T16:40:42+00:00\",\"author\":{\"@id\":\"https:\/\/www.visit-ulcinj.com\/blog\/#\/schema\/person\/dcab619c614d3038751c63bc2aadc06d\"},\"description\":\"T\u00eb nderuar qytetar\u00eb, Ruajtja dhe valorizimi i trash\u00ebgimis\u00eb kulturore dhe historike \u00ebsht\u00eb preokupimi yn\u00eb i vazhduesh\u00ebm. Pas nj\u00eb pune intensive nga ana e\",\"breadcrumb\":{\"@id\":\"https:\/\/www.visit-ulcinj.com\/blog\/2009\/04\/28\/inaugurimi-i-kalldremimit-te-qendres-se-qytetit-te-ulqinit\/#breadcrumb\"},\"inLanguage\":\"en-US\",\"potentialAction\":[{\"@type\":\"ReadAction\",\"target\":[\"https:\/\/www.visit-ulcinj.com\/blog\/2009\/04\/28\/inaugurimi-i-kalldremimit-te-qendres-se-qytetit-te-ulqinit\/\"]}]},{\"@type\":\"BreadcrumbList\",\"@id\":\"https:\/\/www.visit-ulcinj.com\/blog\/2009\/04\/28\/inaugurimi-i-kalldremimit-te-qendres-se-qytetit-te-ulqinit\/#breadcrumb\",\"itemListElement\":[{\"@type\":\"ListItem\",\"position\":1,\"name\":\"Inaugurimi i kalldremimit t\u00eb qendr\u00ebs s\u00eb qytetit t\u00eb Ulqinit\"}]},{\"@type\":\"Person\",\"@id\":\"https:\/\/www.visit-ulcinj.com\/blog\/#\/schema\/person\/dcab619c614d3038751c63bc2aadc06d\",\"name\":\"ulqini\",\"sameAs\":[\"http:\/\/www.visit-ulcinj.com\"],\"url\":\"https:\/\/www.visit-ulcinj.com\/blog\/author\/admin\/\"}]}<\/script>\n<!-- \/ Yoast SEO plugin. -->","yoast_head_json":{"title":"Inaugurimi i kalldremimit t\u00eb qendr\u00ebs s\u00eb qytetit t\u00eb Ulqinit - Lajme nga Ulqini","description":"T\u00eb nderuar qytetar\u00eb, Ruajtja dhe valorizimi i trash\u00ebgimis\u00eb kulturore dhe historike \u00ebsht\u00eb preokupimi yn\u00eb i vazhduesh\u00ebm. Pas nj\u00eb pune intensive nga ana e","robots":{"index":"index","follow":"follow","max-snippet":"max-snippet:-1","max-image-preview":"max-image-preview:large","max-video-preview":"max-video-preview:-1"},"canonical":"https:\/\/www.visit-ulcinj.com\/blog\/2009\/04\/28\/inaugurimi-i-kalldremimit-te-qendres-se-qytetit-te-ulqinit\/","og_locale":"en_US","og_type":"article","og_title":"Inaugurimi i kalldremimit t\u00eb qendr\u00ebs s\u00eb qytetit t\u00eb Ulqinit - Lajme nga Ulqini","og_description":"T\u00eb nderuar qytetar\u00eb, Ruajtja dhe valorizimi i trash\u00ebgimis\u00eb kulturore dhe historike \u00ebsht\u00eb preokupimi yn\u00eb i vazhduesh\u00ebm. Pas nj\u00eb pune intensive nga ana e","og_url":"https:\/\/www.visit-ulcinj.com\/blog\/2009\/04\/28\/inaugurimi-i-kalldremimit-te-qendres-se-qytetit-te-ulqinit\/","og_site_name":"Lajme nga Ulqini","article_published_time":"2009-04-28T16:26:18+00:00","article_modified_time":"2009-04-28T16:40:42+00:00","og_image":[{"url":"http:\/\/www.visit-ulcinj.com\/blog\/wp-content\/uploads\/2009\/04\/inaugurimi-i-kalldremimit-te-qendres-se-qytetit-te-ulqinit.jpg"}],"twitter_misc":{"Written by":"ulqini","Est. reading time":"1 minute"},"schema":{"@context":"https:\/\/schema.org","@graph":[{"@type":"WebSite","@id":"https:\/\/www.visit-ulcinj.com\/blog\/#website","url":"https:\/\/www.visit-ulcinj.com\/blog\/","name":"Lajme nga Ulqini","description":"Lajme,Vijesti,Ulqini,Ulqin,Crna Gora,Mali i Zi","potentialAction":[{"@type":"SearchAction","target":{"@type":"EntryPoint","urlTemplate":"https:\/\/www.visit-ulcinj.com\/blog\/?s={search_term_string}"},"query-input":"required name=search_term_string"}],"inLanguage":"en-US"},{"@type":"ImageObject","inLanguage":"en-US","@id":"https:\/\/www.visit-ulcinj.com\/blog\/2009\/04\/28\/inaugurimi-i-kalldremimit-te-qendres-se-qytetit-te-ulqinit\/#primaryimage","url":"https:\/\/www.visit-ulcinj.com\/blog\/wp-content\/uploads\/2009\/04\/inaugurimi-i-kalldremimit-te-qendres-se-qytetit-te-ulqinit.jpg","contentUrl":"https:\/\/www.visit-ulcinj.com\/blog\/wp-content\/uploads\/2009\/04\/inaugurimi-i-kalldremimit-te-qendres-se-qytetit-te-ulqinit.jpg","width":"1200","height":"801"},{"@type":"WebPage","@id":"https:\/\/www.visit-ulcinj.com\/blog\/2009\/04\/28\/inaugurimi-i-kalldremimit-te-qendres-se-qytetit-te-ulqinit\/#webpage","url":"https:\/\/www.visit-ulcinj.com\/blog\/2009\/04\/28\/inaugurimi-i-kalldremimit-te-qendres-se-qytetit-te-ulqinit\/","name":"Inaugurimi i kalldremimit t\u00eb qendr\u00ebs s\u00eb qytetit t\u00eb Ulqinit - Lajme nga Ulqini","isPartOf":{"@id":"https:\/\/www.visit-ulcinj.com\/blog\/#website"},"primaryImageOfPage":{"@id":"https:\/\/www.visit-ulcinj.com\/blog\/2009\/04\/28\/inaugurimi-i-kalldremimit-te-qendres-se-qytetit-te-ulqinit\/#primaryimage"},"datePublished":"2009-04-28T16:26:18+00:00","dateModified":"2009-04-28T16:40:42+00:00","author":{"@id":"https:\/\/www.visit-ulcinj.com\/blog\/#\/schema\/person\/dcab619c614d3038751c63bc2aadc06d"},"description":"T\u00eb nderuar qytetar\u00eb, Ruajtja dhe valorizimi i trash\u00ebgimis\u00eb kulturore dhe historike \u00ebsht\u00eb preokupimi yn\u00eb i vazhduesh\u00ebm. Pas nj\u00eb pune intensive nga ana e","breadcrumb":{"@id":"https:\/\/www.visit-ulcinj.com\/blog\/2009\/04\/28\/inaugurimi-i-kalldremimit-te-qendres-se-qytetit-te-ulqinit\/#breadcrumb"},"inLanguage":"en-US","potentialAction":[{"@type":"ReadAction","target":["https:\/\/www.visit-ulcinj.com\/blog\/2009\/04\/28\/inaugurimi-i-kalldremimit-te-qendres-se-qytetit-te-ulqinit\/"]}]},{"@type":"BreadcrumbList","@id":"https:\/\/www.visit-ulcinj.com\/blog\/2009\/04\/28\/inaugurimi-i-kalldremimit-te-qendres-se-qytetit-te-ulqinit\/#breadcrumb","itemListElement":[{"@type":"ListItem","position":1,"name":"Inaugurimi i kalldremimit t\u00eb qendr\u00ebs s\u00eb qytetit t\u00eb Ulqinit"}]},{"@type":"Person","@id":"https:\/\/www.visit-ulcinj.com\/blog\/#\/schema\/person\/dcab619c614d3038751c63bc2aadc06d","name":"ulqini","sameAs":["http:\/\/www.visit-ulcinj.com"],"url":"https:\/\/www.visit-ulcinj.com\/blog\/author\/admin\/"}]}},"jetpack_featured_media_url":"","jetpack_sharing_enabled":true,"jetpack_shortlink":"https:\/\/wp.me\/pe6lTn-54a","_links":{"self":[{"href":"https:\/\/www.visit-ulcinj.com\/blog\/wp-json\/wp\/v2\/posts\/19478"}],"collection":[{"href":"https:\/\/www.visit-ulcinj.com\/blog\/wp-json\/wp\/v2\/posts"}],"about":[{"href":"https:\/\/www.visit-ulcinj.com\/blog\/wp-json\/wp\/v2\/types\/post"}],"author":[{"embeddable":true,"href":"https:\/\/www.visit-ulcinj.com\/blog\/wp-json\/wp\/v2\/users\/1"}],"replies":[{"embeddable":true,"href":"https:\/\/www.visit-ulcinj.com\/blog\/wp-json\/wp\/v2\/comments?post=19478"}],"version-history":[{"count":0,"href":"https:\/\/www.visit-ulcinj.com\/blog\/wp-json\/wp\/v2\/posts\/19478\/revisions"}],"wp:attachment":[{"href":"https:\/\/www.visit-ulcinj.com\/blog\/wp-json\/wp\/v2\/media?parent=19478"}],"wp:term":[{"taxonomy":"category","embeddable":true,"href":"https:\/\/www.visit-ulcinj.com\/blog\/wp-json\/wp\/v2\/categories?post=19478"},{"taxonomy":"post_tag","embeddable":true,"href":"https:\/\/www.visit-ulcinj.com\/blog\/wp-json\/wp\/v2\/tags?post=19478"}],"curies":[{"name":"wp","href":"https:\/\/api.w.org\/{rel}","templated":true}]}}