{"id":19503,"date":"2009-04-28T20:19:49","date_gmt":"2009-04-28T18:19:49","guid":{"rendered":"http:\/\/www.visit-ulcinj.com\/blog\/?p=19503"},"modified":"2009-04-28T20:21:06","modified_gmt":"2009-04-28T18:21:06","slug":"ali-redza-novi-predsjednik-pdp-a","status":"publish","type":"post","link":"https:\/\/www.visit-ulcinj.com\/blog\/2009\/04\/28\/ali-redza-novi-predsjednik-pdp-a\/","title":{"rendered":"Ali Red\u017ea novi predsjednik PDP-a"},"content":{"rendered":"<p><strong><a href=\"http:\/\/www.visit-ulcinj.com\/blog\/wp-content\/uploads\/2009\/04\/ali-redza_lider-partije-demokratskog-prosperiteta-pdp_ulcinj.jpg\"><img loading=\"lazy\" class=\"alignleft size-full wp-image-19504\" title=\"ali-redza_lider-partije-demokratskog-prosperiteta-pdp_ulcinj\" src=\"http:\/\/www.visit-ulcinj.com\/blog\/wp-content\/uploads\/2009\/04\/ali-redza_lider-partije-demokratskog-prosperiteta-pdp_ulcinj.jpg\" alt=\"ali-redza_lider-partije-demokratskog-prosperiteta-pdp_ulcinj\" width=\"570\" height=\"270\" \/><\/a>Red\u017ea naslijedio Holaja<\/strong><\/p>\n<p>Ulcinj- Dosada\u0161nji predsjednik ulcinjskog okruga Partije demokratskog prosperiteta (PDP) Ali Red\u017ea izabran je za lidera te stranke. Uz Red\u017eu, koji je bio i nosilac izborne liste na parlamentarnim izborima, na partijskom kongresu odr\u017eanom preksino? izabrano je i 11 ?lanova upravnog odbora.<\/p>\n<p>\u201cIzbornim kongresom, okon?ana je dvogodi\u0161nja kriza u PDP-u i po?ela konsolidacija partije koja ?e se organizovati u svim mjestima gdje \u017eive Albanci polaze?i od postignutog rezultata na nedavnim izborima\u201c, kazao je Red\u017ea \u201cVijestima\u201d.<\/p>\n<p>Kriza u PDP-u po?ela je prije dvije godine zbog sukoba tada\u0161njeg lidera Amira Holaja i ve?ine ?lanova UO, koje je predvodio aktuelni \u0161ef lokalnog parlamenta Muhamet Nika. UO je nedavno isklju?io Holaja iz partije, koji je u me?uvremenu sa biv\u0161im poslanikom Albanske alternative Vaseljom Sini\u0161tajem oformio koaliciju \u201ePerspektiva\u201c, koja je na nedavnim izborima sa blizu tri hiljade glasova osvojila jedno poslani?ko mjesto. Iako je PDP na izborima osvojio 800 glasova, u toj partiji rezultat smatraju solidnim, budu?i da su u izborni proces u\u0161li u posljednji ?as, tek kada je nestala i posljednja \u0161ansa za ve? vi?enu koaliciju sa DUA.<\/p>\n<p>Kongres je usvojio program rada i potvrdio podr\u0161ku odbornicima koji u SO ?ine ve?inu koaliciji \u201eZa evropski Ulcinj.<\/p>\n<p><strong>S.A.<\/p>\n<p><a href=\"http:\/\/www.vijesti.cg.yu\/index.php?id_pre=303071&amp;godina=2009\" target=\"_blank\">Vijesti<\/a><\/strong><\/p>\n","protected":false},"excerpt":{"rendered":"<p>Red\u017ea naslijedio Holaja Ulcinj- Dosada\u0161nji predsjednik ulcinjskog okruga Partije demokratskog prosperiteta (PDP) Ali Red\u017ea izabran je za lidera te stranke. Uz Red\u017eu, koji je bio i nosilac izborne liste na parlamentarnim izborima, na partijskom kongresu odr\u017eanom preksino? izabrano je i 11 ?lanova upravnog odbora. \u201cIzbornim kongresom, okon?ana je dvogodi\u0161nja kriza u PDP-u i po?ela konsolidacija [&hellip;]<\/p>\n","protected":false},"author":1,"featured_media":0,"comment_status":"open","ping_status":"closed","sticky":false,"template":"","format":"standard","meta":{"spay_email":"","jetpack_publicize_message":"","jetpack_is_tweetstorm":false,"jetpack_publicize_feature_enabled":true},"categories":[8337],"tags":[9724,1630,20,9726,6682,9725,19],"jetpack_publicize_connections":[],"yoast_head":"<!-- This site is optimized with the Yoast SEO plugin v19.1 - https:\/\/yoast.com\/wordpress\/plugins\/seo\/ -->\n<title>Ali Red\u017ea novi predsjednik PDP-a - Lajme nga Ulqini<\/title>\n<meta name=\"description\" content=\"Red\u017ea naslijedio Holaja Ulcinj- Dosada\u0161nji predsjednik ulcinjskog okruga Partije demokratskog prosperiteta (PDP) Ali Red\u017ea izabran je za lidera te\" \/>\n<meta name=\"robots\" content=\"index, follow, max-snippet:-1, max-image-preview:large, max-video-preview:-1\" \/>\n<link rel=\"canonical\" href=\"https:\/\/www.visit-ulcinj.com\/blog\/2009\/04\/28\/ali-redza-novi-predsjednik-pdp-a\/\" \/>\n<meta property=\"og:locale\" content=\"en_US\" \/>\n<meta property=\"og:type\" content=\"article\" \/>\n<meta property=\"og:title\" content=\"Ali Red\u017ea novi predsjednik PDP-a - Lajme nga Ulqini\" \/>\n<meta property=\"og:description\" content=\"Red\u017ea naslijedio Holaja Ulcinj- Dosada\u0161nji predsjednik ulcinjskog okruga Partije demokratskog prosperiteta (PDP) Ali Red\u017ea izabran je za lidera te\" \/>\n<meta property=\"og:url\" content=\"https:\/\/www.visit-ulcinj.com\/blog\/2009\/04\/28\/ali-redza-novi-predsjednik-pdp-a\/\" \/>\n<meta property=\"og:site_name\" content=\"Lajme nga Ulqini\" \/>\n<meta property=\"article:published_time\" content=\"2009-04-28T18:19:49+00:00\" \/>\n<meta property=\"article:modified_time\" content=\"2009-04-28T18:21:06+00:00\" \/>\n<meta property=\"og:image\" content=\"http:\/\/www.visit-ulcinj.com\/blog\/wp-content\/uploads\/2009\/04\/ali-redza_lider-partije-demokratskog-prosperiteta-pdp_ulcinj.jpg\" \/>\n<meta name=\"twitter:label1\" content=\"Written by\" \/>\n\t<meta name=\"twitter:data1\" content=\"ulqini\" \/>\n\t<meta name=\"twitter:label2\" content=\"Est. reading time\" \/>\n\t<meta name=\"twitter:data2\" content=\"1 minute\" \/>\n<script type=\"application\/ld+json\" class=\"yoast-schema-graph\">{\"@context\":\"https:\/\/schema.org\",\"@graph\":[{\"@type\":\"WebSite\",\"@id\":\"https:\/\/www.visit-ulcinj.com\/blog\/#website\",\"url\":\"https:\/\/www.visit-ulcinj.com\/blog\/\",\"name\":\"Lajme nga Ulqini\",\"description\":\"Lajme,Vijesti,Ulqini,Ulqin,Crna Gora,Mali i Zi\",\"potentialAction\":[{\"@type\":\"SearchAction\",\"target\":{\"@type\":\"EntryPoint\",\"urlTemplate\":\"https:\/\/www.visit-ulcinj.com\/blog\/?s={search_term_string}\"},\"query-input\":\"required name=search_term_string\"}],\"inLanguage\":\"en-US\"},{\"@type\":\"ImageObject\",\"inLanguage\":\"en-US\",\"@id\":\"https:\/\/www.visit-ulcinj.com\/blog\/2009\/04\/28\/ali-redza-novi-predsjednik-pdp-a\/#primaryimage\",\"url\":\"https:\/\/www.visit-ulcinj.com\/blog\/wp-content\/uploads\/2009\/04\/ali-redza_lider-partije-demokratskog-prosperiteta-pdp_ulcinj.jpg\",\"contentUrl\":\"https:\/\/www.visit-ulcinj.com\/blog\/wp-content\/uploads\/2009\/04\/ali-redza_lider-partije-demokratskog-prosperiteta-pdp_ulcinj.jpg\",\"width\":\"512\",\"height\":\"281\"},{\"@type\":\"WebPage\",\"@id\":\"https:\/\/www.visit-ulcinj.com\/blog\/2009\/04\/28\/ali-redza-novi-predsjednik-pdp-a\/#webpage\",\"url\":\"https:\/\/www.visit-ulcinj.com\/blog\/2009\/04\/28\/ali-redza-novi-predsjednik-pdp-a\/\",\"name\":\"Ali Red\u017ea novi predsjednik PDP-a - Lajme nga Ulqini\",\"isPartOf\":{\"@id\":\"https:\/\/www.visit-ulcinj.com\/blog\/#website\"},\"primaryImageOfPage\":{\"@id\":\"https:\/\/www.visit-ulcinj.com\/blog\/2009\/04\/28\/ali-redza-novi-predsjednik-pdp-a\/#primaryimage\"},\"datePublished\":\"2009-04-28T18:19:49+00:00\",\"dateModified\":\"2009-04-28T18:21:06+00:00\",\"author\":{\"@id\":\"https:\/\/www.visit-ulcinj.com\/blog\/#\/schema\/person\/dcab619c614d3038751c63bc2aadc06d\"},\"description\":\"Red\u017ea naslijedio Holaja Ulcinj- Dosada\u0161nji predsjednik ulcinjskog okruga Partije demokratskog prosperiteta (PDP) Ali Red\u017ea izabran je za lidera te\",\"breadcrumb\":{\"@id\":\"https:\/\/www.visit-ulcinj.com\/blog\/2009\/04\/28\/ali-redza-novi-predsjednik-pdp-a\/#breadcrumb\"},\"inLanguage\":\"en-US\",\"potentialAction\":[{\"@type\":\"ReadAction\",\"target\":[\"https:\/\/www.visit-ulcinj.com\/blog\/2009\/04\/28\/ali-redza-novi-predsjednik-pdp-a\/\"]}]},{\"@type\":\"BreadcrumbList\",\"@id\":\"https:\/\/www.visit-ulcinj.com\/blog\/2009\/04\/28\/ali-redza-novi-predsjednik-pdp-a\/#breadcrumb\",\"itemListElement\":[{\"@type\":\"ListItem\",\"position\":1,\"name\":\"Ali Red\u017ea novi predsjednik PDP-a\"}]},{\"@type\":\"Person\",\"@id\":\"https:\/\/www.visit-ulcinj.com\/blog\/#\/schema\/person\/dcab619c614d3038751c63bc2aadc06d\",\"name\":\"ulqini\",\"sameAs\":[\"http:\/\/www.visit-ulcinj.com\"],\"url\":\"https:\/\/www.visit-ulcinj.com\/blog\/author\/admin\/\"}]}<\/script>\n<!-- \/ Yoast SEO plugin. -->","yoast_head_json":{"title":"Ali Red\u017ea novi predsjednik PDP-a - Lajme nga Ulqini","description":"Red\u017ea naslijedio Holaja Ulcinj- Dosada\u0161nji predsjednik ulcinjskog okruga Partije demokratskog prosperiteta (PDP) Ali Red\u017ea izabran je za lidera te","robots":{"index":"index","follow":"follow","max-snippet":"max-snippet:-1","max-image-preview":"max-image-preview:large","max-video-preview":"max-video-preview:-1"},"canonical":"https:\/\/www.visit-ulcinj.com\/blog\/2009\/04\/28\/ali-redza-novi-predsjednik-pdp-a\/","og_locale":"en_US","og_type":"article","og_title":"Ali Red\u017ea novi predsjednik PDP-a - Lajme nga Ulqini","og_description":"Red\u017ea naslijedio Holaja Ulcinj- Dosada\u0161nji predsjednik ulcinjskog okruga Partije demokratskog prosperiteta (PDP) Ali Red\u017ea izabran je za lidera te","og_url":"https:\/\/www.visit-ulcinj.com\/blog\/2009\/04\/28\/ali-redza-novi-predsjednik-pdp-a\/","og_site_name":"Lajme nga Ulqini","article_published_time":"2009-04-28T18:19:49+00:00","article_modified_time":"2009-04-28T18:21:06+00:00","og_image":[{"url":"http:\/\/www.visit-ulcinj.com\/blog\/wp-content\/uploads\/2009\/04\/ali-redza_lider-partije-demokratskog-prosperiteta-pdp_ulcinj.jpg"}],"twitter_misc":{"Written by":"ulqini","Est. reading time":"1 minute"},"schema":{"@context":"https:\/\/schema.org","@graph":[{"@type":"WebSite","@id":"https:\/\/www.visit-ulcinj.com\/blog\/#website","url":"https:\/\/www.visit-ulcinj.com\/blog\/","name":"Lajme nga Ulqini","description":"Lajme,Vijesti,Ulqini,Ulqin,Crna Gora,Mali i Zi","potentialAction":[{"@type":"SearchAction","target":{"@type":"EntryPoint","urlTemplate":"https:\/\/www.visit-ulcinj.com\/blog\/?s={search_term_string}"},"query-input":"required name=search_term_string"}],"inLanguage":"en-US"},{"@type":"ImageObject","inLanguage":"en-US","@id":"https:\/\/www.visit-ulcinj.com\/blog\/2009\/04\/28\/ali-redza-novi-predsjednik-pdp-a\/#primaryimage","url":"https:\/\/www.visit-ulcinj.com\/blog\/wp-content\/uploads\/2009\/04\/ali-redza_lider-partije-demokratskog-prosperiteta-pdp_ulcinj.jpg","contentUrl":"https:\/\/www.visit-ulcinj.com\/blog\/wp-content\/uploads\/2009\/04\/ali-redza_lider-partije-demokratskog-prosperiteta-pdp_ulcinj.jpg","width":"512","height":"281"},{"@type":"WebPage","@id":"https:\/\/www.visit-ulcinj.com\/blog\/2009\/04\/28\/ali-redza-novi-predsjednik-pdp-a\/#webpage","url":"https:\/\/www.visit-ulcinj.com\/blog\/2009\/04\/28\/ali-redza-novi-predsjednik-pdp-a\/","name":"Ali Red\u017ea novi predsjednik PDP-a - Lajme nga Ulqini","isPartOf":{"@id":"https:\/\/www.visit-ulcinj.com\/blog\/#website"},"primaryImageOfPage":{"@id":"https:\/\/www.visit-ulcinj.com\/blog\/2009\/04\/28\/ali-redza-novi-predsjednik-pdp-a\/#primaryimage"},"datePublished":"2009-04-28T18:19:49+00:00","dateModified":"2009-04-28T18:21:06+00:00","author":{"@id":"https:\/\/www.visit-ulcinj.com\/blog\/#\/schema\/person\/dcab619c614d3038751c63bc2aadc06d"},"description":"Red\u017ea naslijedio Holaja Ulcinj- Dosada\u0161nji predsjednik ulcinjskog okruga Partije demokratskog prosperiteta (PDP) Ali Red\u017ea izabran je za lidera te","breadcrumb":{"@id":"https:\/\/www.visit-ulcinj.com\/blog\/2009\/04\/28\/ali-redza-novi-predsjednik-pdp-a\/#breadcrumb"},"inLanguage":"en-US","potentialAction":[{"@type":"ReadAction","target":["https:\/\/www.visit-ulcinj.com\/blog\/2009\/04\/28\/ali-redza-novi-predsjednik-pdp-a\/"]}]},{"@type":"BreadcrumbList","@id":"https:\/\/www.visit-ulcinj.com\/blog\/2009\/04\/28\/ali-redza-novi-predsjednik-pdp-a\/#breadcrumb","itemListElement":[{"@type":"ListItem","position":1,"name":"Ali Red\u017ea novi predsjednik PDP-a"}]},{"@type":"Person","@id":"https:\/\/www.visit-ulcinj.com\/blog\/#\/schema\/person\/dcab619c614d3038751c63bc2aadc06d","name":"ulqini","sameAs":["http:\/\/www.visit-ulcinj.com"],"url":"https:\/\/www.visit-ulcinj.com\/blog\/author\/admin\/"}]}},"jetpack_featured_media_url":"","jetpack_sharing_enabled":true,"jetpack_shortlink":"https:\/\/wp.me\/pe6lTn-54z","_links":{"self":[{"href":"https:\/\/www.visit-ulcinj.com\/blog\/wp-json\/wp\/v2\/posts\/19503"}],"collection":[{"href":"https:\/\/www.visit-ulcinj.com\/blog\/wp-json\/wp\/v2\/posts"}],"about":[{"href":"https:\/\/www.visit-ulcinj.com\/blog\/wp-json\/wp\/v2\/types\/post"}],"author":[{"embeddable":true,"href":"https:\/\/www.visit-ulcinj.com\/blog\/wp-json\/wp\/v2\/users\/1"}],"replies":[{"embeddable":true,"href":"https:\/\/www.visit-ulcinj.com\/blog\/wp-json\/wp\/v2\/comments?post=19503"}],"version-history":[{"count":0,"href":"https:\/\/www.visit-ulcinj.com\/blog\/wp-json\/wp\/v2\/posts\/19503\/revisions"}],"wp:attachment":[{"href":"https:\/\/www.visit-ulcinj.com\/blog\/wp-json\/wp\/v2\/media?parent=19503"}],"wp:term":[{"taxonomy":"category","embeddable":true,"href":"https:\/\/www.visit-ulcinj.com\/blog\/wp-json\/wp\/v2\/categories?post=19503"},{"taxonomy":"post_tag","embeddable":true,"href":"https:\/\/www.visit-ulcinj.com\/blog\/wp-json\/wp\/v2\/tags?post=19503"}],"curies":[{"name":"wp","href":"https:\/\/api.w.org\/{rel}","templated":true}]}}