{"id":1951,"date":"2008-06-08T13:12:22","date_gmt":"2008-06-08T18:12:22","guid":{"rendered":"http:\/\/www.visit-ulcinj.com\/blog\/?p=1951"},"modified":"2008-06-08T13:15:38","modified_gmt":"2008-06-08T18:15:38","slug":"ivezajishte-femije-shembull","status":"publish","type":"post","link":"https:\/\/www.visit-ulcinj.com\/blog\/2008\/06\/08\/ivezajishte-femije-shembull\/","title":{"rendered":"Ivezaj:Ishte f\u00ebmij\u00eb shembull"},"content":{"rendered":"<p><img loading=\"lazy\" class=\"alignleft\" style=\"float: left;\" src=\"http:\/\/www.shkembi.com\/files.php?file=untitled_532920881.jpg\" alt=\"iVEZAJ\" width=\"287\" height=\"189\" \/>\u201cVdekja tragjike e A.D., nx\u00ebn\u00ebses s\u00eb klas\u00ebs s\u00eb gjasht\u00eb t\u00eb Shkoll\u00ebs Fillore \u201cMahmut Lekiq\u201d i ka tronditur thell\u00eb nx\u00ebn\u00ebsit dhe kolektivin e shkoll\u00ebs. Nga shoku q\u00eb p\u00ebrjetuan kur ndjen\u00eb p\u00ebr ngjarjen e ndodhur, disa nx\u00ebn\u00ebsve dhe m\u00ebsimdh\u00ebn\u00ebsve u \u00ebsht\u00eb nevojitur ndihm\u00eb medicinale.\u201d deklaroi drejtori i shkoll\u00ebs Pjet\u00ebr Ivezaj.<br \/>\nDymb\u00ebdhjet\u00ebvje\u00e7arja A. D. Ka b\u00ebr\u00eb vet\u00ebvrasje para tri dit\u00ebsh duke varur veten, nd\u00ebrsa n\u00eb letr\u00ebn e lamtumir\u00ebs ka th\u00ebn\u00eb se duke mos ditur se kutia e \u00e7im\u00e7\u00ebkezave ishte boshe, ia ka ofruar m\u00ebsimdh\u00ebn\u00ebses, e cila m\u00eb von\u00eb, duke e marr\u00eb k\u00ebt\u00eb si provokim, i \u00ebsht\u00eb ankuar kujdestares s\u00eb klas\u00ebs. Kujdestarja, sipas fjal\u00ebve t\u00eb cituara t\u00eb n\u00ebpun\u00ebsit policor, e ka kritikuar r\u00ebnd\u00eb nx\u00ebn\u00ebsen, duke insistuar q\u00eb n\u00eb shkoll\u00eb t\u00eb vijn\u00eb prind\u00ebrit e saj.<a title=\"shkolla mahmut lekiq\" href=\"http:\/\/malesia.org\/ngjarjet\/hapja_e_shkolles_fillore\/DSCF3939.html\" target=\"_blank\"><img loading=\"lazy\" class=\"alignright\" style=\"float: right;\" src=\"http:\/\/malesia.org\/ngjarjet\/hapja_e_shkolles_fillore\/thumbnails\/thumb_DSCF3938.jpg\" alt=\"Shkolla Mahmut Lekiq\" width=\"150\" height=\"112\" \/><\/a><br \/>\nA.D., duke ardhur nga nj\u00eb mjedis patriarkal, nuk ka mundur t\u2019u tregoj\u00eb prind\u00ebrve se \u00e7\u2019ka ka ndodhur dhe se nuk ka patur faj, ka filluar ecja e saj n\u00ebp\u00ebr probleme.Pika n\u00eb got\u00eb t\u00eb plot\u00eb nuk ishte e mjaftueshme, pasi q\u00eb kur ajo ka tentuar q\u00eb t\u2019i k\u00ebrkoj\u00eb falje kujdestares s\u00eb vet, ka fituar p\u00ebrgjigjen nga ajo: \u201cKthehu n\u00eb sht\u00ebpi dhe mos u kthe pa prind.<br \/>\nDit\u00ebn tjet\u00ebr, vajza u ka th\u00ebn\u00eb prind\u00ebrve se \u00ebsht\u00eb e s\u00ebmur\u00eb dhe nuk mund t\u00eb shkoj\u00eb n\u00eb shkoll\u00eb. E ka shfryt\u00ebzuar rastin e pav\u00ebmendjes s\u00eb an\u00ebtar\u00ebve t\u00eb familjes dhe ka shkuar n\u00eb shtall\u00eb duke vjerrur veten.<br \/>\n<a title=\"shkolla mahmut lekiq\" href=\"http:\/\/malesia.org\/ngjarjet\/hapja_e_shkolles_fillore\/DSCF3940.html\" target=\"_blank\"><img loading=\"lazy\" class=\"alignleft\" style=\"float: left;\" src=\"http:\/\/malesia.org\/ngjarjet\/hapja_e_shkolles_fillore\/thumbnails\/thumb_DSCF3939.jpg\" alt=\"Shkolla Mahmut Lekiq\" width=\"150\" height=\"112\" \/><\/a>Ivezaj i ka shprehur publikisht ngush\u00ebllimet familjes s\u00eb vajz\u00ebs, duke th\u00ebn\u00eb se ishte f\u00ebmij\u00eb shembull.\u201cAjo \u00ebsht\u00eb familjes shum\u00eb e respektuar n\u00eb Mal\u00ebsi, por, p\u00ebr fat t\u00eb keq i ka gjetur kjo tragjedi, e cila, n\u00eb shkoll\u00ebn ton\u00eb e cila posa e ka sh\u00ebnuar shekullin e ekzistimit, nuk ka ngjar\u00eb kurr\u00eb.\u201d ka th\u00ebn\u00eb Ivezaj.Ai ka shprehur d\u00ebshir\u00ebn q\u00eb tragjedi t\u00eb tilla t\u00eb mos ngjajn\u00eb m\u00eb n\u00eb asnj\u00eb shkoll\u00eb.Ivezaj ka th\u00ebn\u00eb se nuk e di arsyen q\u00eb e ka shtyr\u00eb vajz\u00ebn, e cila posa ka filluar t\u00eb jetoj\u00eb, t\u2019ia marr\u00eb vetes jet\u00ebn.Ai ka th\u00ebn\u00eb se mbas tragjedis\u00eb ka folur me kujdestaren e vajz\u00ebs dhe se deri n\u00eb at\u00eb moment nuk kishte qen\u00eb i informuar me \u201cproblemin\u201d n\u00eb mes t\u00eb t\u00eb ndjer\u00ebs A.D. dhe dy m\u00ebsimdh\u00ebn\u00ebseve.<strong><br \/>\nKujdestarja thot\u00eb se nuk ka pasur q\u00ebllim t\u00eb keq<\/strong><a title=\"shkolla mahmut lekiq\" href=\"http:\/\/malesia.org\/ngjarjet\/hapja_e_shkolles_fillore\/DSCF3942.html\" target=\"_blank\"><img loading=\"lazy\" class=\"alignright\" style=\"float: right;\" src=\"http:\/\/malesia.org\/ngjarjet\/hapja_e_shkolles_fillore\/thumbnails\/thumb_DSCF3941.jpg\" alt=\"Shkolla Mahmut Lekiq\" width=\"150\" height=\"112\" \/><\/a><br \/>\nKujdestarja e klas\u00ebs s\u00eb dymb\u00ebdhjet\u00ebvje\u00e7ares A.D., e cila \u00ebsht\u00eb p\u00ebrmendur n\u00eb letr\u00ebn e lamtumir\u00ebs, ka qen\u00eb dje n\u00eb intervist\u00ebn informative n\u00eb lokalet e policis\u00eb s\u00eb Podgoric\u00ebs. Sipas burimeve jozyrtare, thuhet se kujdestarja ka th\u00ebn\u00eb se ajo ka qen\u00eb nx\u00ebn\u00ebsja e saj e preferuar dhe se nuk ka psur q\u00ebllim t\u00eb keq kur i ka k\u00ebrkuar ti th\u00ebrras\u00eb prind\u00ebrit p\u00ebr t\u00eb folur.<br \/>\n\u201cKa th\u00ebn\u00eb se ka qen\u00eb n\u00eb marr\u00ebdh\u00ebnie shoq\u00ebrore me familjes e A.D. dhe se nuk ka pasur q\u00ebllime t\u00eb k\u00ebqija ndaj saj.<br \/>\n<a title=\"shkolla mahmut lekiq\" href=\"http:\/\/malesia.org\/ngjarjet\/hapja_e_shkolles_fillore\/DSCF3945.html\" target=\"_blank\"><img loading=\"lazy\" class=\"alignleft\" style=\"float: left;\" src=\"http:\/\/malesia.org\/ngjarjet\/hapja_e_shkolles_fillore\/thumbnails\/thumb_DSCF3944.jpg\" alt=\"Shkolla Mahmut Lekiq\" width=\"179\" height=\"129\" \/><\/a>Ka kuptuar se vajza ka ra viktim\u00eb e loj\u00ebs s\u00eb shoqeve t\u00eb klas\u00ebs t\u00eb cilat ia kan\u00eb dh\u00ebn\u00eb kutin\u00eb e shprazt\u00eb t\u00eb \u00e7\u00ebm\u00e7\u00ebkizave. M\u00ebsimdh\u00ebn\u00ebsja, si\u00e7 ka th\u00ebn\u00eb, ka dasht\u00eb q\u00eb t\u00eb veproj\u00eb preventivisht n\u00eb m\u00ebnyr\u00eb q\u00eb ajo ta kuptoj\u00eb se shoq\u00ebri dhe sjellje e till\u00eb nuk \u00ebsht\u00eb e mir\u00eb p\u00ebr t\u00eb. Mir\u00ebpo, asaj aq s\u00eb i ka shkuar nd\u00ebr mend se vajza ka p\u00ebrjetuar nj\u00eb mposhtje t\u00eb till\u00eb dhe se do t\u00eb ndodh\u00eb ajo m\u00eb e keqja. \u201c thot\u00eb korrespondenti i policis\u00eb p\u00ebr Vijesti, duke cekur se m\u00ebsimdh\u00ebn\u00ebsja punon 27 vjet n\u00eb Sh.F. \u201cMahmut Lekiq\u201d. Ajo poashtu ishte prezente n\u00eb varrimin e t\u00eb ndjer\u00ebs A.D. q\u00eb u b\u00eb pardje n\u00eb Tuz.<br \/>\n<strong>Burimi: &#8220;Vijesti&#8221;<br \/>\nAutor \/ <a title=\"shkolla mahmut lekiq\" href=\"http:\/\/www.shkembi.com\/index.php?news=274\" target=\"_blank\">Shkembi.com<\/a><\/strong><\/p>\n<!--YouTube Error: bad URL entered-->\n","protected":false},"excerpt":{"rendered":"<p><img loading=\"lazy\" class=\"alignleft\" style=\"float: left;\" src=\"http:\/\/www.shkembi.com\/files.php?file=untitled_532920881.jpg\" alt=\"iVEZAJ\" width=\"140\" height=\"140\" \/><\/p>\n","protected":false},"author":1,"featured_media":0,"comment_status":"open","ping_status":"closed","sticky":false,"template":"","format":"standard","meta":{"spay_email":"","jetpack_publicize_message":"","jetpack_is_tweetstorm":false,"jetpack_publicize_feature_enabled":true},"categories":[4,11,12],"tags":[3856,3855],"jetpack_publicize_connections":[],"yoast_head":"<!-- This site is optimized with the Yoast SEO plugin v19.1 - https:\/\/yoast.com\/wordpress\/plugins\/seo\/ -->\n<title>Ivezaj:Ishte f\u00ebmij\u00eb shembull - Lajme nga Ulqini<\/title>\n<meta name=\"robots\" content=\"index, follow, max-snippet:-1, max-image-preview:large, max-video-preview:-1\" \/>\n<link rel=\"canonical\" href=\"https:\/\/www.visit-ulcinj.com\/blog\/2008\/06\/08\/ivezajishte-femije-shembull\/\" \/>\n<meta property=\"og:locale\" content=\"en_US\" \/>\n<meta property=\"og:type\" content=\"article\" \/>\n<meta property=\"og:title\" content=\"Ivezaj:Ishte f\u00ebmij\u00eb shembull - Lajme nga Ulqini\" \/>\n<meta property=\"og:url\" content=\"https:\/\/www.visit-ulcinj.com\/blog\/2008\/06\/08\/ivezajishte-femije-shembull\/\" \/>\n<meta property=\"og:site_name\" content=\"Lajme nga Ulqini\" \/>\n<meta property=\"article:published_time\" content=\"2008-06-08T18:12:22+00:00\" \/>\n<meta property=\"article:modified_time\" content=\"2008-06-08T18:15:38+00:00\" \/>\n<meta property=\"og:image\" content=\"http:\/\/www.shkembi.com\/files.php?file=untitled_532920881.jpg\" \/>\n<meta name=\"twitter:label1\" content=\"Written by\" \/>\n\t<meta name=\"twitter:data1\" content=\"ulqini\" \/>\n\t<meta name=\"twitter:label2\" content=\"Est. reading time\" \/>\n\t<meta name=\"twitter:data2\" content=\"3 minutes\" \/>\n<script type=\"application\/ld+json\" class=\"yoast-schema-graph\">{\"@context\":\"https:\/\/schema.org\",\"@graph\":[{\"@type\":\"WebSite\",\"@id\":\"https:\/\/www.visit-ulcinj.com\/blog\/#website\",\"url\":\"https:\/\/www.visit-ulcinj.com\/blog\/\",\"name\":\"Lajme nga Ulqini\",\"description\":\"Lajme,Vijesti,Ulqini,Ulqin,Crna Gora,Mali i Zi\",\"potentialAction\":[{\"@type\":\"SearchAction\",\"target\":{\"@type\":\"EntryPoint\",\"urlTemplate\":\"https:\/\/www.visit-ulcinj.com\/blog\/?s={search_term_string}\"},\"query-input\":\"required name=search_term_string\"}],\"inLanguage\":\"en-US\"},{\"@type\":\"ImageObject\",\"inLanguage\":\"en-US\",\"@id\":\"https:\/\/www.visit-ulcinj.com\/blog\/2008\/06\/08\/ivezajishte-femije-shembull\/#primaryimage\",\"url\":\"http:\/\/www.shkembi.com\/files.php?file=untitled_532920881.jpg\",\"contentUrl\":\"http:\/\/www.shkembi.com\/files.php?file=untitled_532920881.jpg\"},{\"@type\":\"WebPage\",\"@id\":\"https:\/\/www.visit-ulcinj.com\/blog\/2008\/06\/08\/ivezajishte-femije-shembull\/#webpage\",\"url\":\"https:\/\/www.visit-ulcinj.com\/blog\/2008\/06\/08\/ivezajishte-femije-shembull\/\",\"name\":\"Ivezaj:Ishte f\u00ebmij\u00eb shembull - Lajme nga Ulqini\",\"isPartOf\":{\"@id\":\"https:\/\/www.visit-ulcinj.com\/blog\/#website\"},\"primaryImageOfPage\":{\"@id\":\"https:\/\/www.visit-ulcinj.com\/blog\/2008\/06\/08\/ivezajishte-femije-shembull\/#primaryimage\"},\"datePublished\":\"2008-06-08T18:12:22+00:00\",\"dateModified\":\"2008-06-08T18:15:38+00:00\",\"author\":{\"@id\":\"https:\/\/www.visit-ulcinj.com\/blog\/#\/schema\/person\/dcab619c614d3038751c63bc2aadc06d\"},\"breadcrumb\":{\"@id\":\"https:\/\/www.visit-ulcinj.com\/blog\/2008\/06\/08\/ivezajishte-femije-shembull\/#breadcrumb\"},\"inLanguage\":\"en-US\",\"potentialAction\":[{\"@type\":\"ReadAction\",\"target\":[\"https:\/\/www.visit-ulcinj.com\/blog\/2008\/06\/08\/ivezajishte-femije-shembull\/\"]}]},{\"@type\":\"BreadcrumbList\",\"@id\":\"https:\/\/www.visit-ulcinj.com\/blog\/2008\/06\/08\/ivezajishte-femije-shembull\/#breadcrumb\",\"itemListElement\":[{\"@type\":\"ListItem\",\"position\":1,\"name\":\"Ivezaj:Ishte f\u00ebmij\u00eb shembull\"}]},{\"@type\":\"Person\",\"@id\":\"https:\/\/www.visit-ulcinj.com\/blog\/#\/schema\/person\/dcab619c614d3038751c63bc2aadc06d\",\"name\":\"ulqini\",\"sameAs\":[\"http:\/\/www.visit-ulcinj.com\"],\"url\":\"https:\/\/www.visit-ulcinj.com\/blog\/author\/admin\/\"}]}<\/script>\n<!-- \/ Yoast SEO plugin. -->","yoast_head_json":{"title":"Ivezaj:Ishte f\u00ebmij\u00eb shembull - Lajme nga Ulqini","robots":{"index":"index","follow":"follow","max-snippet":"max-snippet:-1","max-image-preview":"max-image-preview:large","max-video-preview":"max-video-preview:-1"},"canonical":"https:\/\/www.visit-ulcinj.com\/blog\/2008\/06\/08\/ivezajishte-femije-shembull\/","og_locale":"en_US","og_type":"article","og_title":"Ivezaj:Ishte f\u00ebmij\u00eb shembull - Lajme nga Ulqini","og_url":"https:\/\/www.visit-ulcinj.com\/blog\/2008\/06\/08\/ivezajishte-femije-shembull\/","og_site_name":"Lajme nga Ulqini","article_published_time":"2008-06-08T18:12:22+00:00","article_modified_time":"2008-06-08T18:15:38+00:00","og_image":[{"url":"http:\/\/www.shkembi.com\/files.php?file=untitled_532920881.jpg"}],"twitter_misc":{"Written by":"ulqini","Est. reading time":"3 minutes"},"schema":{"@context":"https:\/\/schema.org","@graph":[{"@type":"WebSite","@id":"https:\/\/www.visit-ulcinj.com\/blog\/#website","url":"https:\/\/www.visit-ulcinj.com\/blog\/","name":"Lajme nga Ulqini","description":"Lajme,Vijesti,Ulqini,Ulqin,Crna Gora,Mali i Zi","potentialAction":[{"@type":"SearchAction","target":{"@type":"EntryPoint","urlTemplate":"https:\/\/www.visit-ulcinj.com\/blog\/?s={search_term_string}"},"query-input":"required name=search_term_string"}],"inLanguage":"en-US"},{"@type":"ImageObject","inLanguage":"en-US","@id":"https:\/\/www.visit-ulcinj.com\/blog\/2008\/06\/08\/ivezajishte-femije-shembull\/#primaryimage","url":"http:\/\/www.shkembi.com\/files.php?file=untitled_532920881.jpg","contentUrl":"http:\/\/www.shkembi.com\/files.php?file=untitled_532920881.jpg"},{"@type":"WebPage","@id":"https:\/\/www.visit-ulcinj.com\/blog\/2008\/06\/08\/ivezajishte-femije-shembull\/#webpage","url":"https:\/\/www.visit-ulcinj.com\/blog\/2008\/06\/08\/ivezajishte-femije-shembull\/","name":"Ivezaj:Ishte f\u00ebmij\u00eb shembull - Lajme nga Ulqini","isPartOf":{"@id":"https:\/\/www.visit-ulcinj.com\/blog\/#website"},"primaryImageOfPage":{"@id":"https:\/\/www.visit-ulcinj.com\/blog\/2008\/06\/08\/ivezajishte-femije-shembull\/#primaryimage"},"datePublished":"2008-06-08T18:12:22+00:00","dateModified":"2008-06-08T18:15:38+00:00","author":{"@id":"https:\/\/www.visit-ulcinj.com\/blog\/#\/schema\/person\/dcab619c614d3038751c63bc2aadc06d"},"breadcrumb":{"@id":"https:\/\/www.visit-ulcinj.com\/blog\/2008\/06\/08\/ivezajishte-femije-shembull\/#breadcrumb"},"inLanguage":"en-US","potentialAction":[{"@type":"ReadAction","target":["https:\/\/www.visit-ulcinj.com\/blog\/2008\/06\/08\/ivezajishte-femije-shembull\/"]}]},{"@type":"BreadcrumbList","@id":"https:\/\/www.visit-ulcinj.com\/blog\/2008\/06\/08\/ivezajishte-femije-shembull\/#breadcrumb","itemListElement":[{"@type":"ListItem","position":1,"name":"Ivezaj:Ishte f\u00ebmij\u00eb shembull"}]},{"@type":"Person","@id":"https:\/\/www.visit-ulcinj.com\/blog\/#\/schema\/person\/dcab619c614d3038751c63bc2aadc06d","name":"ulqini","sameAs":["http:\/\/www.visit-ulcinj.com"],"url":"https:\/\/www.visit-ulcinj.com\/blog\/author\/admin\/"}]}},"jetpack_featured_media_url":"","jetpack_sharing_enabled":true,"jetpack_shortlink":"https:\/\/wp.me\/pe6lTn-vt","_links":{"self":[{"href":"https:\/\/www.visit-ulcinj.com\/blog\/wp-json\/wp\/v2\/posts\/1951"}],"collection":[{"href":"https:\/\/www.visit-ulcinj.com\/blog\/wp-json\/wp\/v2\/posts"}],"about":[{"href":"https:\/\/www.visit-ulcinj.com\/blog\/wp-json\/wp\/v2\/types\/post"}],"author":[{"embeddable":true,"href":"https:\/\/www.visit-ulcinj.com\/blog\/wp-json\/wp\/v2\/users\/1"}],"replies":[{"embeddable":true,"href":"https:\/\/www.visit-ulcinj.com\/blog\/wp-json\/wp\/v2\/comments?post=1951"}],"version-history":[{"count":0,"href":"https:\/\/www.visit-ulcinj.com\/blog\/wp-json\/wp\/v2\/posts\/1951\/revisions"}],"wp:attachment":[{"href":"https:\/\/www.visit-ulcinj.com\/blog\/wp-json\/wp\/v2\/media?parent=1951"}],"wp:term":[{"taxonomy":"category","embeddable":true,"href":"https:\/\/www.visit-ulcinj.com\/blog\/wp-json\/wp\/v2\/categories?post=1951"},{"taxonomy":"post_tag","embeddable":true,"href":"https:\/\/www.visit-ulcinj.com\/blog\/wp-json\/wp\/v2\/tags?post=1951"}],"curies":[{"name":"wp","href":"https:\/\/api.w.org\/{rel}","templated":true}]}}