{"id":19516,"date":"2009-04-28T23:21:15","date_gmt":"2009-04-28T21:21:15","guid":{"rendered":"http:\/\/www.visit-ulcinj.com\/blog\/?p=19516"},"modified":"2009-04-28T23:21:15","modified_gmt":"2009-04-28T21:21:15","slug":"adi-dhe-qetsroi-jemi-bashke-ne-loje","status":"publish","type":"post","link":"https:\/\/www.visit-ulcinj.com\/blog\/2009\/04\/28\/adi-dhe-qetsroi-jemi-bashke-ne-loje\/","title":{"rendered":"Adi dhe Qetsroi : Jemi bashk\u00eb n\u00eb loj\u00eb"},"content":{"rendered":"<p><em><a href=\"http:\/\/www.visit-ulcinj.com\/blog\/wp-content\/uploads\/2009\/04\/adi-sori-28.jpg\"><img loading=\"lazy\" class=\"alignleft size-full wp-image-19517\" title=\"adi-sori-big-brother-albania-2\" src=\"http:\/\/www.visit-ulcinj.com\/blog\/wp-content\/uploads\/2009\/04\/adi-sori-28.jpg\" alt=\"adi-sori-big-brother-albania-2\" width=\"300\" height=\"205\" \/><\/a>28\/04\/09 00:08<\/em><br \/>\n\u201cKa ardhur koha q\u00eb un\u00eb edhe ti t\u00eb luajm\u00eb bashk\u00eb\u201d- i thot\u00eb Sori Adit. Ata kan\u00eb vendosur q\u00eb t\u00eb diskutojn\u00eb p\u00ebr m\u00ebnyr\u00ebn se si veproi Adi kundrejt Pavlinit. Adi \u00ebsht\u00eb treguar i gatsh\u00ebm q\u00eb k\u00ebt\u00eb bised\u00eb ta zhvillojn\u00eb n\u00eb ato momente, por Sori d\u00ebshiron q\u00eb ta zhvillojn\u00eb dy dit\u00eb m\u00eb pas, n\u00eb kuadrin e loj\u00ebs. Sipas tij, ata duhet t\u00eb fillojn\u00eb t\u00eb nxjerrin n\u00eb pah mendimet e tyre reale p\u00ebr njeri-tjetrin. \u201cUn\u00eb t\u00eb kam sulmuar duke t\u00eb t\u00eb mbrojtur dhe k\u00ebt\u00eb ta kam th\u00ebn\u00eb\u201d- ia b\u00ebn t\u00eb qart\u00eb Adi Sorit m\u00ebnyr\u00ebn e loj\u00ebs s\u00eb tij. Sori shprehet se i di vlerat e Adit, por nuk \u00ebsht\u00eb i sigurt n\u00ebse Adi di vlerat e tij. Adi ia kthen se p\u00ebrsa jan\u00eb brenda n\u00eb loj\u00eb, jan\u00eb mir\u00eb, nd\u00ebrsa se cfar\u00eb do t\u00eb ndodh\u00eb kur t\u00eb dalin, \u00ebsht\u00eb tjet\u00ebr gj\u00eb dhe do jen\u00eb t\u00eb dy q\u00eb do ta vendosin n\u00ebse do t\u00eb ruajn\u00eb miq\u00ebsin\u00eb apo jo. T\u00eb dy fillojn\u00eb t\u00eb flasin hapur p\u00ebr loj\u00ebn q\u00eb b\u00ebn secili. Ata mendojn\u00eb se p\u00ebr cmimin, ata duhet t\u00eb luajn\u00eb deri n\u00eb fund si kund\u00ebrshtar\u00eb dhe t\u2019i japin dor\u00ebn njeri-tjetrit n\u00eb cdo rast. Adi shpreh dhe nj\u00ebher\u00eb motivin e tij t\u00eb loj\u00ebs q\u00eb brenda k\u00ebsaj lig\u00ebsie p\u00ebr t\u00eb fituar at\u00eb cmim, ai do t\u00eb tregoj\u00eb dhe pak mir\u00ebsi. Ai tregon se e vler\u00ebson si nj\u00eb protagonist n\u00eb loj\u00eb Sorin. Edhe Sori mendon t\u00eb nj\u00ebjt\u00ebn gj\u00eb p\u00ebr Adin dhe shprehet se e kupton m\u00ebnyr\u00ebn se si luan ai, por, sipas tij, Adi nuk di se cfar\u00eb \u00ebsht\u00eb shprehur ai n\u00eb konfesional kundrejt tij, ka folur mir\u00eb apo keq, dhe shton se ka q\u00ebn\u00eb shum\u00eb real dhe i sinqert\u00eb n\u00eb loj\u00ebn q\u00eb po b\u00ebn. P\u00ebr Adin, sinqeriteti n\u00eb loj\u00eb tregohet kur krijon edhe miq\u00ebsira, nd\u00ebrsa Sori nuk ka asnj\u00eb mik. \u201cUn\u00eb kam zgjedhur t\u00eb jem vet\u00ebm\u201d- thot\u00eb Sori.<\/p>\n","protected":false},"excerpt":{"rendered":"<p>28\/04\/09 00:08 \u201cKa ardhur koha q\u00eb un\u00eb edhe ti t\u00eb luajm\u00eb bashk\u00eb\u201d- i thot\u00eb Sori Adit. Ata kan\u00eb vendosur q\u00eb t\u00eb diskutojn\u00eb p\u00ebr m\u00ebnyr\u00ebn se si veproi Adi kundrejt Pavlinit. Adi \u00ebsht\u00eb treguar i gatsh\u00ebm q\u00eb k\u00ebt\u00eb bised\u00eb ta zhvillojn\u00eb n\u00eb ato momente, por Sori d\u00ebshiron q\u00eb ta zhvillojn\u00eb dy dit\u00eb m\u00eb pas, n\u00eb kuadrin [&hellip;]<\/p>\n","protected":false},"author":1,"featured_media":0,"comment_status":"open","ping_status":"closed","sticky":false,"template":"","format":"standard","meta":{"spay_email":"","jetpack_publicize_message":"","jetpack_is_tweetstorm":false,"jetpack_publicize_feature_enabled":true},"categories":[6502],"tags":[6520,6883,6516,6513,8276,6693],"jetpack_publicize_connections":[],"yoast_head":"<!-- This site is optimized with the Yoast SEO plugin v19.1 - https:\/\/yoast.com\/wordpress\/plugins\/seo\/ -->\n<title>Adi dhe Qetsroi : Jemi bashk\u00c3\u00ab n\u00c3\u00ab loj\u00c3\u00ab | Big Brother Albania 2<\/title>\n<meta name=\"description\" content=\"Big Brother Albania 2 - \u00e2\u20ac\u0153Ka ardhur koha q\u00c3\u00ab un\u00c3\u00ab edhe ti t\u00c3\u00ab luajm\u00c3\u00ab bashk\u00c3\u00ab\u00e2\u20ac\u009d- i thot\u00c3\u00ab Sori Adit. Ata kan\u00c3\u00ab vendosur q\u00c3\u00ab t\u00c3\u00ab diskutojn\u00c3\u00ab p\u00c3\u00abr m\u00c3\u00abnyr\u00c3\u00abn se si veproi Adi kundrejt Pavlinit.\" \/>\n<meta name=\"robots\" content=\"index, follow, max-snippet:-1, max-image-preview:large, max-video-preview:-1\" \/>\n<link rel=\"canonical\" href=\"https:\/\/www.visit-ulcinj.com\/blog\/2009\/04\/28\/adi-dhe-qetsroi-jemi-bashke-ne-loje\/\" \/>\n<meta property=\"og:locale\" content=\"en_US\" \/>\n<meta property=\"og:type\" content=\"article\" \/>\n<meta property=\"og:title\" content=\"Adi dhe Qetsroi : Jemi bashk\u00c3\u00ab n\u00c3\u00ab loj\u00c3\u00ab | Big Brother Albania 2\" \/>\n<meta property=\"og:description\" content=\"Big Brother Albania 2 - \u00e2\u20ac\u0153Ka ardhur koha q\u00c3\u00ab un\u00c3\u00ab edhe ti t\u00c3\u00ab luajm\u00c3\u00ab bashk\u00c3\u00ab\u00e2\u20ac\u009d- i thot\u00c3\u00ab Sori Adit. Ata kan\u00c3\u00ab vendosur q\u00c3\u00ab t\u00c3\u00ab diskutojn\u00c3\u00ab p\u00c3\u00abr m\u00c3\u00abnyr\u00c3\u00abn se si veproi Adi kundrejt Pavlinit.\" \/>\n<meta property=\"og:url\" content=\"https:\/\/www.visit-ulcinj.com\/blog\/2009\/04\/28\/adi-dhe-qetsroi-jemi-bashke-ne-loje\/\" \/>\n<meta property=\"og:site_name\" content=\"Lajme nga Ulqini\" \/>\n<meta property=\"article:published_time\" content=\"2009-04-28T21:21:15+00:00\" \/>\n<meta property=\"og:image\" content=\"http:\/\/www.visit-ulcinj.com\/blog\/wp-content\/uploads\/2009\/04\/adi-sori-28.jpg\" \/>\n<meta name=\"twitter:label1\" content=\"Written by\" \/>\n\t<meta name=\"twitter:data1\" content=\"ulqini\" \/>\n\t<meta name=\"twitter:label2\" content=\"Est. reading time\" \/>\n\t<meta name=\"twitter:data2\" content=\"2 minutes\" \/>\n<script type=\"application\/ld+json\" class=\"yoast-schema-graph\">{\"@context\":\"https:\/\/schema.org\",\"@graph\":[{\"@type\":\"WebSite\",\"@id\":\"https:\/\/www.visit-ulcinj.com\/blog\/#website\",\"url\":\"https:\/\/www.visit-ulcinj.com\/blog\/\",\"name\":\"Lajme nga Ulqini\",\"description\":\"Lajme,Vijesti,Ulqini,Ulqin,Crna Gora,Mali i Zi\",\"potentialAction\":[{\"@type\":\"SearchAction\",\"target\":{\"@type\":\"EntryPoint\",\"urlTemplate\":\"https:\/\/www.visit-ulcinj.com\/blog\/?s={search_term_string}\"},\"query-input\":\"required name=search_term_string\"}],\"inLanguage\":\"en-US\"},{\"@type\":\"ImageObject\",\"inLanguage\":\"en-US\",\"@id\":\"https:\/\/www.visit-ulcinj.com\/blog\/2009\/04\/28\/adi-dhe-qetsroi-jemi-bashke-ne-loje\/#primaryimage\",\"url\":\"http:\/\/www.visit-ulcinj.com\/blog\/wp-content\/uploads\/2009\/04\/adi-sori-28.jpg\",\"contentUrl\":\"http:\/\/www.visit-ulcinj.com\/blog\/wp-content\/uploads\/2009\/04\/adi-sori-28.jpg\"},{\"@type\":\"WebPage\",\"@id\":\"https:\/\/www.visit-ulcinj.com\/blog\/2009\/04\/28\/adi-dhe-qetsroi-jemi-bashke-ne-loje\/#webpage\",\"url\":\"https:\/\/www.visit-ulcinj.com\/blog\/2009\/04\/28\/adi-dhe-qetsroi-jemi-bashke-ne-loje\/\",\"name\":\"Adi dhe Qetsroi : Jemi bashk\u00c3\u00ab n\u00c3\u00ab loj\u00c3\u00ab | Big Brother Albania 2\",\"isPartOf\":{\"@id\":\"https:\/\/www.visit-ulcinj.com\/blog\/#website\"},\"primaryImageOfPage\":{\"@id\":\"https:\/\/www.visit-ulcinj.com\/blog\/2009\/04\/28\/adi-dhe-qetsroi-jemi-bashke-ne-loje\/#primaryimage\"},\"datePublished\":\"2009-04-28T21:21:15+00:00\",\"dateModified\":\"2009-04-28T21:21:15+00:00\",\"author\":{\"@id\":\"https:\/\/www.visit-ulcinj.com\/blog\/#\/schema\/person\/dcab619c614d3038751c63bc2aadc06d\"},\"description\":\"Big Brother Albania 2 - \u00e2\u20ac\u0153Ka ardhur koha q\u00c3\u00ab un\u00c3\u00ab edhe ti t\u00c3\u00ab luajm\u00c3\u00ab bashk\u00c3\u00ab\u00e2\u20ac\u009d- i thot\u00c3\u00ab Sori Adit. Ata kan\u00c3\u00ab vendosur q\u00c3\u00ab t\u00c3\u00ab diskutojn\u00c3\u00ab p\u00c3\u00abr m\u00c3\u00abnyr\u00c3\u00abn se si veproi Adi kundrejt Pavlinit.\",\"breadcrumb\":{\"@id\":\"https:\/\/www.visit-ulcinj.com\/blog\/2009\/04\/28\/adi-dhe-qetsroi-jemi-bashke-ne-loje\/#breadcrumb\"},\"inLanguage\":\"en-US\",\"potentialAction\":[{\"@type\":\"ReadAction\",\"target\":[\"https:\/\/www.visit-ulcinj.com\/blog\/2009\/04\/28\/adi-dhe-qetsroi-jemi-bashke-ne-loje\/\"]}]},{\"@type\":\"BreadcrumbList\",\"@id\":\"https:\/\/www.visit-ulcinj.com\/blog\/2009\/04\/28\/adi-dhe-qetsroi-jemi-bashke-ne-loje\/#breadcrumb\",\"itemListElement\":[{\"@type\":\"ListItem\",\"position\":1,\"name\":\"Adi dhe Qetsroi : Jemi bashk\u00eb n\u00eb loj\u00eb\"}]},{\"@type\":\"Person\",\"@id\":\"https:\/\/www.visit-ulcinj.com\/blog\/#\/schema\/person\/dcab619c614d3038751c63bc2aadc06d\",\"name\":\"ulqini\",\"sameAs\":[\"http:\/\/www.visit-ulcinj.com\"],\"url\":\"https:\/\/www.visit-ulcinj.com\/blog\/author\/admin\/\"}]}<\/script>\n<!-- \/ Yoast SEO plugin. -->","yoast_head_json":{"title":"Adi dhe Qetsroi : Jemi bashk\u00c3\u00ab n\u00c3\u00ab loj\u00c3\u00ab | Big Brother Albania 2","description":"Big Brother Albania 2 - \u00e2\u20ac\u0153Ka ardhur koha q\u00c3\u00ab un\u00c3\u00ab edhe ti t\u00c3\u00ab luajm\u00c3\u00ab bashk\u00c3\u00ab\u00e2\u20ac\u009d- i thot\u00c3\u00ab Sori Adit. Ata kan\u00c3\u00ab vendosur q\u00c3\u00ab t\u00c3\u00ab diskutojn\u00c3\u00ab p\u00c3\u00abr m\u00c3\u00abnyr\u00c3\u00abn se si veproi Adi kundrejt Pavlinit.","robots":{"index":"index","follow":"follow","max-snippet":"max-snippet:-1","max-image-preview":"max-image-preview:large","max-video-preview":"max-video-preview:-1"},"canonical":"https:\/\/www.visit-ulcinj.com\/blog\/2009\/04\/28\/adi-dhe-qetsroi-jemi-bashke-ne-loje\/","og_locale":"en_US","og_type":"article","og_title":"Adi dhe Qetsroi : Jemi bashk\u00c3\u00ab n\u00c3\u00ab loj\u00c3\u00ab | Big Brother Albania 2","og_description":"Big Brother Albania 2 - \u00e2\u20ac\u0153Ka ardhur koha q\u00c3\u00ab un\u00c3\u00ab edhe ti t\u00c3\u00ab luajm\u00c3\u00ab bashk\u00c3\u00ab\u00e2\u20ac\u009d- i thot\u00c3\u00ab Sori Adit. Ata kan\u00c3\u00ab vendosur q\u00c3\u00ab t\u00c3\u00ab diskutojn\u00c3\u00ab p\u00c3\u00abr m\u00c3\u00abnyr\u00c3\u00abn se si veproi Adi kundrejt Pavlinit.","og_url":"https:\/\/www.visit-ulcinj.com\/blog\/2009\/04\/28\/adi-dhe-qetsroi-jemi-bashke-ne-loje\/","og_site_name":"Lajme nga Ulqini","article_published_time":"2009-04-28T21:21:15+00:00","og_image":[{"url":"http:\/\/www.visit-ulcinj.com\/blog\/wp-content\/uploads\/2009\/04\/adi-sori-28.jpg"}],"twitter_misc":{"Written by":"ulqini","Est. reading time":"2 minutes"},"schema":{"@context":"https:\/\/schema.org","@graph":[{"@type":"WebSite","@id":"https:\/\/www.visit-ulcinj.com\/blog\/#website","url":"https:\/\/www.visit-ulcinj.com\/blog\/","name":"Lajme nga Ulqini","description":"Lajme,Vijesti,Ulqini,Ulqin,Crna Gora,Mali i Zi","potentialAction":[{"@type":"SearchAction","target":{"@type":"EntryPoint","urlTemplate":"https:\/\/www.visit-ulcinj.com\/blog\/?s={search_term_string}"},"query-input":"required name=search_term_string"}],"inLanguage":"en-US"},{"@type":"ImageObject","inLanguage":"en-US","@id":"https:\/\/www.visit-ulcinj.com\/blog\/2009\/04\/28\/adi-dhe-qetsroi-jemi-bashke-ne-loje\/#primaryimage","url":"http:\/\/www.visit-ulcinj.com\/blog\/wp-content\/uploads\/2009\/04\/adi-sori-28.jpg","contentUrl":"http:\/\/www.visit-ulcinj.com\/blog\/wp-content\/uploads\/2009\/04\/adi-sori-28.jpg"},{"@type":"WebPage","@id":"https:\/\/www.visit-ulcinj.com\/blog\/2009\/04\/28\/adi-dhe-qetsroi-jemi-bashke-ne-loje\/#webpage","url":"https:\/\/www.visit-ulcinj.com\/blog\/2009\/04\/28\/adi-dhe-qetsroi-jemi-bashke-ne-loje\/","name":"Adi dhe Qetsroi : Jemi bashk\u00c3\u00ab n\u00c3\u00ab loj\u00c3\u00ab | Big Brother Albania 2","isPartOf":{"@id":"https:\/\/www.visit-ulcinj.com\/blog\/#website"},"primaryImageOfPage":{"@id":"https:\/\/www.visit-ulcinj.com\/blog\/2009\/04\/28\/adi-dhe-qetsroi-jemi-bashke-ne-loje\/#primaryimage"},"datePublished":"2009-04-28T21:21:15+00:00","dateModified":"2009-04-28T21:21:15+00:00","author":{"@id":"https:\/\/www.visit-ulcinj.com\/blog\/#\/schema\/person\/dcab619c614d3038751c63bc2aadc06d"},"description":"Big Brother Albania 2 - \u00e2\u20ac\u0153Ka ardhur koha q\u00c3\u00ab un\u00c3\u00ab edhe ti t\u00c3\u00ab luajm\u00c3\u00ab bashk\u00c3\u00ab\u00e2\u20ac\u009d- i thot\u00c3\u00ab Sori Adit. Ata kan\u00c3\u00ab vendosur q\u00c3\u00ab t\u00c3\u00ab diskutojn\u00c3\u00ab p\u00c3\u00abr m\u00c3\u00abnyr\u00c3\u00abn se si veproi Adi kundrejt Pavlinit.","breadcrumb":{"@id":"https:\/\/www.visit-ulcinj.com\/blog\/2009\/04\/28\/adi-dhe-qetsroi-jemi-bashke-ne-loje\/#breadcrumb"},"inLanguage":"en-US","potentialAction":[{"@type":"ReadAction","target":["https:\/\/www.visit-ulcinj.com\/blog\/2009\/04\/28\/adi-dhe-qetsroi-jemi-bashke-ne-loje\/"]}]},{"@type":"BreadcrumbList","@id":"https:\/\/www.visit-ulcinj.com\/blog\/2009\/04\/28\/adi-dhe-qetsroi-jemi-bashke-ne-loje\/#breadcrumb","itemListElement":[{"@type":"ListItem","position":1,"name":"Adi dhe Qetsroi : Jemi bashk\u00eb n\u00eb loj\u00eb"}]},{"@type":"Person","@id":"https:\/\/www.visit-ulcinj.com\/blog\/#\/schema\/person\/dcab619c614d3038751c63bc2aadc06d","name":"ulqini","sameAs":["http:\/\/www.visit-ulcinj.com"],"url":"https:\/\/www.visit-ulcinj.com\/blog\/author\/admin\/"}]}},"jetpack_featured_media_url":"","jetpack_sharing_enabled":true,"jetpack_shortlink":"https:\/\/wp.me\/pe6lTn-54M","_links":{"self":[{"href":"https:\/\/www.visit-ulcinj.com\/blog\/wp-json\/wp\/v2\/posts\/19516"}],"collection":[{"href":"https:\/\/www.visit-ulcinj.com\/blog\/wp-json\/wp\/v2\/posts"}],"about":[{"href":"https:\/\/www.visit-ulcinj.com\/blog\/wp-json\/wp\/v2\/types\/post"}],"author":[{"embeddable":true,"href":"https:\/\/www.visit-ulcinj.com\/blog\/wp-json\/wp\/v2\/users\/1"}],"replies":[{"embeddable":true,"href":"https:\/\/www.visit-ulcinj.com\/blog\/wp-json\/wp\/v2\/comments?post=19516"}],"version-history":[{"count":0,"href":"https:\/\/www.visit-ulcinj.com\/blog\/wp-json\/wp\/v2\/posts\/19516\/revisions"}],"wp:attachment":[{"href":"https:\/\/www.visit-ulcinj.com\/blog\/wp-json\/wp\/v2\/media?parent=19516"}],"wp:term":[{"taxonomy":"category","embeddable":true,"href":"https:\/\/www.visit-ulcinj.com\/blog\/wp-json\/wp\/v2\/categories?post=19516"},{"taxonomy":"post_tag","embeddable":true,"href":"https:\/\/www.visit-ulcinj.com\/blog\/wp-json\/wp\/v2\/tags?post=19516"}],"curies":[{"name":"wp","href":"https:\/\/api.w.org\/{rel}","templated":true}]}}