{"id":19520,"date":"2009-04-28T23:24:44","date_gmt":"2009-04-28T21:24:44","guid":{"rendered":"http:\/\/www.visit-ulcinj.com\/blog\/?p=19520"},"modified":"2009-04-28T23:24:44","modified_gmt":"2009-04-28T21:24:44","slug":"adelajda-dhe-qetsori-tjeter-the-tjeter-bere","status":"publish","type":"post","link":"https:\/\/www.visit-ulcinj.com\/blog\/2009\/04\/28\/adelajda-dhe-qetsori-tjeter-the-tjeter-bere\/","title":{"rendered":"Adelajda dhe Qetsori : Tjet\u00ebr the, tjet\u00ebr b\u00ebre"},"content":{"rendered":"<p><em><span class=\"newsdate\"><a href=\"http:\/\/www.visit-ulcinj.com\/blog\/wp-content\/uploads\/2009\/04\/sori-adela-28.jpg\"><img loading=\"lazy\" class=\"alignleft size-full wp-image-19521\" title=\"sori-adela-big-brother-albania-2\" src=\"http:\/\/www.visit-ulcinj.com\/blog\/wp-content\/uploads\/2009\/04\/sori-adela-28.jpg\" alt=\"sori-adela-big-brother-albania-2\" width=\"300\" height=\"205\" \/><\/a>28\/04\/09 00:16<\/span><\/em><\/p>\n<p>N\u00eb mes t\u00eb bised\u00ebs nd\u00ebrhyn edhe Adela e cila kapet pas fjak\u00ebve t\u00eb Sorit q\u00eb po b\u00ebn loj\u00eb t\u00eb sinqert\u00eb. Ajo i k\u00ebrkon atij t\u2019i spjegoj\u00eb se p\u00ebrse para disa jav\u00ebsh, kur ata diskutuan n\u00eb lidhje me loj\u00ebn q\u00eb po b\u00ebnin t\u00eb dy, Sori i k\u00ebrkoi asaj q\u00eb t\u00eb nxirrnin n\u00eb nominim banor\u00ebt q\u00eb nuk e kishin provuar kurr\u00eb nominimin e n\u00eb t\u00eb v\u00ebrtet\u00eb, nxori at\u00eb dhe Aid\u00ebn. Sori i tregon se at\u00eb jav\u00eb, ajo dhe Aida ishin b\u00ebr\u00eb t\u00eb padurueshme p\u00ebr t\u00eb dhe p\u00ebr gjith\u00eb sht\u00ebpin\u00eb, duke treguar k\u00ebshtu nga vetja an\u00ebt e tyre m\u00eb negative. \u201cJu jeni ng\u00ebn\u00eb me njera-tjetr\u00ebn aq shum\u00eb, sa un\u00eb ju urreja dhe thjesht doja t\u00eb dilte nj\u00eb prej jush sepse nuk ju duroja dot m\u00eb, pa patur preferenc\u00eb se kush\u201d Ai shprehet se t\u00eb dy n\u00eb bised\u00ebn q\u00eb pat\u00ebn, nuk b\u00ebn\u00eb asnj\u00eb pakt mes tyre, por thjesht lan\u00eb t\u00eb n\u00ebnkuptohej dicka. Sori tregon se i nominoi sepse ndihej n\u00eb siklet se p\u00ebrkrah kujt t\u00eb pozicionohej n\u00eb at\u00eb debat. Sipas tij, p\u00ebr Adel\u00ebn kishte debules\u00eb por kishte nj\u00eb histori m\u00eb pozitive se Aida, nd\u00ebrsa p\u00ebr Aid\u00ebn kishte m\u00eb pak debules\u00eb, por kishte nj\u00eb histori m\u00eb t\u00eb v\u00ebshtir\u00eb t\u00eb jet\u00ebs. Sori thot\u00eb se kishte dhe t\u00eb tjer\u00eb q\u00eb mund t\u00eb nominonte si p\u00ebrshembull Bik\u00ebn dhe Adin q\u00eb e nominuan, por zgjodhi ato t\u00eb dyja p\u00ebr k\u00ebt\u00eb arsye dhe p\u00ebr m\u00eb tep\u00ebr sepse ato nj\u00eb jav\u00eb m\u00eb par\u00eb ishin b\u00ebr\u00eb \u201cshoqe\u201d. Adela ia kthen se kurr\u00eb nuk ka b\u00ebr\u00eb shoq\u00ebri me Aid\u00ebn, por vecse i ka folur sepse bashk\u00ebjetonte me t\u00eb. Sori thot\u00eb se nuk d\u00ebshiron t\u00eb futet n\u00eb k\u00ebt\u00eb histori sepse mbi t\u00eb gjitha mes tyre nuk kishte asnj\u00eb pakt; n\u00ebse do kishte pakt, at\u00ebher\u00eb ajo do kishte t\u00eb drejt\u00eb t\u2019i k\u00ebrkonte sqarime. Adela i thot\u00eb se nuk po i k\u00ebrkon sqarime sepse realisht nuk kishin asnj\u00eb pakt, por thjesht i dha nj\u00eb shembull q\u00eb ai ka devijuar nga loja e sinqert\u00eb. Ata mbyllin bised\u00ebn duke par\u00eb q\u00eb rreth tyre vijn\u00eb dhe banor\u00ebt e tjer\u00eb.<\/p>\n","protected":false},"excerpt":{"rendered":"<p>28\/04\/09 00:16 N\u00eb mes t\u00eb bised\u00ebs nd\u00ebrhyn edhe Adela e cila kapet pas fjak\u00ebve t\u00eb Sorit q\u00eb po b\u00ebn loj\u00eb t\u00eb sinqert\u00eb. Ajo i k\u00ebrkon atij t\u2019i spjegoj\u00eb se p\u00ebrse para disa jav\u00ebsh, kur ata diskutuan n\u00eb lidhje me loj\u00ebn q\u00eb po b\u00ebnin t\u00eb dy, Sori i k\u00ebrkoi asaj q\u00eb t\u00eb nxirrnin n\u00eb nominim banor\u00ebt [&hellip;]<\/p>\n","protected":false},"author":1,"featured_media":0,"comment_status":"open","ping_status":"closed","sticky":false,"template":"","format":"standard","meta":{"spay_email":"","jetpack_publicize_message":"","jetpack_is_tweetstorm":false,"jetpack_publicize_feature_enabled":true},"categories":[6502],"tags":[6529,6883,9121,8276,6693],"jetpack_publicize_connections":[],"yoast_head":"<!-- This site is optimized with the Yoast SEO plugin v19.1 - https:\/\/yoast.com\/wordpress\/plugins\/seo\/ -->\n<title>Adelajda dhe Qetsori : Tjet\u00c3\u00abr the, tjet\u00c3\u00abr b\u00c3\u00abre | Big Brother Albania 2<\/title>\n<meta name=\"description\" content=\"Big Brother Albania 2 - N\u00c3\u00ab mes t\u00c3\u00ab bised\u00c3\u00abs nd\u00c3\u00abrhyn edhe Adela e cila kapet pas fjak\u00c3\u00abve t\u00c3\u00ab Sorit q\u00c3\u00ab po b\u00c3\u00abn loj\u00c3\u00ab t\u00c3\u00ab sinqert\u00c3\u00ab. Ajo i k\u00c3\u00abrkon atij t\u00e2\u20ac\u2122i spjegoj\u00c3\u00ab se p\u00c3\u00abrse para disa jav\u00c3\u00absh, kur ata diskutuan n\u00c3\u00ab lidhje me loj\u00c3\u00abn q\u00c3\u00ab po b\u00c3\u00abnin t\u00c3\u00ab dy\" \/>\n<meta name=\"robots\" content=\"index, follow, max-snippet:-1, max-image-preview:large, max-video-preview:-1\" \/>\n<link rel=\"canonical\" href=\"https:\/\/www.visit-ulcinj.com\/blog\/2009\/04\/28\/adelajda-dhe-qetsori-tjeter-the-tjeter-bere\/\" \/>\n<meta property=\"og:locale\" content=\"en_US\" \/>\n<meta property=\"og:type\" content=\"article\" \/>\n<meta property=\"og:title\" content=\"Adelajda dhe Qetsori : Tjet\u00c3\u00abr the, tjet\u00c3\u00abr b\u00c3\u00abre | Big Brother Albania 2\" \/>\n<meta property=\"og:description\" content=\"Big Brother Albania 2 - N\u00c3\u00ab mes t\u00c3\u00ab bised\u00c3\u00abs nd\u00c3\u00abrhyn edhe Adela e cila kapet pas fjak\u00c3\u00abve t\u00c3\u00ab Sorit q\u00c3\u00ab po b\u00c3\u00abn loj\u00c3\u00ab t\u00c3\u00ab sinqert\u00c3\u00ab. Ajo i k\u00c3\u00abrkon atij t\u00e2\u20ac\u2122i spjegoj\u00c3\u00ab se p\u00c3\u00abrse para disa jav\u00c3\u00absh, kur ata diskutuan n\u00c3\u00ab lidhje me loj\u00c3\u00abn q\u00c3\u00ab po b\u00c3\u00abnin t\u00c3\u00ab dy\" \/>\n<meta property=\"og:url\" content=\"https:\/\/www.visit-ulcinj.com\/blog\/2009\/04\/28\/adelajda-dhe-qetsori-tjeter-the-tjeter-bere\/\" \/>\n<meta property=\"og:site_name\" content=\"Lajme nga Ulqini\" \/>\n<meta property=\"article:published_time\" content=\"2009-04-28T21:24:44+00:00\" \/>\n<meta property=\"og:image\" content=\"http:\/\/www.visit-ulcinj.com\/blog\/wp-content\/uploads\/2009\/04\/sori-adela-28.jpg\" \/>\n<meta name=\"twitter:label1\" content=\"Written by\" \/>\n\t<meta name=\"twitter:data1\" content=\"ulqini\" \/>\n\t<meta name=\"twitter:label2\" content=\"Est. reading time\" \/>\n\t<meta name=\"twitter:data2\" content=\"2 minutes\" \/>\n<script type=\"application\/ld+json\" class=\"yoast-schema-graph\">{\"@context\":\"https:\/\/schema.org\",\"@graph\":[{\"@type\":\"WebSite\",\"@id\":\"https:\/\/www.visit-ulcinj.com\/blog\/#website\",\"url\":\"https:\/\/www.visit-ulcinj.com\/blog\/\",\"name\":\"Lajme nga Ulqini\",\"description\":\"Lajme,Vijesti,Ulqini,Ulqin,Crna Gora,Mali i Zi\",\"potentialAction\":[{\"@type\":\"SearchAction\",\"target\":{\"@type\":\"EntryPoint\",\"urlTemplate\":\"https:\/\/www.visit-ulcinj.com\/blog\/?s={search_term_string}\"},\"query-input\":\"required name=search_term_string\"}],\"inLanguage\":\"en-US\"},{\"@type\":\"ImageObject\",\"inLanguage\":\"en-US\",\"@id\":\"https:\/\/www.visit-ulcinj.com\/blog\/2009\/04\/28\/adelajda-dhe-qetsori-tjeter-the-tjeter-bere\/#primaryimage\",\"url\":\"http:\/\/www.visit-ulcinj.com\/blog\/wp-content\/uploads\/2009\/04\/sori-adela-28.jpg\",\"contentUrl\":\"http:\/\/www.visit-ulcinj.com\/blog\/wp-content\/uploads\/2009\/04\/sori-adela-28.jpg\"},{\"@type\":\"WebPage\",\"@id\":\"https:\/\/www.visit-ulcinj.com\/blog\/2009\/04\/28\/adelajda-dhe-qetsori-tjeter-the-tjeter-bere\/#webpage\",\"url\":\"https:\/\/www.visit-ulcinj.com\/blog\/2009\/04\/28\/adelajda-dhe-qetsori-tjeter-the-tjeter-bere\/\",\"name\":\"Adelajda dhe Qetsori : Tjet\u00c3\u00abr the, tjet\u00c3\u00abr b\u00c3\u00abre | Big Brother Albania 2\",\"isPartOf\":{\"@id\":\"https:\/\/www.visit-ulcinj.com\/blog\/#website\"},\"primaryImageOfPage\":{\"@id\":\"https:\/\/www.visit-ulcinj.com\/blog\/2009\/04\/28\/adelajda-dhe-qetsori-tjeter-the-tjeter-bere\/#primaryimage\"},\"datePublished\":\"2009-04-28T21:24:44+00:00\",\"dateModified\":\"2009-04-28T21:24:44+00:00\",\"author\":{\"@id\":\"https:\/\/www.visit-ulcinj.com\/blog\/#\/schema\/person\/dcab619c614d3038751c63bc2aadc06d\"},\"description\":\"Big Brother Albania 2 - N\u00c3\u00ab mes t\u00c3\u00ab bised\u00c3\u00abs nd\u00c3\u00abrhyn edhe Adela e cila kapet pas fjak\u00c3\u00abve t\u00c3\u00ab Sorit q\u00c3\u00ab po b\u00c3\u00abn loj\u00c3\u00ab t\u00c3\u00ab sinqert\u00c3\u00ab. Ajo i k\u00c3\u00abrkon atij t\u00e2\u20ac\u2122i spjegoj\u00c3\u00ab se p\u00c3\u00abrse para disa jav\u00c3\u00absh, kur ata diskutuan n\u00c3\u00ab lidhje me loj\u00c3\u00abn q\u00c3\u00ab po b\u00c3\u00abnin t\u00c3\u00ab dy\",\"breadcrumb\":{\"@id\":\"https:\/\/www.visit-ulcinj.com\/blog\/2009\/04\/28\/adelajda-dhe-qetsori-tjeter-the-tjeter-bere\/#breadcrumb\"},\"inLanguage\":\"en-US\",\"potentialAction\":[{\"@type\":\"ReadAction\",\"target\":[\"https:\/\/www.visit-ulcinj.com\/blog\/2009\/04\/28\/adelajda-dhe-qetsori-tjeter-the-tjeter-bere\/\"]}]},{\"@type\":\"BreadcrumbList\",\"@id\":\"https:\/\/www.visit-ulcinj.com\/blog\/2009\/04\/28\/adelajda-dhe-qetsori-tjeter-the-tjeter-bere\/#breadcrumb\",\"itemListElement\":[{\"@type\":\"ListItem\",\"position\":1,\"name\":\"Adelajda dhe Qetsori : Tjet\u00ebr the, tjet\u00ebr b\u00ebre\"}]},{\"@type\":\"Person\",\"@id\":\"https:\/\/www.visit-ulcinj.com\/blog\/#\/schema\/person\/dcab619c614d3038751c63bc2aadc06d\",\"name\":\"ulqini\",\"sameAs\":[\"http:\/\/www.visit-ulcinj.com\"],\"url\":\"https:\/\/www.visit-ulcinj.com\/blog\/author\/admin\/\"}]}<\/script>\n<!-- \/ Yoast SEO plugin. -->","yoast_head_json":{"title":"Adelajda dhe Qetsori : Tjet\u00c3\u00abr the, tjet\u00c3\u00abr b\u00c3\u00abre | Big Brother Albania 2","description":"Big Brother Albania 2 - N\u00c3\u00ab mes t\u00c3\u00ab bised\u00c3\u00abs nd\u00c3\u00abrhyn edhe Adela e cila kapet pas fjak\u00c3\u00abve t\u00c3\u00ab Sorit q\u00c3\u00ab po b\u00c3\u00abn loj\u00c3\u00ab t\u00c3\u00ab sinqert\u00c3\u00ab. Ajo i k\u00c3\u00abrkon atij t\u00e2\u20ac\u2122i spjegoj\u00c3\u00ab se p\u00c3\u00abrse para disa jav\u00c3\u00absh, kur ata diskutuan n\u00c3\u00ab lidhje me loj\u00c3\u00abn q\u00c3\u00ab po b\u00c3\u00abnin t\u00c3\u00ab dy","robots":{"index":"index","follow":"follow","max-snippet":"max-snippet:-1","max-image-preview":"max-image-preview:large","max-video-preview":"max-video-preview:-1"},"canonical":"https:\/\/www.visit-ulcinj.com\/blog\/2009\/04\/28\/adelajda-dhe-qetsori-tjeter-the-tjeter-bere\/","og_locale":"en_US","og_type":"article","og_title":"Adelajda dhe Qetsori : Tjet\u00c3\u00abr the, tjet\u00c3\u00abr b\u00c3\u00abre | Big Brother Albania 2","og_description":"Big Brother Albania 2 - N\u00c3\u00ab mes t\u00c3\u00ab bised\u00c3\u00abs nd\u00c3\u00abrhyn edhe Adela e cila kapet pas fjak\u00c3\u00abve t\u00c3\u00ab Sorit q\u00c3\u00ab po b\u00c3\u00abn loj\u00c3\u00ab t\u00c3\u00ab sinqert\u00c3\u00ab. Ajo i k\u00c3\u00abrkon atij t\u00e2\u20ac\u2122i spjegoj\u00c3\u00ab se p\u00c3\u00abrse para disa jav\u00c3\u00absh, kur ata diskutuan n\u00c3\u00ab lidhje me loj\u00c3\u00abn q\u00c3\u00ab po b\u00c3\u00abnin t\u00c3\u00ab dy","og_url":"https:\/\/www.visit-ulcinj.com\/blog\/2009\/04\/28\/adelajda-dhe-qetsori-tjeter-the-tjeter-bere\/","og_site_name":"Lajme nga Ulqini","article_published_time":"2009-04-28T21:24:44+00:00","og_image":[{"url":"http:\/\/www.visit-ulcinj.com\/blog\/wp-content\/uploads\/2009\/04\/sori-adela-28.jpg"}],"twitter_misc":{"Written by":"ulqini","Est. reading time":"2 minutes"},"schema":{"@context":"https:\/\/schema.org","@graph":[{"@type":"WebSite","@id":"https:\/\/www.visit-ulcinj.com\/blog\/#website","url":"https:\/\/www.visit-ulcinj.com\/blog\/","name":"Lajme nga Ulqini","description":"Lajme,Vijesti,Ulqini,Ulqin,Crna Gora,Mali i Zi","potentialAction":[{"@type":"SearchAction","target":{"@type":"EntryPoint","urlTemplate":"https:\/\/www.visit-ulcinj.com\/blog\/?s={search_term_string}"},"query-input":"required name=search_term_string"}],"inLanguage":"en-US"},{"@type":"ImageObject","inLanguage":"en-US","@id":"https:\/\/www.visit-ulcinj.com\/blog\/2009\/04\/28\/adelajda-dhe-qetsori-tjeter-the-tjeter-bere\/#primaryimage","url":"http:\/\/www.visit-ulcinj.com\/blog\/wp-content\/uploads\/2009\/04\/sori-adela-28.jpg","contentUrl":"http:\/\/www.visit-ulcinj.com\/blog\/wp-content\/uploads\/2009\/04\/sori-adela-28.jpg"},{"@type":"WebPage","@id":"https:\/\/www.visit-ulcinj.com\/blog\/2009\/04\/28\/adelajda-dhe-qetsori-tjeter-the-tjeter-bere\/#webpage","url":"https:\/\/www.visit-ulcinj.com\/blog\/2009\/04\/28\/adelajda-dhe-qetsori-tjeter-the-tjeter-bere\/","name":"Adelajda dhe Qetsori : Tjet\u00c3\u00abr the, tjet\u00c3\u00abr b\u00c3\u00abre | Big Brother Albania 2","isPartOf":{"@id":"https:\/\/www.visit-ulcinj.com\/blog\/#website"},"primaryImageOfPage":{"@id":"https:\/\/www.visit-ulcinj.com\/blog\/2009\/04\/28\/adelajda-dhe-qetsori-tjeter-the-tjeter-bere\/#primaryimage"},"datePublished":"2009-04-28T21:24:44+00:00","dateModified":"2009-04-28T21:24:44+00:00","author":{"@id":"https:\/\/www.visit-ulcinj.com\/blog\/#\/schema\/person\/dcab619c614d3038751c63bc2aadc06d"},"description":"Big Brother Albania 2 - N\u00c3\u00ab mes t\u00c3\u00ab bised\u00c3\u00abs nd\u00c3\u00abrhyn edhe Adela e cila kapet pas fjak\u00c3\u00abve t\u00c3\u00ab Sorit q\u00c3\u00ab po b\u00c3\u00abn loj\u00c3\u00ab t\u00c3\u00ab sinqert\u00c3\u00ab. Ajo i k\u00c3\u00abrkon atij t\u00e2\u20ac\u2122i spjegoj\u00c3\u00ab se p\u00c3\u00abrse para disa jav\u00c3\u00absh, kur ata diskutuan n\u00c3\u00ab lidhje me loj\u00c3\u00abn q\u00c3\u00ab po b\u00c3\u00abnin t\u00c3\u00ab dy","breadcrumb":{"@id":"https:\/\/www.visit-ulcinj.com\/blog\/2009\/04\/28\/adelajda-dhe-qetsori-tjeter-the-tjeter-bere\/#breadcrumb"},"inLanguage":"en-US","potentialAction":[{"@type":"ReadAction","target":["https:\/\/www.visit-ulcinj.com\/blog\/2009\/04\/28\/adelajda-dhe-qetsori-tjeter-the-tjeter-bere\/"]}]},{"@type":"BreadcrumbList","@id":"https:\/\/www.visit-ulcinj.com\/blog\/2009\/04\/28\/adelajda-dhe-qetsori-tjeter-the-tjeter-bere\/#breadcrumb","itemListElement":[{"@type":"ListItem","position":1,"name":"Adelajda dhe Qetsori : Tjet\u00ebr the, tjet\u00ebr b\u00ebre"}]},{"@type":"Person","@id":"https:\/\/www.visit-ulcinj.com\/blog\/#\/schema\/person\/dcab619c614d3038751c63bc2aadc06d","name":"ulqini","sameAs":["http:\/\/www.visit-ulcinj.com"],"url":"https:\/\/www.visit-ulcinj.com\/blog\/author\/admin\/"}]}},"jetpack_featured_media_url":"","jetpack_sharing_enabled":true,"jetpack_shortlink":"https:\/\/wp.me\/pe6lTn-54Q","_links":{"self":[{"href":"https:\/\/www.visit-ulcinj.com\/blog\/wp-json\/wp\/v2\/posts\/19520"}],"collection":[{"href":"https:\/\/www.visit-ulcinj.com\/blog\/wp-json\/wp\/v2\/posts"}],"about":[{"href":"https:\/\/www.visit-ulcinj.com\/blog\/wp-json\/wp\/v2\/types\/post"}],"author":[{"embeddable":true,"href":"https:\/\/www.visit-ulcinj.com\/blog\/wp-json\/wp\/v2\/users\/1"}],"replies":[{"embeddable":true,"href":"https:\/\/www.visit-ulcinj.com\/blog\/wp-json\/wp\/v2\/comments?post=19520"}],"version-history":[{"count":0,"href":"https:\/\/www.visit-ulcinj.com\/blog\/wp-json\/wp\/v2\/posts\/19520\/revisions"}],"wp:attachment":[{"href":"https:\/\/www.visit-ulcinj.com\/blog\/wp-json\/wp\/v2\/media?parent=19520"}],"wp:term":[{"taxonomy":"category","embeddable":true,"href":"https:\/\/www.visit-ulcinj.com\/blog\/wp-json\/wp\/v2\/categories?post=19520"},{"taxonomy":"post_tag","embeddable":true,"href":"https:\/\/www.visit-ulcinj.com\/blog\/wp-json\/wp\/v2\/tags?post=19520"}],"curies":[{"name":"wp","href":"https:\/\/api.w.org\/{rel}","templated":true}]}}