{"id":19526,"date":"2009-04-28T23:29:39","date_gmt":"2009-04-28T21:29:39","guid":{"rendered":"http:\/\/www.visit-ulcinj.com\/blog\/?p=19526"},"modified":"2009-04-28T23:29:39","modified_gmt":"2009-04-28T21:29:39","slug":"ari-dhe-qetsori-aleanca-nuk-te-ben-lojtar-te-keq","status":"publish","type":"post","link":"https:\/\/www.visit-ulcinj.com\/blog\/2009\/04\/28\/ari-dhe-qetsori-aleanca-nuk-te-ben-lojtar-te-keq\/","title":{"rendered":"Ari dhe Qetsori : Aleanca nuk t\u00eb b\u00ebn lojtar t\u00eb keq"},"content":{"rendered":"<p><em><span class=\"newsdate\"><a href=\"http:\/\/www.visit-ulcinj.com\/blog\/wp-content\/uploads\/2009\/04\/sori-ari-aleancat-28.jpg\"><img loading=\"lazy\" class=\"alignleft size-full wp-image-19527\" title=\"sori-ari-aleancat-big-brother-albania-2\" src=\"http:\/\/www.visit-ulcinj.com\/blog\/wp-content\/uploads\/2009\/04\/sori-ari-aleancat-28.jpg\" alt=\"sori-ari-aleancat-big-brother-albania-2\" width=\"300\" height=\"205\" \/><\/a>28\/04\/09 00:30<\/span><\/em><\/p>\n<p>Ari vazhdon debatin e nisur m\u00eb par\u00eb se Sori e ka shprehur vet\u00eb q\u00eb \u00ebsht\u00eb i keq, por ai ia kthen se kjo gj\u00eb nuk \u00ebsht\u00eb e v\u00ebrtet\u00eb dhe se fjal\u00ebt e tija jan\u00eb transformuar. Ari i sjell shembullin e nj\u00eb nate m\u00eb par\u00eb kur Sori ishte shprehur n\u00eb at\u00eb m\u00ebnyr\u00eb, por Sori e sqaron se kjo ishte dicka e th\u00ebn\u00eb prej tyre dhe q\u00eb ai nuk e kund\u00ebrshtoi sepse nuk iu duk e arsyeshme p\u00ebr bised\u00ebn dhe vendin. Sori thekson dhe nj\u00ebher\u00eb se luan past\u00ebr, i sinqert\u00eb. Ari i thot\u00eb se n\u00ebse ai do luante v\u00ebrtet\u00eb i sinqert\u00eb, at\u00ebher\u00eb nuk do krijonte aleanca, por do luante vet\u00ebm. Sori mendon se edhe n\u00ebse \u00ebsht\u00eb munduar t\u00eb krijoj\u00eb aleanca, n\u00eb fund secili ka vendosur vet\u00eb se k\u00eb do t\u00eb sulmonte. Ai e pyet Arin n\u00ebse e ka zhg\u00ebnjyer ndonj\u00ebher\u00eb, por ai ia kthen se ka ndodhur e kund\u00ebrta. Sipas Sorit, kjo dot\u00eb thot\u00eb se ai po luan nj\u00ebsoj sic Ari e ka par\u00eb nga jasht\u00eb. Ari i kujton s\u00ebrish se ai shprehet q\u00eb luan past\u00ebr, nd\u00ebrkoh\u00eb q\u00eb sugjeron t\u00eb tjer\u00ebt t\u00eb b\u00ebjn\u00eb k\u00ebt\u00eb apo at\u00eb gj\u00eb. Sori i p\u00ebrgjigjet se mund t\u00eb jet\u00eb provokim, loj\u00eb, por q\u00eb sipas mendimeve t\u00eb Arit \u00ebsht\u00eb loj\u00eb e pis\u00ebt. Sori e sqaron se ai e shikon si nj\u00eb m\u00ebnyr\u00eb p\u00ebr t\u00eb vler\u00ebsuar se me k\u00eb mund t\u00eb krijoj\u00eb aleanca. Ari shprehet m\u00eb pas se kjo \u00ebsht\u00eb strategji, nd\u00ebrsa Sori vazhdon mendimin se strategjia \u00ebsht\u00eb pjes\u00eb e loj\u00ebs, e jo loj\u00eb e pis\u00ebt.\u00a0<br \/>\nBiseda mes Sorit, Arit dhe Adit vazhdon edhe n\u00eb kop\u00ebsht. Arit i vjen keq q\u00eb Sori deri dje e ka pranuar q\u00eb ka marr\u00eb rolin e t\u00eb keqit, nd\u00ebrsa tani e kund\u00ebrshton. Sori shprehet se ndryshojn\u00eb bisedat kur b\u00ebhen seriopzisht si kjo e tanishmja dhe ndryshiojn\u00eb kur b\u00ebhen n\u00eb kontekstin e shakas\u00eb. \u201cBrenda shakas\u00eb ka edhe t\u00eb v\u00ebrteta\u201d- ia kthen Ari. Ai shprehet ser Sori ka b\u00ebr\u00eb gjithmon\u00eb rolin e protagonistit provokator. \u201cKu \u00ebsht\u00eb e keqja n\u00eb k\u00ebt\u00eb mes?\u201d- pyet Sori. Ai thot\u00eb p\u00ebr veten se \u00ebsht\u00eb provokator, aktiv, i bezdissh\u00ebm, por jo q\u00eb Ari ta klasifikoj\u00eb tek \u201ci keqi\u201d. Ari thot\u00eb se po e klasifikon n\u00eb k\u00ebt\u00eb m\u00ebnyr\u00eb n\u00eb kontekstin e loj\u00ebs. Sori mendon se nuk \u00ebsht\u00eb e drejt\u00eb q\u00eb ta mendoj\u00eb ashtu vet\u00ebm se ai \u00ebsht\u00eb p\u00ebrpjekur t\u00eb b\u00ebj\u00eb aleanca dhe diskutime p\u00ebr nominimet, por p\u00ebr Arin, n\u00eb nj\u00eb loj\u00eb k\u00ebto gj\u00ebra vihen re. Sori fillon t\u2019i spjegoj\u00eb Arit se ka diskutuar me Arjonin n\u00eb lidhje me nominimet dhe k\u00ebt\u00eb gj\u00eb e ka b\u00ebr\u00eb p\u00ebr nj\u00eb arsye shum\u00eb t\u00eb fort\u00eb: q\u00eb t\u00eb jet\u00eb dhe ai protagonist n\u00eb loj\u00eb. Ai tregon se k\u00ebto lloj diskutimesh jan\u00eb b\u00ebr\u00eb kur ai gatuante me t\u00eb dhe e ka b\u00ebr\u00eb k\u00ebt\u00eb gj\u00eb q\u00eb t\u00eb kishte v\u00ebmendjen e kamerave, duke u nisur nga nj\u00eb shprehje e Bjordit q\u00eb thoshte se nuk i laj en\u00ebt sepse ashtu nuk m\u00eb shikon njeri. Sipas Sorit, n\u00ebse do gatuante vet\u00ebm, edhe pse k\u00ebt\u00eb gj\u00eb e b\u00ebn me k\u00ebnaq\u00ebsi, askush nuk do \u00ebshironte ta shihte kur t\u00eb tjer\u00ebt mund t\u00eb ishin duke b\u00ebr\u00eb dicka m\u00eb interesante se ai. \u201cDua t\u00eb jem protagonist n\u00eb loj\u00eb e n\u00eb t\u00eb nj\u00ebjt\u00ebn koh\u00eb dhe t\u00eb gatuaj\u201d- thot\u00eb ai. Sori tregon gjithashtu se k\u00ebto \u201caleanca t\u00eb jashtme\u201d me Arjonin ishin sa p\u00ebr efekt loje, sepse n\u00eb realitet, si njeri dhe tjetri b\u00ebnin at\u00eb q\u00eb mendonin se ishte m\u00eb e drejta p\u00ebr t\u2019u b\u00ebr\u00eb nisur nga mendimet personale.<\/p>\n","protected":false},"excerpt":{"rendered":"<p>28\/04\/09 00:30 Ari vazhdon debatin e nisur m\u00eb par\u00eb se Sori e ka shprehur vet\u00eb q\u00eb \u00ebsht\u00eb i keq, por ai ia kthen se kjo gj\u00eb nuk \u00ebsht\u00eb e v\u00ebrtet\u00eb dhe se fjal\u00ebt e tija jan\u00eb transformuar. Ari i sjell shembullin e nj\u00eb nate m\u00eb par\u00eb kur Sori ishte shprehur n\u00eb at\u00eb m\u00ebnyr\u00eb, por Sori [&hellip;]<\/p>\n","protected":false},"author":1,"featured_media":0,"comment_status":"open","ping_status":"closed","sticky":false,"template":"","format":"standard","meta":{"spay_email":"","jetpack_publicize_message":"","jetpack_is_tweetstorm":false,"jetpack_publicize_feature_enabled":true},"categories":[6502],"tags":[9729,8784,8934,6883,9121,9698,9731,9730,8276,9732],"jetpack_publicize_connections":[],"yoast_head":"<!-- This site is optimized with the Yoast SEO plugin v19.1 - https:\/\/yoast.com\/wordpress\/plugins\/seo\/ -->\n<title>Ari dhe Qetsori : Aleanca nuk t\u00c3\u00ab b\u00c3\u00abn lojtar t\u00c3\u00ab keq | Big Brother Albania 2<\/title>\n<meta name=\"description\" content=\"Big Brother Albania 2 - Ari vazhdon debatin e nisur m\u00c3\u00ab par\u00c3\u00ab se Sori e ka shprehur vet\u00c3\u00ab q\u00c3\u00ab \u00c3\u00absht\u00c3\u00ab i keq, por ai ia kthen se kjo gj\u00c3\u00ab nuk \u00c3\u00absht\u00c3\u00ab e v\u00c3\u00abrtet\u00c3\u00ab dhe se fjal\u00c3\u00abt e tija jan\u00c3\u00ab transformuar.\" \/>\n<meta name=\"robots\" content=\"index, follow, max-snippet:-1, max-image-preview:large, max-video-preview:-1\" \/>\n<link rel=\"canonical\" href=\"https:\/\/www.visit-ulcinj.com\/blog\/2009\/04\/28\/ari-dhe-qetsori-aleanca-nuk-te-ben-lojtar-te-keq\/\" \/>\n<meta property=\"og:locale\" content=\"en_US\" \/>\n<meta property=\"og:type\" content=\"article\" \/>\n<meta property=\"og:title\" content=\"Ari dhe Qetsori : Aleanca nuk t\u00c3\u00ab b\u00c3\u00abn lojtar t\u00c3\u00ab keq | Big Brother Albania 2\" \/>\n<meta property=\"og:description\" content=\"Big Brother Albania 2 - Ari vazhdon debatin e nisur m\u00c3\u00ab par\u00c3\u00ab se Sori e ka shprehur vet\u00c3\u00ab q\u00c3\u00ab \u00c3\u00absht\u00c3\u00ab i keq, por ai ia kthen se kjo gj\u00c3\u00ab nuk \u00c3\u00absht\u00c3\u00ab e v\u00c3\u00abrtet\u00c3\u00ab dhe se fjal\u00c3\u00abt e tija jan\u00c3\u00ab transformuar.\" \/>\n<meta property=\"og:url\" content=\"https:\/\/www.visit-ulcinj.com\/blog\/2009\/04\/28\/ari-dhe-qetsori-aleanca-nuk-te-ben-lojtar-te-keq\/\" \/>\n<meta property=\"og:site_name\" content=\"Lajme nga Ulqini\" \/>\n<meta property=\"article:published_time\" content=\"2009-04-28T21:29:39+00:00\" \/>\n<meta property=\"og:image\" content=\"http:\/\/www.visit-ulcinj.com\/blog\/wp-content\/uploads\/2009\/04\/sori-ari-aleancat-28.jpg\" \/>\n<meta name=\"twitter:label1\" content=\"Written by\" \/>\n\t<meta name=\"twitter:data1\" content=\"ulqini\" \/>\n\t<meta name=\"twitter:label2\" content=\"Est. reading time\" \/>\n\t<meta name=\"twitter:data2\" content=\"3 minutes\" \/>\n<script type=\"application\/ld+json\" class=\"yoast-schema-graph\">{\"@context\":\"https:\/\/schema.org\",\"@graph\":[{\"@type\":\"WebSite\",\"@id\":\"https:\/\/www.visit-ulcinj.com\/blog\/#website\",\"url\":\"https:\/\/www.visit-ulcinj.com\/blog\/\",\"name\":\"Lajme nga Ulqini\",\"description\":\"Lajme,Vijesti,Ulqini,Ulqin,Crna Gora,Mali i Zi\",\"potentialAction\":[{\"@type\":\"SearchAction\",\"target\":{\"@type\":\"EntryPoint\",\"urlTemplate\":\"https:\/\/www.visit-ulcinj.com\/blog\/?s={search_term_string}\"},\"query-input\":\"required name=search_term_string\"}],\"inLanguage\":\"en-US\"},{\"@type\":\"ImageObject\",\"inLanguage\":\"en-US\",\"@id\":\"https:\/\/www.visit-ulcinj.com\/blog\/2009\/04\/28\/ari-dhe-qetsori-aleanca-nuk-te-ben-lojtar-te-keq\/#primaryimage\",\"url\":\"http:\/\/www.visit-ulcinj.com\/blog\/wp-content\/uploads\/2009\/04\/sori-ari-aleancat-28.jpg\",\"contentUrl\":\"http:\/\/www.visit-ulcinj.com\/blog\/wp-content\/uploads\/2009\/04\/sori-ari-aleancat-28.jpg\"},{\"@type\":\"WebPage\",\"@id\":\"https:\/\/www.visit-ulcinj.com\/blog\/2009\/04\/28\/ari-dhe-qetsori-aleanca-nuk-te-ben-lojtar-te-keq\/#webpage\",\"url\":\"https:\/\/www.visit-ulcinj.com\/blog\/2009\/04\/28\/ari-dhe-qetsori-aleanca-nuk-te-ben-lojtar-te-keq\/\",\"name\":\"Ari dhe Qetsori : Aleanca nuk t\u00c3\u00ab b\u00c3\u00abn lojtar t\u00c3\u00ab keq | Big Brother Albania 2\",\"isPartOf\":{\"@id\":\"https:\/\/www.visit-ulcinj.com\/blog\/#website\"},\"primaryImageOfPage\":{\"@id\":\"https:\/\/www.visit-ulcinj.com\/blog\/2009\/04\/28\/ari-dhe-qetsori-aleanca-nuk-te-ben-lojtar-te-keq\/#primaryimage\"},\"datePublished\":\"2009-04-28T21:29:39+00:00\",\"dateModified\":\"2009-04-28T21:29:39+00:00\",\"author\":{\"@id\":\"https:\/\/www.visit-ulcinj.com\/blog\/#\/schema\/person\/dcab619c614d3038751c63bc2aadc06d\"},\"description\":\"Big Brother Albania 2 - Ari vazhdon debatin e nisur m\u00c3\u00ab par\u00c3\u00ab se Sori e ka shprehur vet\u00c3\u00ab q\u00c3\u00ab \u00c3\u00absht\u00c3\u00ab i keq, por ai ia kthen se kjo gj\u00c3\u00ab nuk \u00c3\u00absht\u00c3\u00ab e v\u00c3\u00abrtet\u00c3\u00ab dhe se fjal\u00c3\u00abt e tija jan\u00c3\u00ab transformuar.\",\"breadcrumb\":{\"@id\":\"https:\/\/www.visit-ulcinj.com\/blog\/2009\/04\/28\/ari-dhe-qetsori-aleanca-nuk-te-ben-lojtar-te-keq\/#breadcrumb\"},\"inLanguage\":\"en-US\",\"potentialAction\":[{\"@type\":\"ReadAction\",\"target\":[\"https:\/\/www.visit-ulcinj.com\/blog\/2009\/04\/28\/ari-dhe-qetsori-aleanca-nuk-te-ben-lojtar-te-keq\/\"]}]},{\"@type\":\"BreadcrumbList\",\"@id\":\"https:\/\/www.visit-ulcinj.com\/blog\/2009\/04\/28\/ari-dhe-qetsori-aleanca-nuk-te-ben-lojtar-te-keq\/#breadcrumb\",\"itemListElement\":[{\"@type\":\"ListItem\",\"position\":1,\"name\":\"Ari dhe Qetsori : Aleanca nuk t\u00eb b\u00ebn lojtar t\u00eb keq\"}]},{\"@type\":\"Person\",\"@id\":\"https:\/\/www.visit-ulcinj.com\/blog\/#\/schema\/person\/dcab619c614d3038751c63bc2aadc06d\",\"name\":\"ulqini\",\"sameAs\":[\"http:\/\/www.visit-ulcinj.com\"],\"url\":\"https:\/\/www.visit-ulcinj.com\/blog\/author\/admin\/\"}]}<\/script>\n<!-- \/ Yoast SEO plugin. -->","yoast_head_json":{"title":"Ari dhe Qetsori : Aleanca nuk t\u00c3\u00ab b\u00c3\u00abn lojtar t\u00c3\u00ab keq | Big Brother Albania 2","description":"Big Brother Albania 2 - Ari vazhdon debatin e nisur m\u00c3\u00ab par\u00c3\u00ab se Sori e ka shprehur vet\u00c3\u00ab q\u00c3\u00ab \u00c3\u00absht\u00c3\u00ab i keq, por ai ia kthen se kjo gj\u00c3\u00ab nuk \u00c3\u00absht\u00c3\u00ab e v\u00c3\u00abrtet\u00c3\u00ab dhe se fjal\u00c3\u00abt e tija jan\u00c3\u00ab transformuar.","robots":{"index":"index","follow":"follow","max-snippet":"max-snippet:-1","max-image-preview":"max-image-preview:large","max-video-preview":"max-video-preview:-1"},"canonical":"https:\/\/www.visit-ulcinj.com\/blog\/2009\/04\/28\/ari-dhe-qetsori-aleanca-nuk-te-ben-lojtar-te-keq\/","og_locale":"en_US","og_type":"article","og_title":"Ari dhe Qetsori : Aleanca nuk t\u00c3\u00ab b\u00c3\u00abn lojtar t\u00c3\u00ab keq | Big Brother Albania 2","og_description":"Big Brother Albania 2 - Ari vazhdon debatin e nisur m\u00c3\u00ab par\u00c3\u00ab se Sori e ka shprehur vet\u00c3\u00ab q\u00c3\u00ab \u00c3\u00absht\u00c3\u00ab i keq, por ai ia kthen se kjo gj\u00c3\u00ab nuk \u00c3\u00absht\u00c3\u00ab e v\u00c3\u00abrtet\u00c3\u00ab dhe se fjal\u00c3\u00abt e tija jan\u00c3\u00ab transformuar.","og_url":"https:\/\/www.visit-ulcinj.com\/blog\/2009\/04\/28\/ari-dhe-qetsori-aleanca-nuk-te-ben-lojtar-te-keq\/","og_site_name":"Lajme nga Ulqini","article_published_time":"2009-04-28T21:29:39+00:00","og_image":[{"url":"http:\/\/www.visit-ulcinj.com\/blog\/wp-content\/uploads\/2009\/04\/sori-ari-aleancat-28.jpg"}],"twitter_misc":{"Written by":"ulqini","Est. reading time":"3 minutes"},"schema":{"@context":"https:\/\/schema.org","@graph":[{"@type":"WebSite","@id":"https:\/\/www.visit-ulcinj.com\/blog\/#website","url":"https:\/\/www.visit-ulcinj.com\/blog\/","name":"Lajme nga Ulqini","description":"Lajme,Vijesti,Ulqini,Ulqin,Crna Gora,Mali i Zi","potentialAction":[{"@type":"SearchAction","target":{"@type":"EntryPoint","urlTemplate":"https:\/\/www.visit-ulcinj.com\/blog\/?s={search_term_string}"},"query-input":"required name=search_term_string"}],"inLanguage":"en-US"},{"@type":"ImageObject","inLanguage":"en-US","@id":"https:\/\/www.visit-ulcinj.com\/blog\/2009\/04\/28\/ari-dhe-qetsori-aleanca-nuk-te-ben-lojtar-te-keq\/#primaryimage","url":"http:\/\/www.visit-ulcinj.com\/blog\/wp-content\/uploads\/2009\/04\/sori-ari-aleancat-28.jpg","contentUrl":"http:\/\/www.visit-ulcinj.com\/blog\/wp-content\/uploads\/2009\/04\/sori-ari-aleancat-28.jpg"},{"@type":"WebPage","@id":"https:\/\/www.visit-ulcinj.com\/blog\/2009\/04\/28\/ari-dhe-qetsori-aleanca-nuk-te-ben-lojtar-te-keq\/#webpage","url":"https:\/\/www.visit-ulcinj.com\/blog\/2009\/04\/28\/ari-dhe-qetsori-aleanca-nuk-te-ben-lojtar-te-keq\/","name":"Ari dhe Qetsori : Aleanca nuk t\u00c3\u00ab b\u00c3\u00abn lojtar t\u00c3\u00ab keq | Big Brother Albania 2","isPartOf":{"@id":"https:\/\/www.visit-ulcinj.com\/blog\/#website"},"primaryImageOfPage":{"@id":"https:\/\/www.visit-ulcinj.com\/blog\/2009\/04\/28\/ari-dhe-qetsori-aleanca-nuk-te-ben-lojtar-te-keq\/#primaryimage"},"datePublished":"2009-04-28T21:29:39+00:00","dateModified":"2009-04-28T21:29:39+00:00","author":{"@id":"https:\/\/www.visit-ulcinj.com\/blog\/#\/schema\/person\/dcab619c614d3038751c63bc2aadc06d"},"description":"Big Brother Albania 2 - Ari vazhdon debatin e nisur m\u00c3\u00ab par\u00c3\u00ab se Sori e ka shprehur vet\u00c3\u00ab q\u00c3\u00ab \u00c3\u00absht\u00c3\u00ab i keq, por ai ia kthen se kjo gj\u00c3\u00ab nuk \u00c3\u00absht\u00c3\u00ab e v\u00c3\u00abrtet\u00c3\u00ab dhe se fjal\u00c3\u00abt e tija jan\u00c3\u00ab transformuar.","breadcrumb":{"@id":"https:\/\/www.visit-ulcinj.com\/blog\/2009\/04\/28\/ari-dhe-qetsori-aleanca-nuk-te-ben-lojtar-te-keq\/#breadcrumb"},"inLanguage":"en-US","potentialAction":[{"@type":"ReadAction","target":["https:\/\/www.visit-ulcinj.com\/blog\/2009\/04\/28\/ari-dhe-qetsori-aleanca-nuk-te-ben-lojtar-te-keq\/"]}]},{"@type":"BreadcrumbList","@id":"https:\/\/www.visit-ulcinj.com\/blog\/2009\/04\/28\/ari-dhe-qetsori-aleanca-nuk-te-ben-lojtar-te-keq\/#breadcrumb","itemListElement":[{"@type":"ListItem","position":1,"name":"Ari dhe Qetsori : Aleanca nuk t\u00eb b\u00ebn lojtar t\u00eb keq"}]},{"@type":"Person","@id":"https:\/\/www.visit-ulcinj.com\/blog\/#\/schema\/person\/dcab619c614d3038751c63bc2aadc06d","name":"ulqini","sameAs":["http:\/\/www.visit-ulcinj.com"],"url":"https:\/\/www.visit-ulcinj.com\/blog\/author\/admin\/"}]}},"jetpack_featured_media_url":"","jetpack_sharing_enabled":true,"jetpack_shortlink":"https:\/\/wp.me\/pe6lTn-54W","_links":{"self":[{"href":"https:\/\/www.visit-ulcinj.com\/blog\/wp-json\/wp\/v2\/posts\/19526"}],"collection":[{"href":"https:\/\/www.visit-ulcinj.com\/blog\/wp-json\/wp\/v2\/posts"}],"about":[{"href":"https:\/\/www.visit-ulcinj.com\/blog\/wp-json\/wp\/v2\/types\/post"}],"author":[{"embeddable":true,"href":"https:\/\/www.visit-ulcinj.com\/blog\/wp-json\/wp\/v2\/users\/1"}],"replies":[{"embeddable":true,"href":"https:\/\/www.visit-ulcinj.com\/blog\/wp-json\/wp\/v2\/comments?post=19526"}],"version-history":[{"count":0,"href":"https:\/\/www.visit-ulcinj.com\/blog\/wp-json\/wp\/v2\/posts\/19526\/revisions"}],"wp:attachment":[{"href":"https:\/\/www.visit-ulcinj.com\/blog\/wp-json\/wp\/v2\/media?parent=19526"}],"wp:term":[{"taxonomy":"category","embeddable":true,"href":"https:\/\/www.visit-ulcinj.com\/blog\/wp-json\/wp\/v2\/categories?post=19526"},{"taxonomy":"post_tag","embeddable":true,"href":"https:\/\/www.visit-ulcinj.com\/blog\/wp-json\/wp\/v2\/tags?post=19526"}],"curies":[{"name":"wp","href":"https:\/\/api.w.org\/{rel}","templated":true}]}}