{"id":19530,"date":"2009-04-28T23:47:39","date_gmt":"2009-04-28T21:47:39","guid":{"rendered":"http:\/\/www.visit-ulcinj.com\/blog\/?p=19530"},"modified":"2009-04-28T23:47:39","modified_gmt":"2009-04-28T21:47:39","slug":"adi-eshte-loje","status":"publish","type":"post","link":"https:\/\/www.visit-ulcinj.com\/blog\/2009\/04\/28\/adi-eshte-loje\/","title":{"rendered":"Adi :  \u00cbsht\u00eb loj\u00eb"},"content":{"rendered":"<p><em><span class=\"newsdate\">ad<a href=\"http:\/\/www.visit-ulcinj.com\/blog\/wp-content\/uploads\/2009\/04\/adi-per-lojen-28.jpg\"><img loading=\"lazy\" class=\"alignleft size-full wp-image-19531\" title=\"adi-per-lojen-big-brother-albania-2\" src=\"http:\/\/www.visit-ulcinj.com\/blog\/wp-content\/uploads\/2009\/04\/adi-per-lojen-28.jpg\" alt=\"adi-per-lojen-big-brother-albania-2\" width=\"300\" height=\"205\" \/><\/a>28\/04\/09 00:45<\/span><\/em><\/p>\n<p>Shprehjen e Adit se ata duhet t\u00eb kapen vet\u00ebm tek gabimiet e tjetrit, Sori e pranon dhe mendon se edhe vet\u00eb at\u00eb mundiohet t\u00eb b\u00ebj\u00eb. Sori tregon se kur e kishte analizuar m\u00eb par\u00eb k\u00ebt\u00eb loj\u00eb, i kishin sugjeruar se tek kund\u00ebrshtari duhej t\u00eb kapej vet\u00ebm pas nj\u00eb defekti q\u00eb edhe ai e di se e ka dhe k\u00ebshtu loja do t\u00eb ishte n\u00eb rrug\u00eb t\u00eb drejt\u00eb, n\u00eb t\u00eb kund\u00ebrt, m\u00eb mir\u00eb t\u00eb t\u00ebrhiqej. Adi shprehet se n\u00eb fillim e kishte problem q\u00eb t\u00eb tregonte se kishte patur nj\u00eb jet\u00eb t\u00eb v\u00ebshtir\u00eb e kishte q\u00ebn\u00eb n\u00eb burg dhe kishte patur probleme me drog\u00ebn seps ekishte frik\u00eb se do ta paragjykonin pa e njohur mir\u00eb. \u201cDoja t\u2019iu njihja e t\u00eb m\u00eb njihnit n\u00eb fillim e pastaj t\u00eb luaja\u201d- thot\u00eb ai. Adi tregon se Sori e ka kapur n\u00eb nj\u00eb gabim, p\u00ebr at\u00eb se cfar\u00eb ndodhi me Pavlinin, por q\u00eb ajo si situat\u00eb ka dy m\u00ebnyra spjegimi. Adi preferon q\u00eb k\u00ebt\u00eb bised\u00eb ta mbyll\u00eb duke th\u00ebn\u00eb: \u201c\u00ebsht\u00eb nj\u00eb loj\u00eb\u201d dhe ndaj zgjodhi at\u00eb m\u00ebnyr\u00eb veprimi dhe se pak a shum\u00eb po luan n\u00eb t\u00eb nj\u00ebjt\u00ebn m\u00ebnyr\u00eb si Sori me Lirit\u00ebn dhe pik\u00ebrisht publiku e duartrokiti spjegimin e Sorit, sikurse mund t\u00eb duartrokasin edhe spjegimin e tij n\u00eb k\u00ebt\u00eb rast. Sori shprehet se n\u00eb nj\u00eb aleanc\u00eb treshe, ai nuk ndjehet i qet\u00eb n\u00ebse dikush e thyen at\u00eb sepse k\u00ebshtu mund t\u00eb rrezikoj\u00eb dhe ai. Adi sqaron se Pavlinin e nominoi duke menduar se at\u00eb nuk do ta nominonte njeri dhe n\u00eb k\u00ebt\u00eb m\u00ebnyr\u00eb do t\u00eb shp\u00ebtonte dik\u00eb tjet\u00ebr. \u201cUn\u00eb jam lutur q\u00eb t\u00eb mos dilte sepse nuk doja t\u00eb hapeshin k\u00ebto tema\u201d. Adi sqaron se ka patur edhe gj\u00ebra t\u00eb tjera mes tij dhe Pavlinit q\u00eb nuk i kan\u00eb p\u00eblqyer, gj\u00eb q\u00eb ka ndikuar n\u00eb vendimin e tij.<\/p>\n","protected":false},"excerpt":{"rendered":"<p>ad28\/04\/09 00:45 Shprehjen e Adit se ata duhet t\u00eb kapen vet\u00ebm tek gabimiet e tjetrit, Sori e pranon dhe mendon se edhe vet\u00eb at\u00eb mundiohet t\u00eb b\u00ebj\u00eb. Sori tregon se kur e kishte analizuar m\u00eb par\u00eb k\u00ebt\u00eb loj\u00eb, i kishin sugjeruar se tek kund\u00ebrshtari duhej t\u00eb kapej vet\u00ebm pas nj\u00eb defekti q\u00eb edhe ai e [&hellip;]<\/p>\n","protected":false},"author":1,"featured_media":0,"comment_status":"open","ping_status":"closed","sticky":false,"template":"","format":"standard","meta":{"spay_email":"","jetpack_publicize_message":"","jetpack_is_tweetstorm":false,"jetpack_publicize_feature_enabled":true},"categories":[6502],"tags":[1414,6520,9734,9121,9733,6513,8276,6887],"jetpack_publicize_connections":[],"yoast_head":"<!-- This site is optimized with the Yoast SEO plugin v19.1 - https:\/\/yoast.com\/wordpress\/plugins\/seo\/ -->\n<title>Adi : \u00cbsht\u00eb loj\u00eb - Lajme nga Ulqini<\/title>\n<meta name=\"description\" content=\"ad28\/04\/09 00:45 Shprehjen e Adit se ata duhet t\u00eb kapen vet\u00ebm tek gabimiet e tjetrit, Sori e pranon dhe mendon se edhe vet\u00eb at\u00eb mundiohet t\u00eb b\u00ebj\u00eb. Sori\" \/>\n<meta name=\"robots\" content=\"index, follow, max-snippet:-1, max-image-preview:large, max-video-preview:-1\" \/>\n<link rel=\"canonical\" href=\"https:\/\/www.visit-ulcinj.com\/blog\/2009\/04\/28\/adi-eshte-loje\/\" \/>\n<meta property=\"og:locale\" content=\"en_US\" \/>\n<meta property=\"og:type\" content=\"article\" \/>\n<meta property=\"og:title\" content=\"Adi : \u00cbsht\u00eb loj\u00eb - Lajme nga Ulqini\" \/>\n<meta property=\"og:description\" content=\"ad28\/04\/09 00:45 Shprehjen e Adit se ata duhet t\u00eb kapen vet\u00ebm tek gabimiet e tjetrit, Sori e pranon dhe mendon se edhe vet\u00eb at\u00eb mundiohet t\u00eb b\u00ebj\u00eb. Sori\" \/>\n<meta property=\"og:url\" content=\"https:\/\/www.visit-ulcinj.com\/blog\/2009\/04\/28\/adi-eshte-loje\/\" \/>\n<meta property=\"og:site_name\" content=\"Lajme nga Ulqini\" \/>\n<meta property=\"article:published_time\" content=\"2009-04-28T21:47:39+00:00\" \/>\n<meta property=\"og:image\" content=\"http:\/\/www.visit-ulcinj.com\/blog\/wp-content\/uploads\/2009\/04\/adi-per-lojen-28.jpg\" \/>\n<meta name=\"twitter:label1\" content=\"Written by\" \/>\n\t<meta name=\"twitter:data1\" content=\"ulqini\" \/>\n\t<meta name=\"twitter:label2\" content=\"Est. reading time\" \/>\n\t<meta name=\"twitter:data2\" content=\"2 minutes\" \/>\n<script type=\"application\/ld+json\" class=\"yoast-schema-graph\">{\"@context\":\"https:\/\/schema.org\",\"@graph\":[{\"@type\":\"WebSite\",\"@id\":\"https:\/\/www.visit-ulcinj.com\/blog\/#website\",\"url\":\"https:\/\/www.visit-ulcinj.com\/blog\/\",\"name\":\"Lajme nga Ulqini\",\"description\":\"Lajme,Vijesti,Ulqini,Ulqin,Crna Gora,Mali i Zi\",\"potentialAction\":[{\"@type\":\"SearchAction\",\"target\":{\"@type\":\"EntryPoint\",\"urlTemplate\":\"https:\/\/www.visit-ulcinj.com\/blog\/?s={search_term_string}\"},\"query-input\":\"required name=search_term_string\"}],\"inLanguage\":\"en-US\"},{\"@type\":\"ImageObject\",\"inLanguage\":\"en-US\",\"@id\":\"https:\/\/www.visit-ulcinj.com\/blog\/2009\/04\/28\/adi-eshte-loje\/#primaryimage\",\"url\":\"http:\/\/www.visit-ulcinj.com\/blog\/wp-content\/uploads\/2009\/04\/adi-per-lojen-28.jpg\",\"contentUrl\":\"http:\/\/www.visit-ulcinj.com\/blog\/wp-content\/uploads\/2009\/04\/adi-per-lojen-28.jpg\"},{\"@type\":\"WebPage\",\"@id\":\"https:\/\/www.visit-ulcinj.com\/blog\/2009\/04\/28\/adi-eshte-loje\/#webpage\",\"url\":\"https:\/\/www.visit-ulcinj.com\/blog\/2009\/04\/28\/adi-eshte-loje\/\",\"name\":\"Adi : \u00cbsht\u00eb loj\u00eb - Lajme nga Ulqini\",\"isPartOf\":{\"@id\":\"https:\/\/www.visit-ulcinj.com\/blog\/#website\"},\"primaryImageOfPage\":{\"@id\":\"https:\/\/www.visit-ulcinj.com\/blog\/2009\/04\/28\/adi-eshte-loje\/#primaryimage\"},\"datePublished\":\"2009-04-28T21:47:39+00:00\",\"dateModified\":\"2009-04-28T21:47:39+00:00\",\"author\":{\"@id\":\"https:\/\/www.visit-ulcinj.com\/blog\/#\/schema\/person\/dcab619c614d3038751c63bc2aadc06d\"},\"description\":\"ad28\/04\/09 00:45 Shprehjen e Adit se ata duhet t\u00eb kapen vet\u00ebm tek gabimiet e tjetrit, Sori e pranon dhe mendon se edhe vet\u00eb at\u00eb mundiohet t\u00eb b\u00ebj\u00eb. Sori\",\"breadcrumb\":{\"@id\":\"https:\/\/www.visit-ulcinj.com\/blog\/2009\/04\/28\/adi-eshte-loje\/#breadcrumb\"},\"inLanguage\":\"en-US\",\"potentialAction\":[{\"@type\":\"ReadAction\",\"target\":[\"https:\/\/www.visit-ulcinj.com\/blog\/2009\/04\/28\/adi-eshte-loje\/\"]}]},{\"@type\":\"BreadcrumbList\",\"@id\":\"https:\/\/www.visit-ulcinj.com\/blog\/2009\/04\/28\/adi-eshte-loje\/#breadcrumb\",\"itemListElement\":[{\"@type\":\"ListItem\",\"position\":1,\"name\":\"Adi : \u00cbsht\u00eb loj\u00eb\"}]},{\"@type\":\"Person\",\"@id\":\"https:\/\/www.visit-ulcinj.com\/blog\/#\/schema\/person\/dcab619c614d3038751c63bc2aadc06d\",\"name\":\"ulqini\",\"sameAs\":[\"http:\/\/www.visit-ulcinj.com\"],\"url\":\"https:\/\/www.visit-ulcinj.com\/blog\/author\/admin\/\"}]}<\/script>\n<!-- \/ Yoast SEO plugin. -->","yoast_head_json":{"title":"Adi : \u00cbsht\u00eb loj\u00eb - Lajme nga Ulqini","description":"ad28\/04\/09 00:45 Shprehjen e Adit se ata duhet t\u00eb kapen vet\u00ebm tek gabimiet e tjetrit, Sori e pranon dhe mendon se edhe vet\u00eb at\u00eb mundiohet t\u00eb b\u00ebj\u00eb. Sori","robots":{"index":"index","follow":"follow","max-snippet":"max-snippet:-1","max-image-preview":"max-image-preview:large","max-video-preview":"max-video-preview:-1"},"canonical":"https:\/\/www.visit-ulcinj.com\/blog\/2009\/04\/28\/adi-eshte-loje\/","og_locale":"en_US","og_type":"article","og_title":"Adi : \u00cbsht\u00eb loj\u00eb - Lajme nga Ulqini","og_description":"ad28\/04\/09 00:45 Shprehjen e Adit se ata duhet t\u00eb kapen vet\u00ebm tek gabimiet e tjetrit, Sori e pranon dhe mendon se edhe vet\u00eb at\u00eb mundiohet t\u00eb b\u00ebj\u00eb. Sori","og_url":"https:\/\/www.visit-ulcinj.com\/blog\/2009\/04\/28\/adi-eshte-loje\/","og_site_name":"Lajme nga Ulqini","article_published_time":"2009-04-28T21:47:39+00:00","og_image":[{"url":"http:\/\/www.visit-ulcinj.com\/blog\/wp-content\/uploads\/2009\/04\/adi-per-lojen-28.jpg"}],"twitter_misc":{"Written by":"ulqini","Est. reading time":"2 minutes"},"schema":{"@context":"https:\/\/schema.org","@graph":[{"@type":"WebSite","@id":"https:\/\/www.visit-ulcinj.com\/blog\/#website","url":"https:\/\/www.visit-ulcinj.com\/blog\/","name":"Lajme nga Ulqini","description":"Lajme,Vijesti,Ulqini,Ulqin,Crna Gora,Mali i Zi","potentialAction":[{"@type":"SearchAction","target":{"@type":"EntryPoint","urlTemplate":"https:\/\/www.visit-ulcinj.com\/blog\/?s={search_term_string}"},"query-input":"required name=search_term_string"}],"inLanguage":"en-US"},{"@type":"ImageObject","inLanguage":"en-US","@id":"https:\/\/www.visit-ulcinj.com\/blog\/2009\/04\/28\/adi-eshte-loje\/#primaryimage","url":"http:\/\/www.visit-ulcinj.com\/blog\/wp-content\/uploads\/2009\/04\/adi-per-lojen-28.jpg","contentUrl":"http:\/\/www.visit-ulcinj.com\/blog\/wp-content\/uploads\/2009\/04\/adi-per-lojen-28.jpg"},{"@type":"WebPage","@id":"https:\/\/www.visit-ulcinj.com\/blog\/2009\/04\/28\/adi-eshte-loje\/#webpage","url":"https:\/\/www.visit-ulcinj.com\/blog\/2009\/04\/28\/adi-eshte-loje\/","name":"Adi : \u00cbsht\u00eb loj\u00eb - Lajme nga Ulqini","isPartOf":{"@id":"https:\/\/www.visit-ulcinj.com\/blog\/#website"},"primaryImageOfPage":{"@id":"https:\/\/www.visit-ulcinj.com\/blog\/2009\/04\/28\/adi-eshte-loje\/#primaryimage"},"datePublished":"2009-04-28T21:47:39+00:00","dateModified":"2009-04-28T21:47:39+00:00","author":{"@id":"https:\/\/www.visit-ulcinj.com\/blog\/#\/schema\/person\/dcab619c614d3038751c63bc2aadc06d"},"description":"ad28\/04\/09 00:45 Shprehjen e Adit se ata duhet t\u00eb kapen vet\u00ebm tek gabimiet e tjetrit, Sori e pranon dhe mendon se edhe vet\u00eb at\u00eb mundiohet t\u00eb b\u00ebj\u00eb. Sori","breadcrumb":{"@id":"https:\/\/www.visit-ulcinj.com\/blog\/2009\/04\/28\/adi-eshte-loje\/#breadcrumb"},"inLanguage":"en-US","potentialAction":[{"@type":"ReadAction","target":["https:\/\/www.visit-ulcinj.com\/blog\/2009\/04\/28\/adi-eshte-loje\/"]}]},{"@type":"BreadcrumbList","@id":"https:\/\/www.visit-ulcinj.com\/blog\/2009\/04\/28\/adi-eshte-loje\/#breadcrumb","itemListElement":[{"@type":"ListItem","position":1,"name":"Adi : \u00cbsht\u00eb loj\u00eb"}]},{"@type":"Person","@id":"https:\/\/www.visit-ulcinj.com\/blog\/#\/schema\/person\/dcab619c614d3038751c63bc2aadc06d","name":"ulqini","sameAs":["http:\/\/www.visit-ulcinj.com"],"url":"https:\/\/www.visit-ulcinj.com\/blog\/author\/admin\/"}]}},"jetpack_featured_media_url":"","jetpack_sharing_enabled":true,"jetpack_shortlink":"https:\/\/wp.me\/pe6lTn-550","_links":{"self":[{"href":"https:\/\/www.visit-ulcinj.com\/blog\/wp-json\/wp\/v2\/posts\/19530"}],"collection":[{"href":"https:\/\/www.visit-ulcinj.com\/blog\/wp-json\/wp\/v2\/posts"}],"about":[{"href":"https:\/\/www.visit-ulcinj.com\/blog\/wp-json\/wp\/v2\/types\/post"}],"author":[{"embeddable":true,"href":"https:\/\/www.visit-ulcinj.com\/blog\/wp-json\/wp\/v2\/users\/1"}],"replies":[{"embeddable":true,"href":"https:\/\/www.visit-ulcinj.com\/blog\/wp-json\/wp\/v2\/comments?post=19530"}],"version-history":[{"count":0,"href":"https:\/\/www.visit-ulcinj.com\/blog\/wp-json\/wp\/v2\/posts\/19530\/revisions"}],"wp:attachment":[{"href":"https:\/\/www.visit-ulcinj.com\/blog\/wp-json\/wp\/v2\/media?parent=19530"}],"wp:term":[{"taxonomy":"category","embeddable":true,"href":"https:\/\/www.visit-ulcinj.com\/blog\/wp-json\/wp\/v2\/categories?post=19530"},{"taxonomy":"post_tag","embeddable":true,"href":"https:\/\/www.visit-ulcinj.com\/blog\/wp-json\/wp\/v2\/tags?post=19530"}],"curies":[{"name":"wp","href":"https:\/\/api.w.org\/{rel}","templated":true}]}}